{"id":429409,"date":"2026-04-01T13:02:44","date_gmt":"2026-04-01T16:02:44","guid":{"rendered":"https:\/\/portaltela.pt\/noticias\/2026\/04\/01\/obtem-exito-inesperado-afirma-o-protagonista\/"},"modified":"2026-04-01T13:02:44","modified_gmt":"2026-04-01T16:02:44","slug":"obtem-exito-inesperado-afirma-o-protagonista","status":"publish","type":"post","link":"https:\/\/portaltela.pt\/tecnologia\/2026\/04\/01\/obtem-exito-inesperado-afirma-o-protagonista\/","title":{"rendered":"Obt\u00e9m \u00eaxito inesperado, afirma o protagonista"},"content":{"rendered":"<p>O f\u00edsico e professor recorda a publica\u00e7\u00e3o do seu primeiro livro, lan\u00e7ada em 1991 pela editora Gradiva, quando tinha 35 anos. O t\u00edtulo era F\u00edsica Divertida e, segundo o pr\u00f3prio, o \u00eaxito superou as suas expectativas.<\/p>\n<p>O livro obteve um grande sucesso de vendas, situando-se entre os grandes t\u00edtulos da \u00e9poca. Nesse ano, o mais vendido foi O Evangelho Segundo Jesus Cristo, de Jos\u00e9 Saramago, o que tornou ainda mais marcante o desempenho da obra do f\u00edsico.<\/p>\n<p>Quatro anos ap\u00f3s a publica\u00e7\u00e3o, Jos\u00e9 Mariano Gago, que mais tarde viria a ocupar o cargo de ministro da Ci\u00eancia e Tecnologia, escreveu no jornal Expresso que a obra em quest\u00e3o o fez acreditar que o autor ascendera \u00e0 c\u00e1tedra da divulga\u00e7\u00e3o cient\u00edfica.<\/p>\n","protected":false},"excerpt":{"rendered":"<ul>\n<li>O f\u00edsico e professor recorda a publica\u00e7\u00e3o do primeiro livro, lan\u00e7ado em 1991 pela Gradiva, com o t\u00edtulo &#8220;F\u00edsica Divertida&#8221;.<\/li>\n<li>Tinha 35 anos na altura da publica\u00e7\u00e3o.<\/li>\n<li>O livro obteve \u00eaxito inesperado, figurando entre os tops de vendas, num ano em que o mais vendido foi &#8220;O Evangelho Segundo Jesus Cristo&#8221;, de Jos\u00e9 Saramago.<\/li>\n<li>Quatro anos depois, Jos\u00e9 Mariano Gago viria a tornar-se ministro da Ci\u00eancia e Tecnologia.<\/li>\n<li>Gago escreveu no &#8220;Expresso&#8221; que, com a publica\u00e7\u00e3o, o autor ascendeu \u00e0 c\u00e1tedra da divulga\u00e7\u00e3o cient\u00edfica.<\/li>\n<\/ul>\n","protected":false},"author":2,"featured_media":429413,"comment_status":"closed","ping_status":"closed","sticky":false,"template":"","format":"standard","meta":{"footnotes":""},"categories":[7375,6716],"tags":[1992,57,163,159,130,3181],"class_list":["post-429409","post","type-post","status-publish","format-standard","has-post-thumbnail","hentry","category-cultura","category-tecnologia","tag-ciencia","tag-cientistas","tag-educacao","tag-investigacao-cientifica","tag-livros","tag-publicacoes"],"yoast_head":"<!-- This site is optimized with the Yoast SEO plugin v27.2 - https:\/\/yoast.com\/product\/yoast-seo-wordpress\/ -->\n<title>Obt\u00e9m \u00eaxito inesperado, afirma o protagonista - Portal Tela Portugal<\/title>\n<meta name=\"robots\" content=\"index, follow, max-snippet:-1, max-image-preview:large, max-video-preview:-1\" \/>\n<meta property=\"og:locale\" content=\"pt_PT\" \/>\n<meta property=\"og:type\" content=\"article\" \/>\n<meta property=\"og:title\" content=\"Obt\u00e9m \u00eaxito inesperado, afirma o protagonista - Portal Tela Portugal\" \/>\n<meta property=\"og:description\" content=\"O f\u00edsico e professor recorda a publica\u00e7\u00e3o do primeiro livro, lan\u00e7ado em 1991 pela Gradiva, com o t\u00edtulo &quot;F\u00edsica Divertida&quot;. Tinha 35 anos na altura da publica\u00e7\u00e3o. O livro obteve \u00eaxito inesperado, figurando entre os tops de vendas, num ano em que o mais vendido foi &quot;O Evangelho Segundo Jesus Cristo&quot;, de Jos\u00e9 Saramago. Quatro anos depois, Jos\u00e9 Mariano Gago viria a tornar-se ministro da Ci\u00eancia e Tecnologia. Gago escreveu no &quot;Expresso&quot; que, com a publica\u00e7\u00e3o, o autor ascendeu \u00e0 c\u00e1tedra da divulga\u00e7\u00e3o cient\u00edfica.\" \/>\n<meta property=\"og:url\" content=\"https:\/\/portaltela.pt\/noticias\/2026\/04\/01\/obtem-exito-inesperado-afirma-o-protagonista\/\" \/>\n<meta property=\"og:site_name\" content=\"Portal Tela Portugal\" \/>\n<meta property=\"article:published_time\" content=\"2026-04-01T16:02:44+00:00\" \/>\n<meta name=\"author\" content=\"Telinha\" \/>\n<meta name=\"twitter:card\" content=\"summary_large_image\" \/>\n<meta name=\"twitter:label1\" content=\"Escrito por\" \/>\n\t<meta name=\"twitter:data1\" content=\"Telinha\" \/>\n\t<meta name=\"twitter:label2\" content=\"Tempo estimado de leitura\" \/>\n\t<meta name=\"twitter:data2\" content=\"1 minuto\" \/>\n<script type=\"application\/ld+json\" class=\"yoast-schema-graph\">{\"@context\":\"https:\/\/schema.org\",\"@graph\":[{\"@type\":\"Article\",\"@id\":\"https:\/\/portaltela.pt\/noticias\/2026\/04\/01\/obtem-exito-inesperado-afirma-o-protagonista\/#article\",\"isPartOf\":{\"@id\":\"https:\/\/portaltela.pt\/noticias\/2026\/04\/01\/obtem-exito-inesperado-afirma-o-protagonista\/\"},\"author\":{\"name\":\"Telinha\",\"@id\":\"https:\/\/portaltela.pt\/#\/schema\/person\/c4278d4a6028830caff9ee44b42d32ed\"},\"headline\":\"Obt\u00e9m \u00eaxito inesperado, afirma o protagonista\",\"datePublished\":\"2026-04-01T16:02:44+00:00\",\"mainEntityOfPage\":{\"@id\":\"https:\/\/portaltela.pt\/noticias\/2026\/04\/01\/obtem-exito-inesperado-afirma-o-protagonista\/\"},\"wordCount\":139,\"image\":{\"@id\":\"https:\/\/portaltela.pt\/noticias\/2026\/04\/01\/obtem-exito-inesperado-afirma-o-protagonista\/#primaryimage\"},\"thumbnailUrl\":\"https:\/\/portaltela.pt\/s.01k8rhncp4jt1\/2026\/04\/image-43.jpg\",\"keywords\":[\"ci\u00eancia\",\"cientistas\",\"educa\u00e7\u00e3o\",\"investiga\u00e7\u00e3o cient\u00edfica\",\"livros\",\"publica\u00e7\u00f5es\"],\"articleSection\":[\"Cultura\",\"Tecnologia\"],\"inLanguage\":\"pt-PT\"},{\"@type\":\"WebPage\",\"@id\":\"https:\/\/portaltela.pt\/noticias\/2026\/04\/01\/obtem-exito-inesperado-afirma-o-protagonista\/\",\"url\":\"https:\/\/portaltela.pt\/noticias\/2026\/04\/01\/obtem-exito-inesperado-afirma-o-protagonista\/\",\"name\":\"Obt\u00e9m \u00eaxito inesperado, afirma o protagonista - Portal Tela Portugal\",\"isPartOf\":{\"@id\":\"https:\/\/portaltela.pt\/#website\"},\"primaryImageOfPage\":{\"@id\":\"https:\/\/portaltela.pt\/noticias\/2026\/04\/01\/obtem-exito-inesperado-afirma-o-protagonista\/#primaryimage\"},\"image\":{\"@id\":\"https:\/\/portaltela.pt\/noticias\/2026\/04\/01\/obtem-exito-inesperado-afirma-o-protagonista\/#primaryimage\"},\"thumbnailUrl\":\"https:\/\/portaltela.pt\/s.01k8rhncp4jt1\/2026\/04\/image-43.jpg\",\"datePublished\":\"2026-04-01T16:02:44+00:00\",\"author\":{\"@id\":\"https:\/\/portaltela.pt\/#\/schema\/person\/c4278d4a6028830caff9ee44b42d32ed\"},\"breadcrumb\":{\"@id\":\"https:\/\/portaltela.pt\/noticias\/2026\/04\/01\/obtem-exito-inesperado-afirma-o-protagonista\/#breadcrumb\"},\"inLanguage\":\"pt-PT\",\"potentialAction\":[{\"@type\":\"ReadAction\",\"target\":[\"https:\/\/portaltela.pt\/noticias\/2026\/04\/01\/obtem-exito-inesperado-afirma-o-protagonista\/\"]}]},{\"@type\":\"ImageObject\",\"inLanguage\":\"pt-PT\",\"@id\":\"https:\/\/portaltela.pt\/noticias\/2026\/04\/01\/obtem-exito-inesperado-afirma-o-protagonista\/#primaryimage\",\"url\":\"https:\/\/portaltela.pt\/s.01k8rhncp4jt1\/2026\/04\/image-43.jpg\",\"contentUrl\":\"https:\/\/portaltela.pt\/s.01k8rhncp4jt1\/2026\/04\/image-43.jpg\",\"width\":796,\"height\":448,\"caption\":\"Imagem de contexto do artigo \\\"Obteve um \u00eaxito que eu francamente n\u00e3o esperava\\\"\"},{\"@type\":\"BreadcrumbList\",\"@id\":\"https:\/\/portaltela.pt\/noticias\/2026\/04\/01\/obtem-exito-inesperado-afirma-o-protagonista\/#breadcrumb\",\"itemListElement\":[{\"@type\":\"ListItem\",\"position\":1,\"name\":\"In\u00edcio\",\"item\":\"https:\/\/portaltela.pt\/\"},{\"@type\":\"ListItem\",\"position\":2,\"name\":\"Obt\u00e9m \u00eaxito inesperado, afirma o protagonista\"}]},{\"@type\":\"WebSite\",\"@id\":\"https:\/\/portaltela.pt\/#website\",\"url\":\"https:\/\/portaltela.pt\/\",\"name\":\"Portal Tela Portugal\",\"description\":\"\",\"potentialAction\":[{\"@type\":\"SearchAction\",\"target\":{\"@type\":\"EntryPoint\",\"urlTemplate\":\"https:\/\/portaltela.pt\/?s={search_term_string}\"},\"query-input\":{\"@type\":\"PropertyValueSpecification\",\"valueRequired\":true,\"valueName\":\"search_term_string\"}}],\"inLanguage\":\"pt-PT\"},{\"@type\":\"Person\",\"@id\":\"https:\/\/portaltela.pt\/#\/schema\/person\/c4278d4a6028830caff9ee44b42d32ed\",\"name\":\"Telinha\",\"image\":{\"@type\":\"ImageObject\",\"inLanguage\":\"pt-PT\",\"@id\":\"https:\/\/portaltela.pt\/s.01k8rhncp4jt1\/2025\/11\/talking-bot-125x125.png\",\"url\":\"https:\/\/portaltela.pt\/s.01k8rhncp4jt1\/2025\/11\/talking-bot-125x125.png\",\"contentUrl\":\"https:\/\/portaltela.pt\/s.01k8rhncp4jt1\/2025\/11\/talking-bot-125x125.png\",\"caption\":\"Telinha\"},\"sameAs\":[\"https:\/\/portaltela.pt\/\"],\"url\":\"https:\/\/portaltela.pt\/por\/367410592786\/\"}]}<\/script>\n<!-- \/ Yoast SEO plugin. -->","yoast_head_json":{"title":"Obt\u00e9m \u00eaxito inesperado, afirma o protagonista - Portal Tela Portugal","robots":{"index":"index","follow":"follow","max-snippet":"max-snippet:-1","max-image-preview":"max-image-preview:large","max-video-preview":"max-video-preview:-1"},"og_locale":"pt_PT","og_type":"article","og_title":"Obt\u00e9m \u00eaxito inesperado, afirma o protagonista - Portal Tela Portugal","og_description":"O f\u00edsico e professor recorda a publica\u00e7\u00e3o do primeiro livro, lan\u00e7ado em 1991 pela Gradiva, com o t\u00edtulo \"F\u00edsica Divertida\". Tinha 35 anos na altura da publica\u00e7\u00e3o. O livro obteve \u00eaxito inesperado, figurando entre os tops de vendas, num ano em que o mais vendido foi \"O Evangelho Segundo Jesus Cristo\", de Jos\u00e9 Saramago. Quatro anos depois, Jos\u00e9 Mariano Gago viria a tornar-se ministro da Ci\u00eancia e Tecnologia. Gago escreveu no \"Expresso\" que, com a publica\u00e7\u00e3o, o autor ascendeu \u00e0 c\u00e1tedra da divulga\u00e7\u00e3o cient\u00edfica.","og_url":"https:\/\/portaltela.pt\/noticias\/2026\/04\/01\/obtem-exito-inesperado-afirma-o-protagonista\/","og_site_name":"Portal Tela Portugal","article_published_time":"2026-04-01T16:02:44+00:00","author":"Telinha","twitter_card":"summary_large_image","twitter_misc":{"Escrito por":"Telinha","Tempo estimado de leitura":"1 minuto"},"schema":{"@context":"https:\/\/schema.org","@graph":[{"@type":"Article","@id":"https:\/\/portaltela.pt\/noticias\/2026\/04\/01\/obtem-exito-inesperado-afirma-o-protagonista\/#article","isPartOf":{"@id":"https:\/\/portaltela.pt\/noticias\/2026\/04\/01\/obtem-exito-inesperado-afirma-o-protagonista\/"},"author":{"name":"Telinha","@id":"https:\/\/portaltela.pt\/#\/schema\/person\/c4278d4a6028830caff9ee44b42d32ed"},"headline":"Obt\u00e9m \u00eaxito inesperado, afirma o protagonista","datePublished":"2026-04-01T16:02:44+00:00","mainEntityOfPage":{"@id":"https:\/\/portaltela.pt\/noticias\/2026\/04\/01\/obtem-exito-inesperado-afirma-o-protagonista\/"},"wordCount":139,"image":{"@id":"https:\/\/portaltela.pt\/noticias\/2026\/04\/01\/obtem-exito-inesperado-afirma-o-protagonista\/#primaryimage"},"thumbnailUrl":"https:\/\/portaltela.pt\/s.01k8rhncp4jt1\/2026\/04\/image-43.jpg","keywords":["ci\u00eancia","cientistas","educa\u00e7\u00e3o","investiga\u00e7\u00e3o cient\u00edfica","livros","publica\u00e7\u00f5es"],"articleSection":["Cultura","Tecnologia"],"inLanguage":"pt-PT"},{"@type":"WebPage","@id":"https:\/\/portaltela.pt\/noticias\/2026\/04\/01\/obtem-exito-inesperado-afirma-o-protagonista\/","url":"https:\/\/portaltela.pt\/noticias\/2026\/04\/01\/obtem-exito-inesperado-afirma-o-protagonista\/","name":"Obt\u00e9m \u00eaxito inesperado, afirma o protagonista - Portal Tela Portugal","isPartOf":{"@id":"https:\/\/portaltela.pt\/#website"},"primaryImageOfPage":{"@id":"https:\/\/portaltela.pt\/noticias\/2026\/04\/01\/obtem-exito-inesperado-afirma-o-protagonista\/#primaryimage"},"image":{"@id":"https:\/\/portaltela.pt\/noticias\/2026\/04\/01\/obtem-exito-inesperado-afirma-o-protagonista\/#primaryimage"},"thumbnailUrl":"https:\/\/portaltela.pt\/s.01k8rhncp4jt1\/2026\/04\/image-43.jpg","datePublished":"2026-04-01T16:02:44+00:00","author":{"@id":"https:\/\/portaltela.pt\/#\/schema\/person\/c4278d4a6028830caff9ee44b42d32ed"},"breadcrumb":{"@id":"https:\/\/portaltela.pt\/noticias\/2026\/04\/01\/obtem-exito-inesperado-afirma-o-protagonista\/#breadcrumb"},"inLanguage":"pt-PT","potentialAction":[{"@type":"ReadAction","target":["https:\/\/portaltela.pt\/noticias\/2026\/04\/01\/obtem-exito-inesperado-afirma-o-protagonista\/"]}]},{"@type":"ImageObject","inLanguage":"pt-PT","@id":"https:\/\/portaltela.pt\/noticias\/2026\/04\/01\/obtem-exito-inesperado-afirma-o-protagonista\/#primaryimage","url":"https:\/\/portaltela.pt\/s.01k8rhncp4jt1\/2026\/04\/image-43.jpg","contentUrl":"https:\/\/portaltela.pt\/s.01k8rhncp4jt1\/2026\/04\/image-43.jpg","width":796,"height":448,"caption":"Imagem de contexto do artigo \"Obteve um \u00eaxito que eu francamente n\u00e3o esperava\""},{"@type":"BreadcrumbList","@id":"https:\/\/portaltela.pt\/noticias\/2026\/04\/01\/obtem-exito-inesperado-afirma-o-protagonista\/#breadcrumb","itemListElement":[{"@type":"ListItem","position":1,"name":"In\u00edcio","item":"https:\/\/portaltela.pt\/"},{"@type":"ListItem","position":2,"name":"Obt\u00e9m \u00eaxito inesperado, afirma o protagonista"}]},{"@type":"WebSite","@id":"https:\/\/portaltela.pt\/#website","url":"https:\/\/portaltela.pt\/","name":"Portal Tela Portugal","description":"","potentialAction":[{"@type":"SearchAction","target":{"@type":"EntryPoint","urlTemplate":"https:\/\/portaltela.pt\/?s={search_term_string}"},"query-input":{"@type":"PropertyValueSpecification","valueRequired":true,"valueName":"search_term_string"}}],"inLanguage":"pt-PT"},{"@type":"Person","@id":"https:\/\/portaltela.pt\/#\/schema\/person\/c4278d4a6028830caff9ee44b42d32ed","name":"Telinha","image":{"@type":"ImageObject","inLanguage":"pt-PT","@id":"https:\/\/portaltela.pt\/s.01k8rhncp4jt1\/2025\/11\/talking-bot-125x125.png","url":"https:\/\/portaltela.pt\/s.01k8rhncp4jt1\/2025\/11\/talking-bot-125x125.png","contentUrl":"https:\/\/portaltela.pt\/s.01k8rhncp4jt1\/2025\/11\/talking-bot-125x125.png","caption":"Telinha"},"sameAs":["https:\/\/portaltela.pt\/"],"url":"https:\/\/portaltela.pt\/por\/367410592786\/"}]}},"_links":{"self":[{"href":"https:\/\/portaltela.pt\/api\/wp\/v2\/posts\/429409","targetHints":{"allow":["GET"]}}],"collection":[{"href":"https:\/\/portaltela.pt\/api\/wp\/v2\/posts"}],"about":[{"href":"https:\/\/portaltela.pt\/api\/wp\/v2\/types\/post"}],"author":[{"embeddable":true,"href":"https:\/\/portaltela.pt\/api\/wp\/v2\/users\/2"}],"replies":[{"embeddable":true,"href":"https:\/\/portaltela.pt\/api\/wp\/v2\/comments?post=429409"}],"version-history":[{"count":0,"href":"https:\/\/portaltela.pt\/api\/wp\/v2\/posts\/429409\/revisions"}],"wp:featuredmedia":[{"embeddable":true,"href":"https:\/\/portaltela.pt\/api\/wp\/v2\/media\/429413"}],"wp:attachment":[{"href":"https:\/\/portaltela.pt\/api\/wp\/v2\/media?parent=429409"}],"wp:term":[{"taxonomy":"category","embeddable":true,"href":"https:\/\/portaltela.pt\/api\/wp\/v2\/categories?post=429409"},{"taxonomy":"post_tag","embeddable":true,"href":"https:\/\/portaltela.pt\/api\/wp\/v2\/tags?post=429409"}],"curies":[{"name":"wp","href":"https:\/\/api.w.org\/{rel}","templated":true}]}}