{"id":429396,"date":"2026-04-01T12:47:08","date_gmt":"2026-04-01T15:47:08","guid":{"rendered":"https:\/\/portaltela.pt\/noticias\/2026\/04\/01\/samu-partilha-publicacao-de-lamine-yamal-contra-canticos-islamofobicos\/"},"modified":"2026-04-01T12:47:08","modified_gmt":"2026-04-01T15:47:08","slug":"samu-partilha-publicacao-de-lamine-yamal-contra-canticos-islamofobicos","status":"publish","type":"post","link":"https:\/\/portaltela.pt\/desporto\/futebol\/2026\/04\/01\/samu-partilha-publicacao-de-lamine-yamal-contra-canticos-islamofobicos\/","title":{"rendered":"Samu partilha publica\u00e7\u00e3o de Lamine Yamal contra c\u00e2nticos islamof\u00f3bicos"},"content":{"rendered":"<p>O jogador Samu, avan\u00e7ado do FC Porto, partilhou no Instagram a mensagem publicada por Lamine Yamal, seu companheiro na sele\u00e7\u00e3o espanhola, contra c\u00e2nticos islamof\u00f3bicos entoados durante o empate entre Espanha e Egito, na ter\u00e7a-feira. O gesto ocorreu num contexto de jogo internacional entre as duas sele\u00e7\u00f5es.<\/p>\n<p>Lamine Yamal, extremo do Barcelona, escreveu que \u00e9 mu\u00e7ulmano e que a religi\u00e3o n\u00e3o deve influenciar a forma como \u00e9 tratada uma pessoa. O texto sublinha que os c\u00e2nticos foram um desrespeito intoler\u00e1vel e que o futebol deve ser uma fonte de apoio, n\u00e3o de desrespeito com base em cren\u00e7as.<\/p>\n<p>Samu n\u00e3o adicionou coment\u00e1rio pr\u00f3prio ao publicar a mensagem, mas apoiou a den\u00fancia de Yamal contra a intoler\u00e2ncia no desporto. A a\u00e7\u00e3o refor\u00e7a a posi\u00e7\u00e3o de ambos os jogadores contra comportamentos discriminat\u00f3rios durante eventos desportivos internacionais.<\/p>\n","protected":false},"excerpt":{"rendered":"<ul>\n<li>Samu, avan\u00e7ado do FC Porto, partilhou no Instagram a mensagem de Lamine Yamal contra c\u00e2nticos islamof\u00f3bicos durante o empate entre Espanha e Egito, nesta ter\u00e7a-feira.<\/li>\n<li>Durante o jogo, adeptos espanh\u00f3is entoaram c\u00e2nticos racistas, incluindo \u201cEl que no bote es musulman\u201d.<\/li>\n<li>Lamine Yamal, de 18 anos, afirmou ser mu\u00e7ulmano e que o desrespeito n\u00e3o era pessoal, sublinhando que o futebol deve ser para desfrutar e apoiar, n\u00e3o desrespeitar quem acredita noutras religi\u00f5es.<\/li>\n<li>O portador do gesto de apoio foi Samu, que apenas partilhou a den\u00fancia de Yamal, sem acrescentar texto pr\u00f3prio.<\/li>\n<li>O incidente ocorreu no encontro entre Espanha e Egito, com a publica\u00e7\u00e3o de Yamal a denunciar a intoler\u00e2ncia no futebol.<\/li>\n<\/ul>\n","protected":false},"author":2,"featured_media":429398,"comment_status":"closed","ping_status":"closed","sticky":false,"template":"","format":"standard","meta":{"footnotes":""},"categories":[21,24],"tags":[1695,32,3338,7685,6032,2057],"class_list":["post-429396","post","type-post","status-publish","format-standard","has-post-thumbnail","hentry","category-desporto","category-futebol","tag-discriminacao","tag-futebol","tag-futebol-internacional","tag-islamofobos","tag-racismo","tag-selecao-nacional"],"yoast_head":"<!-- This site is optimized with the Yoast SEO plugin v27.2 - https:\/\/yoast.com\/product\/yoast-seo-wordpress\/ -->\n<title>Samu partilha publica\u00e7\u00e3o de Lamine Yamal contra c\u00e2nticos islamof\u00f3bicos - Portal Tela Portugal<\/title>\n<meta name=\"robots\" content=\"index, follow, max-snippet:-1, max-image-preview:large, max-video-preview:-1\" \/>\n<meta property=\"og:locale\" content=\"pt_PT\" \/>\n<meta property=\"og:type\" content=\"article\" \/>\n<meta property=\"og:title\" content=\"Samu partilha publica\u00e7\u00e3o de Lamine Yamal contra c\u00e2nticos islamof\u00f3bicos - Portal Tela Portugal\" \/>\n<meta property=\"og:description\" content=\"Samu, avan\u00e7ado do FC Porto, partilhou no Instagram a mensagem de Lamine Yamal contra c\u00e2nticos islamof\u00f3bicos durante o empate entre Espanha e Egito, nesta ter\u00e7a-feira. Durante o jogo, adeptos espanh\u00f3is entoaram c\u00e2nticos racistas, incluindo \u201cEl que no bote es musulman\u201d. Lamine Yamal, de 18 anos, afirmou ser mu\u00e7ulmano e que o desrespeito n\u00e3o era pessoal, sublinhando que o futebol deve ser para desfrutar e apoiar, n\u00e3o desrespeitar quem acredita noutras religi\u00f5es. O portador do gesto de apoio foi Samu, que apenas partilhou a den\u00fancia de Yamal, sem acrescentar texto pr\u00f3prio. O incidente ocorreu no encontro entre Espanha e Egito, com a publica\u00e7\u00e3o de Yamal a denunciar a intoler\u00e2ncia no futebol.\" \/>\n<meta property=\"og:url\" content=\"https:\/\/portaltela.pt\/noticias\/2026\/04\/01\/samu-partilha-publicacao-de-lamine-yamal-contra-canticos-islamofobicos\/\" \/>\n<meta property=\"og:site_name\" content=\"Portal Tela Portugal\" \/>\n<meta property=\"article:published_time\" content=\"2026-04-01T15:47:08+00:00\" \/>\n<meta name=\"author\" content=\"Telinha\" \/>\n<meta name=\"twitter:card\" content=\"summary_large_image\" \/>\n<meta name=\"twitter:label1\" content=\"Escrito por\" \/>\n\t<meta name=\"twitter:data1\" content=\"Telinha\" \/>\n\t<meta name=\"twitter:label2\" content=\"Tempo estimado de leitura\" \/>\n\t<meta name=\"twitter:data2\" content=\"1 minuto\" \/>\n<script type=\"application\/ld+json\" class=\"yoast-schema-graph\">{\"@context\":\"https:\/\/schema.org\",\"@graph\":[{\"@type\":\"Article\",\"@id\":\"https:\/\/portaltela.pt\/noticias\/2026\/04\/01\/samu-partilha-publicacao-de-lamine-yamal-contra-canticos-islamofobicos\/#article\",\"isPartOf\":{\"@id\":\"https:\/\/portaltela.pt\/noticias\/2026\/04\/01\/samu-partilha-publicacao-de-lamine-yamal-contra-canticos-islamofobicos\/\"},\"author\":{\"name\":\"Telinha\",\"@id\":\"https:\/\/portaltela.pt\/#\/schema\/person\/c4278d4a6028830caff9ee44b42d32ed\"},\"headline\":\"Samu partilha publica\u00e7\u00e3o de Lamine Yamal contra c\u00e2nticos islamof\u00f3bicos\",\"datePublished\":\"2026-04-01T15:47:08+00:00\",\"mainEntityOfPage\":{\"@id\":\"https:\/\/portaltela.pt\/noticias\/2026\/04\/01\/samu-partilha-publicacao-de-lamine-yamal-contra-canticos-islamofobicos\/\"},\"wordCount\":164,\"image\":{\"@id\":\"https:\/\/portaltela.pt\/noticias\/2026\/04\/01\/samu-partilha-publicacao-de-lamine-yamal-contra-canticos-islamofobicos\/#primaryimage\"},\"thumbnailUrl\":\"https:\/\/portaltela.pt\/s.01k8rhncp4jt1\/2026\/04\/img_920x518uu2025-06-01-16-22-34-2366628-im-639106579625496864.jpg\",\"keywords\":[\"discrimina\u00e7\u00e3o\",\"futebol\",\"futebol internacional\",\"islam\u00f3fobos\",\"racismo\",\"Sele\u00e7\u00e3o Nacional\"],\"articleSection\":[\"Desporto\",\"Futebol\"],\"inLanguage\":\"pt-PT\"},{\"@type\":\"WebPage\",\"@id\":\"https:\/\/portaltela.pt\/noticias\/2026\/04\/01\/samu-partilha-publicacao-de-lamine-yamal-contra-canticos-islamofobicos\/\",\"url\":\"https:\/\/portaltela.pt\/noticias\/2026\/04\/01\/samu-partilha-publicacao-de-lamine-yamal-contra-canticos-islamofobicos\/\",\"name\":\"Samu partilha publica\u00e7\u00e3o de Lamine Yamal contra c\u00e2nticos islamof\u00f3bicos - Portal Tela Portugal\",\"isPartOf\":{\"@id\":\"https:\/\/portaltela.pt\/#website\"},\"primaryImageOfPage\":{\"@id\":\"https:\/\/portaltela.pt\/noticias\/2026\/04\/01\/samu-partilha-publicacao-de-lamine-yamal-contra-canticos-islamofobicos\/#primaryimage\"},\"image\":{\"@id\":\"https:\/\/portaltela.pt\/noticias\/2026\/04\/01\/samu-partilha-publicacao-de-lamine-yamal-contra-canticos-islamofobicos\/#primaryimage\"},\"thumbnailUrl\":\"https:\/\/portaltela.pt\/s.01k8rhncp4jt1\/2026\/04\/img_920x518uu2025-06-01-16-22-34-2366628-im-639106579625496864.jpg\",\"datePublished\":\"2026-04-01T15:47:08+00:00\",\"author\":{\"@id\":\"https:\/\/portaltela.pt\/#\/schema\/person\/c4278d4a6028830caff9ee44b42d32ed\"},\"breadcrumb\":{\"@id\":\"https:\/\/portaltela.pt\/noticias\/2026\/04\/01\/samu-partilha-publicacao-de-lamine-yamal-contra-canticos-islamofobicos\/#breadcrumb\"},\"inLanguage\":\"pt-PT\",\"potentialAction\":[{\"@type\":\"ReadAction\",\"target\":[\"https:\/\/portaltela.pt\/noticias\/2026\/04\/01\/samu-partilha-publicacao-de-lamine-yamal-contra-canticos-islamofobicos\/\"]}]},{\"@type\":\"ImageObject\",\"inLanguage\":\"pt-PT\",\"@id\":\"https:\/\/portaltela.pt\/noticias\/2026\/04\/01\/samu-partilha-publicacao-de-lamine-yamal-contra-canticos-islamofobicos\/#primaryimage\",\"url\":\"https:\/\/portaltela.pt\/s.01k8rhncp4jt1\/2026\/04\/img_920x518uu2025-06-01-16-22-34-2366628-im-639106579625496864.jpg\",\"contentUrl\":\"https:\/\/portaltela.pt\/s.01k8rhncp4jt1\/2026\/04\/img_920x518uu2025-06-01-16-22-34-2366628-im-639106579625496864.jpg\",\"width\":920,\"height\":518,\"caption\":\"Samu com Lamine Yamal\"},{\"@type\":\"BreadcrumbList\",\"@id\":\"https:\/\/portaltela.pt\/noticias\/2026\/04\/01\/samu-partilha-publicacao-de-lamine-yamal-contra-canticos-islamofobicos\/#breadcrumb\",\"itemListElement\":[{\"@type\":\"ListItem\",\"position\":1,\"name\":\"In\u00edcio\",\"item\":\"https:\/\/portaltela.pt\/\"},{\"@type\":\"ListItem\",\"position\":2,\"name\":\"Samu partilha publica\u00e7\u00e3o de Lamine Yamal contra c\u00e2nticos islamof\u00f3bicos\"}]},{\"@type\":\"WebSite\",\"@id\":\"https:\/\/portaltela.pt\/#website\",\"url\":\"https:\/\/portaltela.pt\/\",\"name\":\"Portal Tela Portugal\",\"description\":\"\",\"potentialAction\":[{\"@type\":\"SearchAction\",\"target\":{\"@type\":\"EntryPoint\",\"urlTemplate\":\"https:\/\/portaltela.pt\/?s={search_term_string}\"},\"query-input\":{\"@type\":\"PropertyValueSpecification\",\"valueRequired\":true,\"valueName\":\"search_term_string\"}}],\"inLanguage\":\"pt-PT\"},{\"@type\":\"Person\",\"@id\":\"https:\/\/portaltela.pt\/#\/schema\/person\/c4278d4a6028830caff9ee44b42d32ed\",\"name\":\"Telinha\",\"image\":{\"@type\":\"ImageObject\",\"inLanguage\":\"pt-PT\",\"@id\":\"https:\/\/portaltela.pt\/s.01k8rhncp4jt1\/2025\/11\/talking-bot-125x125.png\",\"url\":\"https:\/\/portaltela.pt\/s.01k8rhncp4jt1\/2025\/11\/talking-bot-125x125.png\",\"contentUrl\":\"https:\/\/portaltela.pt\/s.01k8rhncp4jt1\/2025\/11\/talking-bot-125x125.png\",\"caption\":\"Telinha\"},\"sameAs\":[\"https:\/\/portaltela.pt\/\"],\"url\":\"https:\/\/portaltela.pt\/por\/367410592786\/\"}]}<\/script>\n<!-- \/ Yoast SEO plugin. -->","yoast_head_json":{"title":"Samu partilha publica\u00e7\u00e3o de Lamine Yamal contra c\u00e2nticos islamof\u00f3bicos - Portal Tela Portugal","robots":{"index":"index","follow":"follow","max-snippet":"max-snippet:-1","max-image-preview":"max-image-preview:large","max-video-preview":"max-video-preview:-1"},"og_locale":"pt_PT","og_type":"article","og_title":"Samu partilha publica\u00e7\u00e3o de Lamine Yamal contra c\u00e2nticos islamof\u00f3bicos - Portal Tela Portugal","og_description":"Samu, avan\u00e7ado do FC Porto, partilhou no Instagram a mensagem de Lamine Yamal contra c\u00e2nticos islamof\u00f3bicos durante o empate entre Espanha e Egito, nesta ter\u00e7a-feira. Durante o jogo, adeptos espanh\u00f3is entoaram c\u00e2nticos racistas, incluindo \u201cEl que no bote es musulman\u201d. Lamine Yamal, de 18 anos, afirmou ser mu\u00e7ulmano e que o desrespeito n\u00e3o era pessoal, sublinhando que o futebol deve ser para desfrutar e apoiar, n\u00e3o desrespeitar quem acredita noutras religi\u00f5es. O portador do gesto de apoio foi Samu, que apenas partilhou a den\u00fancia de Yamal, sem acrescentar texto pr\u00f3prio. O incidente ocorreu no encontro entre Espanha e Egito, com a publica\u00e7\u00e3o de Yamal a denunciar a intoler\u00e2ncia no futebol.","og_url":"https:\/\/portaltela.pt\/noticias\/2026\/04\/01\/samu-partilha-publicacao-de-lamine-yamal-contra-canticos-islamofobicos\/","og_site_name":"Portal Tela Portugal","article_published_time":"2026-04-01T15:47:08+00:00","author":"Telinha","twitter_card":"summary_large_image","twitter_misc":{"Escrito por":"Telinha","Tempo estimado de leitura":"1 minuto"},"schema":{"@context":"https:\/\/schema.org","@graph":[{"@type":"Article","@id":"https:\/\/portaltela.pt\/noticias\/2026\/04\/01\/samu-partilha-publicacao-de-lamine-yamal-contra-canticos-islamofobicos\/#article","isPartOf":{"@id":"https:\/\/portaltela.pt\/noticias\/2026\/04\/01\/samu-partilha-publicacao-de-lamine-yamal-contra-canticos-islamofobicos\/"},"author":{"name":"Telinha","@id":"https:\/\/portaltela.pt\/#\/schema\/person\/c4278d4a6028830caff9ee44b42d32ed"},"headline":"Samu partilha publica\u00e7\u00e3o de Lamine Yamal contra c\u00e2nticos islamof\u00f3bicos","datePublished":"2026-04-01T15:47:08+00:00","mainEntityOfPage":{"@id":"https:\/\/portaltela.pt\/noticias\/2026\/04\/01\/samu-partilha-publicacao-de-lamine-yamal-contra-canticos-islamofobicos\/"},"wordCount":164,"image":{"@id":"https:\/\/portaltela.pt\/noticias\/2026\/04\/01\/samu-partilha-publicacao-de-lamine-yamal-contra-canticos-islamofobicos\/#primaryimage"},"thumbnailUrl":"https:\/\/portaltela.pt\/s.01k8rhncp4jt1\/2026\/04\/img_920x518uu2025-06-01-16-22-34-2366628-im-639106579625496864.jpg","keywords":["discrimina\u00e7\u00e3o","futebol","futebol internacional","islam\u00f3fobos","racismo","Sele\u00e7\u00e3o Nacional"],"articleSection":["Desporto","Futebol"],"inLanguage":"pt-PT"},{"@type":"WebPage","@id":"https:\/\/portaltela.pt\/noticias\/2026\/04\/01\/samu-partilha-publicacao-de-lamine-yamal-contra-canticos-islamofobicos\/","url":"https:\/\/portaltela.pt\/noticias\/2026\/04\/01\/samu-partilha-publicacao-de-lamine-yamal-contra-canticos-islamofobicos\/","name":"Samu partilha publica\u00e7\u00e3o de Lamine Yamal contra c\u00e2nticos islamof\u00f3bicos - Portal Tela Portugal","isPartOf":{"@id":"https:\/\/portaltela.pt\/#website"},"primaryImageOfPage":{"@id":"https:\/\/portaltela.pt\/noticias\/2026\/04\/01\/samu-partilha-publicacao-de-lamine-yamal-contra-canticos-islamofobicos\/#primaryimage"},"image":{"@id":"https:\/\/portaltela.pt\/noticias\/2026\/04\/01\/samu-partilha-publicacao-de-lamine-yamal-contra-canticos-islamofobicos\/#primaryimage"},"thumbnailUrl":"https:\/\/portaltela.pt\/s.01k8rhncp4jt1\/2026\/04\/img_920x518uu2025-06-01-16-22-34-2366628-im-639106579625496864.jpg","datePublished":"2026-04-01T15:47:08+00:00","author":{"@id":"https:\/\/portaltela.pt\/#\/schema\/person\/c4278d4a6028830caff9ee44b42d32ed"},"breadcrumb":{"@id":"https:\/\/portaltela.pt\/noticias\/2026\/04\/01\/samu-partilha-publicacao-de-lamine-yamal-contra-canticos-islamofobicos\/#breadcrumb"},"inLanguage":"pt-PT","potentialAction":[{"@type":"ReadAction","target":["https:\/\/portaltela.pt\/noticias\/2026\/04\/01\/samu-partilha-publicacao-de-lamine-yamal-contra-canticos-islamofobicos\/"]}]},{"@type":"ImageObject","inLanguage":"pt-PT","@id":"https:\/\/portaltela.pt\/noticias\/2026\/04\/01\/samu-partilha-publicacao-de-lamine-yamal-contra-canticos-islamofobicos\/#primaryimage","url":"https:\/\/portaltela.pt\/s.01k8rhncp4jt1\/2026\/04\/img_920x518uu2025-06-01-16-22-34-2366628-im-639106579625496864.jpg","contentUrl":"https:\/\/portaltela.pt\/s.01k8rhncp4jt1\/2026\/04\/img_920x518uu2025-06-01-16-22-34-2366628-im-639106579625496864.jpg","width":920,"height":518,"caption":"Samu com Lamine Yamal"},{"@type":"BreadcrumbList","@id":"https:\/\/portaltela.pt\/noticias\/2026\/04\/01\/samu-partilha-publicacao-de-lamine-yamal-contra-canticos-islamofobicos\/#breadcrumb","itemListElement":[{"@type":"ListItem","position":1,"name":"In\u00edcio","item":"https:\/\/portaltela.pt\/"},{"@type":"ListItem","position":2,"name":"Samu partilha publica\u00e7\u00e3o de Lamine Yamal contra c\u00e2nticos islamof\u00f3bicos"}]},{"@type":"WebSite","@id":"https:\/\/portaltela.pt\/#website","url":"https:\/\/portaltela.pt\/","name":"Portal Tela Portugal","description":"","potentialAction":[{"@type":"SearchAction","target":{"@type":"EntryPoint","urlTemplate":"https:\/\/portaltela.pt\/?s={search_term_string}"},"query-input":{"@type":"PropertyValueSpecification","valueRequired":true,"valueName":"search_term_string"}}],"inLanguage":"pt-PT"},{"@type":"Person","@id":"https:\/\/portaltela.pt\/#\/schema\/person\/c4278d4a6028830caff9ee44b42d32ed","name":"Telinha","image":{"@type":"ImageObject","inLanguage":"pt-PT","@id":"https:\/\/portaltela.pt\/s.01k8rhncp4jt1\/2025\/11\/talking-bot-125x125.png","url":"https:\/\/portaltela.pt\/s.01k8rhncp4jt1\/2025\/11\/talking-bot-125x125.png","contentUrl":"https:\/\/portaltela.pt\/s.01k8rhncp4jt1\/2025\/11\/talking-bot-125x125.png","caption":"Telinha"},"sameAs":["https:\/\/portaltela.pt\/"],"url":"https:\/\/portaltela.pt\/por\/367410592786\/"}]}},"_links":{"self":[{"href":"https:\/\/portaltela.pt\/api\/wp\/v2\/posts\/429396","targetHints":{"allow":["GET"]}}],"collection":[{"href":"https:\/\/portaltela.pt\/api\/wp\/v2\/posts"}],"about":[{"href":"https:\/\/portaltela.pt\/api\/wp\/v2\/types\/post"}],"author":[{"embeddable":true,"href":"https:\/\/portaltela.pt\/api\/wp\/v2\/users\/2"}],"replies":[{"embeddable":true,"href":"https:\/\/portaltela.pt\/api\/wp\/v2\/comments?post=429396"}],"version-history":[{"count":0,"href":"https:\/\/portaltela.pt\/api\/wp\/v2\/posts\/429396\/revisions"}],"wp:featuredmedia":[{"embeddable":true,"href":"https:\/\/portaltela.pt\/api\/wp\/v2\/media\/429398"}],"wp:attachment":[{"href":"https:\/\/portaltela.pt\/api\/wp\/v2\/media?parent=429396"}],"wp:term":[{"taxonomy":"category","embeddable":true,"href":"https:\/\/portaltela.pt\/api\/wp\/v2\/categories?post=429396"},{"taxonomy":"post_tag","embeddable":true,"href":"https:\/\/portaltela.pt\/api\/wp\/v2\/tags?post=429396"}],"curies":[{"name":"wp","href":"https:\/\/api.w.org\/{rel}","templated":true}]}}