{"id":429383,"date":"2026-04-01T12:46:54","date_gmt":"2026-04-01T15:46:54","guid":{"rendered":"https:\/\/portaltela.pt\/noticias\/2026\/04\/01\/ministro-reage-a-criticas-sobre-saramago-alternativa-tambem-militante-do-pcp\/"},"modified":"2026-04-01T12:46:54","modified_gmt":"2026-04-01T15:46:54","slug":"ministro-reage-a-criticas-sobre-saramago-alternativa-tambem-militante-do-pcp","status":"publish","type":"post","link":"https:\/\/portaltela.pt\/noticias\/2026\/04\/01\/ministro-reage-a-criticas-sobre-saramago-alternativa-tambem-militante-do-pcp\/","title":{"rendered":"Ministro reage a cr\u00edticas sobre Saramago; alternativa tamb\u00e9m militante do PCP"},"content":{"rendered":"<p>O ministro da Educa\u00e7\u00e3o respondeu a cr\u00edticas do PS sobre a leitura obrigat\u00f3ria de Jos\u00e9 Saramago no 12.\u00ba ano. A justifica\u00e7\u00e3o ressaltou que a op\u00e7\u00e3o curricular n\u00e3o tem vi\u00e9s pol\u00edtico, destacando que a alternativa prevista na revis\u00e3o envolve tamb\u00e9m um autor com liga\u00e7\u00e3o ao PCP. O tema surgiu no debate parlamentar em torno da revis\u00e3o das aprendizagens essenciais.<\/p>\n<p>O deputado Porf\u00edrio Silva, do PS, pediu esclarecimentos sobre a poss\u00edvel persegui\u00e7\u00e3o ideol\u00f3gica na sele\u00e7\u00e3o de obras, apelando a garantias de que a escolha n\u00e3o seria politics. O deputado argumentou que a altera\u00e7\u00e3o pode transformar uma decis\u00e3o t\u00e9cnica em decis\u00e3o pol\u00edtica, levantando preocupa\u00e7\u00f5es sobre o enquadramento curricular.<\/p>\n<p>O ministro Fernando Alexandre reiterou que a consulta p\u00fablica sobre as AE \u00e9 de natureza t\u00e9cnica e n\u00e3o implica decis\u00f5es j\u00e1 tomadas. Observou que a proposta atual inclui uma terceira op\u00e7\u00e3o, com um livro de M\u00e1rio de Carvalho, mantendo ainda duas obras de Saramago como alternativas dentro do romance. Saramago \u00e9 referenciado como escritor de refer\u00eancia e h\u00e1 espa\u00e7o para que as escolas escolham entre diferentes autores nacionais. A consulta p\u00fablica est\u00e1 em consulta desde 27 de mar\u00e7o.<\/p>\n","protected":false},"excerpt":{"rendered":"<ul>\n<li>O ministro da Educa\u00e7\u00e3o respondeu a cr\u00edticas do PS sobre a hip\u00f3tese de Saramago deixar de ser leitura obrigat\u00f3ria no 12.\u00ba ano, dizendo que a alternativa tamb\u00e9m \u00e9 militante do PCP.<\/li>\n<li>A proposta integra a vers\u00e3o preliminar revista das aprendizagens essenciais, em consulta p\u00fablica desde 27 de mar\u00e7o, com tr\u00eas obras dispon\u00edveis para leitura pelos alunos de Portugu\u00eas.<\/li>\n<li>Inicialmente, as leituras obrigat\u00f3rias contemplavam Memorial do Convento ou O Ano da Morte de Ricardo Reis; a revis\u00e3o acrescenta um terceiro t\u00edtulo, Um Deus Passeando pela Brisa da Tarde, de M\u00e1rio de Carvalho.<\/li>\n<li>O deputado Porf\u00edrio Silva afirmou que o debate tem componente pol\u00edtica e pediu garantias de que n\u00e3o haver\u00e1 enviesamento ideol\u00f3gico nas leituras obrigat\u00f3rias.<\/li>\n<li>O ministro afirmou que a consulta p\u00fablica \u00e9 t\u00e9cnica e que Jos\u00e9 Saramago continua a ser uma refer\u00eancia liter\u00e1ria, com a decis\u00e3o ainda por tomar.<\/li>\n<\/ul>\n","protected":false},"author":2,"featured_media":429384,"comment_status":"closed","ping_status":"closed","sticky":false,"template":"","format":"standard","meta":{"footnotes":""},"categories":[7375,1],"tags":[163,2443,106,2459,2832,2144],"class_list":["post-429383","post","type-post","status-publish","format-standard","has-post-thumbnail","hentry","category-cultura","category-noticias","tag-educacao","tag-educacao-publica","tag-literatura","tag-pcp","tag-politica","tag-ps"],"yoast_head":"<!-- This site is optimized with the Yoast SEO plugin v27.2 - https:\/\/yoast.com\/product\/yoast-seo-wordpress\/ -->\n<title>Ministro reage a cr\u00edticas sobre Saramago; alternativa tamb\u00e9m militante do PCP - Portal Tela Portugal<\/title>\n<meta name=\"robots\" content=\"index, follow, max-snippet:-1, max-image-preview:large, max-video-preview:-1\" \/>\n<meta property=\"og:locale\" content=\"pt_PT\" \/>\n<meta property=\"og:type\" content=\"article\" \/>\n<meta property=\"og:title\" content=\"Ministro reage a cr\u00edticas sobre Saramago; alternativa tamb\u00e9m militante do PCP - Portal Tela Portugal\" \/>\n<meta property=\"og:description\" content=\"O ministro da Educa\u00e7\u00e3o respondeu a cr\u00edticas do PS sobre a hip\u00f3tese de Saramago deixar de ser leitura obrigat\u00f3ria no 12.\u00ba ano, dizendo que a alternativa tamb\u00e9m \u00e9 militante do PCP. A proposta integra a vers\u00e3o preliminar revista das aprendizagens essenciais, em consulta p\u00fablica desde 27 de mar\u00e7o, com tr\u00eas obras dispon\u00edveis para leitura pelos alunos de Portugu\u00eas. Inicialmente, as leituras obrigat\u00f3rias contemplavam Memorial do Convento ou O Ano da Morte de Ricardo Reis; a revis\u00e3o acrescenta um terceiro t\u00edtulo, Um Deus Passeando pela Brisa da Tarde, de M\u00e1rio de Carvalho. O deputado Porf\u00edrio Silva afirmou que o debate tem componente pol\u00edtica e pediu garantias de que n\u00e3o haver\u00e1 enviesamento ideol\u00f3gico nas leituras obrigat\u00f3rias. O ministro afirmou que a consulta p\u00fablica \u00e9 t\u00e9cnica e que Jos\u00e9 Saramago continua a ser uma refer\u00eancia liter\u00e1ria, com a decis\u00e3o ainda por tomar.\" \/>\n<meta property=\"og:url\" content=\"https:\/\/portaltela.pt\/noticias\/2026\/04\/01\/ministro-reage-a-criticas-sobre-saramago-alternativa-tambem-militante-do-pcp\/\" \/>\n<meta property=\"og:site_name\" content=\"Portal Tela Portugal\" \/>\n<meta property=\"article:published_time\" content=\"2026-04-01T15:46:54+00:00\" \/>\n<meta name=\"author\" content=\"Telinha\" \/>\n<meta name=\"twitter:card\" content=\"summary_large_image\" \/>\n<meta name=\"twitter:label1\" content=\"Escrito por\" \/>\n\t<meta name=\"twitter:data1\" content=\"Telinha\" \/>\n\t<meta name=\"twitter:label2\" content=\"Tempo estimado de leitura\" \/>\n\t<meta name=\"twitter:data2\" content=\"1 minuto\" \/>\n<script type=\"application\/ld+json\" class=\"yoast-schema-graph\">{\"@context\":\"https:\/\/schema.org\",\"@graph\":[{\"@type\":\"Article\",\"@id\":\"https:\/\/portaltela.pt\/noticias\/2026\/04\/01\/ministro-reage-a-criticas-sobre-saramago-alternativa-tambem-militante-do-pcp\/#article\",\"isPartOf\":{\"@id\":\"https:\/\/portaltela.pt\/noticias\/2026\/04\/01\/ministro-reage-a-criticas-sobre-saramago-alternativa-tambem-militante-do-pcp\/\"},\"author\":{\"name\":\"Telinha\",\"@id\":\"https:\/\/portaltela.pt\/#\/schema\/person\/c4278d4a6028830caff9ee44b42d32ed\"},\"headline\":\"Ministro reage a cr\u00edticas sobre Saramago; alternativa tamb\u00e9m militante do PCP\",\"datePublished\":\"2026-04-01T15:46:54+00:00\",\"mainEntityOfPage\":{\"@id\":\"https:\/\/portaltela.pt\/noticias\/2026\/04\/01\/ministro-reage-a-criticas-sobre-saramago-alternativa-tambem-militante-do-pcp\/\"},\"wordCount\":226,\"image\":{\"@id\":\"https:\/\/portaltela.pt\/noticias\/2026\/04\/01\/ministro-reage-a-criticas-sobre-saramago-alternativa-tambem-militante-do-pcp\/#primaryimage\"},\"thumbnailUrl\":\"https:\/\/portaltela.pt\/s.01k8rhncp4jt1\/2026\/04\/image-42.jpg\",\"keywords\":[\"educa\u00e7\u00e3o\",\"educa\u00e7\u00e3o p\u00fablica\",\"literatura\",\"PCP\",\"pol\u00edtica\",\"PS\"],\"articleSection\":[\"Cultura\",\"Not\u00edcias\"],\"inLanguage\":\"pt-PT\"},{\"@type\":\"WebPage\",\"@id\":\"https:\/\/portaltela.pt\/noticias\/2026\/04\/01\/ministro-reage-a-criticas-sobre-saramago-alternativa-tambem-militante-do-pcp\/\",\"url\":\"https:\/\/portaltela.pt\/noticias\/2026\/04\/01\/ministro-reage-a-criticas-sobre-saramago-alternativa-tambem-militante-do-pcp\/\",\"name\":\"Ministro reage a cr\u00edticas sobre Saramago; alternativa tamb\u00e9m militante do PCP - Portal Tela Portugal\",\"isPartOf\":{\"@id\":\"https:\/\/portaltela.pt\/#website\"},\"primaryImageOfPage\":{\"@id\":\"https:\/\/portaltela.pt\/noticias\/2026\/04\/01\/ministro-reage-a-criticas-sobre-saramago-alternativa-tambem-militante-do-pcp\/#primaryimage\"},\"image\":{\"@id\":\"https:\/\/portaltela.pt\/noticias\/2026\/04\/01\/ministro-reage-a-criticas-sobre-saramago-alternativa-tambem-militante-do-pcp\/#primaryimage\"},\"thumbnailUrl\":\"https:\/\/portaltela.pt\/s.01k8rhncp4jt1\/2026\/04\/image-42.jpg\",\"datePublished\":\"2026-04-01T15:46:54+00:00\",\"author\":{\"@id\":\"https:\/\/portaltela.pt\/#\/schema\/person\/c4278d4a6028830caff9ee44b42d32ed\"},\"breadcrumb\":{\"@id\":\"https:\/\/portaltela.pt\/noticias\/2026\/04\/01\/ministro-reage-a-criticas-sobre-saramago-alternativa-tambem-militante-do-pcp\/#breadcrumb\"},\"inLanguage\":\"pt-PT\",\"potentialAction\":[{\"@type\":\"ReadAction\",\"target\":[\"https:\/\/portaltela.pt\/noticias\/2026\/04\/01\/ministro-reage-a-criticas-sobre-saramago-alternativa-tambem-militante-do-pcp\/\"]}]},{\"@type\":\"ImageObject\",\"inLanguage\":\"pt-PT\",\"@id\":\"https:\/\/portaltela.pt\/noticias\/2026\/04\/01\/ministro-reage-a-criticas-sobre-saramago-alternativa-tambem-militante-do-pcp\/#primaryimage\",\"url\":\"https:\/\/portaltela.pt\/s.01k8rhncp4jt1\/2026\/04\/image-42.jpg\",\"contentUrl\":\"https:\/\/portaltela.pt\/s.01k8rhncp4jt1\/2026\/04\/image-42.jpg\",\"width\":796,\"height\":448,\"caption\":\"Ministro Fernando Alexandre no parlamento\"},{\"@type\":\"BreadcrumbList\",\"@id\":\"https:\/\/portaltela.pt\/noticias\/2026\/04\/01\/ministro-reage-a-criticas-sobre-saramago-alternativa-tambem-militante-do-pcp\/#breadcrumb\",\"itemListElement\":[{\"@type\":\"ListItem\",\"position\":1,\"name\":\"In\u00edcio\",\"item\":\"https:\/\/portaltela.pt\/\"},{\"@type\":\"ListItem\",\"position\":2,\"name\":\"Ministro reage a cr\u00edticas sobre Saramago; alternativa tamb\u00e9m militante do PCP\"}]},{\"@type\":\"WebSite\",\"@id\":\"https:\/\/portaltela.pt\/#website\",\"url\":\"https:\/\/portaltela.pt\/\",\"name\":\"Portal Tela Portugal\",\"description\":\"\",\"potentialAction\":[{\"@type\":\"SearchAction\",\"target\":{\"@type\":\"EntryPoint\",\"urlTemplate\":\"https:\/\/portaltela.pt\/?s={search_term_string}\"},\"query-input\":{\"@type\":\"PropertyValueSpecification\",\"valueRequired\":true,\"valueName\":\"search_term_string\"}}],\"inLanguage\":\"pt-PT\"},{\"@type\":\"Person\",\"@id\":\"https:\/\/portaltela.pt\/#\/schema\/person\/c4278d4a6028830caff9ee44b42d32ed\",\"name\":\"Telinha\",\"image\":{\"@type\":\"ImageObject\",\"inLanguage\":\"pt-PT\",\"@id\":\"https:\/\/portaltela.pt\/s.01k8rhncp4jt1\/2025\/11\/talking-bot-125x125.png\",\"url\":\"https:\/\/portaltela.pt\/s.01k8rhncp4jt1\/2025\/11\/talking-bot-125x125.png\",\"contentUrl\":\"https:\/\/portaltela.pt\/s.01k8rhncp4jt1\/2025\/11\/talking-bot-125x125.png\",\"caption\":\"Telinha\"},\"sameAs\":[\"https:\/\/portaltela.pt\/\"],\"url\":\"https:\/\/portaltela.pt\/por\/367410592786\/\"}]}<\/script>\n<!-- \/ Yoast SEO plugin. -->","yoast_head_json":{"title":"Ministro reage a cr\u00edticas sobre Saramago; alternativa tamb\u00e9m militante do PCP - Portal Tela Portugal","robots":{"index":"index","follow":"follow","max-snippet":"max-snippet:-1","max-image-preview":"max-image-preview:large","max-video-preview":"max-video-preview:-1"},"og_locale":"pt_PT","og_type":"article","og_title":"Ministro reage a cr\u00edticas sobre Saramago; alternativa tamb\u00e9m militante do PCP - Portal Tela Portugal","og_description":"O ministro da Educa\u00e7\u00e3o respondeu a cr\u00edticas do PS sobre a hip\u00f3tese de Saramago deixar de ser leitura obrigat\u00f3ria no 12.\u00ba ano, dizendo que a alternativa tamb\u00e9m \u00e9 militante do PCP. A proposta integra a vers\u00e3o preliminar revista das aprendizagens essenciais, em consulta p\u00fablica desde 27 de mar\u00e7o, com tr\u00eas obras dispon\u00edveis para leitura pelos alunos de Portugu\u00eas. Inicialmente, as leituras obrigat\u00f3rias contemplavam Memorial do Convento ou O Ano da Morte de Ricardo Reis; a revis\u00e3o acrescenta um terceiro t\u00edtulo, Um Deus Passeando pela Brisa da Tarde, de M\u00e1rio de Carvalho. O deputado Porf\u00edrio Silva afirmou que o debate tem componente pol\u00edtica e pediu garantias de que n\u00e3o haver\u00e1 enviesamento ideol\u00f3gico nas leituras obrigat\u00f3rias. O ministro afirmou que a consulta p\u00fablica \u00e9 t\u00e9cnica e que Jos\u00e9 Saramago continua a ser uma refer\u00eancia liter\u00e1ria, com a decis\u00e3o ainda por tomar.","og_url":"https:\/\/portaltela.pt\/noticias\/2026\/04\/01\/ministro-reage-a-criticas-sobre-saramago-alternativa-tambem-militante-do-pcp\/","og_site_name":"Portal Tela Portugal","article_published_time":"2026-04-01T15:46:54+00:00","author":"Telinha","twitter_card":"summary_large_image","twitter_misc":{"Escrito por":"Telinha","Tempo estimado de leitura":"1 minuto"},"schema":{"@context":"https:\/\/schema.org","@graph":[{"@type":"Article","@id":"https:\/\/portaltela.pt\/noticias\/2026\/04\/01\/ministro-reage-a-criticas-sobre-saramago-alternativa-tambem-militante-do-pcp\/#article","isPartOf":{"@id":"https:\/\/portaltela.pt\/noticias\/2026\/04\/01\/ministro-reage-a-criticas-sobre-saramago-alternativa-tambem-militante-do-pcp\/"},"author":{"name":"Telinha","@id":"https:\/\/portaltela.pt\/#\/schema\/person\/c4278d4a6028830caff9ee44b42d32ed"},"headline":"Ministro reage a cr\u00edticas sobre Saramago; alternativa tamb\u00e9m militante do PCP","datePublished":"2026-04-01T15:46:54+00:00","mainEntityOfPage":{"@id":"https:\/\/portaltela.pt\/noticias\/2026\/04\/01\/ministro-reage-a-criticas-sobre-saramago-alternativa-tambem-militante-do-pcp\/"},"wordCount":226,"image":{"@id":"https:\/\/portaltela.pt\/noticias\/2026\/04\/01\/ministro-reage-a-criticas-sobre-saramago-alternativa-tambem-militante-do-pcp\/#primaryimage"},"thumbnailUrl":"https:\/\/portaltela.pt\/s.01k8rhncp4jt1\/2026\/04\/image-42.jpg","keywords":["educa\u00e7\u00e3o","educa\u00e7\u00e3o p\u00fablica","literatura","PCP","pol\u00edtica","PS"],"articleSection":["Cultura","Not\u00edcias"],"inLanguage":"pt-PT"},{"@type":"WebPage","@id":"https:\/\/portaltela.pt\/noticias\/2026\/04\/01\/ministro-reage-a-criticas-sobre-saramago-alternativa-tambem-militante-do-pcp\/","url":"https:\/\/portaltela.pt\/noticias\/2026\/04\/01\/ministro-reage-a-criticas-sobre-saramago-alternativa-tambem-militante-do-pcp\/","name":"Ministro reage a cr\u00edticas sobre Saramago; alternativa tamb\u00e9m militante do PCP - Portal Tela Portugal","isPartOf":{"@id":"https:\/\/portaltela.pt\/#website"},"primaryImageOfPage":{"@id":"https:\/\/portaltela.pt\/noticias\/2026\/04\/01\/ministro-reage-a-criticas-sobre-saramago-alternativa-tambem-militante-do-pcp\/#primaryimage"},"image":{"@id":"https:\/\/portaltela.pt\/noticias\/2026\/04\/01\/ministro-reage-a-criticas-sobre-saramago-alternativa-tambem-militante-do-pcp\/#primaryimage"},"thumbnailUrl":"https:\/\/portaltela.pt\/s.01k8rhncp4jt1\/2026\/04\/image-42.jpg","datePublished":"2026-04-01T15:46:54+00:00","author":{"@id":"https:\/\/portaltela.pt\/#\/schema\/person\/c4278d4a6028830caff9ee44b42d32ed"},"breadcrumb":{"@id":"https:\/\/portaltela.pt\/noticias\/2026\/04\/01\/ministro-reage-a-criticas-sobre-saramago-alternativa-tambem-militante-do-pcp\/#breadcrumb"},"inLanguage":"pt-PT","potentialAction":[{"@type":"ReadAction","target":["https:\/\/portaltela.pt\/noticias\/2026\/04\/01\/ministro-reage-a-criticas-sobre-saramago-alternativa-tambem-militante-do-pcp\/"]}]},{"@type":"ImageObject","inLanguage":"pt-PT","@id":"https:\/\/portaltela.pt\/noticias\/2026\/04\/01\/ministro-reage-a-criticas-sobre-saramago-alternativa-tambem-militante-do-pcp\/#primaryimage","url":"https:\/\/portaltela.pt\/s.01k8rhncp4jt1\/2026\/04\/image-42.jpg","contentUrl":"https:\/\/portaltela.pt\/s.01k8rhncp4jt1\/2026\/04\/image-42.jpg","width":796,"height":448,"caption":"Ministro Fernando Alexandre no parlamento"},{"@type":"BreadcrumbList","@id":"https:\/\/portaltela.pt\/noticias\/2026\/04\/01\/ministro-reage-a-criticas-sobre-saramago-alternativa-tambem-militante-do-pcp\/#breadcrumb","itemListElement":[{"@type":"ListItem","position":1,"name":"In\u00edcio","item":"https:\/\/portaltela.pt\/"},{"@type":"ListItem","position":2,"name":"Ministro reage a cr\u00edticas sobre Saramago; alternativa tamb\u00e9m militante do PCP"}]},{"@type":"WebSite","@id":"https:\/\/portaltela.pt\/#website","url":"https:\/\/portaltela.pt\/","name":"Portal Tela Portugal","description":"","potentialAction":[{"@type":"SearchAction","target":{"@type":"EntryPoint","urlTemplate":"https:\/\/portaltela.pt\/?s={search_term_string}"},"query-input":{"@type":"PropertyValueSpecification","valueRequired":true,"valueName":"search_term_string"}}],"inLanguage":"pt-PT"},{"@type":"Person","@id":"https:\/\/portaltela.pt\/#\/schema\/person\/c4278d4a6028830caff9ee44b42d32ed","name":"Telinha","image":{"@type":"ImageObject","inLanguage":"pt-PT","@id":"https:\/\/portaltela.pt\/s.01k8rhncp4jt1\/2025\/11\/talking-bot-125x125.png","url":"https:\/\/portaltela.pt\/s.01k8rhncp4jt1\/2025\/11\/talking-bot-125x125.png","contentUrl":"https:\/\/portaltela.pt\/s.01k8rhncp4jt1\/2025\/11\/talking-bot-125x125.png","caption":"Telinha"},"sameAs":["https:\/\/portaltela.pt\/"],"url":"https:\/\/portaltela.pt\/por\/367410592786\/"}]}},"_links":{"self":[{"href":"https:\/\/portaltela.pt\/api\/wp\/v2\/posts\/429383","targetHints":{"allow":["GET"]}}],"collection":[{"href":"https:\/\/portaltela.pt\/api\/wp\/v2\/posts"}],"about":[{"href":"https:\/\/portaltela.pt\/api\/wp\/v2\/types\/post"}],"author":[{"embeddable":true,"href":"https:\/\/portaltela.pt\/api\/wp\/v2\/users\/2"}],"replies":[{"embeddable":true,"href":"https:\/\/portaltela.pt\/api\/wp\/v2\/comments?post=429383"}],"version-history":[{"count":0,"href":"https:\/\/portaltela.pt\/api\/wp\/v2\/posts\/429383\/revisions"}],"wp:featuredmedia":[{"embeddable":true,"href":"https:\/\/portaltela.pt\/api\/wp\/v2\/media\/429384"}],"wp:attachment":[{"href":"https:\/\/portaltela.pt\/api\/wp\/v2\/media?parent=429383"}],"wp:term":[{"taxonomy":"category","embeddable":true,"href":"https:\/\/portaltela.pt\/api\/wp\/v2\/categories?post=429383"},{"taxonomy":"post_tag","embeddable":true,"href":"https:\/\/portaltela.pt\/api\/wp\/v2\/tags?post=429383"}],"curies":[{"name":"wp","href":"https:\/\/api.w.org\/{rel}","templated":true}]}}