{"id":429380,"date":"2026-04-01T12:32:16","date_gmt":"2026-04-01T15:32:16","guid":{"rendered":"https:\/\/portaltela.pt\/noticias\/2026\/04\/01\/setor-do-taxi-acusa-associacao-de-tvde-de-incitar-a-violencia\/"},"modified":"2026-04-01T12:32:16","modified_gmt":"2026-04-01T15:32:16","slug":"setor-do-taxi-acusa-associacao-de-tvde-de-incitar-a-violencia","status":"publish","type":"post","link":"https:\/\/portaltela.pt\/tecnologia\/2026\/04\/01\/setor-do-taxi-acusa-associacao-de-tvde-de-incitar-a-violencia\/","title":{"rendered":"Setor do t\u00e1xi acusa associa\u00e7\u00e3o de TVDE de incitar \u00e0 viol\u00eancia"},"content":{"rendered":"<p>A Associa\u00e7\u00e3o Nacional T\u00e1xis Unidos de Portugal (ANTUP) vai apresentar queixa aos minist\u00e9rios da Administra\u00e7\u00e3o Interna e das Infraestruturas sobre uma campanha de choque promovida pela associa\u00e7\u00e3o ANM-TVDE, que, segundo a ANTUP, incita \u00e0 viol\u00eancia. A den\u00fancia envolve ainda o Instituto da Mobilidade e dos Transportes (IMT) devido \u00e0 propaganda considerada agressiva. O objetivo \u00e9 travar a desinforma\u00e7\u00e3o e defender o taxi tradicional.<\/p>\n<p>A ANTUP afirma que a campanha da ANM-TVDE utiliza imagens de extremada viol\u00eancia para demonizar os taxistas e promover a ideia de uma guerra civil entre t\u00e1xis e TVDE. Alegadamente, as imagens, divulgadas no Facebook, seriam geradas por intelig\u00eancia artificial. A associa\u00e7\u00e3o acrescenta que os conte\u00fados incitam a hostilidade entre profissionais.<\/p>\n<p>Victor Soares, presidente da ANM-TVDE, contestou as acusa\u00e7\u00f5es, dizendo que a campanha \u00e9 de esclarecimento sobre a proposta de altera\u00e7\u00e3o \u00e0 lei 45\/2018, defendendo a inclus\u00e3o do setor do t\u00e1xi no servi\u00e7o TVDE. A ANM-TVDE alega ter reunido com o PSD e aponta que as duas associadas discordam, mas defendem a regula\u00e7\u00e3o e o equil\u00edbrio regulat\u00f3rio.<\/p>\n<h3>Rea\u00e7\u00f5es e contexto regulat\u00f3rio<\/h3>\n<p>A ANTUP afirma que o tom da comunica\u00e7\u00e3o da ANM-TVDE recua a epis\u00f3dios de abertura do mercado e aponta que o discurso revela uma estrat\u00e9gia de dividir para reinar, prejudicando a conviv\u00eancia entre setores. A associa\u00e7\u00e3o de taxistas sustenta que a propaganda pode criar um ambiente prop\u00edcio a confrontos nas ruas.<\/p>\n<p>A ANM-TVDE, por seu lado, sustenta que as diferen\u00e7as entre t\u00e1xis e TVDE s\u00e3o, em grande medida, regulat\u00f3rias e administrativas, n\u00e3o na pr\u00e1tica de explora\u00e7\u00e3o. A organiza\u00e7\u00e3o ressalta que tanto o taxi como o TVDE enfrentam custos, press\u00e3o regulat\u00f3ria e necessidade de rentabilidade, defendendo uma abordagem equilibrada na regula\u00e7\u00e3o.<\/p>\n","protected":false},"excerpt":{"rendered":"<ul>\n<li>A Associa\u00e7\u00e3o Nacional T\u00e1xis Unidos de Portugal (ANTUP) vai apresentar queixa aos minist\u00e9rios da Administra\u00e7\u00e3o Interna e das Infraestruturas sobre uma campanha da ANM-TVDE alegadamente contra os t\u00e1xis, considerando que incita \u00e0 viol\u00eancia.<\/li>\n<li>A ANTUP tamb\u00e9m vai informar o Instituto da Mobilidade e dos Transportes (IMT) sobre uma campanha de propaganda sem precedentes, pautada pela agressividade visual e discursiva, de que o setor do t\u00e1xi est\u00e1 a ser alvo.<\/li>\n<li>A ANM-TVDE afirma que a campanha n\u00e3o incita \u00e0 viol\u00eancia, descrevendo-a como esclarecimento sobre a proposta do PSD de altera\u00e7\u00e3o \u00e0 lei 45\/2018, defendendo a inclus\u00e3o do t\u00e1xi no servi\u00e7o TVDE.<\/li>\n<li>O presidente da ANM-TVDE, Victor Soares, disse \u00e0 Lusa que a associa\u00e7\u00e3o j\u00e1 foi recebida pelo partido e que o TVDE \u00e9 um servi\u00e7o privado com apoio estatal, justificando que o privado n\u00e3o deve ter pre\u00e7os inferiores aos do t\u00e1xi.<\/li>\n<li>A ANTUP acusa a ANM-TVDE de usar imagens de viol\u00eancia, supostamente geradas por IA, para demonizar taxistas, advertindo que isso pode colocar em risco motoristas e passageiros e pedindo regulamenta\u00e7\u00e3o justa e di\u00e1logo institucional.<\/li>\n<\/ul>\n","protected":false},"author":2,"featured_media":429382,"comment_status":"closed","ping_status":"closed","sticky":false,"template":"","format":"standard","meta":{"footnotes":""},"categories":[6871,6716],"tags":[1469,5563,2832,2201,192,4988],"class_list":["post-429380","post","type-post","status-publish","format-standard","has-post-thumbnail","hentry","category-sociedade","category-tecnologia","tag-desinformacao","tag-informacao-publica","tag-politica","tag-trabalho","tag-transporte","tag-transporte-rodoviarios"],"yoast_head":"<!-- This site is optimized with the Yoast SEO plugin v27.2 - https:\/\/yoast.com\/product\/yoast-seo-wordpress\/ -->\n<title>Setor do t\u00e1xi acusa associa\u00e7\u00e3o de TVDE de incitar \u00e0 viol\u00eancia - Portal Tela Portugal<\/title>\n<meta name=\"robots\" content=\"index, follow, max-snippet:-1, max-image-preview:large, max-video-preview:-1\" \/>\n<meta property=\"og:locale\" content=\"pt_PT\" \/>\n<meta property=\"og:type\" content=\"article\" \/>\n<meta property=\"og:title\" content=\"Setor do t\u00e1xi acusa associa\u00e7\u00e3o de TVDE de incitar \u00e0 viol\u00eancia - Portal Tela Portugal\" \/>\n<meta property=\"og:description\" content=\"A Associa\u00e7\u00e3o Nacional T\u00e1xis Unidos de Portugal (ANTUP) vai apresentar queixa aos minist\u00e9rios da Administra\u00e7\u00e3o Interna e das Infraestruturas sobre uma campanha da ANM-TVDE alegadamente contra os t\u00e1xis, considerando que incita \u00e0 viol\u00eancia. A ANTUP tamb\u00e9m vai informar o Instituto da Mobilidade e dos Transportes (IMT) sobre uma campanha de propaganda sem precedentes, pautada pela agressividade visual e discursiva, de que o setor do t\u00e1xi est\u00e1 a ser alvo. A ANM-TVDE afirma que a campanha n\u00e3o incita \u00e0 viol\u00eancia, descrevendo-a como esclarecimento sobre a proposta do PSD de altera\u00e7\u00e3o \u00e0 lei 45\/2018, defendendo a inclus\u00e3o do t\u00e1xi no servi\u00e7o TVDE. O presidente da ANM-TVDE, Victor Soares, disse \u00e0 Lusa que a associa\u00e7\u00e3o j\u00e1 foi recebida pelo partido e que o TVDE \u00e9 um servi\u00e7o privado com apoio estatal, justificando que o privado n\u00e3o deve ter pre\u00e7os inferiores aos do t\u00e1xi. A ANTUP acusa a ANM-TVDE de usar imagens de viol\u00eancia, supostamente geradas por IA, para demonizar taxistas, advertindo que isso pode colocar em risco motoristas e passageiros e pedindo regulamenta\u00e7\u00e3o justa e di\u00e1logo institucional.\" \/>\n<meta property=\"og:url\" content=\"https:\/\/portaltela.pt\/noticias\/2026\/04\/01\/setor-do-taxi-acusa-associacao-de-tvde-de-incitar-a-violencia\/\" \/>\n<meta property=\"og:site_name\" content=\"Portal Tela Portugal\" \/>\n<meta property=\"article:published_time\" content=\"2026-04-01T15:32:16+00:00\" \/>\n<meta name=\"author\" content=\"Telinha\" \/>\n<meta name=\"twitter:card\" content=\"summary_large_image\" \/>\n<meta name=\"twitter:label1\" content=\"Escrito por\" \/>\n\t<meta name=\"twitter:data1\" content=\"Telinha\" \/>\n\t<meta name=\"twitter:label2\" content=\"Tempo estimado de leitura\" \/>\n\t<meta name=\"twitter:data2\" content=\"2 minutos\" \/>\n<script type=\"application\/ld+json\" class=\"yoast-schema-graph\">{\"@context\":\"https:\/\/schema.org\",\"@graph\":[{\"@type\":\"Article\",\"@id\":\"https:\/\/portaltela.pt\/noticias\/2026\/04\/01\/setor-do-taxi-acusa-associacao-de-tvde-de-incitar-a-violencia\/#article\",\"isPartOf\":{\"@id\":\"https:\/\/portaltela.pt\/noticias\/2026\/04\/01\/setor-do-taxi-acusa-associacao-de-tvde-de-incitar-a-violencia\/\"},\"author\":{\"name\":\"Telinha\",\"@id\":\"https:\/\/portaltela.pt\/#\/schema\/person\/c4278d4a6028830caff9ee44b42d32ed\"},\"headline\":\"Setor do t\u00e1xi acusa associa\u00e7\u00e3o de TVDE de incitar \u00e0 viol\u00eancia\",\"datePublished\":\"2026-04-01T15:32:16+00:00\",\"mainEntityOfPage\":{\"@id\":\"https:\/\/portaltela.pt\/noticias\/2026\/04\/01\/setor-do-taxi-acusa-associacao-de-tvde-de-incitar-a-violencia\/\"},\"wordCount\":321,\"image\":{\"@id\":\"https:\/\/portaltela.pt\/noticias\/2026\/04\/01\/setor-do-taxi-acusa-associacao-de-tvde-de-incitar-a-violencia\/#primaryimage\"},\"thumbnailUrl\":\"https:\/\/portaltela.pt\/s.01k8rhncp4jt1\/2026\/04\/img_1500x1000uu2021-05-12-22-26-13-1039276.jpg\",\"keywords\":[\"desinforma\u00e7\u00e3o\",\"informa\u00e7\u00e3o p\u00fablica\",\"pol\u00edtica\",\"trabalho\",\"transporte\",\"Transporte Rodovi\u00e1rios\"],\"articleSection\":[\"Sociedade\",\"Tecnologia\"],\"inLanguage\":\"pt-PT\"},{\"@type\":\"WebPage\",\"@id\":\"https:\/\/portaltela.pt\/noticias\/2026\/04\/01\/setor-do-taxi-acusa-associacao-de-tvde-de-incitar-a-violencia\/\",\"url\":\"https:\/\/portaltela.pt\/noticias\/2026\/04\/01\/setor-do-taxi-acusa-associacao-de-tvde-de-incitar-a-violencia\/\",\"name\":\"Setor do t\u00e1xi acusa associa\u00e7\u00e3o de TVDE de incitar \u00e0 viol\u00eancia - Portal Tela Portugal\",\"isPartOf\":{\"@id\":\"https:\/\/portaltela.pt\/#website\"},\"primaryImageOfPage\":{\"@id\":\"https:\/\/portaltela.pt\/noticias\/2026\/04\/01\/setor-do-taxi-acusa-associacao-de-tvde-de-incitar-a-violencia\/#primaryimage\"},\"image\":{\"@id\":\"https:\/\/portaltela.pt\/noticias\/2026\/04\/01\/setor-do-taxi-acusa-associacao-de-tvde-de-incitar-a-violencia\/#primaryimage\"},\"thumbnailUrl\":\"https:\/\/portaltela.pt\/s.01k8rhncp4jt1\/2026\/04\/img_1500x1000uu2021-05-12-22-26-13-1039276.jpg\",\"datePublished\":\"2026-04-01T15:32:16+00:00\",\"author\":{\"@id\":\"https:\/\/portaltela.pt\/#\/schema\/person\/c4278d4a6028830caff9ee44b42d32ed\"},\"breadcrumb\":{\"@id\":\"https:\/\/portaltela.pt\/noticias\/2026\/04\/01\/setor-do-taxi-acusa-associacao-de-tvde-de-incitar-a-violencia\/#breadcrumb\"},\"inLanguage\":\"pt-PT\",\"potentialAction\":[{\"@type\":\"ReadAction\",\"target\":[\"https:\/\/portaltela.pt\/noticias\/2026\/04\/01\/setor-do-taxi-acusa-associacao-de-tvde-de-incitar-a-violencia\/\"]}]},{\"@type\":\"ImageObject\",\"inLanguage\":\"pt-PT\",\"@id\":\"https:\/\/portaltela.pt\/noticias\/2026\/04\/01\/setor-do-taxi-acusa-associacao-de-tvde-de-incitar-a-violencia\/#primaryimage\",\"url\":\"https:\/\/portaltela.pt\/s.01k8rhncp4jt1\/2026\/04\/img_1500x1000uu2021-05-12-22-26-13-1039276.jpg\",\"contentUrl\":\"https:\/\/portaltela.pt\/s.01k8rhncp4jt1\/2026\/04\/img_1500x1000uu2021-05-12-22-26-13-1039276.jpg\",\"width\":796,\"height\":448,\"caption\":\"TVDE\"},{\"@type\":\"BreadcrumbList\",\"@id\":\"https:\/\/portaltela.pt\/noticias\/2026\/04\/01\/setor-do-taxi-acusa-associacao-de-tvde-de-incitar-a-violencia\/#breadcrumb\",\"itemListElement\":[{\"@type\":\"ListItem\",\"position\":1,\"name\":\"In\u00edcio\",\"item\":\"https:\/\/portaltela.pt\/\"},{\"@type\":\"ListItem\",\"position\":2,\"name\":\"Setor do t\u00e1xi acusa associa\u00e7\u00e3o de TVDE de incitar \u00e0 viol\u00eancia\"}]},{\"@type\":\"WebSite\",\"@id\":\"https:\/\/portaltela.pt\/#website\",\"url\":\"https:\/\/portaltela.pt\/\",\"name\":\"Portal Tela Portugal\",\"description\":\"\",\"potentialAction\":[{\"@type\":\"SearchAction\",\"target\":{\"@type\":\"EntryPoint\",\"urlTemplate\":\"https:\/\/portaltela.pt\/?s={search_term_string}\"},\"query-input\":{\"@type\":\"PropertyValueSpecification\",\"valueRequired\":true,\"valueName\":\"search_term_string\"}}],\"inLanguage\":\"pt-PT\"},{\"@type\":\"Person\",\"@id\":\"https:\/\/portaltela.pt\/#\/schema\/person\/c4278d4a6028830caff9ee44b42d32ed\",\"name\":\"Telinha\",\"image\":{\"@type\":\"ImageObject\",\"inLanguage\":\"pt-PT\",\"@id\":\"https:\/\/portaltela.pt\/s.01k8rhncp4jt1\/2025\/11\/talking-bot-125x125.png\",\"url\":\"https:\/\/portaltela.pt\/s.01k8rhncp4jt1\/2025\/11\/talking-bot-125x125.png\",\"contentUrl\":\"https:\/\/portaltela.pt\/s.01k8rhncp4jt1\/2025\/11\/talking-bot-125x125.png\",\"caption\":\"Telinha\"},\"sameAs\":[\"https:\/\/portaltela.pt\/\"],\"url\":\"https:\/\/portaltela.pt\/por\/367410592786\/\"}]}<\/script>\n<!-- \/ Yoast SEO plugin. -->","yoast_head_json":{"title":"Setor do t\u00e1xi acusa associa\u00e7\u00e3o de TVDE de incitar \u00e0 viol\u00eancia - Portal Tela Portugal","robots":{"index":"index","follow":"follow","max-snippet":"max-snippet:-1","max-image-preview":"max-image-preview:large","max-video-preview":"max-video-preview:-1"},"og_locale":"pt_PT","og_type":"article","og_title":"Setor do t\u00e1xi acusa associa\u00e7\u00e3o de TVDE de incitar \u00e0 viol\u00eancia - Portal Tela Portugal","og_description":"A Associa\u00e7\u00e3o Nacional T\u00e1xis Unidos de Portugal (ANTUP) vai apresentar queixa aos minist\u00e9rios da Administra\u00e7\u00e3o Interna e das Infraestruturas sobre uma campanha da ANM-TVDE alegadamente contra os t\u00e1xis, considerando que incita \u00e0 viol\u00eancia. A ANTUP tamb\u00e9m vai informar o Instituto da Mobilidade e dos Transportes (IMT) sobre uma campanha de propaganda sem precedentes, pautada pela agressividade visual e discursiva, de que o setor do t\u00e1xi est\u00e1 a ser alvo. A ANM-TVDE afirma que a campanha n\u00e3o incita \u00e0 viol\u00eancia, descrevendo-a como esclarecimento sobre a proposta do PSD de altera\u00e7\u00e3o \u00e0 lei 45\/2018, defendendo a inclus\u00e3o do t\u00e1xi no servi\u00e7o TVDE. O presidente da ANM-TVDE, Victor Soares, disse \u00e0 Lusa que a associa\u00e7\u00e3o j\u00e1 foi recebida pelo partido e que o TVDE \u00e9 um servi\u00e7o privado com apoio estatal, justificando que o privado n\u00e3o deve ter pre\u00e7os inferiores aos do t\u00e1xi. A ANTUP acusa a ANM-TVDE de usar imagens de viol\u00eancia, supostamente geradas por IA, para demonizar taxistas, advertindo que isso pode colocar em risco motoristas e passageiros e pedindo regulamenta\u00e7\u00e3o justa e di\u00e1logo institucional.","og_url":"https:\/\/portaltela.pt\/noticias\/2026\/04\/01\/setor-do-taxi-acusa-associacao-de-tvde-de-incitar-a-violencia\/","og_site_name":"Portal Tela Portugal","article_published_time":"2026-04-01T15:32:16+00:00","author":"Telinha","twitter_card":"summary_large_image","twitter_misc":{"Escrito por":"Telinha","Tempo estimado de leitura":"2 minutos"},"schema":{"@context":"https:\/\/schema.org","@graph":[{"@type":"Article","@id":"https:\/\/portaltela.pt\/noticias\/2026\/04\/01\/setor-do-taxi-acusa-associacao-de-tvde-de-incitar-a-violencia\/#article","isPartOf":{"@id":"https:\/\/portaltela.pt\/noticias\/2026\/04\/01\/setor-do-taxi-acusa-associacao-de-tvde-de-incitar-a-violencia\/"},"author":{"name":"Telinha","@id":"https:\/\/portaltela.pt\/#\/schema\/person\/c4278d4a6028830caff9ee44b42d32ed"},"headline":"Setor do t\u00e1xi acusa associa\u00e7\u00e3o de TVDE de incitar \u00e0 viol\u00eancia","datePublished":"2026-04-01T15:32:16+00:00","mainEntityOfPage":{"@id":"https:\/\/portaltela.pt\/noticias\/2026\/04\/01\/setor-do-taxi-acusa-associacao-de-tvde-de-incitar-a-violencia\/"},"wordCount":321,"image":{"@id":"https:\/\/portaltela.pt\/noticias\/2026\/04\/01\/setor-do-taxi-acusa-associacao-de-tvde-de-incitar-a-violencia\/#primaryimage"},"thumbnailUrl":"https:\/\/portaltela.pt\/s.01k8rhncp4jt1\/2026\/04\/img_1500x1000uu2021-05-12-22-26-13-1039276.jpg","keywords":["desinforma\u00e7\u00e3o","informa\u00e7\u00e3o p\u00fablica","pol\u00edtica","trabalho","transporte","Transporte Rodovi\u00e1rios"],"articleSection":["Sociedade","Tecnologia"],"inLanguage":"pt-PT"},{"@type":"WebPage","@id":"https:\/\/portaltela.pt\/noticias\/2026\/04\/01\/setor-do-taxi-acusa-associacao-de-tvde-de-incitar-a-violencia\/","url":"https:\/\/portaltela.pt\/noticias\/2026\/04\/01\/setor-do-taxi-acusa-associacao-de-tvde-de-incitar-a-violencia\/","name":"Setor do t\u00e1xi acusa associa\u00e7\u00e3o de TVDE de incitar \u00e0 viol\u00eancia - Portal Tela Portugal","isPartOf":{"@id":"https:\/\/portaltela.pt\/#website"},"primaryImageOfPage":{"@id":"https:\/\/portaltela.pt\/noticias\/2026\/04\/01\/setor-do-taxi-acusa-associacao-de-tvde-de-incitar-a-violencia\/#primaryimage"},"image":{"@id":"https:\/\/portaltela.pt\/noticias\/2026\/04\/01\/setor-do-taxi-acusa-associacao-de-tvde-de-incitar-a-violencia\/#primaryimage"},"thumbnailUrl":"https:\/\/portaltela.pt\/s.01k8rhncp4jt1\/2026\/04\/img_1500x1000uu2021-05-12-22-26-13-1039276.jpg","datePublished":"2026-04-01T15:32:16+00:00","author":{"@id":"https:\/\/portaltela.pt\/#\/schema\/person\/c4278d4a6028830caff9ee44b42d32ed"},"breadcrumb":{"@id":"https:\/\/portaltela.pt\/noticias\/2026\/04\/01\/setor-do-taxi-acusa-associacao-de-tvde-de-incitar-a-violencia\/#breadcrumb"},"inLanguage":"pt-PT","potentialAction":[{"@type":"ReadAction","target":["https:\/\/portaltela.pt\/noticias\/2026\/04\/01\/setor-do-taxi-acusa-associacao-de-tvde-de-incitar-a-violencia\/"]}]},{"@type":"ImageObject","inLanguage":"pt-PT","@id":"https:\/\/portaltela.pt\/noticias\/2026\/04\/01\/setor-do-taxi-acusa-associacao-de-tvde-de-incitar-a-violencia\/#primaryimage","url":"https:\/\/portaltela.pt\/s.01k8rhncp4jt1\/2026\/04\/img_1500x1000uu2021-05-12-22-26-13-1039276.jpg","contentUrl":"https:\/\/portaltela.pt\/s.01k8rhncp4jt1\/2026\/04\/img_1500x1000uu2021-05-12-22-26-13-1039276.jpg","width":796,"height":448,"caption":"TVDE"},{"@type":"BreadcrumbList","@id":"https:\/\/portaltela.pt\/noticias\/2026\/04\/01\/setor-do-taxi-acusa-associacao-de-tvde-de-incitar-a-violencia\/#breadcrumb","itemListElement":[{"@type":"ListItem","position":1,"name":"In\u00edcio","item":"https:\/\/portaltela.pt\/"},{"@type":"ListItem","position":2,"name":"Setor do t\u00e1xi acusa associa\u00e7\u00e3o de TVDE de incitar \u00e0 viol\u00eancia"}]},{"@type":"WebSite","@id":"https:\/\/portaltela.pt\/#website","url":"https:\/\/portaltela.pt\/","name":"Portal Tela Portugal","description":"","potentialAction":[{"@type":"SearchAction","target":{"@type":"EntryPoint","urlTemplate":"https:\/\/portaltela.pt\/?s={search_term_string}"},"query-input":{"@type":"PropertyValueSpecification","valueRequired":true,"valueName":"search_term_string"}}],"inLanguage":"pt-PT"},{"@type":"Person","@id":"https:\/\/portaltela.pt\/#\/schema\/person\/c4278d4a6028830caff9ee44b42d32ed","name":"Telinha","image":{"@type":"ImageObject","inLanguage":"pt-PT","@id":"https:\/\/portaltela.pt\/s.01k8rhncp4jt1\/2025\/11\/talking-bot-125x125.png","url":"https:\/\/portaltela.pt\/s.01k8rhncp4jt1\/2025\/11\/talking-bot-125x125.png","contentUrl":"https:\/\/portaltela.pt\/s.01k8rhncp4jt1\/2025\/11\/talking-bot-125x125.png","caption":"Telinha"},"sameAs":["https:\/\/portaltela.pt\/"],"url":"https:\/\/portaltela.pt\/por\/367410592786\/"}]}},"_links":{"self":[{"href":"https:\/\/portaltela.pt\/api\/wp\/v2\/posts\/429380","targetHints":{"allow":["GET"]}}],"collection":[{"href":"https:\/\/portaltela.pt\/api\/wp\/v2\/posts"}],"about":[{"href":"https:\/\/portaltela.pt\/api\/wp\/v2\/types\/post"}],"author":[{"embeddable":true,"href":"https:\/\/portaltela.pt\/api\/wp\/v2\/users\/2"}],"replies":[{"embeddable":true,"href":"https:\/\/portaltela.pt\/api\/wp\/v2\/comments?post=429380"}],"version-history":[{"count":0,"href":"https:\/\/portaltela.pt\/api\/wp\/v2\/posts\/429380\/revisions"}],"wp:featuredmedia":[{"embeddable":true,"href":"https:\/\/portaltela.pt\/api\/wp\/v2\/media\/429382"}],"wp:attachment":[{"href":"https:\/\/portaltela.pt\/api\/wp\/v2\/media?parent=429380"}],"wp:term":[{"taxonomy":"category","embeddable":true,"href":"https:\/\/portaltela.pt\/api\/wp\/v2\/categories?post=429380"},{"taxonomy":"post_tag","embeddable":true,"href":"https:\/\/portaltela.pt\/api\/wp\/v2\/tags?post=429380"}],"curies":[{"name":"wp","href":"https:\/\/api.w.org\/{rel}","templated":true}]}}