{"id":429361,"date":"2026-04-01T12:17:16","date_gmt":"2026-04-01T15:17:16","guid":{"rendered":"https:\/\/portaltela.pt\/noticias\/2026\/04\/01\/franclim-carvalho-perto-de-assinar-pelo-botafogo\/"},"modified":"2026-04-01T12:17:16","modified_gmt":"2026-04-01T15:17:16","slug":"franclim-carvalho-perto-de-assinar-pelo-botafogo","status":"publish","type":"post","link":"https:\/\/portaltela.pt\/desporto\/futebol\/2026\/04\/01\/franclim-carvalho-perto-de-assinar-pelo-botafogo\/","title":{"rendered":"Franclim Carvalho perto de assinar pelo Botafogo"},"content":{"rendered":"<p>Franclim Carvalho est\u00e1 muito perto de tornar-se treinador do Botafogo, no Brasileir\u00e3o, com conversa\u00e7\u00f5es j\u00e1 em estado avan\u00e7ado. O an\u00fancio oficial dever\u00e1 ocorrer nas pr\u00f3ximas horas, para suceder Mart\u00edn Anselmi, que foi despedido a 22 de mar\u00e7o.<\/p>\n<p>O t\u00e9cnico portugu\u00eas, de 39 anos, conhece bem o clube do Rio de Janeiro, tendo j\u00e1 atuado como adjunto de Artur Jorge entre 2024 e 2025. A liga\u00e7\u00e3o com o Botafogo ajuda a explicar o interesse da dire\u00e7\u00e3o.<\/p>\n<p>A situa\u00e7\u00e3o financeira do neg\u00f3cio j\u00e1 estaria resolvida, faltando apenas alinhar detalhes de outras \u00e1reas. O objetivo \u00e9 elevar o Botafogo da atual 17.\u00aa posi\u00e7\u00e3o da S\u00e9rie A, melhorando o desempenho da equipa no campeonato.<\/p>\n","protected":false},"excerpt":{"rendered":"<ul>\n<li>Franclim Carvalho est\u00e1 em conversa\u00e7\u00f5es muito adiantadas para treinar o Botafogo, numa eventual sucess\u00e3o de Mart\u00edn Anselmi.<\/li>\n<li>O t\u00e9cnico portugu\u00eas, de 39 anos, j\u00e1 conhece bem o clube, tendo sido adjunto de Artur Jorge entre 2024 e 2025.<\/li>\n<li>A quest\u00e3o financeira j\u00e1 est\u00e1 resolvida, restando apenas alinhar detalhes noutras \u00e1reas.<\/li>\n<li>A oficializa\u00e7\u00e3o da contrata\u00e7\u00e3o dever\u00e1 ocorrer nas pr\u00f3ximas horas.<\/li>\n<li>O objetivo principal \u00e9 tirar o Botafogo da 17.\u00aa posi\u00e7\u00e3o na S\u00e9rie A.<\/li>\n<\/ul>\n","protected":false},"author":2,"featured_media":429363,"comment_status":"closed","ping_status":"closed","sticky":false,"template":"","format":"standard","meta":{"footnotes":""},"categories":[21,24],"tags":[89,32,81,1014,7694],"class_list":["post-429361","post","type-post","status-publish","format-standard","has-post-thumbnail","hentry","category-desporto","category-futebol","tag-brasileirao","tag-futebol","tag-internacionais","tag-portugal","tag-tecnico"],"yoast_head":"<!-- This site is optimized with the Yoast SEO plugin v27.2 - https:\/\/yoast.com\/product\/yoast-seo-wordpress\/ -->\n<title>Franclim Carvalho perto de assinar pelo Botafogo - Portal Tela Portugal<\/title>\n<meta name=\"robots\" content=\"index, follow, max-snippet:-1, max-image-preview:large, max-video-preview:-1\" \/>\n<meta property=\"og:locale\" content=\"pt_PT\" \/>\n<meta property=\"og:type\" content=\"article\" \/>\n<meta property=\"og:title\" content=\"Franclim Carvalho perto de assinar pelo Botafogo - Portal Tela Portugal\" \/>\n<meta property=\"og:description\" content=\"Franclim Carvalho est\u00e1 em conversa\u00e7\u00f5es muito adiantadas para treinar o Botafogo, numa eventual sucess\u00e3o de Mart\u00edn Anselmi. O t\u00e9cnico portugu\u00eas, de 39 anos, j\u00e1 conhece bem o clube, tendo sido adjunto de Artur Jorge entre 2024 e 2025. A quest\u00e3o financeira j\u00e1 est\u00e1 resolvida, restando apenas alinhar detalhes noutras \u00e1reas. A oficializa\u00e7\u00e3o da contrata\u00e7\u00e3o dever\u00e1 ocorrer nas pr\u00f3ximas horas. O objetivo principal \u00e9 tirar o Botafogo da 17.\u00aa posi\u00e7\u00e3o na S\u00e9rie A.\" \/>\n<meta property=\"og:url\" content=\"https:\/\/portaltela.pt\/noticias\/2026\/04\/01\/franclim-carvalho-perto-de-assinar-pelo-botafogo\/\" \/>\n<meta property=\"og:site_name\" content=\"Portal Tela Portugal\" \/>\n<meta property=\"article:published_time\" content=\"2026-04-01T15:17:16+00:00\" \/>\n<meta name=\"author\" content=\"Telinha\" \/>\n<meta name=\"twitter:card\" content=\"summary_large_image\" \/>\n<meta name=\"twitter:label1\" content=\"Escrito por\" \/>\n\t<meta name=\"twitter:data1\" content=\"Telinha\" \/>\n\t<meta name=\"twitter:label2\" content=\"Tempo estimado de leitura\" \/>\n\t<meta name=\"twitter:data2\" content=\"1 minuto\" \/>\n<script type=\"application\/ld+json\" class=\"yoast-schema-graph\">{\"@context\":\"https:\/\/schema.org\",\"@graph\":[{\"@type\":\"Article\",\"@id\":\"https:\/\/portaltela.pt\/noticias\/2026\/04\/01\/franclim-carvalho-perto-de-assinar-pelo-botafogo\/#article\",\"isPartOf\":{\"@id\":\"https:\/\/portaltela.pt\/noticias\/2026\/04\/01\/franclim-carvalho-perto-de-assinar-pelo-botafogo\/\"},\"author\":{\"name\":\"Telinha\",\"@id\":\"https:\/\/portaltela.pt\/#\/schema\/person\/c4278d4a6028830caff9ee44b42d32ed\"},\"headline\":\"Franclim Carvalho perto de assinar pelo Botafogo\",\"datePublished\":\"2026-04-01T15:17:16+00:00\",\"mainEntityOfPage\":{\"@id\":\"https:\/\/portaltela.pt\/noticias\/2026\/04\/01\/franclim-carvalho-perto-de-assinar-pelo-botafogo\/\"},\"wordCount\":126,\"image\":{\"@id\":\"https:\/\/portaltela.pt\/noticias\/2026\/04\/01\/franclim-carvalho-perto-de-assinar-pelo-botafogo\/#primaryimage\"},\"thumbnailUrl\":\"https:\/\/portaltela.pt\/s.01k8rhncp4jt1\/2026\/04\/img_920x518uu2026-04-01-16-09-56-2430507.jpg\",\"keywords\":[\"brasileir\u00e3o\",\"futebol\",\"internacionais\",\"Portugal\",\"T\u00e9cnico\"],\"articleSection\":[\"Desporto\",\"Futebol\"],\"inLanguage\":\"pt-PT\"},{\"@type\":\"WebPage\",\"@id\":\"https:\/\/portaltela.pt\/noticias\/2026\/04\/01\/franclim-carvalho-perto-de-assinar-pelo-botafogo\/\",\"url\":\"https:\/\/portaltela.pt\/noticias\/2026\/04\/01\/franclim-carvalho-perto-de-assinar-pelo-botafogo\/\",\"name\":\"Franclim Carvalho perto de assinar pelo Botafogo - Portal Tela Portugal\",\"isPartOf\":{\"@id\":\"https:\/\/portaltela.pt\/#website\"},\"primaryImageOfPage\":{\"@id\":\"https:\/\/portaltela.pt\/noticias\/2026\/04\/01\/franclim-carvalho-perto-de-assinar-pelo-botafogo\/#primaryimage\"},\"image\":{\"@id\":\"https:\/\/portaltela.pt\/noticias\/2026\/04\/01\/franclim-carvalho-perto-de-assinar-pelo-botafogo\/#primaryimage\"},\"thumbnailUrl\":\"https:\/\/portaltela.pt\/s.01k8rhncp4jt1\/2026\/04\/img_920x518uu2026-04-01-16-09-56-2430507.jpg\",\"datePublished\":\"2026-04-01T15:17:16+00:00\",\"author\":{\"@id\":\"https:\/\/portaltela.pt\/#\/schema\/person\/c4278d4a6028830caff9ee44b42d32ed\"},\"breadcrumb\":{\"@id\":\"https:\/\/portaltela.pt\/noticias\/2026\/04\/01\/franclim-carvalho-perto-de-assinar-pelo-botafogo\/#breadcrumb\"},\"inLanguage\":\"pt-PT\",\"potentialAction\":[{\"@type\":\"ReadAction\",\"target\":[\"https:\/\/portaltela.pt\/noticias\/2026\/04\/01\/franclim-carvalho-perto-de-assinar-pelo-botafogo\/\"]}]},{\"@type\":\"ImageObject\",\"inLanguage\":\"pt-PT\",\"@id\":\"https:\/\/portaltela.pt\/noticias\/2026\/04\/01\/franclim-carvalho-perto-de-assinar-pelo-botafogo\/#primaryimage\",\"url\":\"https:\/\/portaltela.pt\/s.01k8rhncp4jt1\/2026\/04\/img_920x518uu2026-04-01-16-09-56-2430507.jpg\",\"contentUrl\":\"https:\/\/portaltela.pt\/s.01k8rhncp4jt1\/2026\/04\/img_920x518uu2026-04-01-16-09-56-2430507.jpg\",\"width\":796,\"height\":448,\"caption\":\"Franclim Carvalho perto de treinar o Botafogo\"},{\"@type\":\"BreadcrumbList\",\"@id\":\"https:\/\/portaltela.pt\/noticias\/2026\/04\/01\/franclim-carvalho-perto-de-assinar-pelo-botafogo\/#breadcrumb\",\"itemListElement\":[{\"@type\":\"ListItem\",\"position\":1,\"name\":\"In\u00edcio\",\"item\":\"https:\/\/portaltela.pt\/\"},{\"@type\":\"ListItem\",\"position\":2,\"name\":\"Franclim Carvalho perto de assinar pelo Botafogo\"}]},{\"@type\":\"WebSite\",\"@id\":\"https:\/\/portaltela.pt\/#website\",\"url\":\"https:\/\/portaltela.pt\/\",\"name\":\"Portal Tela Portugal\",\"description\":\"\",\"potentialAction\":[{\"@type\":\"SearchAction\",\"target\":{\"@type\":\"EntryPoint\",\"urlTemplate\":\"https:\/\/portaltela.pt\/?s={search_term_string}\"},\"query-input\":{\"@type\":\"PropertyValueSpecification\",\"valueRequired\":true,\"valueName\":\"search_term_string\"}}],\"inLanguage\":\"pt-PT\"},{\"@type\":\"Person\",\"@id\":\"https:\/\/portaltela.pt\/#\/schema\/person\/c4278d4a6028830caff9ee44b42d32ed\",\"name\":\"Telinha\",\"image\":{\"@type\":\"ImageObject\",\"inLanguage\":\"pt-PT\",\"@id\":\"https:\/\/portaltela.pt\/s.01k8rhncp4jt1\/2025\/11\/talking-bot-125x125.png\",\"url\":\"https:\/\/portaltela.pt\/s.01k8rhncp4jt1\/2025\/11\/talking-bot-125x125.png\",\"contentUrl\":\"https:\/\/portaltela.pt\/s.01k8rhncp4jt1\/2025\/11\/talking-bot-125x125.png\",\"caption\":\"Telinha\"},\"sameAs\":[\"https:\/\/portaltela.pt\/\"],\"url\":\"https:\/\/portaltela.pt\/por\/367410592786\/\"}]}<\/script>\n<!-- \/ Yoast SEO plugin. -->","yoast_head_json":{"title":"Franclim Carvalho perto de assinar pelo Botafogo - Portal Tela Portugal","robots":{"index":"index","follow":"follow","max-snippet":"max-snippet:-1","max-image-preview":"max-image-preview:large","max-video-preview":"max-video-preview:-1"},"og_locale":"pt_PT","og_type":"article","og_title":"Franclim Carvalho perto de assinar pelo Botafogo - Portal Tela Portugal","og_description":"Franclim Carvalho est\u00e1 em conversa\u00e7\u00f5es muito adiantadas para treinar o Botafogo, numa eventual sucess\u00e3o de Mart\u00edn Anselmi. O t\u00e9cnico portugu\u00eas, de 39 anos, j\u00e1 conhece bem o clube, tendo sido adjunto de Artur Jorge entre 2024 e 2025. A quest\u00e3o financeira j\u00e1 est\u00e1 resolvida, restando apenas alinhar detalhes noutras \u00e1reas. A oficializa\u00e7\u00e3o da contrata\u00e7\u00e3o dever\u00e1 ocorrer nas pr\u00f3ximas horas. O objetivo principal \u00e9 tirar o Botafogo da 17.\u00aa posi\u00e7\u00e3o na S\u00e9rie A.","og_url":"https:\/\/portaltela.pt\/noticias\/2026\/04\/01\/franclim-carvalho-perto-de-assinar-pelo-botafogo\/","og_site_name":"Portal Tela Portugal","article_published_time":"2026-04-01T15:17:16+00:00","author":"Telinha","twitter_card":"summary_large_image","twitter_misc":{"Escrito por":"Telinha","Tempo estimado de leitura":"1 minuto"},"schema":{"@context":"https:\/\/schema.org","@graph":[{"@type":"Article","@id":"https:\/\/portaltela.pt\/noticias\/2026\/04\/01\/franclim-carvalho-perto-de-assinar-pelo-botafogo\/#article","isPartOf":{"@id":"https:\/\/portaltela.pt\/noticias\/2026\/04\/01\/franclim-carvalho-perto-de-assinar-pelo-botafogo\/"},"author":{"name":"Telinha","@id":"https:\/\/portaltela.pt\/#\/schema\/person\/c4278d4a6028830caff9ee44b42d32ed"},"headline":"Franclim Carvalho perto de assinar pelo Botafogo","datePublished":"2026-04-01T15:17:16+00:00","mainEntityOfPage":{"@id":"https:\/\/portaltela.pt\/noticias\/2026\/04\/01\/franclim-carvalho-perto-de-assinar-pelo-botafogo\/"},"wordCount":126,"image":{"@id":"https:\/\/portaltela.pt\/noticias\/2026\/04\/01\/franclim-carvalho-perto-de-assinar-pelo-botafogo\/#primaryimage"},"thumbnailUrl":"https:\/\/portaltela.pt\/s.01k8rhncp4jt1\/2026\/04\/img_920x518uu2026-04-01-16-09-56-2430507.jpg","keywords":["brasileir\u00e3o","futebol","internacionais","Portugal","T\u00e9cnico"],"articleSection":["Desporto","Futebol"],"inLanguage":"pt-PT"},{"@type":"WebPage","@id":"https:\/\/portaltela.pt\/noticias\/2026\/04\/01\/franclim-carvalho-perto-de-assinar-pelo-botafogo\/","url":"https:\/\/portaltela.pt\/noticias\/2026\/04\/01\/franclim-carvalho-perto-de-assinar-pelo-botafogo\/","name":"Franclim Carvalho perto de assinar pelo Botafogo - Portal Tela Portugal","isPartOf":{"@id":"https:\/\/portaltela.pt\/#website"},"primaryImageOfPage":{"@id":"https:\/\/portaltela.pt\/noticias\/2026\/04\/01\/franclim-carvalho-perto-de-assinar-pelo-botafogo\/#primaryimage"},"image":{"@id":"https:\/\/portaltela.pt\/noticias\/2026\/04\/01\/franclim-carvalho-perto-de-assinar-pelo-botafogo\/#primaryimage"},"thumbnailUrl":"https:\/\/portaltela.pt\/s.01k8rhncp4jt1\/2026\/04\/img_920x518uu2026-04-01-16-09-56-2430507.jpg","datePublished":"2026-04-01T15:17:16+00:00","author":{"@id":"https:\/\/portaltela.pt\/#\/schema\/person\/c4278d4a6028830caff9ee44b42d32ed"},"breadcrumb":{"@id":"https:\/\/portaltela.pt\/noticias\/2026\/04\/01\/franclim-carvalho-perto-de-assinar-pelo-botafogo\/#breadcrumb"},"inLanguage":"pt-PT","potentialAction":[{"@type":"ReadAction","target":["https:\/\/portaltela.pt\/noticias\/2026\/04\/01\/franclim-carvalho-perto-de-assinar-pelo-botafogo\/"]}]},{"@type":"ImageObject","inLanguage":"pt-PT","@id":"https:\/\/portaltela.pt\/noticias\/2026\/04\/01\/franclim-carvalho-perto-de-assinar-pelo-botafogo\/#primaryimage","url":"https:\/\/portaltela.pt\/s.01k8rhncp4jt1\/2026\/04\/img_920x518uu2026-04-01-16-09-56-2430507.jpg","contentUrl":"https:\/\/portaltela.pt\/s.01k8rhncp4jt1\/2026\/04\/img_920x518uu2026-04-01-16-09-56-2430507.jpg","width":796,"height":448,"caption":"Franclim Carvalho perto de treinar o Botafogo"},{"@type":"BreadcrumbList","@id":"https:\/\/portaltela.pt\/noticias\/2026\/04\/01\/franclim-carvalho-perto-de-assinar-pelo-botafogo\/#breadcrumb","itemListElement":[{"@type":"ListItem","position":1,"name":"In\u00edcio","item":"https:\/\/portaltela.pt\/"},{"@type":"ListItem","position":2,"name":"Franclim Carvalho perto de assinar pelo Botafogo"}]},{"@type":"WebSite","@id":"https:\/\/portaltela.pt\/#website","url":"https:\/\/portaltela.pt\/","name":"Portal Tela Portugal","description":"","potentialAction":[{"@type":"SearchAction","target":{"@type":"EntryPoint","urlTemplate":"https:\/\/portaltela.pt\/?s={search_term_string}"},"query-input":{"@type":"PropertyValueSpecification","valueRequired":true,"valueName":"search_term_string"}}],"inLanguage":"pt-PT"},{"@type":"Person","@id":"https:\/\/portaltela.pt\/#\/schema\/person\/c4278d4a6028830caff9ee44b42d32ed","name":"Telinha","image":{"@type":"ImageObject","inLanguage":"pt-PT","@id":"https:\/\/portaltela.pt\/s.01k8rhncp4jt1\/2025\/11\/talking-bot-125x125.png","url":"https:\/\/portaltela.pt\/s.01k8rhncp4jt1\/2025\/11\/talking-bot-125x125.png","contentUrl":"https:\/\/portaltela.pt\/s.01k8rhncp4jt1\/2025\/11\/talking-bot-125x125.png","caption":"Telinha"},"sameAs":["https:\/\/portaltela.pt\/"],"url":"https:\/\/portaltela.pt\/por\/367410592786\/"}]}},"_links":{"self":[{"href":"https:\/\/portaltela.pt\/api\/wp\/v2\/posts\/429361","targetHints":{"allow":["GET"]}}],"collection":[{"href":"https:\/\/portaltela.pt\/api\/wp\/v2\/posts"}],"about":[{"href":"https:\/\/portaltela.pt\/api\/wp\/v2\/types\/post"}],"author":[{"embeddable":true,"href":"https:\/\/portaltela.pt\/api\/wp\/v2\/users\/2"}],"replies":[{"embeddable":true,"href":"https:\/\/portaltela.pt\/api\/wp\/v2\/comments?post=429361"}],"version-history":[{"count":0,"href":"https:\/\/portaltela.pt\/api\/wp\/v2\/posts\/429361\/revisions"}],"wp:featuredmedia":[{"embeddable":true,"href":"https:\/\/portaltela.pt\/api\/wp\/v2\/media\/429363"}],"wp:attachment":[{"href":"https:\/\/portaltela.pt\/api\/wp\/v2\/media?parent=429361"}],"wp:term":[{"taxonomy":"category","embeddable":true,"href":"https:\/\/portaltela.pt\/api\/wp\/v2\/categories?post=429361"},{"taxonomy":"post_tag","embeddable":true,"href":"https:\/\/portaltela.pt\/api\/wp\/v2\/tags?post=429361"}],"curies":[{"name":"wp","href":"https:\/\/api.w.org\/{rel}","templated":true}]}}