{"id":429357,"date":"2026-04-01T12:02:35","date_gmt":"2026-04-01T15:02:35","guid":{"rendered":"https:\/\/portaltela.pt\/noticias\/2026\/04\/01\/utentes-inscritos-nos-centros-de-saude-sobem-680-mil-em-dez-anos\/"},"modified":"2026-04-01T12:02:35","modified_gmt":"2026-04-01T15:02:35","slug":"utentes-inscritos-nos-centros-de-saude-sobem-680-mil-em-dez-anos","status":"publish","type":"post","link":"https:\/\/portaltela.pt\/saude\/2026\/04\/01\/utentes-inscritos-nos-centros-de-saude-sobem-680-mil-em-dez-anos\/","title":{"rendered":"Utentes inscritos nos centros de sa\u00fade sobem 680 mil em dez anos"},"content":{"rendered":"<p>Nos CSP existem 10,758 milh\u00f5es de utentes inscritos em fevereiro deste ano, um aumento de 6,7% face a fevereiro de 2016, quando eram 10,078 milh\u00f5es. Os dados, recolhidos pela Lusa, comparam s\u00e9ries oficiais ao longo de dez anos.<\/p>\n<p>Os n\u00fameros de 2024 aproximam-se do total da popula\u00e7\u00e3o residente em Portugal, incluindo as regi\u00f5es aut\u00f3nomas, segundo o INE. O crescimento de utentes inscritos acompanha a evolu\u00e7\u00e3o demogr\u00e1fica do pa\u00eds nos \u00faltimos anos.<\/p>\n<p>Ainda assim, continua a haver uma fatia significativa sem m\u00e9dico de fam\u00edlia atribu\u00eddo. Em fevereiro, 1,593 milh\u00f5es n\u00e3o tinham m\u00e9dico de fam\u00edlia, evidenciando dificuldades de acesso ao SNS que se mant\u00eam desde 2019.<\/p>\n<h3>Utentes sem m\u00e9dico de fam\u00edlia e evolu\u00e7\u00e3o<\/h3>\n<p>Entre 2016 e 2026, o total de pessoas com m\u00e9dico de fam\u00edlia cresceu, passando de 9,011 milh\u00f5es para 9,154 milh\u00f5es. O maior pico de inscritos com m\u00e9dico de fam\u00edlia ocorreu em setembro de 2019, com 9,6 milh\u00f5es, seguido de uma queda para 8,7 milh\u00f5es em agosto de 2024.<\/p>\n<p>No portal da transpar\u00eancia constam ainda 11,5 mil utentes que optam por n\u00e3o ter m\u00e9dico de fam\u00edlia. Em rela\u00e7\u00e3o \u00e0s mudan\u00e7as administrativas, o Governo atualizou as regras do Registo Nacional de Utentes (RNU) para gerir melhor as listas nos CSP.<\/p>\n<p>A ministra da Sa\u00fade reconheceu recentemente que a universaliza\u00e7\u00e3o n\u00e3o ser\u00e1 atingida at\u00e9 2027, admitindo que o ritmo de inscri\u00e7\u00f5es di\u00e1rias persiste. A Ordem dos M\u00e9dicos j\u00e1 alertou para o risco de exclus\u00e3o administrativa de utentes.<\/p>\n<h3>Crit\u00e9rios e impacto das novas regras<\/h3>\n<p>A Administra\u00e7\u00e3o Central do Sistema de Sa\u00fade explicou que as altera\u00e7\u00f5es visam assegurar que os m\u00e9dicos de fam\u00edlia acompanhem quem necessita de cuidados regulares, sem retirar acesso aos cuidados prim\u00e1rios. O despacho permite libertar vagas de utentes sem contacto h\u00e1 mais de cinco anos.<\/p>\n","protected":false},"excerpt":{"rendered":"<ul>\n<li>Utentes inscritos nos centros de sa\u00fade aumentaram cerca de 680 mil em dez anos, passando de 10.078.116 em fevereiro de 2016 para 10.758.431 no mesmo m\u00eas deste ano, um crescimento de 6,7%.<\/li>\n<li>Os 10,7 milh\u00f5es de utentes coincidem com a popula\u00e7\u00e3o residente em Portugal, incluindo as regi\u00f5es aut\u00f3nomas, segundo o Instituto Nacional de Estat\u00edstica (2024).<\/li>\n<li>Em fevereiro, 1.592.778 utentes n\u00e3o tinham m\u00e9dico de fam\u00edlia, uma dificuldade de acesso ao SNS que se tem agravado desde 2019, ano em que esse contingente atingiu o ponto mais baixo da \u00faltima d\u00e9cada.<\/li>\n<li>O n\u00famero de pessoas com m\u00e9dico de fam\u00edlia subiu de 9.011.114 em fevereiro de 2016 para 9.154.115 este ano, mais 143 mil; em setembro de 2019 houve 9,6 milh\u00f5es com m\u00e9dico de fam\u00edlia, valor que caiu at\u00e9 agosto de 2024 e tem vindo a recuperar desde ent\u00e3o.<\/li>\n<li>A ministra da Sa\u00fade reconheceu que o Governo n\u00e3o vai conseguir atribuir m\u00e9dico de fam\u00edlia a todos at\u00e9 2027, com a Ordem dos M\u00e9dicos a alertar para o risco de exclus\u00e3o administrativa; o despacho atualiza o Registo Nacional de Utentes e as regras de inscri\u00e7\u00e3o, mantendo que utentes sem contacto com o SNS h\u00e1 mais de cinco anos podem libertar a vaga sem perder acesso a cuidados prim\u00e1rios.<\/li>\n<\/ul>\n","protected":false},"author":2,"featured_media":429358,"comment_status":"closed","ping_status":"closed","sticky":false,"template":"","format":"standard","meta":{"footnotes":""},"categories":[7371,6745],"tags":[168,2654,34,1014,172,271],"class_list":["post-429357","post","type-post","status-publish","format-standard","has-post-thumbnail","hentry","category-medicina","category-saude","tag-administracao-publica","tag-cuidados-de-saude-primarios","tag-governo","tag-portugal","tag-saude","tag-saude-publica"],"yoast_head":"<!-- This site is optimized with the Yoast SEO plugin v27.2 - https:\/\/yoast.com\/product\/yoast-seo-wordpress\/ -->\n<title>Utentes inscritos nos centros de sa\u00fade sobem 680 mil em dez anos - Portal Tela Portugal<\/title>\n<meta name=\"robots\" content=\"index, follow, max-snippet:-1, max-image-preview:large, max-video-preview:-1\" \/>\n<meta property=\"og:locale\" content=\"pt_PT\" \/>\n<meta property=\"og:type\" content=\"article\" \/>\n<meta property=\"og:title\" content=\"Utentes inscritos nos centros de sa\u00fade sobem 680 mil em dez anos - Portal Tela Portugal\" \/>\n<meta property=\"og:description\" content=\"Utentes inscritos nos centros de sa\u00fade aumentaram cerca de 680 mil em dez anos, passando de 10.078.116 em fevereiro de 2016 para 10.758.431 no mesmo m\u00eas deste ano, um crescimento de 6,7%. Os 10,7 milh\u00f5es de utentes coincidem com a popula\u00e7\u00e3o residente em Portugal, incluindo as regi\u00f5es aut\u00f3nomas, segundo o Instituto Nacional de Estat\u00edstica (2024). Em fevereiro, 1.592.778 utentes n\u00e3o tinham m\u00e9dico de fam\u00edlia, uma dificuldade de acesso ao SNS que se tem agravado desde 2019, ano em que esse contingente atingiu o ponto mais baixo da \u00faltima d\u00e9cada. O n\u00famero de pessoas com m\u00e9dico de fam\u00edlia subiu de 9.011.114 em fevereiro de 2016 para 9.154.115 este ano, mais 143 mil; em setembro de 2019 houve 9,6 milh\u00f5es com m\u00e9dico de fam\u00edlia, valor que caiu at\u00e9 agosto de 2024 e tem vindo a recuperar desde ent\u00e3o. A ministra da Sa\u00fade reconheceu que o Governo n\u00e3o vai conseguir atribuir m\u00e9dico de fam\u00edlia a todos at\u00e9 2027, com a Ordem dos M\u00e9dicos a alertar para o risco de exclus\u00e3o administrativa; o despacho atualiza o Registo Nacional de Utentes e as regras de inscri\u00e7\u00e3o, mantendo que utentes sem contacto com o SNS h\u00e1 mais de cinco anos podem libertar a vaga sem perder acesso a cuidados prim\u00e1rios.\" \/>\n<meta property=\"og:url\" content=\"https:\/\/portaltela.pt\/noticias\/2026\/04\/01\/utentes-inscritos-nos-centros-de-saude-sobem-680-mil-em-dez-anos\/\" \/>\n<meta property=\"og:site_name\" content=\"Portal Tela Portugal\" \/>\n<meta property=\"article:published_time\" content=\"2026-04-01T15:02:35+00:00\" \/>\n<meta name=\"author\" content=\"Telinha\" \/>\n<meta name=\"twitter:card\" content=\"summary_large_image\" \/>\n<meta name=\"twitter:label1\" content=\"Escrito por\" \/>\n\t<meta name=\"twitter:data1\" content=\"Telinha\" \/>\n\t<meta name=\"twitter:label2\" content=\"Tempo estimado de leitura\" \/>\n\t<meta name=\"twitter:data2\" content=\"2 minutos\" \/>\n<script type=\"application\/ld+json\" class=\"yoast-schema-graph\">{\"@context\":\"https:\/\/schema.org\",\"@graph\":[{\"@type\":\"Article\",\"@id\":\"https:\/\/portaltela.pt\/noticias\/2026\/04\/01\/utentes-inscritos-nos-centros-de-saude-sobem-680-mil-em-dez-anos\/#article\",\"isPartOf\":{\"@id\":\"https:\/\/portaltela.pt\/noticias\/2026\/04\/01\/utentes-inscritos-nos-centros-de-saude-sobem-680-mil-em-dez-anos\/\"},\"author\":{\"name\":\"Telinha\",\"@id\":\"https:\/\/portaltela.pt\/#\/schema\/person\/c4278d4a6028830caff9ee44b42d32ed\"},\"headline\":\"Utentes inscritos nos centros de sa\u00fade sobem 680 mil em dez anos\",\"datePublished\":\"2026-04-01T15:02:35+00:00\",\"mainEntityOfPage\":{\"@id\":\"https:\/\/portaltela.pt\/noticias\/2026\/04\/01\/utentes-inscritos-nos-centros-de-saude-sobem-680-mil-em-dez-anos\/\"},\"wordCount\":329,\"image\":{\"@id\":\"https:\/\/portaltela.pt\/noticias\/2026\/04\/01\/utentes-inscritos-nos-centros-de-saude-sobem-680-mil-em-dez-anos\/#primaryimage\"},\"thumbnailUrl\":\"https:\/\/portaltela.pt\/s.01k8rhncp4jt1\/2026\/04\/image-41.jpg\",\"keywords\":[\"administra\u00e7\u00e3o p\u00fablica\",\"Cuidados de Sa\u00fade Prim\u00e1rios\",\"governo\",\"Portugal\",\"sa\u00fade\",\"sa\u00fade p\u00fablica\"],\"articleSection\":[\"Medicina\",\"Sa\u00fade\"],\"inLanguage\":\"pt-PT\"},{\"@type\":\"WebPage\",\"@id\":\"https:\/\/portaltela.pt\/noticias\/2026\/04\/01\/utentes-inscritos-nos-centros-de-saude-sobem-680-mil-em-dez-anos\/\",\"url\":\"https:\/\/portaltela.pt\/noticias\/2026\/04\/01\/utentes-inscritos-nos-centros-de-saude-sobem-680-mil-em-dez-anos\/\",\"name\":\"Utentes inscritos nos centros de sa\u00fade sobem 680 mil em dez anos - Portal Tela Portugal\",\"isPartOf\":{\"@id\":\"https:\/\/portaltela.pt\/#website\"},\"primaryImageOfPage\":{\"@id\":\"https:\/\/portaltela.pt\/noticias\/2026\/04\/01\/utentes-inscritos-nos-centros-de-saude-sobem-680-mil-em-dez-anos\/#primaryimage\"},\"image\":{\"@id\":\"https:\/\/portaltela.pt\/noticias\/2026\/04\/01\/utentes-inscritos-nos-centros-de-saude-sobem-680-mil-em-dez-anos\/#primaryimage\"},\"thumbnailUrl\":\"https:\/\/portaltela.pt\/s.01k8rhncp4jt1\/2026\/04\/image-41.jpg\",\"datePublished\":\"2026-04-01T15:02:35+00:00\",\"author\":{\"@id\":\"https:\/\/portaltela.pt\/#\/schema\/person\/c4278d4a6028830caff9ee44b42d32ed\"},\"breadcrumb\":{\"@id\":\"https:\/\/portaltela.pt\/noticias\/2026\/04\/01\/utentes-inscritos-nos-centros-de-saude-sobem-680-mil-em-dez-anos\/#breadcrumb\"},\"inLanguage\":\"pt-PT\",\"potentialAction\":[{\"@type\":\"ReadAction\",\"target\":[\"https:\/\/portaltela.pt\/noticias\/2026\/04\/01\/utentes-inscritos-nos-centros-de-saude-sobem-680-mil-em-dez-anos\/\"]}]},{\"@type\":\"ImageObject\",\"inLanguage\":\"pt-PT\",\"@id\":\"https:\/\/portaltela.pt\/noticias\/2026\/04\/01\/utentes-inscritos-nos-centros-de-saude-sobem-680-mil-em-dez-anos\/#primaryimage\",\"url\":\"https:\/\/portaltela.pt\/s.01k8rhncp4jt1\/2026\/04\/image-41.jpg\",\"contentUrl\":\"https:\/\/portaltela.pt\/s.01k8rhncp4jt1\/2026\/04\/image-41.jpg\",\"width\":796,\"height\":448,\"caption\":\"Em fevereiro, 1.592.778 de utentes inscritos n\u00e3o tinham m\u00e9dico de fam\u00edlia\"},{\"@type\":\"BreadcrumbList\",\"@id\":\"https:\/\/portaltela.pt\/noticias\/2026\/04\/01\/utentes-inscritos-nos-centros-de-saude-sobem-680-mil-em-dez-anos\/#breadcrumb\",\"itemListElement\":[{\"@type\":\"ListItem\",\"position\":1,\"name\":\"In\u00edcio\",\"item\":\"https:\/\/portaltela.pt\/\"},{\"@type\":\"ListItem\",\"position\":2,\"name\":\"Utentes inscritos nos centros de sa\u00fade sobem 680 mil em dez anos\"}]},{\"@type\":\"WebSite\",\"@id\":\"https:\/\/portaltela.pt\/#website\",\"url\":\"https:\/\/portaltela.pt\/\",\"name\":\"Portal Tela Portugal\",\"description\":\"\",\"potentialAction\":[{\"@type\":\"SearchAction\",\"target\":{\"@type\":\"EntryPoint\",\"urlTemplate\":\"https:\/\/portaltela.pt\/?s={search_term_string}\"},\"query-input\":{\"@type\":\"PropertyValueSpecification\",\"valueRequired\":true,\"valueName\":\"search_term_string\"}}],\"inLanguage\":\"pt-PT\"},{\"@type\":\"Person\",\"@id\":\"https:\/\/portaltela.pt\/#\/schema\/person\/c4278d4a6028830caff9ee44b42d32ed\",\"name\":\"Telinha\",\"image\":{\"@type\":\"ImageObject\",\"inLanguage\":\"pt-PT\",\"@id\":\"https:\/\/portaltela.pt\/s.01k8rhncp4jt1\/2025\/11\/talking-bot-125x125.png\",\"url\":\"https:\/\/portaltela.pt\/s.01k8rhncp4jt1\/2025\/11\/talking-bot-125x125.png\",\"contentUrl\":\"https:\/\/portaltela.pt\/s.01k8rhncp4jt1\/2025\/11\/talking-bot-125x125.png\",\"caption\":\"Telinha\"},\"sameAs\":[\"https:\/\/portaltela.pt\/\"],\"url\":\"https:\/\/portaltela.pt\/por\/367410592786\/\"}]}<\/script>\n<!-- \/ Yoast SEO plugin. -->","yoast_head_json":{"title":"Utentes inscritos nos centros de sa\u00fade sobem 680 mil em dez anos - Portal Tela Portugal","robots":{"index":"index","follow":"follow","max-snippet":"max-snippet:-1","max-image-preview":"max-image-preview:large","max-video-preview":"max-video-preview:-1"},"og_locale":"pt_PT","og_type":"article","og_title":"Utentes inscritos nos centros de sa\u00fade sobem 680 mil em dez anos - Portal Tela Portugal","og_description":"Utentes inscritos nos centros de sa\u00fade aumentaram cerca de 680 mil em dez anos, passando de 10.078.116 em fevereiro de 2016 para 10.758.431 no mesmo m\u00eas deste ano, um crescimento de 6,7%. Os 10,7 milh\u00f5es de utentes coincidem com a popula\u00e7\u00e3o residente em Portugal, incluindo as regi\u00f5es aut\u00f3nomas, segundo o Instituto Nacional de Estat\u00edstica (2024). Em fevereiro, 1.592.778 utentes n\u00e3o tinham m\u00e9dico de fam\u00edlia, uma dificuldade de acesso ao SNS que se tem agravado desde 2019, ano em que esse contingente atingiu o ponto mais baixo da \u00faltima d\u00e9cada. O n\u00famero de pessoas com m\u00e9dico de fam\u00edlia subiu de 9.011.114 em fevereiro de 2016 para 9.154.115 este ano, mais 143 mil; em setembro de 2019 houve 9,6 milh\u00f5es com m\u00e9dico de fam\u00edlia, valor que caiu at\u00e9 agosto de 2024 e tem vindo a recuperar desde ent\u00e3o. A ministra da Sa\u00fade reconheceu que o Governo n\u00e3o vai conseguir atribuir m\u00e9dico de fam\u00edlia a todos at\u00e9 2027, com a Ordem dos M\u00e9dicos a alertar para o risco de exclus\u00e3o administrativa; o despacho atualiza o Registo Nacional de Utentes e as regras de inscri\u00e7\u00e3o, mantendo que utentes sem contacto com o SNS h\u00e1 mais de cinco anos podem libertar a vaga sem perder acesso a cuidados prim\u00e1rios.","og_url":"https:\/\/portaltela.pt\/noticias\/2026\/04\/01\/utentes-inscritos-nos-centros-de-saude-sobem-680-mil-em-dez-anos\/","og_site_name":"Portal Tela Portugal","article_published_time":"2026-04-01T15:02:35+00:00","author":"Telinha","twitter_card":"summary_large_image","twitter_misc":{"Escrito por":"Telinha","Tempo estimado de leitura":"2 minutos"},"schema":{"@context":"https:\/\/schema.org","@graph":[{"@type":"Article","@id":"https:\/\/portaltela.pt\/noticias\/2026\/04\/01\/utentes-inscritos-nos-centros-de-saude-sobem-680-mil-em-dez-anos\/#article","isPartOf":{"@id":"https:\/\/portaltela.pt\/noticias\/2026\/04\/01\/utentes-inscritos-nos-centros-de-saude-sobem-680-mil-em-dez-anos\/"},"author":{"name":"Telinha","@id":"https:\/\/portaltela.pt\/#\/schema\/person\/c4278d4a6028830caff9ee44b42d32ed"},"headline":"Utentes inscritos nos centros de sa\u00fade sobem 680 mil em dez anos","datePublished":"2026-04-01T15:02:35+00:00","mainEntityOfPage":{"@id":"https:\/\/portaltela.pt\/noticias\/2026\/04\/01\/utentes-inscritos-nos-centros-de-saude-sobem-680-mil-em-dez-anos\/"},"wordCount":329,"image":{"@id":"https:\/\/portaltela.pt\/noticias\/2026\/04\/01\/utentes-inscritos-nos-centros-de-saude-sobem-680-mil-em-dez-anos\/#primaryimage"},"thumbnailUrl":"https:\/\/portaltela.pt\/s.01k8rhncp4jt1\/2026\/04\/image-41.jpg","keywords":["administra\u00e7\u00e3o p\u00fablica","Cuidados de Sa\u00fade Prim\u00e1rios","governo","Portugal","sa\u00fade","sa\u00fade p\u00fablica"],"articleSection":["Medicina","Sa\u00fade"],"inLanguage":"pt-PT"},{"@type":"WebPage","@id":"https:\/\/portaltela.pt\/noticias\/2026\/04\/01\/utentes-inscritos-nos-centros-de-saude-sobem-680-mil-em-dez-anos\/","url":"https:\/\/portaltela.pt\/noticias\/2026\/04\/01\/utentes-inscritos-nos-centros-de-saude-sobem-680-mil-em-dez-anos\/","name":"Utentes inscritos nos centros de sa\u00fade sobem 680 mil em dez anos - Portal Tela Portugal","isPartOf":{"@id":"https:\/\/portaltela.pt\/#website"},"primaryImageOfPage":{"@id":"https:\/\/portaltela.pt\/noticias\/2026\/04\/01\/utentes-inscritos-nos-centros-de-saude-sobem-680-mil-em-dez-anos\/#primaryimage"},"image":{"@id":"https:\/\/portaltela.pt\/noticias\/2026\/04\/01\/utentes-inscritos-nos-centros-de-saude-sobem-680-mil-em-dez-anos\/#primaryimage"},"thumbnailUrl":"https:\/\/portaltela.pt\/s.01k8rhncp4jt1\/2026\/04\/image-41.jpg","datePublished":"2026-04-01T15:02:35+00:00","author":{"@id":"https:\/\/portaltela.pt\/#\/schema\/person\/c4278d4a6028830caff9ee44b42d32ed"},"breadcrumb":{"@id":"https:\/\/portaltela.pt\/noticias\/2026\/04\/01\/utentes-inscritos-nos-centros-de-saude-sobem-680-mil-em-dez-anos\/#breadcrumb"},"inLanguage":"pt-PT","potentialAction":[{"@type":"ReadAction","target":["https:\/\/portaltela.pt\/noticias\/2026\/04\/01\/utentes-inscritos-nos-centros-de-saude-sobem-680-mil-em-dez-anos\/"]}]},{"@type":"ImageObject","inLanguage":"pt-PT","@id":"https:\/\/portaltela.pt\/noticias\/2026\/04\/01\/utentes-inscritos-nos-centros-de-saude-sobem-680-mil-em-dez-anos\/#primaryimage","url":"https:\/\/portaltela.pt\/s.01k8rhncp4jt1\/2026\/04\/image-41.jpg","contentUrl":"https:\/\/portaltela.pt\/s.01k8rhncp4jt1\/2026\/04\/image-41.jpg","width":796,"height":448,"caption":"Em fevereiro, 1.592.778 de utentes inscritos n\u00e3o tinham m\u00e9dico de fam\u00edlia"},{"@type":"BreadcrumbList","@id":"https:\/\/portaltela.pt\/noticias\/2026\/04\/01\/utentes-inscritos-nos-centros-de-saude-sobem-680-mil-em-dez-anos\/#breadcrumb","itemListElement":[{"@type":"ListItem","position":1,"name":"In\u00edcio","item":"https:\/\/portaltela.pt\/"},{"@type":"ListItem","position":2,"name":"Utentes inscritos nos centros de sa\u00fade sobem 680 mil em dez anos"}]},{"@type":"WebSite","@id":"https:\/\/portaltela.pt\/#website","url":"https:\/\/portaltela.pt\/","name":"Portal Tela Portugal","description":"","potentialAction":[{"@type":"SearchAction","target":{"@type":"EntryPoint","urlTemplate":"https:\/\/portaltela.pt\/?s={search_term_string}"},"query-input":{"@type":"PropertyValueSpecification","valueRequired":true,"valueName":"search_term_string"}}],"inLanguage":"pt-PT"},{"@type":"Person","@id":"https:\/\/portaltela.pt\/#\/schema\/person\/c4278d4a6028830caff9ee44b42d32ed","name":"Telinha","image":{"@type":"ImageObject","inLanguage":"pt-PT","@id":"https:\/\/portaltela.pt\/s.01k8rhncp4jt1\/2025\/11\/talking-bot-125x125.png","url":"https:\/\/portaltela.pt\/s.01k8rhncp4jt1\/2025\/11\/talking-bot-125x125.png","contentUrl":"https:\/\/portaltela.pt\/s.01k8rhncp4jt1\/2025\/11\/talking-bot-125x125.png","caption":"Telinha"},"sameAs":["https:\/\/portaltela.pt\/"],"url":"https:\/\/portaltela.pt\/por\/367410592786\/"}]}},"_links":{"self":[{"href":"https:\/\/portaltela.pt\/api\/wp\/v2\/posts\/429357","targetHints":{"allow":["GET"]}}],"collection":[{"href":"https:\/\/portaltela.pt\/api\/wp\/v2\/posts"}],"about":[{"href":"https:\/\/portaltela.pt\/api\/wp\/v2\/types\/post"}],"author":[{"embeddable":true,"href":"https:\/\/portaltela.pt\/api\/wp\/v2\/users\/2"}],"replies":[{"embeddable":true,"href":"https:\/\/portaltela.pt\/api\/wp\/v2\/comments?post=429357"}],"version-history":[{"count":0,"href":"https:\/\/portaltela.pt\/api\/wp\/v2\/posts\/429357\/revisions"}],"wp:featuredmedia":[{"embeddable":true,"href":"https:\/\/portaltela.pt\/api\/wp\/v2\/media\/429358"}],"wp:attachment":[{"href":"https:\/\/portaltela.pt\/api\/wp\/v2\/media?parent=429357"}],"wp:term":[{"taxonomy":"category","embeddable":true,"href":"https:\/\/portaltela.pt\/api\/wp\/v2\/categories?post=429357"},{"taxonomy":"post_tag","embeddable":true,"href":"https:\/\/portaltela.pt\/api\/wp\/v2\/tags?post=429357"}],"curies":[{"name":"wp","href":"https:\/\/api.w.org\/{rel}","templated":true}]}}