{"id":429344,"date":"2026-04-01T12:02:12","date_gmt":"2026-04-01T15:02:12","guid":{"rendered":"https:\/\/portaltela.pt\/noticias\/2026\/04\/01\/homem-detido-pela-psp-por-disturbios-e-comportamento-agressivo\/"},"modified":"2026-04-01T12:02:12","modified_gmt":"2026-04-01T15:02:12","slug":"homem-detido-pela-psp-por-disturbios-e-comportamento-agressivo","status":"publish","type":"post","link":"https:\/\/portaltela.pt\/policia\/2026\/04\/01\/homem-detido-pela-psp-por-disturbios-e-comportamento-agressivo\/","title":{"rendered":"Homem detido pela PSP por dist\u00farbios e comportamento agressivo"},"content":{"rendered":"<p>A PSP deteve um homem por dist\u00farbios e comportamento agressivo, ap\u00f3s relatos de que arrombou a porta de entrada do edif\u00edcio com pontap\u00e9s. O incidente ocorreu no dia 1 de abril de 2026, \u00e0s 15:54, em local n\u00e3o especificado pela autoridade.<\/p>\n<p>Segundo os agentes presentes, a a\u00e7\u00e3o ocorreu dentro de um edif\u00edcio onde houve o arrombamento. N\u00e3o foram divulgados detalhes sobre a identidade do suspeito ou outras eventuais v\u00edtimas ou danos.<\/p>\n<p>A ocorr\u00eancia est\u00e1 a ser apresentada pelas autoridades como uma resposta a dist\u00farbios p\u00fablicos. A PSP confirmou a deten\u00e7\u00e3o e aguarda avalia\u00e7\u00e3o complementar para determinar responsabilidades adicionais no incidente.<\/p>\n","protected":false},"excerpt":{"rendered":"<ul>\n<li>A PSP deteve um homem por dist\u00farbios e comportamento agressivo.<\/li>\n<li>Aos agentes no local, foi relatado que o suspeito teria arrombado a porta de entrada do edif\u00edcio com pontap\u00e9s.<\/li>\n<li>O d\u00e9lai foi reportado a 1 de abril de 2026, \u00e0s 15:54.<\/li>\n<\/ul>\n","protected":false},"author":2,"featured_media":429348,"comment_status":"closed","ping_status":"closed","sticky":false,"template":"","format":"standard","meta":{"footnotes":""},"categories":[6781],"tags":[2754,4994,6244,3131,1381,250],"class_list":["post-429344","post","type-post","status-publish","format-standard","has-post-thumbnail","hentry","category-policia","tag-agressao","tag-arrombamento","tag-detidos","tag-disturbios","tag-psp","tag-seguranca-publica"],"yoast_head":"<!-- This site is optimized with the Yoast SEO plugin v27.2 - https:\/\/yoast.com\/product\/yoast-seo-wordpress\/ -->\n<title>Homem detido pela PSP por dist\u00farbios e comportamento agressivo - Portal Tela Portugal<\/title>\n<meta name=\"robots\" content=\"index, follow, max-snippet:-1, max-image-preview:large, max-video-preview:-1\" \/>\n<meta property=\"og:locale\" content=\"pt_PT\" \/>\n<meta property=\"og:type\" content=\"article\" \/>\n<meta property=\"og:title\" content=\"Homem detido pela PSP por dist\u00farbios e comportamento agressivo - Portal Tela Portugal\" \/>\n<meta property=\"og:description\" content=\"A PSP deteve um homem por dist\u00farbios e comportamento agressivo. Aos agentes no local, foi relatado que o suspeito teria arrombado a porta de entrada do edif\u00edcio com pontap\u00e9s. O d\u00e9lai foi reportado a 1 de abril de 2026, \u00e0s 15:54.\" \/>\n<meta property=\"og:url\" content=\"https:\/\/portaltela.pt\/noticias\/2026\/04\/01\/homem-detido-pela-psp-por-disturbios-e-comportamento-agressivo\/\" \/>\n<meta property=\"og:site_name\" content=\"Portal Tela Portugal\" \/>\n<meta property=\"article:published_time\" content=\"2026-04-01T15:02:12+00:00\" \/>\n<meta name=\"author\" content=\"Telinha\" \/>\n<meta name=\"twitter:card\" content=\"summary_large_image\" \/>\n<meta name=\"twitter:label1\" content=\"Escrito por\" \/>\n\t<meta name=\"twitter:data1\" content=\"Telinha\" \/>\n\t<meta name=\"twitter:label2\" content=\"Tempo estimado de leitura\" \/>\n\t<meta name=\"twitter:data2\" content=\"1 minuto\" \/>\n<script type=\"application\/ld+json\" class=\"yoast-schema-graph\">{\"@context\":\"https:\/\/schema.org\",\"@graph\":[{\"@type\":\"Article\",\"@id\":\"https:\/\/portaltela.pt\/noticias\/2026\/04\/01\/homem-detido-pela-psp-por-disturbios-e-comportamento-agressivo\/#article\",\"isPartOf\":{\"@id\":\"https:\/\/portaltela.pt\/noticias\/2026\/04\/01\/homem-detido-pela-psp-por-disturbios-e-comportamento-agressivo\/\"},\"author\":{\"name\":\"Telinha\",\"@id\":\"https:\/\/portaltela.pt\/#\/schema\/person\/c4278d4a6028830caff9ee44b42d32ed\"},\"headline\":\"Homem detido pela PSP por dist\u00farbios e comportamento agressivo\",\"datePublished\":\"2026-04-01T15:02:12+00:00\",\"mainEntityOfPage\":{\"@id\":\"https:\/\/portaltela.pt\/noticias\/2026\/04\/01\/homem-detido-pela-psp-por-disturbios-e-comportamento-agressivo\/\"},\"wordCount\":121,\"image\":{\"@id\":\"https:\/\/portaltela.pt\/noticias\/2026\/04\/01\/homem-detido-pela-psp-por-disturbios-e-comportamento-agressivo\/#primaryimage\"},\"thumbnailUrl\":\"https:\/\/portaltela.pt\/s.01k8rhncp4jt1\/2026\/04\/img_1280x722uu2025-12-29-13-10-40-2256965-im-639047796689104100.jpg\",\"keywords\":[\"agress\u00e3o\",\"arrombamento\",\"detidos\",\"dist\u00farbios\",\"PSP\",\"seguran\u00e7a p\u00fablica\"],\"articleSection\":[\"Pol\u00edcia\"],\"inLanguage\":\"pt-PT\"},{\"@type\":\"WebPage\",\"@id\":\"https:\/\/portaltela.pt\/noticias\/2026\/04\/01\/homem-detido-pela-psp-por-disturbios-e-comportamento-agressivo\/\",\"url\":\"https:\/\/portaltela.pt\/noticias\/2026\/04\/01\/homem-detido-pela-psp-por-disturbios-e-comportamento-agressivo\/\",\"name\":\"Homem detido pela PSP por dist\u00farbios e comportamento agressivo - Portal Tela Portugal\",\"isPartOf\":{\"@id\":\"https:\/\/portaltela.pt\/#website\"},\"primaryImageOfPage\":{\"@id\":\"https:\/\/portaltela.pt\/noticias\/2026\/04\/01\/homem-detido-pela-psp-por-disturbios-e-comportamento-agressivo\/#primaryimage\"},\"image\":{\"@id\":\"https:\/\/portaltela.pt\/noticias\/2026\/04\/01\/homem-detido-pela-psp-por-disturbios-e-comportamento-agressivo\/#primaryimage\"},\"thumbnailUrl\":\"https:\/\/portaltela.pt\/s.01k8rhncp4jt1\/2026\/04\/img_1280x722uu2025-12-29-13-10-40-2256965-im-639047796689104100.jpg\",\"datePublished\":\"2026-04-01T15:02:12+00:00\",\"author\":{\"@id\":\"https:\/\/portaltela.pt\/#\/schema\/person\/c4278d4a6028830caff9ee44b42d32ed\"},\"breadcrumb\":{\"@id\":\"https:\/\/portaltela.pt\/noticias\/2026\/04\/01\/homem-detido-pela-psp-por-disturbios-e-comportamento-agressivo\/#breadcrumb\"},\"inLanguage\":\"pt-PT\",\"potentialAction\":[{\"@type\":\"ReadAction\",\"target\":[\"https:\/\/portaltela.pt\/noticias\/2026\/04\/01\/homem-detido-pela-psp-por-disturbios-e-comportamento-agressivo\/\"]}]},{\"@type\":\"ImageObject\",\"inLanguage\":\"pt-PT\",\"@id\":\"https:\/\/portaltela.pt\/noticias\/2026\/04\/01\/homem-detido-pela-psp-por-disturbios-e-comportamento-agressivo\/#primaryimage\",\"url\":\"https:\/\/portaltela.pt\/s.01k8rhncp4jt1\/2026\/04\/img_1280x722uu2025-12-29-13-10-40-2256965-im-639047796689104100.jpg\",\"contentUrl\":\"https:\/\/portaltela.pt\/s.01k8rhncp4jt1\/2026\/04\/img_1280x722uu2025-12-29-13-10-40-2256965-im-639047796689104100.jpg\",\"width\":796,\"height\":448,\"caption\":\"Photo\"},{\"@type\":\"BreadcrumbList\",\"@id\":\"https:\/\/portaltela.pt\/noticias\/2026\/04\/01\/homem-detido-pela-psp-por-disturbios-e-comportamento-agressivo\/#breadcrumb\",\"itemListElement\":[{\"@type\":\"ListItem\",\"position\":1,\"name\":\"In\u00edcio\",\"item\":\"https:\/\/portaltela.pt\/\"},{\"@type\":\"ListItem\",\"position\":2,\"name\":\"Homem detido pela PSP por dist\u00farbios e comportamento agressivo\"}]},{\"@type\":\"WebSite\",\"@id\":\"https:\/\/portaltela.pt\/#website\",\"url\":\"https:\/\/portaltela.pt\/\",\"name\":\"Portal Tela Portugal\",\"description\":\"\",\"potentialAction\":[{\"@type\":\"SearchAction\",\"target\":{\"@type\":\"EntryPoint\",\"urlTemplate\":\"https:\/\/portaltela.pt\/?s={search_term_string}\"},\"query-input\":{\"@type\":\"PropertyValueSpecification\",\"valueRequired\":true,\"valueName\":\"search_term_string\"}}],\"inLanguage\":\"pt-PT\"},{\"@type\":\"Person\",\"@id\":\"https:\/\/portaltela.pt\/#\/schema\/person\/c4278d4a6028830caff9ee44b42d32ed\",\"name\":\"Telinha\",\"image\":{\"@type\":\"ImageObject\",\"inLanguage\":\"pt-PT\",\"@id\":\"https:\/\/portaltela.pt\/s.01k8rhncp4jt1\/2025\/11\/talking-bot-125x125.png\",\"url\":\"https:\/\/portaltela.pt\/s.01k8rhncp4jt1\/2025\/11\/talking-bot-125x125.png\",\"contentUrl\":\"https:\/\/portaltela.pt\/s.01k8rhncp4jt1\/2025\/11\/talking-bot-125x125.png\",\"caption\":\"Telinha\"},\"sameAs\":[\"https:\/\/portaltela.pt\/\"],\"url\":\"https:\/\/portaltela.pt\/por\/367410592786\/\"}]}<\/script>\n<!-- \/ Yoast SEO plugin. -->","yoast_head_json":{"title":"Homem detido pela PSP por dist\u00farbios e comportamento agressivo - Portal Tela Portugal","robots":{"index":"index","follow":"follow","max-snippet":"max-snippet:-1","max-image-preview":"max-image-preview:large","max-video-preview":"max-video-preview:-1"},"og_locale":"pt_PT","og_type":"article","og_title":"Homem detido pela PSP por dist\u00farbios e comportamento agressivo - Portal Tela Portugal","og_description":"A PSP deteve um homem por dist\u00farbios e comportamento agressivo. Aos agentes no local, foi relatado que o suspeito teria arrombado a porta de entrada do edif\u00edcio com pontap\u00e9s. O d\u00e9lai foi reportado a 1 de abril de 2026, \u00e0s 15:54.","og_url":"https:\/\/portaltela.pt\/noticias\/2026\/04\/01\/homem-detido-pela-psp-por-disturbios-e-comportamento-agressivo\/","og_site_name":"Portal Tela Portugal","article_published_time":"2026-04-01T15:02:12+00:00","author":"Telinha","twitter_card":"summary_large_image","twitter_misc":{"Escrito por":"Telinha","Tempo estimado de leitura":"1 minuto"},"schema":{"@context":"https:\/\/schema.org","@graph":[{"@type":"Article","@id":"https:\/\/portaltela.pt\/noticias\/2026\/04\/01\/homem-detido-pela-psp-por-disturbios-e-comportamento-agressivo\/#article","isPartOf":{"@id":"https:\/\/portaltela.pt\/noticias\/2026\/04\/01\/homem-detido-pela-psp-por-disturbios-e-comportamento-agressivo\/"},"author":{"name":"Telinha","@id":"https:\/\/portaltela.pt\/#\/schema\/person\/c4278d4a6028830caff9ee44b42d32ed"},"headline":"Homem detido pela PSP por dist\u00farbios e comportamento agressivo","datePublished":"2026-04-01T15:02:12+00:00","mainEntityOfPage":{"@id":"https:\/\/portaltela.pt\/noticias\/2026\/04\/01\/homem-detido-pela-psp-por-disturbios-e-comportamento-agressivo\/"},"wordCount":121,"image":{"@id":"https:\/\/portaltela.pt\/noticias\/2026\/04\/01\/homem-detido-pela-psp-por-disturbios-e-comportamento-agressivo\/#primaryimage"},"thumbnailUrl":"https:\/\/portaltela.pt\/s.01k8rhncp4jt1\/2026\/04\/img_1280x722uu2025-12-29-13-10-40-2256965-im-639047796689104100.jpg","keywords":["agress\u00e3o","arrombamento","detidos","dist\u00farbios","PSP","seguran\u00e7a p\u00fablica"],"articleSection":["Pol\u00edcia"],"inLanguage":"pt-PT"},{"@type":"WebPage","@id":"https:\/\/portaltela.pt\/noticias\/2026\/04\/01\/homem-detido-pela-psp-por-disturbios-e-comportamento-agressivo\/","url":"https:\/\/portaltela.pt\/noticias\/2026\/04\/01\/homem-detido-pela-psp-por-disturbios-e-comportamento-agressivo\/","name":"Homem detido pela PSP por dist\u00farbios e comportamento agressivo - Portal Tela Portugal","isPartOf":{"@id":"https:\/\/portaltela.pt\/#website"},"primaryImageOfPage":{"@id":"https:\/\/portaltela.pt\/noticias\/2026\/04\/01\/homem-detido-pela-psp-por-disturbios-e-comportamento-agressivo\/#primaryimage"},"image":{"@id":"https:\/\/portaltela.pt\/noticias\/2026\/04\/01\/homem-detido-pela-psp-por-disturbios-e-comportamento-agressivo\/#primaryimage"},"thumbnailUrl":"https:\/\/portaltela.pt\/s.01k8rhncp4jt1\/2026\/04\/img_1280x722uu2025-12-29-13-10-40-2256965-im-639047796689104100.jpg","datePublished":"2026-04-01T15:02:12+00:00","author":{"@id":"https:\/\/portaltela.pt\/#\/schema\/person\/c4278d4a6028830caff9ee44b42d32ed"},"breadcrumb":{"@id":"https:\/\/portaltela.pt\/noticias\/2026\/04\/01\/homem-detido-pela-psp-por-disturbios-e-comportamento-agressivo\/#breadcrumb"},"inLanguage":"pt-PT","potentialAction":[{"@type":"ReadAction","target":["https:\/\/portaltela.pt\/noticias\/2026\/04\/01\/homem-detido-pela-psp-por-disturbios-e-comportamento-agressivo\/"]}]},{"@type":"ImageObject","inLanguage":"pt-PT","@id":"https:\/\/portaltela.pt\/noticias\/2026\/04\/01\/homem-detido-pela-psp-por-disturbios-e-comportamento-agressivo\/#primaryimage","url":"https:\/\/portaltela.pt\/s.01k8rhncp4jt1\/2026\/04\/img_1280x722uu2025-12-29-13-10-40-2256965-im-639047796689104100.jpg","contentUrl":"https:\/\/portaltela.pt\/s.01k8rhncp4jt1\/2026\/04\/img_1280x722uu2025-12-29-13-10-40-2256965-im-639047796689104100.jpg","width":796,"height":448,"caption":"Photo"},{"@type":"BreadcrumbList","@id":"https:\/\/portaltela.pt\/noticias\/2026\/04\/01\/homem-detido-pela-psp-por-disturbios-e-comportamento-agressivo\/#breadcrumb","itemListElement":[{"@type":"ListItem","position":1,"name":"In\u00edcio","item":"https:\/\/portaltela.pt\/"},{"@type":"ListItem","position":2,"name":"Homem detido pela PSP por dist\u00farbios e comportamento agressivo"}]},{"@type":"WebSite","@id":"https:\/\/portaltela.pt\/#website","url":"https:\/\/portaltela.pt\/","name":"Portal Tela Portugal","description":"","potentialAction":[{"@type":"SearchAction","target":{"@type":"EntryPoint","urlTemplate":"https:\/\/portaltela.pt\/?s={search_term_string}"},"query-input":{"@type":"PropertyValueSpecification","valueRequired":true,"valueName":"search_term_string"}}],"inLanguage":"pt-PT"},{"@type":"Person","@id":"https:\/\/portaltela.pt\/#\/schema\/person\/c4278d4a6028830caff9ee44b42d32ed","name":"Telinha","image":{"@type":"ImageObject","inLanguage":"pt-PT","@id":"https:\/\/portaltela.pt\/s.01k8rhncp4jt1\/2025\/11\/talking-bot-125x125.png","url":"https:\/\/portaltela.pt\/s.01k8rhncp4jt1\/2025\/11\/talking-bot-125x125.png","contentUrl":"https:\/\/portaltela.pt\/s.01k8rhncp4jt1\/2025\/11\/talking-bot-125x125.png","caption":"Telinha"},"sameAs":["https:\/\/portaltela.pt\/"],"url":"https:\/\/portaltela.pt\/por\/367410592786\/"}]}},"_links":{"self":[{"href":"https:\/\/portaltela.pt\/api\/wp\/v2\/posts\/429344","targetHints":{"allow":["GET"]}}],"collection":[{"href":"https:\/\/portaltela.pt\/api\/wp\/v2\/posts"}],"about":[{"href":"https:\/\/portaltela.pt\/api\/wp\/v2\/types\/post"}],"author":[{"embeddable":true,"href":"https:\/\/portaltela.pt\/api\/wp\/v2\/users\/2"}],"replies":[{"embeddable":true,"href":"https:\/\/portaltela.pt\/api\/wp\/v2\/comments?post=429344"}],"version-history":[{"count":0,"href":"https:\/\/portaltela.pt\/api\/wp\/v2\/posts\/429344\/revisions"}],"wp:featuredmedia":[{"embeddable":true,"href":"https:\/\/portaltela.pt\/api\/wp\/v2\/media\/429348"}],"wp:attachment":[{"href":"https:\/\/portaltela.pt\/api\/wp\/v2\/media?parent=429344"}],"wp:term":[{"taxonomy":"category","embeddable":true,"href":"https:\/\/portaltela.pt\/api\/wp\/v2\/categories?post=429344"},{"taxonomy":"post_tag","embeddable":true,"href":"https:\/\/portaltela.pt\/api\/wp\/v2\/tags?post=429344"}],"curies":[{"name":"wp","href":"https:\/\/api.w.org\/{rel}","templated":true}]}}