{"id":429339,"date":"2026-04-01T12:02:09","date_gmt":"2026-04-01T15:02:09","guid":{"rendered":"https:\/\/portaltela.pt\/noticias\/2026\/04\/01\/operacao-7-dias-com-os-media-volta-em-maio-para-direitos-humanos-no-digital\/"},"modified":"2026-04-01T12:02:09","modified_gmt":"2026-04-01T15:02:09","slug":"operacao-7-dias-com-os-media-volta-em-maio-para-direitos-humanos-no-digital","status":"publish","type":"post","link":"https:\/\/portaltela.pt\/tecnologia\/2026\/04\/01\/operacao-7-dias-com-os-media-volta-em-maio-para-direitos-humanos-no-digital\/","title":{"rendered":"Opera\u00e7\u00e3o &#8216;7 Dias com os Media&#8217; volta em maio para direitos humanos no digital"},"content":{"rendered":"<p>A 14\u00aa edi\u00e7\u00e3o da opera\u00e7\u00e3o 7 Dias com os Media, promovida pelo Grupo Informal sobre Literacia Medi\u00e1tica (GILM), volta em maio para debater os direitos humanos no ambiente digital. O tema proposto \u00e9 \u201cDireitos Humanos: em rede ou sem rede?\u201d, numa altura de forte peso das plataformas digitais no quotidiano.<\/p>\n<p>A escolha do tema decorreu de um consenso entre parceiros, segundo Bruna Afonso, representante da ERC no GILM. A ideia \u00e9 abrir espa\u00e7o ao debate e \u00e0 participa\u00e7\u00e3o, com o objetivo de dinamizar iniciativas que reflitam sobre o estado atual dos direitos humanos no meio online.<\/p>\n<p>A iniciativa decorre entre 03 e 09 de maio. A ERC pretende que a formula\u00e7\u00e3o em forma de pergunta incentive a participa\u00e7\u00e3o pluriforme e a reflex\u00e3o sobre o ponto em que se encontram os direitos humanos neste mundo digitalmente ligado.<\/p>\n<h3>Novidades deste ano<\/h3>\n<p>A opera\u00e7\u00e3o atua desde 2013 como ponto de encontro para projetos que promovem compet\u00eancias na rela\u00e7\u00e3o com os media, incluindo desinforma\u00e7\u00e3o, jornalismo, publicidade e funcionamento das plataformas. Um dos objetivos \u00e9 equilibrar oportunidades e riscos das redes digitais, como polariza\u00e7\u00e3o e vigil\u00e2ncia algor\u00edtmica.<\/p>\n<p>Bruna Afonso sublinha que o livro de estilos da literacia medi\u00e1tica encara o pensamento cr\u00edtico como prioridade, e que o investimento nesta \u00e1rea est\u00e1 alinhado com a liberdade de express\u00e3o e a participa\u00e7\u00e3o c\u00edvica. A respons\u00e1vel aponta ainda que o impacto total \u00e9 dif\u00edcil de medir, por depender de eventos n\u00e3o registados.<\/p>\n<p>Dados dispon\u00edveis indicam uma redu\u00e7\u00e3o no n\u00famero de iniciativas registadas, que passaram de 70-80 nos primeiros anos para 30-40 nas edi\u00e7\u00f5es recentes. No entanto, o alcance permanece significativo, com atividades que v\u00e3o de dezenas a centenas de participantes, especialmente em escolas.<\/p>\n<p>A ERC refor\u00e7a que a opera\u00e7\u00e3o n\u00e3o se resume a sensibiliza\u00e7\u00e3o: tamb\u00e9m h\u00e1 a\u00e7\u00f5es de capacita\u00e7\u00e3o e forma\u00e7\u00e3o. Em 2025, por exemplo, decorreram sess\u00f5es sobre Intelig\u00eancia Artificial dirigidas a profissionais de bibliotecas, com cerca de 100 participantes.<\/p>\n<p>Entre as novidades est\u00e1 a iniciativa Media Partners Escolares, que visa dar visibilidade a projetos de media desenvolvidos em escolas. A ideia \u00e9 promover uma l\u00f3gica de aprendizagem ao longo da vida, integrando v\u00e1rias possibilidades de forma\u00e7\u00e3o.<\/p>\n","protected":false},"excerpt":{"rendered":"<ul>\n<li>A 14\u00aa edi\u00e7\u00e3o da opera\u00e7\u00e3o &#8220;7 Dias com os Media&#8221; decorre entre 03 e 09 de maio e aborda direitos humanos no ambiente digital com o tema &#8220;Direitos Humanos: em rede ou sem rede?&#8221;.<\/li>\n<li>A iniciativa \u00e9 promovida pelo Grupo Informal sobre Literacia Medi\u00e1tica (GILM) e a escolha do tema resultou de consenso entre parceiros, por ter liga\u00e7\u00e3o \u00e0 atualidade e ao interesse p\u00fablico.<\/li>\n<li>Bruna Afonso, da Entidade Reguladora para a Comunica\u00e7\u00e3o Social (ERC), afirma que a formula\u00e7\u00e3o em forma de pergunta pretende abrir espa\u00e7o ao debate e \u00e0 participa\u00e7\u00e3o.<\/li>\n<li>O objetivo \u00e9 dinamizar, partilhar e registar iniciativas que reflitam sobre os direitos humanos num mundo digitalmente ligado, incluindo forma\u00e7\u00e3o e capacita\u00e7\u00e3o para enfrentar riscos como polariza\u00e7\u00e3o e vigil\u00e2ncia algor\u00edtmica.<\/li>\n<li>Uma das novidades \u00e9 a plataforma &#8220;Media Partners Escolares&#8221;, que visa valorizar projetos de media desenvolvidos em escolas, promovendo aprendizagem ao longo da vida; o esfor\u00e7o continua a enfrentar dificuldades de medir o impacto devido \u00e0 n\u00e3o registo de muitos eventos.<\/li>\n<\/ul>\n","protected":false},"author":2,"featured_media":429341,"comment_status":"closed","ping_status":"closed","sticky":false,"template":"","format":"standard","meta":{"footnotes":""},"categories":[6871,6716],"tags":[1469,2633,163,101,6992,2629],"class_list":["post-429339","post","type-post","status-publish","format-standard","has-post-thumbnail","hentry","category-sociedade","category-tecnologia","tag-desinformacao","tag-direitos-humanos","tag-educacao","tag-escolas","tag-literacia","tag-literacia-digital"],"yoast_head":"<!-- This site is optimized with the Yoast SEO plugin v27.2 - https:\/\/yoast.com\/product\/yoast-seo-wordpress\/ -->\n<title>Opera\u00e7\u00e3o &#039;7 Dias com os Media&#039; volta em maio para direitos humanos no digital - Portal Tela Portugal<\/title>\n<meta name=\"robots\" content=\"index, follow, max-snippet:-1, max-image-preview:large, max-video-preview:-1\" \/>\n<meta property=\"og:locale\" content=\"pt_PT\" \/>\n<meta property=\"og:type\" content=\"article\" \/>\n<meta property=\"og:title\" content=\"Opera\u00e7\u00e3o &#039;7 Dias com os Media&#039; volta em maio para direitos humanos no digital - Portal Tela Portugal\" \/>\n<meta property=\"og:description\" content=\"A 14\u00aa edi\u00e7\u00e3o da opera\u00e7\u00e3o &quot;7 Dias com os Media&quot; decorre entre 03 e 09 de maio e aborda direitos humanos no ambiente digital com o tema &quot;Direitos Humanos: em rede ou sem rede?&quot;. A iniciativa \u00e9 promovida pelo Grupo Informal sobre Literacia Medi\u00e1tica (GILM) e a escolha do tema resultou de consenso entre parceiros, por ter liga\u00e7\u00e3o \u00e0 atualidade e ao interesse p\u00fablico. Bruna Afonso, da Entidade Reguladora para a Comunica\u00e7\u00e3o Social (ERC), afirma que a formula\u00e7\u00e3o em forma de pergunta pretende abrir espa\u00e7o ao debate e \u00e0 participa\u00e7\u00e3o. O objetivo \u00e9 dinamizar, partilhar e registar iniciativas que reflitam sobre os direitos humanos num mundo digitalmente ligado, incluindo forma\u00e7\u00e3o e capacita\u00e7\u00e3o para enfrentar riscos como polariza\u00e7\u00e3o e vigil\u00e2ncia algor\u00edtmica. Uma das novidades \u00e9 a plataforma &quot;Media Partners Escolares&quot;, que visa valorizar projetos de media desenvolvidos em escolas, promovendo aprendizagem ao longo da vida; o esfor\u00e7o continua a enfrentar dificuldades de medir o impacto devido \u00e0 n\u00e3o registo de muitos eventos.\" \/>\n<meta property=\"og:url\" content=\"https:\/\/portaltela.pt\/noticias\/2026\/04\/01\/operacao-7-dias-com-os-media-volta-em-maio-para-direitos-humanos-no-digital\/\" \/>\n<meta property=\"og:site_name\" content=\"Portal Tela Portugal\" \/>\n<meta property=\"article:published_time\" content=\"2026-04-01T15:02:09+00:00\" \/>\n<meta name=\"author\" content=\"Telinha\" \/>\n<meta name=\"twitter:card\" content=\"summary_large_image\" \/>\n<meta name=\"twitter:label1\" content=\"Escrito por\" \/>\n\t<meta name=\"twitter:data1\" content=\"Telinha\" \/>\n\t<meta name=\"twitter:label2\" content=\"Tempo estimado de leitura\" \/>\n\t<meta name=\"twitter:data2\" content=\"2 minutos\" \/>\n<script type=\"application\/ld+json\" class=\"yoast-schema-graph\">{\"@context\":\"https:\/\/schema.org\",\"@graph\":[{\"@type\":\"Article\",\"@id\":\"https:\/\/portaltela.pt\/noticias\/2026\/04\/01\/operacao-7-dias-com-os-media-volta-em-maio-para-direitos-humanos-no-digital\/#article\",\"isPartOf\":{\"@id\":\"https:\/\/portaltela.pt\/noticias\/2026\/04\/01\/operacao-7-dias-com-os-media-volta-em-maio-para-direitos-humanos-no-digital\/\"},\"author\":{\"name\":\"Telinha\",\"@id\":\"https:\/\/portaltela.pt\/#\/schema\/person\/c4278d4a6028830caff9ee44b42d32ed\"},\"headline\":\"Opera\u00e7\u00e3o &#8216;7 Dias com os Media&#8217; volta em maio para direitos humanos no digital\",\"datePublished\":\"2026-04-01T15:02:09+00:00\",\"mainEntityOfPage\":{\"@id\":\"https:\/\/portaltela.pt\/noticias\/2026\/04\/01\/operacao-7-dias-com-os-media-volta-em-maio-para-direitos-humanos-no-digital\/\"},\"wordCount\":391,\"image\":{\"@id\":\"https:\/\/portaltela.pt\/noticias\/2026\/04\/01\/operacao-7-dias-com-os-media-volta-em-maio-para-direitos-humanos-no-digital\/#primaryimage\"},\"thumbnailUrl\":\"https:\/\/portaltela.pt\/s.01k8rhncp4jt1\/2026\/04\/img_1500x1000uu2026-01-26-10-50-43-2262597.jpg\",\"keywords\":[\"desinforma\u00e7\u00e3o\",\"direitos humanos\",\"educa\u00e7\u00e3o\",\"escolas\",\"literacia\",\"literacia digital\"],\"articleSection\":[\"Sociedade\",\"Tecnologia\"],\"inLanguage\":\"pt-PT\"},{\"@type\":\"WebPage\",\"@id\":\"https:\/\/portaltela.pt\/noticias\/2026\/04\/01\/operacao-7-dias-com-os-media-volta-em-maio-para-direitos-humanos-no-digital\/\",\"url\":\"https:\/\/portaltela.pt\/noticias\/2026\/04\/01\/operacao-7-dias-com-os-media-volta-em-maio-para-direitos-humanos-no-digital\/\",\"name\":\"Opera\u00e7\u00e3o '7 Dias com os Media' volta em maio para direitos humanos no digital - Portal Tela Portugal\",\"isPartOf\":{\"@id\":\"https:\/\/portaltela.pt\/#website\"},\"primaryImageOfPage\":{\"@id\":\"https:\/\/portaltela.pt\/noticias\/2026\/04\/01\/operacao-7-dias-com-os-media-volta-em-maio-para-direitos-humanos-no-digital\/#primaryimage\"},\"image\":{\"@id\":\"https:\/\/portaltela.pt\/noticias\/2026\/04\/01\/operacao-7-dias-com-os-media-volta-em-maio-para-direitos-humanos-no-digital\/#primaryimage\"},\"thumbnailUrl\":\"https:\/\/portaltela.pt\/s.01k8rhncp4jt1\/2026\/04\/img_1500x1000uu2026-01-26-10-50-43-2262597.jpg\",\"datePublished\":\"2026-04-01T15:02:09+00:00\",\"author\":{\"@id\":\"https:\/\/portaltela.pt\/#\/schema\/person\/c4278d4a6028830caff9ee44b42d32ed\"},\"breadcrumb\":{\"@id\":\"https:\/\/portaltela.pt\/noticias\/2026\/04\/01\/operacao-7-dias-com-os-media-volta-em-maio-para-direitos-humanos-no-digital\/#breadcrumb\"},\"inLanguage\":\"pt-PT\",\"potentialAction\":[{\"@type\":\"ReadAction\",\"target\":[\"https:\/\/portaltela.pt\/noticias\/2026\/04\/01\/operacao-7-dias-com-os-media-volta-em-maio-para-direitos-humanos-no-digital\/\"]}]},{\"@type\":\"ImageObject\",\"inLanguage\":\"pt-PT\",\"@id\":\"https:\/\/portaltela.pt\/noticias\/2026\/04\/01\/operacao-7-dias-com-os-media-volta-em-maio-para-direitos-humanos-no-digital\/#primaryimage\",\"url\":\"https:\/\/portaltela.pt\/s.01k8rhncp4jt1\/2026\/04\/img_1500x1000uu2026-01-26-10-50-43-2262597.jpg\",\"contentUrl\":\"https:\/\/portaltela.pt\/s.01k8rhncp4jt1\/2026\/04\/img_1500x1000uu2026-01-26-10-50-43-2262597.jpg\",\"width\":796,\"height\":448,\"caption\":\"Digital\"},{\"@type\":\"BreadcrumbList\",\"@id\":\"https:\/\/portaltela.pt\/noticias\/2026\/04\/01\/operacao-7-dias-com-os-media-volta-em-maio-para-direitos-humanos-no-digital\/#breadcrumb\",\"itemListElement\":[{\"@type\":\"ListItem\",\"position\":1,\"name\":\"In\u00edcio\",\"item\":\"https:\/\/portaltela.pt\/\"},{\"@type\":\"ListItem\",\"position\":2,\"name\":\"Opera\u00e7\u00e3o &#8216;7 Dias com os Media&#8217; volta em maio para direitos humanos no digital\"}]},{\"@type\":\"WebSite\",\"@id\":\"https:\/\/portaltela.pt\/#website\",\"url\":\"https:\/\/portaltela.pt\/\",\"name\":\"Portal Tela Portugal\",\"description\":\"\",\"potentialAction\":[{\"@type\":\"SearchAction\",\"target\":{\"@type\":\"EntryPoint\",\"urlTemplate\":\"https:\/\/portaltela.pt\/?s={search_term_string}\"},\"query-input\":{\"@type\":\"PropertyValueSpecification\",\"valueRequired\":true,\"valueName\":\"search_term_string\"}}],\"inLanguage\":\"pt-PT\"},{\"@type\":\"Person\",\"@id\":\"https:\/\/portaltela.pt\/#\/schema\/person\/c4278d4a6028830caff9ee44b42d32ed\",\"name\":\"Telinha\",\"image\":{\"@type\":\"ImageObject\",\"inLanguage\":\"pt-PT\",\"@id\":\"https:\/\/portaltela.pt\/s.01k8rhncp4jt1\/2025\/11\/talking-bot-125x125.png\",\"url\":\"https:\/\/portaltela.pt\/s.01k8rhncp4jt1\/2025\/11\/talking-bot-125x125.png\",\"contentUrl\":\"https:\/\/portaltela.pt\/s.01k8rhncp4jt1\/2025\/11\/talking-bot-125x125.png\",\"caption\":\"Telinha\"},\"sameAs\":[\"https:\/\/portaltela.pt\/\"],\"url\":\"https:\/\/portaltela.pt\/por\/367410592786\/\"}]}<\/script>\n<!-- \/ Yoast SEO plugin. -->","yoast_head_json":{"title":"Opera\u00e7\u00e3o '7 Dias com os Media' volta em maio para direitos humanos no digital - Portal Tela Portugal","robots":{"index":"index","follow":"follow","max-snippet":"max-snippet:-1","max-image-preview":"max-image-preview:large","max-video-preview":"max-video-preview:-1"},"og_locale":"pt_PT","og_type":"article","og_title":"Opera\u00e7\u00e3o '7 Dias com os Media' volta em maio para direitos humanos no digital - Portal Tela Portugal","og_description":"A 14\u00aa edi\u00e7\u00e3o da opera\u00e7\u00e3o \"7 Dias com os Media\" decorre entre 03 e 09 de maio e aborda direitos humanos no ambiente digital com o tema \"Direitos Humanos: em rede ou sem rede?\". A iniciativa \u00e9 promovida pelo Grupo Informal sobre Literacia Medi\u00e1tica (GILM) e a escolha do tema resultou de consenso entre parceiros, por ter liga\u00e7\u00e3o \u00e0 atualidade e ao interesse p\u00fablico. Bruna Afonso, da Entidade Reguladora para a Comunica\u00e7\u00e3o Social (ERC), afirma que a formula\u00e7\u00e3o em forma de pergunta pretende abrir espa\u00e7o ao debate e \u00e0 participa\u00e7\u00e3o. O objetivo \u00e9 dinamizar, partilhar e registar iniciativas que reflitam sobre os direitos humanos num mundo digitalmente ligado, incluindo forma\u00e7\u00e3o e capacita\u00e7\u00e3o para enfrentar riscos como polariza\u00e7\u00e3o e vigil\u00e2ncia algor\u00edtmica. Uma das novidades \u00e9 a plataforma \"Media Partners Escolares\", que visa valorizar projetos de media desenvolvidos em escolas, promovendo aprendizagem ao longo da vida; o esfor\u00e7o continua a enfrentar dificuldades de medir o impacto devido \u00e0 n\u00e3o registo de muitos eventos.","og_url":"https:\/\/portaltela.pt\/noticias\/2026\/04\/01\/operacao-7-dias-com-os-media-volta-em-maio-para-direitos-humanos-no-digital\/","og_site_name":"Portal Tela Portugal","article_published_time":"2026-04-01T15:02:09+00:00","author":"Telinha","twitter_card":"summary_large_image","twitter_misc":{"Escrito por":"Telinha","Tempo estimado de leitura":"2 minutos"},"schema":{"@context":"https:\/\/schema.org","@graph":[{"@type":"Article","@id":"https:\/\/portaltela.pt\/noticias\/2026\/04\/01\/operacao-7-dias-com-os-media-volta-em-maio-para-direitos-humanos-no-digital\/#article","isPartOf":{"@id":"https:\/\/portaltela.pt\/noticias\/2026\/04\/01\/operacao-7-dias-com-os-media-volta-em-maio-para-direitos-humanos-no-digital\/"},"author":{"name":"Telinha","@id":"https:\/\/portaltela.pt\/#\/schema\/person\/c4278d4a6028830caff9ee44b42d32ed"},"headline":"Opera\u00e7\u00e3o &#8216;7 Dias com os Media&#8217; volta em maio para direitos humanos no digital","datePublished":"2026-04-01T15:02:09+00:00","mainEntityOfPage":{"@id":"https:\/\/portaltela.pt\/noticias\/2026\/04\/01\/operacao-7-dias-com-os-media-volta-em-maio-para-direitos-humanos-no-digital\/"},"wordCount":391,"image":{"@id":"https:\/\/portaltela.pt\/noticias\/2026\/04\/01\/operacao-7-dias-com-os-media-volta-em-maio-para-direitos-humanos-no-digital\/#primaryimage"},"thumbnailUrl":"https:\/\/portaltela.pt\/s.01k8rhncp4jt1\/2026\/04\/img_1500x1000uu2026-01-26-10-50-43-2262597.jpg","keywords":["desinforma\u00e7\u00e3o","direitos humanos","educa\u00e7\u00e3o","escolas","literacia","literacia digital"],"articleSection":["Sociedade","Tecnologia"],"inLanguage":"pt-PT"},{"@type":"WebPage","@id":"https:\/\/portaltela.pt\/noticias\/2026\/04\/01\/operacao-7-dias-com-os-media-volta-em-maio-para-direitos-humanos-no-digital\/","url":"https:\/\/portaltela.pt\/noticias\/2026\/04\/01\/operacao-7-dias-com-os-media-volta-em-maio-para-direitos-humanos-no-digital\/","name":"Opera\u00e7\u00e3o '7 Dias com os Media' volta em maio para direitos humanos no digital - Portal Tela Portugal","isPartOf":{"@id":"https:\/\/portaltela.pt\/#website"},"primaryImageOfPage":{"@id":"https:\/\/portaltela.pt\/noticias\/2026\/04\/01\/operacao-7-dias-com-os-media-volta-em-maio-para-direitos-humanos-no-digital\/#primaryimage"},"image":{"@id":"https:\/\/portaltela.pt\/noticias\/2026\/04\/01\/operacao-7-dias-com-os-media-volta-em-maio-para-direitos-humanos-no-digital\/#primaryimage"},"thumbnailUrl":"https:\/\/portaltela.pt\/s.01k8rhncp4jt1\/2026\/04\/img_1500x1000uu2026-01-26-10-50-43-2262597.jpg","datePublished":"2026-04-01T15:02:09+00:00","author":{"@id":"https:\/\/portaltela.pt\/#\/schema\/person\/c4278d4a6028830caff9ee44b42d32ed"},"breadcrumb":{"@id":"https:\/\/portaltela.pt\/noticias\/2026\/04\/01\/operacao-7-dias-com-os-media-volta-em-maio-para-direitos-humanos-no-digital\/#breadcrumb"},"inLanguage":"pt-PT","potentialAction":[{"@type":"ReadAction","target":["https:\/\/portaltela.pt\/noticias\/2026\/04\/01\/operacao-7-dias-com-os-media-volta-em-maio-para-direitos-humanos-no-digital\/"]}]},{"@type":"ImageObject","inLanguage":"pt-PT","@id":"https:\/\/portaltela.pt\/noticias\/2026\/04\/01\/operacao-7-dias-com-os-media-volta-em-maio-para-direitos-humanos-no-digital\/#primaryimage","url":"https:\/\/portaltela.pt\/s.01k8rhncp4jt1\/2026\/04\/img_1500x1000uu2026-01-26-10-50-43-2262597.jpg","contentUrl":"https:\/\/portaltela.pt\/s.01k8rhncp4jt1\/2026\/04\/img_1500x1000uu2026-01-26-10-50-43-2262597.jpg","width":796,"height":448,"caption":"Digital"},{"@type":"BreadcrumbList","@id":"https:\/\/portaltela.pt\/noticias\/2026\/04\/01\/operacao-7-dias-com-os-media-volta-em-maio-para-direitos-humanos-no-digital\/#breadcrumb","itemListElement":[{"@type":"ListItem","position":1,"name":"In\u00edcio","item":"https:\/\/portaltela.pt\/"},{"@type":"ListItem","position":2,"name":"Opera\u00e7\u00e3o &#8216;7 Dias com os Media&#8217; volta em maio para direitos humanos no digital"}]},{"@type":"WebSite","@id":"https:\/\/portaltela.pt\/#website","url":"https:\/\/portaltela.pt\/","name":"Portal Tela Portugal","description":"","potentialAction":[{"@type":"SearchAction","target":{"@type":"EntryPoint","urlTemplate":"https:\/\/portaltela.pt\/?s={search_term_string}"},"query-input":{"@type":"PropertyValueSpecification","valueRequired":true,"valueName":"search_term_string"}}],"inLanguage":"pt-PT"},{"@type":"Person","@id":"https:\/\/portaltela.pt\/#\/schema\/person\/c4278d4a6028830caff9ee44b42d32ed","name":"Telinha","image":{"@type":"ImageObject","inLanguage":"pt-PT","@id":"https:\/\/portaltela.pt\/s.01k8rhncp4jt1\/2025\/11\/talking-bot-125x125.png","url":"https:\/\/portaltela.pt\/s.01k8rhncp4jt1\/2025\/11\/talking-bot-125x125.png","contentUrl":"https:\/\/portaltela.pt\/s.01k8rhncp4jt1\/2025\/11\/talking-bot-125x125.png","caption":"Telinha"},"sameAs":["https:\/\/portaltela.pt\/"],"url":"https:\/\/portaltela.pt\/por\/367410592786\/"}]}},"_links":{"self":[{"href":"https:\/\/portaltela.pt\/api\/wp\/v2\/posts\/429339","targetHints":{"allow":["GET"]}}],"collection":[{"href":"https:\/\/portaltela.pt\/api\/wp\/v2\/posts"}],"about":[{"href":"https:\/\/portaltela.pt\/api\/wp\/v2\/types\/post"}],"author":[{"embeddable":true,"href":"https:\/\/portaltela.pt\/api\/wp\/v2\/users\/2"}],"replies":[{"embeddable":true,"href":"https:\/\/portaltela.pt\/api\/wp\/v2\/comments?post=429339"}],"version-history":[{"count":0,"href":"https:\/\/portaltela.pt\/api\/wp\/v2\/posts\/429339\/revisions"}],"wp:featuredmedia":[{"embeddable":true,"href":"https:\/\/portaltela.pt\/api\/wp\/v2\/media\/429341"}],"wp:attachment":[{"href":"https:\/\/portaltela.pt\/api\/wp\/v2\/media?parent=429339"}],"wp:term":[{"taxonomy":"category","embeddable":true,"href":"https:\/\/portaltela.pt\/api\/wp\/v2\/categories?post=429339"},{"taxonomy":"post_tag","embeddable":true,"href":"https:\/\/portaltela.pt\/api\/wp\/v2\/tags?post=429339"}],"curies":[{"name":"wp","href":"https:\/\/api.w.org\/{rel}","templated":true}]}}