{"id":429334,"date":"2026-04-01T12:02:06","date_gmt":"2026-04-01T15:02:06","guid":{"rendered":"https:\/\/portaltela.pt\/noticias\/2026\/04\/01\/ministro-da-educacao-ve-menos-falta-de-docentes-mas-ha-excesso-de-professores\/"},"modified":"2026-04-01T12:02:06","modified_gmt":"2026-04-01T15:02:06","slug":"ministro-da-educacao-ve-menos-falta-de-docentes-mas-ha-excesso-de-professores","status":"publish","type":"post","link":"https:\/\/portaltela.pt\/sociedade\/2026\/04\/01\/ministro-da-educacao-ve-menos-falta-de-docentes-mas-ha-excesso-de-professores\/","title":{"rendered":"Ministro da Educa\u00e7\u00e3o v\u00ea menos falta de docentes, mas h\u00e1 excesso de professores"},"content":{"rendered":"<p>O ministro da Educa\u00e7\u00e3o, Fernando Alexandre, afirmou no Parlamento que h\u00e1 menos docentes em falta, mas existem ainda escolas com excesso de professores. A fala ocorreu nesta quarta-feira, em que voltou a questionar n\u00fameros que, segundo ele, sobrestimavam o n\u00famero de alunos sem aulas.<\/p>\n<p>No debate, o governante explicou que, a 26 de mar\u00e7o, havia 448 hor\u00e1rios por preencher nas escolas, menos da metade do que h\u00e1 dois meses. A redu\u00e7\u00e3o deve-se a medidas em curso, \u00e0 correc\u00e7\u00e3o de erros administrativos e a um maior rigor na informa\u00e7\u00e3o.<\/p>\n<p>Nova monitoriza\u00e7\u00e3o de necessidades<\/p>\n<p>Fernando Alexandre adiantou que est\u00e1 a ser criado um sistema de informa\u00e7\u00e3o capaz de identificar com rigor alunos sem aulas e escolas com excesso de docentes, algo que, afirma, tamb\u00e9m acontece em algumas escolas. O objetivo \u00e9 reduzir a aus\u00eancia de aulas.<\/p>\n<p>Dados de sindicatos sob escrut\u00ednio<\/p>\n<p>O ministro referiu que os dados de sindicatos e outras entidades cont\u00eam fragilidades e tendem a sobrestimar. Citou exemplos de par\u00e2metros repetidos, como hor\u00e1rios agregados que, na pr\u00e1tica, correspondiam a menos necessidades.<\/p>\n<p>Frente a uma pergunta do deputado Porf\u00edrio Silva sobre quando saber\u00e1 quantos alunos est\u00e3o sem professor, o ministro lembrou cr\u00edticas anteriores a rela\u00e7\u00e3o entre dados e imagem da escola p\u00fablica. Acrescentou que o novo sistema permitir\u00e1 identificar necessidades com maior rigor.<\/p>\n<p>Desempenhos e perspetivas<\/p>\n<p>Desde o in\u00edcio do mandato, o Governo diz ter recrutado mais de 10 mil novos professores para a escola p\u00fablica. Lan\u00e7aram-se dois concursos extraordin\u00e1rios que permitiram colocar mais de 3 mil docentes em v\u00e1rias regi\u00f5es, e criou-se um apoio \u00e0 desloca\u00e7\u00e3o para atrair profissionais para \u00e1reas carenciadas.<\/p>\n<p>O ministro afirmou ainda que os apoios \u00e0 desloca\u00e7\u00e3o beneficiaram j\u00e1 mais de 6700 docentes, refor\u00e7ando a aposta na forma\u00e7\u00e3o de novos professores para enfrentar as car\u00eancias regionais.<\/p>\n","protected":false},"excerpt":{"rendered":"<ul>\n<li>O ministro da Educa\u00e7\u00e3o, Fernando Alexandre, afirmou no Parlamento que, a 26 de mar\u00e7o, havia 448 hor\u00e1rios por preencher nas escolas, indicando uma redu\u00e7\u00e3o face a dois meses antes.<\/li>\n<li>A diminui\u00e7\u00e3o dos hor\u00e1rios em falta resulta de medidas em curso, da corre\u00e7\u00e3o de erros administrativos e de maior rigor na informa\u00e7\u00e3o sobre docentes em falta.<\/li>\n<li>O ministro prometeu apresentar um sistema que permita identificar com rigor alunos sem aulas e escolas com excesso de professores, destacando que tamb\u00e9m existem escolas com excesso de docentes.<\/li>\n<li>Alegou que dados divulgados por sindicatos e outras entidades t\u00eam fragilidades e podem superestimar o n\u00famero de alunos sem aulas, dando exemplos de hor\u00e1rios repetidos que, na pr\u00e1tica, correspondiam a menos necessidades.<\/li>\n<li>Relembrou que, desde o in\u00edcio do governo, entraram mais de dez mil novos professores na escola p\u00fablica, citando concursos extraordin\u00e1rios e apoio \u00e0 desloca\u00e7\u00e3o para regi\u00f5es carenciadas como medidas implementadas.<\/li>\n<\/ul>\n","protected":false},"author":2,"featured_media":429337,"comment_status":"closed","ping_status":"closed","sticky":false,"template":"","format":"standard","meta":{"footnotes":""},"categories":[7384,6871],"tags":[2219,163,2443,101,1290,97],"class_list":["post-429334","post","type-post","status-publish","format-standard","has-post-thumbnail","hentry","category-curiosidades","category-sociedade","tag-contratacoes","tag-educacao","tag-educacao-publica","tag-escolas","tag-formacao","tag-professores"],"yoast_head":"<!-- This site is optimized with the Yoast SEO plugin v27.2 - https:\/\/yoast.com\/product\/yoast-seo-wordpress\/ -->\n<title>Ministro da Educa\u00e7\u00e3o v\u00ea menos falta de docentes, mas h\u00e1 excesso de professores - Portal Tela Portugal<\/title>\n<meta name=\"robots\" content=\"index, follow, max-snippet:-1, max-image-preview:large, max-video-preview:-1\" \/>\n<meta property=\"og:locale\" content=\"pt_PT\" \/>\n<meta property=\"og:type\" content=\"article\" \/>\n<meta property=\"og:title\" content=\"Ministro da Educa\u00e7\u00e3o v\u00ea menos falta de docentes, mas h\u00e1 excesso de professores - Portal Tela Portugal\" \/>\n<meta property=\"og:description\" content=\"O ministro da Educa\u00e7\u00e3o, Fernando Alexandre, afirmou no Parlamento que, a 26 de mar\u00e7o, havia 448 hor\u00e1rios por preencher nas escolas, indicando uma redu\u00e7\u00e3o face a dois meses antes. A diminui\u00e7\u00e3o dos hor\u00e1rios em falta resulta de medidas em curso, da corre\u00e7\u00e3o de erros administrativos e de maior rigor na informa\u00e7\u00e3o sobre docentes em falta. O ministro prometeu apresentar um sistema que permita identificar com rigor alunos sem aulas e escolas com excesso de professores, destacando que tamb\u00e9m existem escolas com excesso de docentes. Alegou que dados divulgados por sindicatos e outras entidades t\u00eam fragilidades e podem superestimar o n\u00famero de alunos sem aulas, dando exemplos de hor\u00e1rios repetidos que, na pr\u00e1tica, correspondiam a menos necessidades. Relembrou que, desde o in\u00edcio do governo, entraram mais de dez mil novos professores na escola p\u00fablica, citando concursos extraordin\u00e1rios e apoio \u00e0 desloca\u00e7\u00e3o para regi\u00f5es carenciadas como medidas implementadas.\" \/>\n<meta property=\"og:url\" content=\"https:\/\/portaltela.pt\/noticias\/2026\/04\/01\/ministro-da-educacao-ve-menos-falta-de-docentes-mas-ha-excesso-de-professores\/\" \/>\n<meta property=\"og:site_name\" content=\"Portal Tela Portugal\" \/>\n<meta property=\"article:published_time\" content=\"2026-04-01T15:02:06+00:00\" \/>\n<meta name=\"author\" content=\"Telinha\" \/>\n<meta name=\"twitter:card\" content=\"summary_large_image\" \/>\n<meta name=\"twitter:label1\" content=\"Escrito por\" \/>\n\t<meta name=\"twitter:data1\" content=\"Telinha\" \/>\n\t<meta name=\"twitter:label2\" content=\"Tempo estimado de leitura\" \/>\n\t<meta name=\"twitter:data2\" content=\"2 minutos\" \/>\n<script type=\"application\/ld+json\" class=\"yoast-schema-graph\">{\"@context\":\"https:\/\/schema.org\",\"@graph\":[{\"@type\":\"Article\",\"@id\":\"https:\/\/portaltela.pt\/noticias\/2026\/04\/01\/ministro-da-educacao-ve-menos-falta-de-docentes-mas-ha-excesso-de-professores\/#article\",\"isPartOf\":{\"@id\":\"https:\/\/portaltela.pt\/noticias\/2026\/04\/01\/ministro-da-educacao-ve-menos-falta-de-docentes-mas-ha-excesso-de-professores\/\"},\"author\":{\"name\":\"Telinha\",\"@id\":\"https:\/\/portaltela.pt\/#\/schema\/person\/c4278d4a6028830caff9ee44b42d32ed\"},\"headline\":\"Ministro da Educa\u00e7\u00e3o v\u00ea menos falta de docentes, mas h\u00e1 excesso de professores\",\"datePublished\":\"2026-04-01T15:02:06+00:00\",\"mainEntityOfPage\":{\"@id\":\"https:\/\/portaltela.pt\/noticias\/2026\/04\/01\/ministro-da-educacao-ve-menos-falta-de-docentes-mas-ha-excesso-de-professores\/\"},\"wordCount\":328,\"image\":{\"@id\":\"https:\/\/portaltela.pt\/noticias\/2026\/04\/01\/ministro-da-educacao-ve-menos-falta-de-docentes-mas-ha-excesso-de-professores\/#primaryimage\"},\"thumbnailUrl\":\"https:\/\/portaltela.pt\/s.01k8rhncp4jt1\/2026\/04\/2078561.jpg\",\"keywords\":[\"contrata\u00e7\u00f5es\",\"educa\u00e7\u00e3o\",\"educa\u00e7\u00e3o p\u00fablica\",\"escolas\",\"forma\u00e7\u00e3o\",\"professores\"],\"articleSection\":[\"Curiosidades\",\"Sociedade\"],\"inLanguage\":\"pt-PT\"},{\"@type\":\"WebPage\",\"@id\":\"https:\/\/portaltela.pt\/noticias\/2026\/04\/01\/ministro-da-educacao-ve-menos-falta-de-docentes-mas-ha-excesso-de-professores\/\",\"url\":\"https:\/\/portaltela.pt\/noticias\/2026\/04\/01\/ministro-da-educacao-ve-menos-falta-de-docentes-mas-ha-excesso-de-professores\/\",\"name\":\"Ministro da Educa\u00e7\u00e3o v\u00ea menos falta de docentes, mas h\u00e1 excesso de professores - Portal Tela Portugal\",\"isPartOf\":{\"@id\":\"https:\/\/portaltela.pt\/#website\"},\"primaryImageOfPage\":{\"@id\":\"https:\/\/portaltela.pt\/noticias\/2026\/04\/01\/ministro-da-educacao-ve-menos-falta-de-docentes-mas-ha-excesso-de-professores\/#primaryimage\"},\"image\":{\"@id\":\"https:\/\/portaltela.pt\/noticias\/2026\/04\/01\/ministro-da-educacao-ve-menos-falta-de-docentes-mas-ha-excesso-de-professores\/#primaryimage\"},\"thumbnailUrl\":\"https:\/\/portaltela.pt\/s.01k8rhncp4jt1\/2026\/04\/2078561.jpg\",\"datePublished\":\"2026-04-01T15:02:06+00:00\",\"author\":{\"@id\":\"https:\/\/portaltela.pt\/#\/schema\/person\/c4278d4a6028830caff9ee44b42d32ed\"},\"breadcrumb\":{\"@id\":\"https:\/\/portaltela.pt\/noticias\/2026\/04\/01\/ministro-da-educacao-ve-menos-falta-de-docentes-mas-ha-excesso-de-professores\/#breadcrumb\"},\"inLanguage\":\"pt-PT\",\"potentialAction\":[{\"@type\":\"ReadAction\",\"target\":[\"https:\/\/portaltela.pt\/noticias\/2026\/04\/01\/ministro-da-educacao-ve-menos-falta-de-docentes-mas-ha-excesso-de-professores\/\"]}]},{\"@type\":\"ImageObject\",\"inLanguage\":\"pt-PT\",\"@id\":\"https:\/\/portaltela.pt\/noticias\/2026\/04\/01\/ministro-da-educacao-ve-menos-falta-de-docentes-mas-ha-excesso-de-professores\/#primaryimage\",\"url\":\"https:\/\/portaltela.pt\/s.01k8rhncp4jt1\/2026\/04\/2078561.jpg\",\"contentUrl\":\"https:\/\/portaltela.pt\/s.01k8rhncp4jt1\/2026\/04\/2078561.jpg\",\"width\":796,\"height\":448,\"caption\":\"O ministro da Educa\u00e7\u00e3o, Ci\u00eancia e Inova\u00e7\u00e3o, Fernando Alexandre, na Assembleia da Rep\u00fablica\"},{\"@type\":\"BreadcrumbList\",\"@id\":\"https:\/\/portaltela.pt\/noticias\/2026\/04\/01\/ministro-da-educacao-ve-menos-falta-de-docentes-mas-ha-excesso-de-professores\/#breadcrumb\",\"itemListElement\":[{\"@type\":\"ListItem\",\"position\":1,\"name\":\"In\u00edcio\",\"item\":\"https:\/\/portaltela.pt\/\"},{\"@type\":\"ListItem\",\"position\":2,\"name\":\"Ministro da Educa\u00e7\u00e3o v\u00ea menos falta de docentes, mas h\u00e1 excesso de professores\"}]},{\"@type\":\"WebSite\",\"@id\":\"https:\/\/portaltela.pt\/#website\",\"url\":\"https:\/\/portaltela.pt\/\",\"name\":\"Portal Tela Portugal\",\"description\":\"\",\"potentialAction\":[{\"@type\":\"SearchAction\",\"target\":{\"@type\":\"EntryPoint\",\"urlTemplate\":\"https:\/\/portaltela.pt\/?s={search_term_string}\"},\"query-input\":{\"@type\":\"PropertyValueSpecification\",\"valueRequired\":true,\"valueName\":\"search_term_string\"}}],\"inLanguage\":\"pt-PT\"},{\"@type\":\"Person\",\"@id\":\"https:\/\/portaltela.pt\/#\/schema\/person\/c4278d4a6028830caff9ee44b42d32ed\",\"name\":\"Telinha\",\"image\":{\"@type\":\"ImageObject\",\"inLanguage\":\"pt-PT\",\"@id\":\"https:\/\/portaltela.pt\/s.01k8rhncp4jt1\/2025\/11\/talking-bot-125x125.png\",\"url\":\"https:\/\/portaltela.pt\/s.01k8rhncp4jt1\/2025\/11\/talking-bot-125x125.png\",\"contentUrl\":\"https:\/\/portaltela.pt\/s.01k8rhncp4jt1\/2025\/11\/talking-bot-125x125.png\",\"caption\":\"Telinha\"},\"sameAs\":[\"https:\/\/portaltela.pt\/\"],\"url\":\"https:\/\/portaltela.pt\/por\/367410592786\/\"}]}<\/script>\n<!-- \/ Yoast SEO plugin. -->","yoast_head_json":{"title":"Ministro da Educa\u00e7\u00e3o v\u00ea menos falta de docentes, mas h\u00e1 excesso de professores - Portal Tela Portugal","robots":{"index":"index","follow":"follow","max-snippet":"max-snippet:-1","max-image-preview":"max-image-preview:large","max-video-preview":"max-video-preview:-1"},"og_locale":"pt_PT","og_type":"article","og_title":"Ministro da Educa\u00e7\u00e3o v\u00ea menos falta de docentes, mas h\u00e1 excesso de professores - Portal Tela Portugal","og_description":"O ministro da Educa\u00e7\u00e3o, Fernando Alexandre, afirmou no Parlamento que, a 26 de mar\u00e7o, havia 448 hor\u00e1rios por preencher nas escolas, indicando uma redu\u00e7\u00e3o face a dois meses antes. A diminui\u00e7\u00e3o dos hor\u00e1rios em falta resulta de medidas em curso, da corre\u00e7\u00e3o de erros administrativos e de maior rigor na informa\u00e7\u00e3o sobre docentes em falta. O ministro prometeu apresentar um sistema que permita identificar com rigor alunos sem aulas e escolas com excesso de professores, destacando que tamb\u00e9m existem escolas com excesso de docentes. Alegou que dados divulgados por sindicatos e outras entidades t\u00eam fragilidades e podem superestimar o n\u00famero de alunos sem aulas, dando exemplos de hor\u00e1rios repetidos que, na pr\u00e1tica, correspondiam a menos necessidades. Relembrou que, desde o in\u00edcio do governo, entraram mais de dez mil novos professores na escola p\u00fablica, citando concursos extraordin\u00e1rios e apoio \u00e0 desloca\u00e7\u00e3o para regi\u00f5es carenciadas como medidas implementadas.","og_url":"https:\/\/portaltela.pt\/noticias\/2026\/04\/01\/ministro-da-educacao-ve-menos-falta-de-docentes-mas-ha-excesso-de-professores\/","og_site_name":"Portal Tela Portugal","article_published_time":"2026-04-01T15:02:06+00:00","author":"Telinha","twitter_card":"summary_large_image","twitter_misc":{"Escrito por":"Telinha","Tempo estimado de leitura":"2 minutos"},"schema":{"@context":"https:\/\/schema.org","@graph":[{"@type":"Article","@id":"https:\/\/portaltela.pt\/noticias\/2026\/04\/01\/ministro-da-educacao-ve-menos-falta-de-docentes-mas-ha-excesso-de-professores\/#article","isPartOf":{"@id":"https:\/\/portaltela.pt\/noticias\/2026\/04\/01\/ministro-da-educacao-ve-menos-falta-de-docentes-mas-ha-excesso-de-professores\/"},"author":{"name":"Telinha","@id":"https:\/\/portaltela.pt\/#\/schema\/person\/c4278d4a6028830caff9ee44b42d32ed"},"headline":"Ministro da Educa\u00e7\u00e3o v\u00ea menos falta de docentes, mas h\u00e1 excesso de professores","datePublished":"2026-04-01T15:02:06+00:00","mainEntityOfPage":{"@id":"https:\/\/portaltela.pt\/noticias\/2026\/04\/01\/ministro-da-educacao-ve-menos-falta-de-docentes-mas-ha-excesso-de-professores\/"},"wordCount":328,"image":{"@id":"https:\/\/portaltela.pt\/noticias\/2026\/04\/01\/ministro-da-educacao-ve-menos-falta-de-docentes-mas-ha-excesso-de-professores\/#primaryimage"},"thumbnailUrl":"https:\/\/portaltela.pt\/s.01k8rhncp4jt1\/2026\/04\/2078561.jpg","keywords":["contrata\u00e7\u00f5es","educa\u00e7\u00e3o","educa\u00e7\u00e3o p\u00fablica","escolas","forma\u00e7\u00e3o","professores"],"articleSection":["Curiosidades","Sociedade"],"inLanguage":"pt-PT"},{"@type":"WebPage","@id":"https:\/\/portaltela.pt\/noticias\/2026\/04\/01\/ministro-da-educacao-ve-menos-falta-de-docentes-mas-ha-excesso-de-professores\/","url":"https:\/\/portaltela.pt\/noticias\/2026\/04\/01\/ministro-da-educacao-ve-menos-falta-de-docentes-mas-ha-excesso-de-professores\/","name":"Ministro da Educa\u00e7\u00e3o v\u00ea menos falta de docentes, mas h\u00e1 excesso de professores - Portal Tela Portugal","isPartOf":{"@id":"https:\/\/portaltela.pt\/#website"},"primaryImageOfPage":{"@id":"https:\/\/portaltela.pt\/noticias\/2026\/04\/01\/ministro-da-educacao-ve-menos-falta-de-docentes-mas-ha-excesso-de-professores\/#primaryimage"},"image":{"@id":"https:\/\/portaltela.pt\/noticias\/2026\/04\/01\/ministro-da-educacao-ve-menos-falta-de-docentes-mas-ha-excesso-de-professores\/#primaryimage"},"thumbnailUrl":"https:\/\/portaltela.pt\/s.01k8rhncp4jt1\/2026\/04\/2078561.jpg","datePublished":"2026-04-01T15:02:06+00:00","author":{"@id":"https:\/\/portaltela.pt\/#\/schema\/person\/c4278d4a6028830caff9ee44b42d32ed"},"breadcrumb":{"@id":"https:\/\/portaltela.pt\/noticias\/2026\/04\/01\/ministro-da-educacao-ve-menos-falta-de-docentes-mas-ha-excesso-de-professores\/#breadcrumb"},"inLanguage":"pt-PT","potentialAction":[{"@type":"ReadAction","target":["https:\/\/portaltela.pt\/noticias\/2026\/04\/01\/ministro-da-educacao-ve-menos-falta-de-docentes-mas-ha-excesso-de-professores\/"]}]},{"@type":"ImageObject","inLanguage":"pt-PT","@id":"https:\/\/portaltela.pt\/noticias\/2026\/04\/01\/ministro-da-educacao-ve-menos-falta-de-docentes-mas-ha-excesso-de-professores\/#primaryimage","url":"https:\/\/portaltela.pt\/s.01k8rhncp4jt1\/2026\/04\/2078561.jpg","contentUrl":"https:\/\/portaltela.pt\/s.01k8rhncp4jt1\/2026\/04\/2078561.jpg","width":796,"height":448,"caption":"O ministro da Educa\u00e7\u00e3o, Ci\u00eancia e Inova\u00e7\u00e3o, Fernando Alexandre, na Assembleia da Rep\u00fablica"},{"@type":"BreadcrumbList","@id":"https:\/\/portaltela.pt\/noticias\/2026\/04\/01\/ministro-da-educacao-ve-menos-falta-de-docentes-mas-ha-excesso-de-professores\/#breadcrumb","itemListElement":[{"@type":"ListItem","position":1,"name":"In\u00edcio","item":"https:\/\/portaltela.pt\/"},{"@type":"ListItem","position":2,"name":"Ministro da Educa\u00e7\u00e3o v\u00ea menos falta de docentes, mas h\u00e1 excesso de professores"}]},{"@type":"WebSite","@id":"https:\/\/portaltela.pt\/#website","url":"https:\/\/portaltela.pt\/","name":"Portal Tela Portugal","description":"","potentialAction":[{"@type":"SearchAction","target":{"@type":"EntryPoint","urlTemplate":"https:\/\/portaltela.pt\/?s={search_term_string}"},"query-input":{"@type":"PropertyValueSpecification","valueRequired":true,"valueName":"search_term_string"}}],"inLanguage":"pt-PT"},{"@type":"Person","@id":"https:\/\/portaltela.pt\/#\/schema\/person\/c4278d4a6028830caff9ee44b42d32ed","name":"Telinha","image":{"@type":"ImageObject","inLanguage":"pt-PT","@id":"https:\/\/portaltela.pt\/s.01k8rhncp4jt1\/2025\/11\/talking-bot-125x125.png","url":"https:\/\/portaltela.pt\/s.01k8rhncp4jt1\/2025\/11\/talking-bot-125x125.png","contentUrl":"https:\/\/portaltela.pt\/s.01k8rhncp4jt1\/2025\/11\/talking-bot-125x125.png","caption":"Telinha"},"sameAs":["https:\/\/portaltela.pt\/"],"url":"https:\/\/portaltela.pt\/por\/367410592786\/"}]}},"_links":{"self":[{"href":"https:\/\/portaltela.pt\/api\/wp\/v2\/posts\/429334","targetHints":{"allow":["GET"]}}],"collection":[{"href":"https:\/\/portaltela.pt\/api\/wp\/v2\/posts"}],"about":[{"href":"https:\/\/portaltela.pt\/api\/wp\/v2\/types\/post"}],"author":[{"embeddable":true,"href":"https:\/\/portaltela.pt\/api\/wp\/v2\/users\/2"}],"replies":[{"embeddable":true,"href":"https:\/\/portaltela.pt\/api\/wp\/v2\/comments?post=429334"}],"version-history":[{"count":0,"href":"https:\/\/portaltela.pt\/api\/wp\/v2\/posts\/429334\/revisions"}],"wp:featuredmedia":[{"embeddable":true,"href":"https:\/\/portaltela.pt\/api\/wp\/v2\/media\/429337"}],"wp:attachment":[{"href":"https:\/\/portaltela.pt\/api\/wp\/v2\/media?parent=429334"}],"wp:term":[{"taxonomy":"category","embeddable":true,"href":"https:\/\/portaltela.pt\/api\/wp\/v2\/categories?post=429334"},{"taxonomy":"post_tag","embeddable":true,"href":"https:\/\/portaltela.pt\/api\/wp\/v2\/tags?post=429334"}],"curies":[{"name":"wp","href":"https:\/\/api.w.org\/{rel}","templated":true}]}}