{"id":429327,"date":"2026-04-01T11:47:30","date_gmt":"2026-04-01T14:47:30","guid":{"rendered":"https:\/\/portaltela.pt\/noticias\/2026\/04\/01\/camara-de-lisboa-preve-abate-de-apenas-dois-platanos-em-entrecampos\/"},"modified":"2026-04-01T11:47:30","modified_gmt":"2026-04-01T14:47:30","slug":"camara-de-lisboa-preve-abate-de-apenas-dois-platanos-em-entrecampos","status":"publish","type":"post","link":"https:\/\/portaltela.pt\/meio-ambiente\/2026\/04\/01\/camara-de-lisboa-preve-abate-de-apenas-dois-platanos-em-entrecampos\/","title":{"rendered":"C\u00e2mara de Lisboa prev\u00ea abate de apenas dois pl\u00e1tanos em Entrecampos"},"content":{"rendered":"<p>A C\u00e2mara Municipal de Lisboa confirmou a continuidade do processo de relocaliza\u00e7\u00e3o de 42 jacarand\u00e1s no \u00e2mbito da opera\u00e7\u00e3o urban\u00edstica de Entrecampos, em Lisboa. O munic\u00edpio afirma que apenas se prev\u00ea o abate de dois pl\u00e1tanos, devido \u00e0 impossibilidade de transplanta\u00e7\u00e3o ou manuten\u00e7\u00e3o no local. Os trabalhos de transplanta\u00e7\u00e3o dos jacarand\u00e1s arrancaram a 30 de mar\u00e7o.<\/p>\n<p>De acordo com a autarquia, o abate ocorreu junto \u00e0 esta\u00e7\u00e3o de Entrecampos, em fevereiro, e apenas essas duas \u00e1rvores foram abatidas. O objetivo \u00e9 a constru\u00e7\u00e3o de um parque de estacionamento subterr\u00e2neo entre a Avenida 5 de Outubro e zonas adjacentes, na \u00e1rea envolvente ao Entrecampos.<\/p>\n<h3>Progresso da opera\u00e7\u00e3o<\/h3>\n<p>A C\u00e2mara explica que os jacarand\u00e1s ser\u00e3o transplantados para novas localiza\u00e7\u00f5es dentro da cidade, com as obras j\u00e1 em curso h\u00e1 mais de um ano. Em paralelo, est\u00e1 em curso a planta\u00e7\u00e3o de 89 \u00e1rvores, oferecidas pela Fidelidade Property, em caldeiras de alinhamento urbano nas Avenidas Novas.<\/p>\n<p>A autarquia indica ainda que est\u00e3o em curso a\u00e7\u00f5es de planta\u00e7\u00e3o adicionais para suprir contrapartidas acordadas com o promotor. A meta \u00e9 refor\u00e7ar a arboriza\u00e7\u00e3o da \u00e1rea, ao mesmo tempo que se mant\u00eam espa\u00e7os verdes existentes.<\/p>\n<h3>Impacto e objetivos ambientais<\/h3>\n<p>A opera\u00e7\u00e3o visa criar 17 mil m2 de espa\u00e7os verdes para usufruto p\u00fablico, integrando 202 novas \u00e1rvores de v\u00e1rias esp\u00e9cies. A iniciativa pretende melhorar a qualidade ambiental e reduzir ilhas de calor na zona central de Lisboa.<\/p>\n<p>O projeto inclui tamb\u00e9m a reavalia\u00e7\u00e3o do eixo da Avenida 5 de Outubro, onde inicialmente estavam previstas 47 remo\u00e7\u00f5es de \u00e1rvores, com ajustes para manter mais \u00e1rvores e aumentar o n\u00famero de transplantes. A C\u00e2mara real\u00e7a o compromisso com a prote\u00e7\u00e3o arb\u00f3rea da cidade.<\/p>\n<h3>Rea\u00e7\u00f5es e atualidade<\/h3>\n<p>Na reuni\u00e3o da Assembleia Municipal, foi abordada a eventual remo\u00e7\u00e3o de jacarand\u00e1s, com o PAN a questionar o abate de 42 \u00e1rvores. A C\u00e2mara reiterou que n\u00e3o h\u00e1 abates adicionais para al\u00e9m dos j\u00e1 comunicados e que a prioridade \u00e9 o transplante sempre que poss\u00edvel.<\/p>\n","protected":false},"excerpt":{"rendered":"<ul>\n<li>A C\u00e2mara Municipal de Lisboa confirmou o abate de dois pl\u00e1tanos junto \u00e0 esta\u00e7\u00e3o de Entrecampos, por absoluta impossibilidade de transplantar ou manter as \u00e1rvores no local.<\/li>\n<li>Est\u00e1 confirmado o processo de relocaliza\u00e7\u00e3o de quarenta e dois jacarand\u00e1s, com transplantes a arrancarem a 30 de mar\u00e7o e planta\u00e7\u00e3o nas novas localiza\u00e7\u00f5es assim que as \u00e1rvores forem removidas.<\/li>\n<li>A opera\u00e7\u00e3o urban\u00edstica de Entrecampos envolve a remo\u00e7\u00e3o de \u00e1rvores na Avenida 5 de Outubro para a constru\u00e7\u00e3o de um parque de estacionamento subterr\u00e2neo, regi\u00e3o que j\u00e1 gerou uma peti\u00e7\u00e3o com mais de 54 mil assinaturas contra o abate de jacarand\u00e1s.<\/li>\n<li>Em abril de 2025, a C\u00e2mara reduziu para apenas tr\u00eas o n\u00famero de transplantes autorizados na Avenida 5 de Outubro e pediu a reavalia\u00e7\u00e3o de 25 abates previstos, mantendo o compromisso de salvaguardar \u00e1rvores atrav\u00e9s de transplantes.<\/li>\n<li>A autarquia avan\u00e7a com a planta\u00e7\u00e3o de 89 \u00e1rvores oferecidas pela Fidelidade Property e destacou a campanha de planta\u00e7\u00e3o de 200 jacarand\u00e1s em parques e jardins da cidade, como contrapartidas do promotor privado.<\/li>\n<\/ul>\n","protected":false},"author":2,"featured_media":429328,"comment_status":"closed","ping_status":"closed","sticky":false,"template":"","format":"standard","meta":{"footnotes":""},"categories":[6725],"tags":[4880,2480,2257,981,45,189],"class_list":["post-429327","post","type-post","status-publish","format-standard","has-post-thumbnail","hentry","category-meio-ambiente","tag-conservacao-ambiental","tag-entrecampos","tag-espacos-publicos","tag-lisboa","tag-meio-ambiente","tag-urbanismo"],"yoast_head":"<!-- This site is optimized with the Yoast SEO plugin v27.2 - https:\/\/yoast.com\/product\/yoast-seo-wordpress\/ -->\n<title>C\u00e2mara de Lisboa prev\u00ea abate de apenas dois pl\u00e1tanos em Entrecampos - Portal Tela Portugal<\/title>\n<meta name=\"robots\" content=\"index, follow, max-snippet:-1, max-image-preview:large, max-video-preview:-1\" \/>\n<meta property=\"og:locale\" content=\"pt_PT\" \/>\n<meta property=\"og:type\" content=\"article\" \/>\n<meta property=\"og:title\" content=\"C\u00e2mara de Lisboa prev\u00ea abate de apenas dois pl\u00e1tanos em Entrecampos - Portal Tela Portugal\" \/>\n<meta property=\"og:description\" content=\"A C\u00e2mara Municipal de Lisboa confirmou o abate de dois pl\u00e1tanos junto \u00e0 esta\u00e7\u00e3o de Entrecampos, por absoluta impossibilidade de transplantar ou manter as \u00e1rvores no local. Est\u00e1 confirmado o processo de relocaliza\u00e7\u00e3o de quarenta e dois jacarand\u00e1s, com transplantes a arrancarem a 30 de mar\u00e7o e planta\u00e7\u00e3o nas novas localiza\u00e7\u00f5es assim que as \u00e1rvores forem removidas. A opera\u00e7\u00e3o urban\u00edstica de Entrecampos envolve a remo\u00e7\u00e3o de \u00e1rvores na Avenida 5 de Outubro para a constru\u00e7\u00e3o de um parque de estacionamento subterr\u00e2neo, regi\u00e3o que j\u00e1 gerou uma peti\u00e7\u00e3o com mais de 54 mil assinaturas contra o abate de jacarand\u00e1s. Em abril de 2025, a C\u00e2mara reduziu para apenas tr\u00eas o n\u00famero de transplantes autorizados na Avenida 5 de Outubro e pediu a reavalia\u00e7\u00e3o de 25 abates previstos, mantendo o compromisso de salvaguardar \u00e1rvores atrav\u00e9s de transplantes. A autarquia avan\u00e7a com a planta\u00e7\u00e3o de 89 \u00e1rvores oferecidas pela Fidelidade Property e destacou a campanha de planta\u00e7\u00e3o de 200 jacarand\u00e1s em parques e jardins da cidade, como contrapartidas do promotor privado.\" \/>\n<meta property=\"og:url\" content=\"https:\/\/portaltela.pt\/noticias\/2026\/04\/01\/camara-de-lisboa-preve-abate-de-apenas-dois-platanos-em-entrecampos\/\" \/>\n<meta property=\"og:site_name\" content=\"Portal Tela Portugal\" \/>\n<meta property=\"article:published_time\" content=\"2026-04-01T14:47:30+00:00\" \/>\n<meta name=\"author\" content=\"Telinha\" \/>\n<meta name=\"twitter:card\" content=\"summary_large_image\" \/>\n<meta name=\"twitter:label1\" content=\"Escrito por\" \/>\n\t<meta name=\"twitter:data1\" content=\"Telinha\" \/>\n\t<meta name=\"twitter:label2\" content=\"Tempo estimado de leitura\" \/>\n\t<meta name=\"twitter:data2\" content=\"2 minutos\" \/>\n<script type=\"application\/ld+json\" class=\"yoast-schema-graph\">{\"@context\":\"https:\/\/schema.org\",\"@graph\":[{\"@type\":\"Article\",\"@id\":\"https:\/\/portaltela.pt\/noticias\/2026\/04\/01\/camara-de-lisboa-preve-abate-de-apenas-dois-platanos-em-entrecampos\/#article\",\"isPartOf\":{\"@id\":\"https:\/\/portaltela.pt\/noticias\/2026\/04\/01\/camara-de-lisboa-preve-abate-de-apenas-dois-platanos-em-entrecampos\/\"},\"author\":{\"name\":\"Telinha\",\"@id\":\"https:\/\/portaltela.pt\/#\/schema\/person\/c4278d4a6028830caff9ee44b42d32ed\"},\"headline\":\"C\u00e2mara de Lisboa prev\u00ea abate de apenas dois pl\u00e1tanos em Entrecampos\",\"datePublished\":\"2026-04-01T14:47:30+00:00\",\"mainEntityOfPage\":{\"@id\":\"https:\/\/portaltela.pt\/noticias\/2026\/04\/01\/camara-de-lisboa-preve-abate-de-apenas-dois-platanos-em-entrecampos\/\"},\"wordCount\":370,\"image\":{\"@id\":\"https:\/\/portaltela.pt\/noticias\/2026\/04\/01\/camara-de-lisboa-preve-abate-de-apenas-dois-platanos-em-entrecampos\/#primaryimage\"},\"thumbnailUrl\":\"https:\/\/portaltela.pt\/s.01k8rhncp4jt1\/2026\/04\/img_1500x1000uu2021-04-21-00-40-37-1031438.jpg\",\"keywords\":[\"conserva\u00e7\u00e3o ambiental\",\"Entrecampos\",\"Espa\u00e7os p\u00fablicos\",\"Lisboa\",\"meio-ambiente\",\"urbanismo\"],\"articleSection\":[\"Meio Ambiente\"],\"inLanguage\":\"pt-PT\"},{\"@type\":\"WebPage\",\"@id\":\"https:\/\/portaltela.pt\/noticias\/2026\/04\/01\/camara-de-lisboa-preve-abate-de-apenas-dois-platanos-em-entrecampos\/\",\"url\":\"https:\/\/portaltela.pt\/noticias\/2026\/04\/01\/camara-de-lisboa-preve-abate-de-apenas-dois-platanos-em-entrecampos\/\",\"name\":\"C\u00e2mara de Lisboa prev\u00ea abate de apenas dois pl\u00e1tanos em Entrecampos - Portal Tela Portugal\",\"isPartOf\":{\"@id\":\"https:\/\/portaltela.pt\/#website\"},\"primaryImageOfPage\":{\"@id\":\"https:\/\/portaltela.pt\/noticias\/2026\/04\/01\/camara-de-lisboa-preve-abate-de-apenas-dois-platanos-em-entrecampos\/#primaryimage\"},\"image\":{\"@id\":\"https:\/\/portaltela.pt\/noticias\/2026\/04\/01\/camara-de-lisboa-preve-abate-de-apenas-dois-platanos-em-entrecampos\/#primaryimage\"},\"thumbnailUrl\":\"https:\/\/portaltela.pt\/s.01k8rhncp4jt1\/2026\/04\/img_1500x1000uu2021-04-21-00-40-37-1031438.jpg\",\"datePublished\":\"2026-04-01T14:47:30+00:00\",\"author\":{\"@id\":\"https:\/\/portaltela.pt\/#\/schema\/person\/c4278d4a6028830caff9ee44b42d32ed\"},\"breadcrumb\":{\"@id\":\"https:\/\/portaltela.pt\/noticias\/2026\/04\/01\/camara-de-lisboa-preve-abate-de-apenas-dois-platanos-em-entrecampos\/#breadcrumb\"},\"inLanguage\":\"pt-PT\",\"potentialAction\":[{\"@type\":\"ReadAction\",\"target\":[\"https:\/\/portaltela.pt\/noticias\/2026\/04\/01\/camara-de-lisboa-preve-abate-de-apenas-dois-platanos-em-entrecampos\/\"]}]},{\"@type\":\"ImageObject\",\"inLanguage\":\"pt-PT\",\"@id\":\"https:\/\/portaltela.pt\/noticias\/2026\/04\/01\/camara-de-lisboa-preve-abate-de-apenas-dois-platanos-em-entrecampos\/#primaryimage\",\"url\":\"https:\/\/portaltela.pt\/s.01k8rhncp4jt1\/2026\/04\/img_1500x1000uu2021-04-21-00-40-37-1031438.jpg\",\"contentUrl\":\"https:\/\/portaltela.pt\/s.01k8rhncp4jt1\/2026\/04\/img_1500x1000uu2021-04-21-00-40-37-1031438.jpg\",\"width\":796,\"height\":448,\"caption\":\"Entrecampos\"},{\"@type\":\"BreadcrumbList\",\"@id\":\"https:\/\/portaltela.pt\/noticias\/2026\/04\/01\/camara-de-lisboa-preve-abate-de-apenas-dois-platanos-em-entrecampos\/#breadcrumb\",\"itemListElement\":[{\"@type\":\"ListItem\",\"position\":1,\"name\":\"In\u00edcio\",\"item\":\"https:\/\/portaltela.pt\/\"},{\"@type\":\"ListItem\",\"position\":2,\"name\":\"C\u00e2mara de Lisboa prev\u00ea abate de apenas dois pl\u00e1tanos em Entrecampos\"}]},{\"@type\":\"WebSite\",\"@id\":\"https:\/\/portaltela.pt\/#website\",\"url\":\"https:\/\/portaltela.pt\/\",\"name\":\"Portal Tela Portugal\",\"description\":\"\",\"potentialAction\":[{\"@type\":\"SearchAction\",\"target\":{\"@type\":\"EntryPoint\",\"urlTemplate\":\"https:\/\/portaltela.pt\/?s={search_term_string}\"},\"query-input\":{\"@type\":\"PropertyValueSpecification\",\"valueRequired\":true,\"valueName\":\"search_term_string\"}}],\"inLanguage\":\"pt-PT\"},{\"@type\":\"Person\",\"@id\":\"https:\/\/portaltela.pt\/#\/schema\/person\/c4278d4a6028830caff9ee44b42d32ed\",\"name\":\"Telinha\",\"image\":{\"@type\":\"ImageObject\",\"inLanguage\":\"pt-PT\",\"@id\":\"https:\/\/portaltela.pt\/s.01k8rhncp4jt1\/2025\/11\/talking-bot-125x125.png\",\"url\":\"https:\/\/portaltela.pt\/s.01k8rhncp4jt1\/2025\/11\/talking-bot-125x125.png\",\"contentUrl\":\"https:\/\/portaltela.pt\/s.01k8rhncp4jt1\/2025\/11\/talking-bot-125x125.png\",\"caption\":\"Telinha\"},\"sameAs\":[\"https:\/\/portaltela.pt\/\"],\"url\":\"https:\/\/portaltela.pt\/por\/367410592786\/\"}]}<\/script>\n<!-- \/ Yoast SEO plugin. -->","yoast_head_json":{"title":"C\u00e2mara de Lisboa prev\u00ea abate de apenas dois pl\u00e1tanos em Entrecampos - Portal Tela Portugal","robots":{"index":"index","follow":"follow","max-snippet":"max-snippet:-1","max-image-preview":"max-image-preview:large","max-video-preview":"max-video-preview:-1"},"og_locale":"pt_PT","og_type":"article","og_title":"C\u00e2mara de Lisboa prev\u00ea abate de apenas dois pl\u00e1tanos em Entrecampos - Portal Tela Portugal","og_description":"A C\u00e2mara Municipal de Lisboa confirmou o abate de dois pl\u00e1tanos junto \u00e0 esta\u00e7\u00e3o de Entrecampos, por absoluta impossibilidade de transplantar ou manter as \u00e1rvores no local. Est\u00e1 confirmado o processo de relocaliza\u00e7\u00e3o de quarenta e dois jacarand\u00e1s, com transplantes a arrancarem a 30 de mar\u00e7o e planta\u00e7\u00e3o nas novas localiza\u00e7\u00f5es assim que as \u00e1rvores forem removidas. A opera\u00e7\u00e3o urban\u00edstica de Entrecampos envolve a remo\u00e7\u00e3o de \u00e1rvores na Avenida 5 de Outubro para a constru\u00e7\u00e3o de um parque de estacionamento subterr\u00e2neo, regi\u00e3o que j\u00e1 gerou uma peti\u00e7\u00e3o com mais de 54 mil assinaturas contra o abate de jacarand\u00e1s. Em abril de 2025, a C\u00e2mara reduziu para apenas tr\u00eas o n\u00famero de transplantes autorizados na Avenida 5 de Outubro e pediu a reavalia\u00e7\u00e3o de 25 abates previstos, mantendo o compromisso de salvaguardar \u00e1rvores atrav\u00e9s de transplantes. A autarquia avan\u00e7a com a planta\u00e7\u00e3o de 89 \u00e1rvores oferecidas pela Fidelidade Property e destacou a campanha de planta\u00e7\u00e3o de 200 jacarand\u00e1s em parques e jardins da cidade, como contrapartidas do promotor privado.","og_url":"https:\/\/portaltela.pt\/noticias\/2026\/04\/01\/camara-de-lisboa-preve-abate-de-apenas-dois-platanos-em-entrecampos\/","og_site_name":"Portal Tela Portugal","article_published_time":"2026-04-01T14:47:30+00:00","author":"Telinha","twitter_card":"summary_large_image","twitter_misc":{"Escrito por":"Telinha","Tempo estimado de leitura":"2 minutos"},"schema":{"@context":"https:\/\/schema.org","@graph":[{"@type":"Article","@id":"https:\/\/portaltela.pt\/noticias\/2026\/04\/01\/camara-de-lisboa-preve-abate-de-apenas-dois-platanos-em-entrecampos\/#article","isPartOf":{"@id":"https:\/\/portaltela.pt\/noticias\/2026\/04\/01\/camara-de-lisboa-preve-abate-de-apenas-dois-platanos-em-entrecampos\/"},"author":{"name":"Telinha","@id":"https:\/\/portaltela.pt\/#\/schema\/person\/c4278d4a6028830caff9ee44b42d32ed"},"headline":"C\u00e2mara de Lisboa prev\u00ea abate de apenas dois pl\u00e1tanos em Entrecampos","datePublished":"2026-04-01T14:47:30+00:00","mainEntityOfPage":{"@id":"https:\/\/portaltela.pt\/noticias\/2026\/04\/01\/camara-de-lisboa-preve-abate-de-apenas-dois-platanos-em-entrecampos\/"},"wordCount":370,"image":{"@id":"https:\/\/portaltela.pt\/noticias\/2026\/04\/01\/camara-de-lisboa-preve-abate-de-apenas-dois-platanos-em-entrecampos\/#primaryimage"},"thumbnailUrl":"https:\/\/portaltela.pt\/s.01k8rhncp4jt1\/2026\/04\/img_1500x1000uu2021-04-21-00-40-37-1031438.jpg","keywords":["conserva\u00e7\u00e3o ambiental","Entrecampos","Espa\u00e7os p\u00fablicos","Lisboa","meio-ambiente","urbanismo"],"articleSection":["Meio Ambiente"],"inLanguage":"pt-PT"},{"@type":"WebPage","@id":"https:\/\/portaltela.pt\/noticias\/2026\/04\/01\/camara-de-lisboa-preve-abate-de-apenas-dois-platanos-em-entrecampos\/","url":"https:\/\/portaltela.pt\/noticias\/2026\/04\/01\/camara-de-lisboa-preve-abate-de-apenas-dois-platanos-em-entrecampos\/","name":"C\u00e2mara de Lisboa prev\u00ea abate de apenas dois pl\u00e1tanos em Entrecampos - Portal Tela Portugal","isPartOf":{"@id":"https:\/\/portaltela.pt\/#website"},"primaryImageOfPage":{"@id":"https:\/\/portaltela.pt\/noticias\/2026\/04\/01\/camara-de-lisboa-preve-abate-de-apenas-dois-platanos-em-entrecampos\/#primaryimage"},"image":{"@id":"https:\/\/portaltela.pt\/noticias\/2026\/04\/01\/camara-de-lisboa-preve-abate-de-apenas-dois-platanos-em-entrecampos\/#primaryimage"},"thumbnailUrl":"https:\/\/portaltela.pt\/s.01k8rhncp4jt1\/2026\/04\/img_1500x1000uu2021-04-21-00-40-37-1031438.jpg","datePublished":"2026-04-01T14:47:30+00:00","author":{"@id":"https:\/\/portaltela.pt\/#\/schema\/person\/c4278d4a6028830caff9ee44b42d32ed"},"breadcrumb":{"@id":"https:\/\/portaltela.pt\/noticias\/2026\/04\/01\/camara-de-lisboa-preve-abate-de-apenas-dois-platanos-em-entrecampos\/#breadcrumb"},"inLanguage":"pt-PT","potentialAction":[{"@type":"ReadAction","target":["https:\/\/portaltela.pt\/noticias\/2026\/04\/01\/camara-de-lisboa-preve-abate-de-apenas-dois-platanos-em-entrecampos\/"]}]},{"@type":"ImageObject","inLanguage":"pt-PT","@id":"https:\/\/portaltela.pt\/noticias\/2026\/04\/01\/camara-de-lisboa-preve-abate-de-apenas-dois-platanos-em-entrecampos\/#primaryimage","url":"https:\/\/portaltela.pt\/s.01k8rhncp4jt1\/2026\/04\/img_1500x1000uu2021-04-21-00-40-37-1031438.jpg","contentUrl":"https:\/\/portaltela.pt\/s.01k8rhncp4jt1\/2026\/04\/img_1500x1000uu2021-04-21-00-40-37-1031438.jpg","width":796,"height":448,"caption":"Entrecampos"},{"@type":"BreadcrumbList","@id":"https:\/\/portaltela.pt\/noticias\/2026\/04\/01\/camara-de-lisboa-preve-abate-de-apenas-dois-platanos-em-entrecampos\/#breadcrumb","itemListElement":[{"@type":"ListItem","position":1,"name":"In\u00edcio","item":"https:\/\/portaltela.pt\/"},{"@type":"ListItem","position":2,"name":"C\u00e2mara de Lisboa prev\u00ea abate de apenas dois pl\u00e1tanos em Entrecampos"}]},{"@type":"WebSite","@id":"https:\/\/portaltela.pt\/#website","url":"https:\/\/portaltela.pt\/","name":"Portal Tela Portugal","description":"","potentialAction":[{"@type":"SearchAction","target":{"@type":"EntryPoint","urlTemplate":"https:\/\/portaltela.pt\/?s={search_term_string}"},"query-input":{"@type":"PropertyValueSpecification","valueRequired":true,"valueName":"search_term_string"}}],"inLanguage":"pt-PT"},{"@type":"Person","@id":"https:\/\/portaltela.pt\/#\/schema\/person\/c4278d4a6028830caff9ee44b42d32ed","name":"Telinha","image":{"@type":"ImageObject","inLanguage":"pt-PT","@id":"https:\/\/portaltela.pt\/s.01k8rhncp4jt1\/2025\/11\/talking-bot-125x125.png","url":"https:\/\/portaltela.pt\/s.01k8rhncp4jt1\/2025\/11\/talking-bot-125x125.png","contentUrl":"https:\/\/portaltela.pt\/s.01k8rhncp4jt1\/2025\/11\/talking-bot-125x125.png","caption":"Telinha"},"sameAs":["https:\/\/portaltela.pt\/"],"url":"https:\/\/portaltela.pt\/por\/367410592786\/"}]}},"_links":{"self":[{"href":"https:\/\/portaltela.pt\/api\/wp\/v2\/posts\/429327","targetHints":{"allow":["GET"]}}],"collection":[{"href":"https:\/\/portaltela.pt\/api\/wp\/v2\/posts"}],"about":[{"href":"https:\/\/portaltela.pt\/api\/wp\/v2\/types\/post"}],"author":[{"embeddable":true,"href":"https:\/\/portaltela.pt\/api\/wp\/v2\/users\/2"}],"replies":[{"embeddable":true,"href":"https:\/\/portaltela.pt\/api\/wp\/v2\/comments?post=429327"}],"version-history":[{"count":0,"href":"https:\/\/portaltela.pt\/api\/wp\/v2\/posts\/429327\/revisions"}],"wp:featuredmedia":[{"embeddable":true,"href":"https:\/\/portaltela.pt\/api\/wp\/v2\/media\/429328"}],"wp:attachment":[{"href":"https:\/\/portaltela.pt\/api\/wp\/v2\/media?parent=429327"}],"wp:term":[{"taxonomy":"category","embeddable":true,"href":"https:\/\/portaltela.pt\/api\/wp\/v2\/categories?post=429327"},{"taxonomy":"post_tag","embeddable":true,"href":"https:\/\/portaltela.pt\/api\/wp\/v2\/tags?post=429327"}],"curies":[{"name":"wp","href":"https:\/\/api.w.org\/{rel}","templated":true}]}}