{"id":429305,"date":"2026-04-01T11:32:16","date_gmt":"2026-04-01T14:32:16","guid":{"rendered":"https:\/\/portaltela.pt\/noticias\/2026\/04\/01\/condutor-de-camiao-identificado-apos-abalroar-carro-em-braga\/"},"modified":"2026-04-01T11:32:16","modified_gmt":"2026-04-01T14:32:16","slug":"condutor-de-camiao-identificado-apos-abalroar-carro-em-braga","status":"publish","type":"post","link":"https:\/\/portaltela.pt\/noticias\/2026\/04\/01\/condutor-de-camiao-identificado-apos-abalroar-carro-em-braga\/","title":{"rendered":"Condutor de cami\u00e3o identificado ap\u00f3s abalroar carro em Braga"},"content":{"rendered":"<p>Um cami\u00e3o abalroou um carro em Braga, no norte de Portugal, num acidente filmado por testemunhas. O ve\u00edculo pesado circulava a alta velocidade e fez manobras perigosas antes da colis\u00e3o, que provocou o capotamento do carro. O motorista do cami\u00e3o parou cerca de 500 metros do local.<\/p>\n<p>As imagens partilhadas por testemunhas mostram o cami\u00e3o a acelerar e a realizar manobras arriscadas antes do embate. A sequ\u00eancia sugere condu\u00e7\u00e3o imprudente durante o incidente.<\/p>\n<p>O cami\u00e3o foi identificado pelas autoridades locais, que depois apresentaram o motorista para interrogat\u00f3rio. O acidente ocorreu na cidade de Braga, cuja pol\u00edcia est\u00e1 a investigar as circunst\u00e2ncias do incidente.<\/p>\n<p>O condutor do carro ficou ferido e recebeu assist\u00eancia no local. O caso motiva a investiga\u00e7\u00e3o para esclarecer responsabilidades e eventuais infra\u00e7\u00f5es de tr\u00e2nsito.<\/p>\n<h3>Investiga\u00e7\u00e3o em curso<\/h3>\n<p>As autoridades reiteram a import\u00e2ncia do cumprimento das regras de tr\u00e2nsito para evitar acidentes semelhantes.<\/p>\n","protected":false},"excerpt":{"rendered":"<ul>\n<li>Um cami\u00e3o abalroou um carro em Braga, causando o capotamento deste \u00faltimo.<\/li>\n<li>O incidente foi registado em v\u00eddeo, que mostra o cami\u00e3o a alta velocidade e a realizar manobras perigosas antes do embate.<\/li>\n<li>O motorista do cami\u00e3o parou cerca de 500 metros do local do acidente e foi identificado pelas autoridades.<\/li>\n<li>O condutor do carro ficou ferido e recebeu tratamento no local; o acidente ocorreu na cidade de Braga, no norte de Portugal.<\/li>\n<li>As autoridades investigam as circunst\u00e2ncias do abalroamento e apelam ao respeito pelas regras de tr\u00e2nsito para evitar ocorr\u00eancias semelhantes.<\/li>\n<\/ul>\n","protected":false},"author":2,"featured_media":429309,"comment_status":"closed","ping_status":"closed","sticky":false,"template":"","format":"standard","meta":{"footnotes":""},"categories":[6849,1],"tags":[5487,4169,1207,4216,3418,6622],"class_list":["post-429305","post","type-post","status-publish","format-standard","has-post-thumbnail","hentry","category-acidentes","category-noticias","tag-acidente","tag-acidente-rodoviario","tag-braga","tag-condicoes-de-transito","tag-policia-de-seguranca-publica","tag-veiculos"],"yoast_head":"<!-- This site is optimized with the Yoast SEO plugin v27.2 - https:\/\/yoast.com\/product\/yoast-seo-wordpress\/ -->\n<title>Condutor de cami\u00e3o identificado ap\u00f3s abalroar carro em Braga - Portal Tela Portugal<\/title>\n<meta name=\"robots\" content=\"index, follow, max-snippet:-1, max-image-preview:large, max-video-preview:-1\" \/>\n<meta property=\"og:locale\" content=\"pt_PT\" \/>\n<meta property=\"og:type\" content=\"article\" \/>\n<meta property=\"og:title\" content=\"Condutor de cami\u00e3o identificado ap\u00f3s abalroar carro em Braga - Portal Tela Portugal\" \/>\n<meta property=\"og:description\" content=\"Um cami\u00e3o abalroou um carro em Braga, causando o capotamento deste \u00faltimo. O incidente foi registado em v\u00eddeo, que mostra o cami\u00e3o a alta velocidade e a realizar manobras perigosas antes do embate. O motorista do cami\u00e3o parou cerca de 500 metros do local do acidente e foi identificado pelas autoridades. O condutor do carro ficou ferido e recebeu tratamento no local; o acidente ocorreu na cidade de Braga, no norte de Portugal. As autoridades investigam as circunst\u00e2ncias do abalroamento e apelam ao respeito pelas regras de tr\u00e2nsito para evitar ocorr\u00eancias semelhantes.\" \/>\n<meta property=\"og:url\" content=\"https:\/\/portaltela.pt\/noticias\/2026\/04\/01\/condutor-de-camiao-identificado-apos-abalroar-carro-em-braga\/\" \/>\n<meta property=\"og:site_name\" content=\"Portal Tela Portugal\" \/>\n<meta property=\"article:published_time\" content=\"2026-04-01T14:32:16+00:00\" \/>\n<meta name=\"author\" content=\"Telinha\" \/>\n<meta name=\"twitter:card\" content=\"summary_large_image\" \/>\n<meta name=\"twitter:label1\" content=\"Escrito por\" \/>\n\t<meta name=\"twitter:data1\" content=\"Telinha\" \/>\n\t<meta name=\"twitter:label2\" content=\"Tempo estimado de leitura\" \/>\n\t<meta name=\"twitter:data2\" content=\"1 minuto\" \/>\n<script type=\"application\/ld+json\" class=\"yoast-schema-graph\">{\"@context\":\"https:\/\/schema.org\",\"@graph\":[{\"@type\":\"Article\",\"@id\":\"https:\/\/portaltela.pt\/noticias\/2026\/04\/01\/condutor-de-camiao-identificado-apos-abalroar-carro-em-braga\/#article\",\"isPartOf\":{\"@id\":\"https:\/\/portaltela.pt\/noticias\/2026\/04\/01\/condutor-de-camiao-identificado-apos-abalroar-carro-em-braga\/\"},\"author\":{\"name\":\"Telinha\",\"@id\":\"https:\/\/portaltela.pt\/#\/schema\/person\/c4278d4a6028830caff9ee44b42d32ed\"},\"headline\":\"Condutor de cami\u00e3o identificado ap\u00f3s abalroar carro em Braga\",\"datePublished\":\"2026-04-01T14:32:16+00:00\",\"mainEntityOfPage\":{\"@id\":\"https:\/\/portaltela.pt\/noticias\/2026\/04\/01\/condutor-de-camiao-identificado-apos-abalroar-carro-em-braga\/\"},\"wordCount\":173,\"image\":{\"@id\":\"https:\/\/portaltela.pt\/noticias\/2026\/04\/01\/condutor-de-camiao-identificado-apos-abalroar-carro-em-braga\/#primaryimage\"},\"thumbnailUrl\":\"https:\/\/portaltela.pt\/s.01k8rhncp4jt1\/2026\/04\/img_1280x722uu2026-04-01-15-11-40-2276059.jpg\",\"keywords\":[\"acidente\",\"acidente rodovi\u00e1rio\",\"Braga\",\"condi\u00e7\u00f5es de tr\u00e2nsito\",\"Pol\u00edcia de Seguran\u00e7a P\u00fablica\",\"ve\u00edculos\"],\"articleSection\":[\"Acidentes\",\"Not\u00edcias\"],\"inLanguage\":\"pt-PT\"},{\"@type\":\"WebPage\",\"@id\":\"https:\/\/portaltela.pt\/noticias\/2026\/04\/01\/condutor-de-camiao-identificado-apos-abalroar-carro-em-braga\/\",\"url\":\"https:\/\/portaltela.pt\/noticias\/2026\/04\/01\/condutor-de-camiao-identificado-apos-abalroar-carro-em-braga\/\",\"name\":\"Condutor de cami\u00e3o identificado ap\u00f3s abalroar carro em Braga - Portal Tela Portugal\",\"isPartOf\":{\"@id\":\"https:\/\/portaltela.pt\/#website\"},\"primaryImageOfPage\":{\"@id\":\"https:\/\/portaltela.pt\/noticias\/2026\/04\/01\/condutor-de-camiao-identificado-apos-abalroar-carro-em-braga\/#primaryimage\"},\"image\":{\"@id\":\"https:\/\/portaltela.pt\/noticias\/2026\/04\/01\/condutor-de-camiao-identificado-apos-abalroar-carro-em-braga\/#primaryimage\"},\"thumbnailUrl\":\"https:\/\/portaltela.pt\/s.01k8rhncp4jt1\/2026\/04\/img_1280x722uu2026-04-01-15-11-40-2276059.jpg\",\"datePublished\":\"2026-04-01T14:32:16+00:00\",\"author\":{\"@id\":\"https:\/\/portaltela.pt\/#\/schema\/person\/c4278d4a6028830caff9ee44b42d32ed\"},\"breadcrumb\":{\"@id\":\"https:\/\/portaltela.pt\/noticias\/2026\/04\/01\/condutor-de-camiao-identificado-apos-abalroar-carro-em-braga\/#breadcrumb\"},\"inLanguage\":\"pt-PT\",\"potentialAction\":[{\"@type\":\"ReadAction\",\"target\":[\"https:\/\/portaltela.pt\/noticias\/2026\/04\/01\/condutor-de-camiao-identificado-apos-abalroar-carro-em-braga\/\"]}]},{\"@type\":\"ImageObject\",\"inLanguage\":\"pt-PT\",\"@id\":\"https:\/\/portaltela.pt\/noticias\/2026\/04\/01\/condutor-de-camiao-identificado-apos-abalroar-carro-em-braga\/#primaryimage\",\"url\":\"https:\/\/portaltela.pt\/s.01k8rhncp4jt1\/2026\/04\/img_1280x722uu2026-04-01-15-11-40-2276059.jpg\",\"contentUrl\":\"https:\/\/portaltela.pt\/s.01k8rhncp4jt1\/2026\/04\/img_1280x722uu2026-04-01-15-11-40-2276059.jpg\",\"width\":796,\"height\":448,\"caption\":\"Condutor de cami\u00e3o identificado ap\u00f3s abalroar carro em Braga\"},{\"@type\":\"BreadcrumbList\",\"@id\":\"https:\/\/portaltela.pt\/noticias\/2026\/04\/01\/condutor-de-camiao-identificado-apos-abalroar-carro-em-braga\/#breadcrumb\",\"itemListElement\":[{\"@type\":\"ListItem\",\"position\":1,\"name\":\"In\u00edcio\",\"item\":\"https:\/\/portaltela.pt\/\"},{\"@type\":\"ListItem\",\"position\":2,\"name\":\"Condutor de cami\u00e3o identificado ap\u00f3s abalroar carro em Braga\"}]},{\"@type\":\"WebSite\",\"@id\":\"https:\/\/portaltela.pt\/#website\",\"url\":\"https:\/\/portaltela.pt\/\",\"name\":\"Portal Tela Portugal\",\"description\":\"\",\"potentialAction\":[{\"@type\":\"SearchAction\",\"target\":{\"@type\":\"EntryPoint\",\"urlTemplate\":\"https:\/\/portaltela.pt\/?s={search_term_string}\"},\"query-input\":{\"@type\":\"PropertyValueSpecification\",\"valueRequired\":true,\"valueName\":\"search_term_string\"}}],\"inLanguage\":\"pt-PT\"},{\"@type\":\"Person\",\"@id\":\"https:\/\/portaltela.pt\/#\/schema\/person\/c4278d4a6028830caff9ee44b42d32ed\",\"name\":\"Telinha\",\"image\":{\"@type\":\"ImageObject\",\"inLanguage\":\"pt-PT\",\"@id\":\"https:\/\/portaltela.pt\/s.01k8rhncp4jt1\/2025\/11\/talking-bot-125x125.png\",\"url\":\"https:\/\/portaltela.pt\/s.01k8rhncp4jt1\/2025\/11\/talking-bot-125x125.png\",\"contentUrl\":\"https:\/\/portaltela.pt\/s.01k8rhncp4jt1\/2025\/11\/talking-bot-125x125.png\",\"caption\":\"Telinha\"},\"sameAs\":[\"https:\/\/portaltela.pt\/\"],\"url\":\"https:\/\/portaltela.pt\/por\/367410592786\/\"}]}<\/script>\n<!-- \/ Yoast SEO plugin. -->","yoast_head_json":{"title":"Condutor de cami\u00e3o identificado ap\u00f3s abalroar carro em Braga - Portal Tela Portugal","robots":{"index":"index","follow":"follow","max-snippet":"max-snippet:-1","max-image-preview":"max-image-preview:large","max-video-preview":"max-video-preview:-1"},"og_locale":"pt_PT","og_type":"article","og_title":"Condutor de cami\u00e3o identificado ap\u00f3s abalroar carro em Braga - Portal Tela Portugal","og_description":"Um cami\u00e3o abalroou um carro em Braga, causando o capotamento deste \u00faltimo. O incidente foi registado em v\u00eddeo, que mostra o cami\u00e3o a alta velocidade e a realizar manobras perigosas antes do embate. O motorista do cami\u00e3o parou cerca de 500 metros do local do acidente e foi identificado pelas autoridades. O condutor do carro ficou ferido e recebeu tratamento no local; o acidente ocorreu na cidade de Braga, no norte de Portugal. As autoridades investigam as circunst\u00e2ncias do abalroamento e apelam ao respeito pelas regras de tr\u00e2nsito para evitar ocorr\u00eancias semelhantes.","og_url":"https:\/\/portaltela.pt\/noticias\/2026\/04\/01\/condutor-de-camiao-identificado-apos-abalroar-carro-em-braga\/","og_site_name":"Portal Tela Portugal","article_published_time":"2026-04-01T14:32:16+00:00","author":"Telinha","twitter_card":"summary_large_image","twitter_misc":{"Escrito por":"Telinha","Tempo estimado de leitura":"1 minuto"},"schema":{"@context":"https:\/\/schema.org","@graph":[{"@type":"Article","@id":"https:\/\/portaltela.pt\/noticias\/2026\/04\/01\/condutor-de-camiao-identificado-apos-abalroar-carro-em-braga\/#article","isPartOf":{"@id":"https:\/\/portaltela.pt\/noticias\/2026\/04\/01\/condutor-de-camiao-identificado-apos-abalroar-carro-em-braga\/"},"author":{"name":"Telinha","@id":"https:\/\/portaltela.pt\/#\/schema\/person\/c4278d4a6028830caff9ee44b42d32ed"},"headline":"Condutor de cami\u00e3o identificado ap\u00f3s abalroar carro em Braga","datePublished":"2026-04-01T14:32:16+00:00","mainEntityOfPage":{"@id":"https:\/\/portaltela.pt\/noticias\/2026\/04\/01\/condutor-de-camiao-identificado-apos-abalroar-carro-em-braga\/"},"wordCount":173,"image":{"@id":"https:\/\/portaltela.pt\/noticias\/2026\/04\/01\/condutor-de-camiao-identificado-apos-abalroar-carro-em-braga\/#primaryimage"},"thumbnailUrl":"https:\/\/portaltela.pt\/s.01k8rhncp4jt1\/2026\/04\/img_1280x722uu2026-04-01-15-11-40-2276059.jpg","keywords":["acidente","acidente rodovi\u00e1rio","Braga","condi\u00e7\u00f5es de tr\u00e2nsito","Pol\u00edcia de Seguran\u00e7a P\u00fablica","ve\u00edculos"],"articleSection":["Acidentes","Not\u00edcias"],"inLanguage":"pt-PT"},{"@type":"WebPage","@id":"https:\/\/portaltela.pt\/noticias\/2026\/04\/01\/condutor-de-camiao-identificado-apos-abalroar-carro-em-braga\/","url":"https:\/\/portaltela.pt\/noticias\/2026\/04\/01\/condutor-de-camiao-identificado-apos-abalroar-carro-em-braga\/","name":"Condutor de cami\u00e3o identificado ap\u00f3s abalroar carro em Braga - Portal Tela Portugal","isPartOf":{"@id":"https:\/\/portaltela.pt\/#website"},"primaryImageOfPage":{"@id":"https:\/\/portaltela.pt\/noticias\/2026\/04\/01\/condutor-de-camiao-identificado-apos-abalroar-carro-em-braga\/#primaryimage"},"image":{"@id":"https:\/\/portaltela.pt\/noticias\/2026\/04\/01\/condutor-de-camiao-identificado-apos-abalroar-carro-em-braga\/#primaryimage"},"thumbnailUrl":"https:\/\/portaltela.pt\/s.01k8rhncp4jt1\/2026\/04\/img_1280x722uu2026-04-01-15-11-40-2276059.jpg","datePublished":"2026-04-01T14:32:16+00:00","author":{"@id":"https:\/\/portaltela.pt\/#\/schema\/person\/c4278d4a6028830caff9ee44b42d32ed"},"breadcrumb":{"@id":"https:\/\/portaltela.pt\/noticias\/2026\/04\/01\/condutor-de-camiao-identificado-apos-abalroar-carro-em-braga\/#breadcrumb"},"inLanguage":"pt-PT","potentialAction":[{"@type":"ReadAction","target":["https:\/\/portaltela.pt\/noticias\/2026\/04\/01\/condutor-de-camiao-identificado-apos-abalroar-carro-em-braga\/"]}]},{"@type":"ImageObject","inLanguage":"pt-PT","@id":"https:\/\/portaltela.pt\/noticias\/2026\/04\/01\/condutor-de-camiao-identificado-apos-abalroar-carro-em-braga\/#primaryimage","url":"https:\/\/portaltela.pt\/s.01k8rhncp4jt1\/2026\/04\/img_1280x722uu2026-04-01-15-11-40-2276059.jpg","contentUrl":"https:\/\/portaltela.pt\/s.01k8rhncp4jt1\/2026\/04\/img_1280x722uu2026-04-01-15-11-40-2276059.jpg","width":796,"height":448,"caption":"Condutor de cami\u00e3o identificado ap\u00f3s abalroar carro em Braga"},{"@type":"BreadcrumbList","@id":"https:\/\/portaltela.pt\/noticias\/2026\/04\/01\/condutor-de-camiao-identificado-apos-abalroar-carro-em-braga\/#breadcrumb","itemListElement":[{"@type":"ListItem","position":1,"name":"In\u00edcio","item":"https:\/\/portaltela.pt\/"},{"@type":"ListItem","position":2,"name":"Condutor de cami\u00e3o identificado ap\u00f3s abalroar carro em Braga"}]},{"@type":"WebSite","@id":"https:\/\/portaltela.pt\/#website","url":"https:\/\/portaltela.pt\/","name":"Portal Tela Portugal","description":"","potentialAction":[{"@type":"SearchAction","target":{"@type":"EntryPoint","urlTemplate":"https:\/\/portaltela.pt\/?s={search_term_string}"},"query-input":{"@type":"PropertyValueSpecification","valueRequired":true,"valueName":"search_term_string"}}],"inLanguage":"pt-PT"},{"@type":"Person","@id":"https:\/\/portaltela.pt\/#\/schema\/person\/c4278d4a6028830caff9ee44b42d32ed","name":"Telinha","image":{"@type":"ImageObject","inLanguage":"pt-PT","@id":"https:\/\/portaltela.pt\/s.01k8rhncp4jt1\/2025\/11\/talking-bot-125x125.png","url":"https:\/\/portaltela.pt\/s.01k8rhncp4jt1\/2025\/11\/talking-bot-125x125.png","contentUrl":"https:\/\/portaltela.pt\/s.01k8rhncp4jt1\/2025\/11\/talking-bot-125x125.png","caption":"Telinha"},"sameAs":["https:\/\/portaltela.pt\/"],"url":"https:\/\/portaltela.pt\/por\/367410592786\/"}]}},"_links":{"self":[{"href":"https:\/\/portaltela.pt\/api\/wp\/v2\/posts\/429305","targetHints":{"allow":["GET"]}}],"collection":[{"href":"https:\/\/portaltela.pt\/api\/wp\/v2\/posts"}],"about":[{"href":"https:\/\/portaltela.pt\/api\/wp\/v2\/types\/post"}],"author":[{"embeddable":true,"href":"https:\/\/portaltela.pt\/api\/wp\/v2\/users\/2"}],"replies":[{"embeddable":true,"href":"https:\/\/portaltela.pt\/api\/wp\/v2\/comments?post=429305"}],"version-history":[{"count":0,"href":"https:\/\/portaltela.pt\/api\/wp\/v2\/posts\/429305\/revisions"}],"wp:featuredmedia":[{"embeddable":true,"href":"https:\/\/portaltela.pt\/api\/wp\/v2\/media\/429309"}],"wp:attachment":[{"href":"https:\/\/portaltela.pt\/api\/wp\/v2\/media?parent=429305"}],"wp:term":[{"taxonomy":"category","embeddable":true,"href":"https:\/\/portaltela.pt\/api\/wp\/v2\/categories?post=429305"},{"taxonomy":"post_tag","embeddable":true,"href":"https:\/\/portaltela.pt\/api\/wp\/v2\/tags?post=429305"}],"curies":[{"name":"wp","href":"https:\/\/api.w.org\/{rel}","templated":true}]}}