{"id":429304,"date":"2026-04-01T11:32:16","date_gmt":"2026-04-01T14:32:16","guid":{"rendered":"https:\/\/portaltela.pt\/noticias\/2026\/04\/01\/primeiro-ministro-sueco-permite-entrada-de-extrema-direita-no-governo\/"},"modified":"2026-04-01T11:32:16","modified_gmt":"2026-04-01T14:32:16","slug":"primeiro-ministro-sueco-permite-entrada-de-extrema-direita-no-governo","status":"publish","type":"post","link":"https:\/\/portaltela.pt\/noticias\/internacional\/2026\/04\/01\/primeiro-ministro-sueco-permite-entrada-de-extrema-direita-no-governo\/","title":{"rendered":"Primeiro-ministro sueco permite entrada de extrema-direita no governo"},"content":{"rendered":"<p>O primeiro-ministro sueco, Ulf Kristersson, afirmou que o seu partido de centro-direita ir\u00e1 permitir que um advers\u00e1rio de extrema-direita entre no Governo, caso as elei\u00e7\u00f5es deste ano devolvam uma maioria \u00e0 direita. A decis\u00e3o envolve integrar o partido Democratas Suecos na esfera pol\u00edtica convencional, sem atribuir lugares no executivo a este grupo de forma autom\u00e1tica.<\/p>\n<p>Kristersson lidera um governo de coaliz\u00e3o desde 2022, apoiado pelos Democratas Suecos para obter maioria parlamentar, mas ainda sem participa\u00e7\u00e3o direta no Executivo. Os Democratas Suecos foram criados em 1988 por pessoas com liga\u00e7\u00f5es a grupos de extrema-direita, incluindo neonazis. N\u00facleo do partido evoluiu para uma posi\u00e7\u00e3o mais central, expulsando membros abertamente racistas sob Jimmie Akesson, que dirige a forma\u00e7\u00e3o desde 2005.<\/p>\n<h3>Alinhamento e contornos da mudan\u00e7a<\/h3>\n<p>Com a subida de Akesson, os Democratas Suecos passaram a ser o segundo maior partido da Su\u00e9cia, alcan\u00e7ando 20,5% dos votos em 2022, \u00e0 frente do Partido Moderado. Apesar da aproxima\u00e7\u00e3o ao centro, a linha sobre imigra\u00e7\u00e3o mant\u00e9m-se firme. O crescimento do partido reflete uma tend\u00eancia observada em v\u00e1rios pa\u00edses europeus.<\/p>\n<p>Um ponto de viragem, segundo Kristersson, ocorreu com o sinal dado pelos Liberais, parceiros minorit\u00e1rios no Governo, que indicaram disponibilidade para integrar os Democratas Suecos no futuro Executivo. Kristersson descreveu a decis\u00e3o como corajosa durante a confer\u00eancia de imprensa em que anunciaram o acordo com Akesson, citado pela ag\u00eancia TT.<\/p>\n<h3>Contexto pol\u00edtico e perspetivas<\/h3>\n<p>O acordo prev\u00ea que Kristersson permane\u00e7a como candidato a primeiro-ministro, mesmo que o Democratas Suecos venham a ser o partido mais votado. A atribui\u00e7\u00e3o de responsabilidades significativas em mat\u00e9ria de imigra\u00e7\u00e3o ficar\u00e1 com o partido de Akesson, segundo o an\u00fancio. O objetivo \u00e9 manter um Governo operacional face a crises globais em curso.<\/p>\n","protected":false},"excerpt":{"rendered":"<ul>\n<li>O primeiro-ministro Ulf Kristersson disse que o seu partido Moderados vai permitir que os Democratas Suecos entrem no Governo caso a direita obtenha maioria nas elei\u00e7\u00f5es de 13 de setembro.<\/li>\n<li>Os Democratas Suecos foram criados em 1988 por antigas figuras de grupos de extrema-direita e, sob Jimmie Akesson, cresceram para 20,5% nas legislativas de 2022.<\/li>\n<li>O partido aproximou-se do centro, mas mant\u00e9m uma linha r\u00edgida na imigra\u00e7\u00e3o; at\u00e9 agora dependia do apoio dos Moderados sem ocupar lugares no executivo.<\/li>\n<li>Os Liberais, aliado menor, j\u00e1 disseram estar dispostos a aceit\u00e1-los num futuro executivo, considerado por Kristersson como um ponto de viragem.<\/li>\n<li>Kristersson continuar\u00e1 como candidato a primeiro-ministro, com os Democratas Suecos a assumir responsabilidades significativas em mat\u00e9ria de imigra\u00e7\u00e3o.<\/li>\n<\/ul>\n","protected":false},"author":2,"featured_media":429308,"comment_status":"closed","ping_status":"closed","sticky":false,"template":"","format":"standard","meta":{"footnotes":""},"categories":[4,7127],"tags":[2487,3446,34,712,1732,2832],"class_list":["post-429304","post","type-post","status-publish","format-standard","has-post-thumbnail","hentry","category-internacional","category-politica-internacional","tag-europa","tag-extremismo","tag-governo","tag-imigracao","tag-partidos","tag-politica"],"yoast_head":"<!-- This site is optimized with the Yoast SEO plugin v27.2 - https:\/\/yoast.com\/product\/yoast-seo-wordpress\/ -->\n<title>Primeiro-ministro sueco permite entrada de extrema-direita no governo - Portal Tela Portugal<\/title>\n<meta name=\"robots\" content=\"index, follow, max-snippet:-1, max-image-preview:large, max-video-preview:-1\" \/>\n<meta property=\"og:locale\" content=\"pt_PT\" \/>\n<meta property=\"og:type\" content=\"article\" \/>\n<meta property=\"og:title\" content=\"Primeiro-ministro sueco permite entrada de extrema-direita no governo - Portal Tela Portugal\" \/>\n<meta property=\"og:description\" content=\"O primeiro-ministro Ulf Kristersson disse que o seu partido Moderados vai permitir que os Democratas Suecos entrem no Governo caso a direita obtenha maioria nas elei\u00e7\u00f5es de 13 de setembro. Os Democratas Suecos foram criados em 1988 por antigas figuras de grupos de extrema-direita e, sob Jimmie Akesson, cresceram para 20,5% nas legislativas de 2022. O partido aproximou-se do centro, mas mant\u00e9m uma linha r\u00edgida na imigra\u00e7\u00e3o; at\u00e9 agora dependia do apoio dos Moderados sem ocupar lugares no executivo. Os Liberais, aliado menor, j\u00e1 disseram estar dispostos a aceit\u00e1-los num futuro executivo, considerado por Kristersson como um ponto de viragem. Kristersson continuar\u00e1 como candidato a primeiro-ministro, com os Democratas Suecos a assumir responsabilidades significativas em mat\u00e9ria de imigra\u00e7\u00e3o.\" \/>\n<meta property=\"og:url\" content=\"https:\/\/portaltela.pt\/noticias\/2026\/04\/01\/primeiro-ministro-sueco-permite-entrada-de-extrema-direita-no-governo\/\" \/>\n<meta property=\"og:site_name\" content=\"Portal Tela Portugal\" \/>\n<meta property=\"article:published_time\" content=\"2026-04-01T14:32:16+00:00\" \/>\n<meta name=\"author\" content=\"Telinha\" \/>\n<meta name=\"twitter:card\" content=\"summary_large_image\" \/>\n<meta name=\"twitter:label1\" content=\"Escrito por\" \/>\n\t<meta name=\"twitter:data1\" content=\"Telinha\" \/>\n\t<meta name=\"twitter:label2\" content=\"Tempo estimado de leitura\" \/>\n\t<meta name=\"twitter:data2\" content=\"2 minutos\" \/>\n<script type=\"application\/ld+json\" class=\"yoast-schema-graph\">{\"@context\":\"https:\/\/schema.org\",\"@graph\":[{\"@type\":\"Article\",\"@id\":\"https:\/\/portaltela.pt\/noticias\/2026\/04\/01\/primeiro-ministro-sueco-permite-entrada-de-extrema-direita-no-governo\/#article\",\"isPartOf\":{\"@id\":\"https:\/\/portaltela.pt\/noticias\/2026\/04\/01\/primeiro-ministro-sueco-permite-entrada-de-extrema-direita-no-governo\/\"},\"author\":{\"name\":\"Telinha\",\"@id\":\"https:\/\/portaltela.pt\/#\/schema\/person\/c4278d4a6028830caff9ee44b42d32ed\"},\"headline\":\"Primeiro-ministro sueco permite entrada de extrema-direita no governo\",\"datePublished\":\"2026-04-01T14:32:16+00:00\",\"mainEntityOfPage\":{\"@id\":\"https:\/\/portaltela.pt\/noticias\/2026\/04\/01\/primeiro-ministro-sueco-permite-entrada-de-extrema-direita-no-governo\/\"},\"wordCount\":310,\"image\":{\"@id\":\"https:\/\/portaltela.pt\/noticias\/2026\/04\/01\/primeiro-ministro-sueco-permite-entrada-de-extrema-direita-no-governo\/#primaryimage\"},\"thumbnailUrl\":\"https:\/\/portaltela.pt\/s.01k8rhncp4jt1\/2026\/04\/image-37.jpg\",\"keywords\":[\"Europa\",\"extremismo\",\"governo\",\"imigra\u00e7\u00e3o\",\"partidos\",\"pol\u00edtica\"],\"articleSection\":[\"Internacional\",\"Pol\u00edtica Internacional\"],\"inLanguage\":\"pt-PT\"},{\"@type\":\"WebPage\",\"@id\":\"https:\/\/portaltela.pt\/noticias\/2026\/04\/01\/primeiro-ministro-sueco-permite-entrada-de-extrema-direita-no-governo\/\",\"url\":\"https:\/\/portaltela.pt\/noticias\/2026\/04\/01\/primeiro-ministro-sueco-permite-entrada-de-extrema-direita-no-governo\/\",\"name\":\"Primeiro-ministro sueco permite entrada de extrema-direita no governo - Portal Tela Portugal\",\"isPartOf\":{\"@id\":\"https:\/\/portaltela.pt\/#website\"},\"primaryImageOfPage\":{\"@id\":\"https:\/\/portaltela.pt\/noticias\/2026\/04\/01\/primeiro-ministro-sueco-permite-entrada-de-extrema-direita-no-governo\/#primaryimage\"},\"image\":{\"@id\":\"https:\/\/portaltela.pt\/noticias\/2026\/04\/01\/primeiro-ministro-sueco-permite-entrada-de-extrema-direita-no-governo\/#primaryimage\"},\"thumbnailUrl\":\"https:\/\/portaltela.pt\/s.01k8rhncp4jt1\/2026\/04\/image-37.jpg\",\"datePublished\":\"2026-04-01T14:32:16+00:00\",\"author\":{\"@id\":\"https:\/\/portaltela.pt\/#\/schema\/person\/c4278d4a6028830caff9ee44b42d32ed\"},\"breadcrumb\":{\"@id\":\"https:\/\/portaltela.pt\/noticias\/2026\/04\/01\/primeiro-ministro-sueco-permite-entrada-de-extrema-direita-no-governo\/#breadcrumb\"},\"inLanguage\":\"pt-PT\",\"potentialAction\":[{\"@type\":\"ReadAction\",\"target\":[\"https:\/\/portaltela.pt\/noticias\/2026\/04\/01\/primeiro-ministro-sueco-permite-entrada-de-extrema-direita-no-governo\/\"]}]},{\"@type\":\"ImageObject\",\"inLanguage\":\"pt-PT\",\"@id\":\"https:\/\/portaltela.pt\/noticias\/2026\/04\/01\/primeiro-ministro-sueco-permite-entrada-de-extrema-direita-no-governo\/#primaryimage\",\"url\":\"https:\/\/portaltela.pt\/s.01k8rhncp4jt1\/2026\/04\/image-37.jpg\",\"contentUrl\":\"https:\/\/portaltela.pt\/s.01k8rhncp4jt1\/2026\/04\/image-37.jpg\",\"width\":796,\"height\":448,\"caption\":\"O primeiro-ministro sueco Ulf Kristersson\"},{\"@type\":\"BreadcrumbList\",\"@id\":\"https:\/\/portaltela.pt\/noticias\/2026\/04\/01\/primeiro-ministro-sueco-permite-entrada-de-extrema-direita-no-governo\/#breadcrumb\",\"itemListElement\":[{\"@type\":\"ListItem\",\"position\":1,\"name\":\"In\u00edcio\",\"item\":\"https:\/\/portaltela.pt\/\"},{\"@type\":\"ListItem\",\"position\":2,\"name\":\"Primeiro-ministro sueco permite entrada de extrema-direita no governo\"}]},{\"@type\":\"WebSite\",\"@id\":\"https:\/\/portaltela.pt\/#website\",\"url\":\"https:\/\/portaltela.pt\/\",\"name\":\"Portal Tela Portugal\",\"description\":\"\",\"potentialAction\":[{\"@type\":\"SearchAction\",\"target\":{\"@type\":\"EntryPoint\",\"urlTemplate\":\"https:\/\/portaltela.pt\/?s={search_term_string}\"},\"query-input\":{\"@type\":\"PropertyValueSpecification\",\"valueRequired\":true,\"valueName\":\"search_term_string\"}}],\"inLanguage\":\"pt-PT\"},{\"@type\":\"Person\",\"@id\":\"https:\/\/portaltela.pt\/#\/schema\/person\/c4278d4a6028830caff9ee44b42d32ed\",\"name\":\"Telinha\",\"image\":{\"@type\":\"ImageObject\",\"inLanguage\":\"pt-PT\",\"@id\":\"https:\/\/portaltela.pt\/s.01k8rhncp4jt1\/2025\/11\/talking-bot-125x125.png\",\"url\":\"https:\/\/portaltela.pt\/s.01k8rhncp4jt1\/2025\/11\/talking-bot-125x125.png\",\"contentUrl\":\"https:\/\/portaltela.pt\/s.01k8rhncp4jt1\/2025\/11\/talking-bot-125x125.png\",\"caption\":\"Telinha\"},\"sameAs\":[\"https:\/\/portaltela.pt\/\"],\"url\":\"https:\/\/portaltela.pt\/por\/367410592786\/\"}]}<\/script>\n<!-- \/ Yoast SEO plugin. -->","yoast_head_json":{"title":"Primeiro-ministro sueco permite entrada de extrema-direita no governo - Portal Tela Portugal","robots":{"index":"index","follow":"follow","max-snippet":"max-snippet:-1","max-image-preview":"max-image-preview:large","max-video-preview":"max-video-preview:-1"},"og_locale":"pt_PT","og_type":"article","og_title":"Primeiro-ministro sueco permite entrada de extrema-direita no governo - Portal Tela Portugal","og_description":"O primeiro-ministro Ulf Kristersson disse que o seu partido Moderados vai permitir que os Democratas Suecos entrem no Governo caso a direita obtenha maioria nas elei\u00e7\u00f5es de 13 de setembro. Os Democratas Suecos foram criados em 1988 por antigas figuras de grupos de extrema-direita e, sob Jimmie Akesson, cresceram para 20,5% nas legislativas de 2022. O partido aproximou-se do centro, mas mant\u00e9m uma linha r\u00edgida na imigra\u00e7\u00e3o; at\u00e9 agora dependia do apoio dos Moderados sem ocupar lugares no executivo. Os Liberais, aliado menor, j\u00e1 disseram estar dispostos a aceit\u00e1-los num futuro executivo, considerado por Kristersson como um ponto de viragem. Kristersson continuar\u00e1 como candidato a primeiro-ministro, com os Democratas Suecos a assumir responsabilidades significativas em mat\u00e9ria de imigra\u00e7\u00e3o.","og_url":"https:\/\/portaltela.pt\/noticias\/2026\/04\/01\/primeiro-ministro-sueco-permite-entrada-de-extrema-direita-no-governo\/","og_site_name":"Portal Tela Portugal","article_published_time":"2026-04-01T14:32:16+00:00","author":"Telinha","twitter_card":"summary_large_image","twitter_misc":{"Escrito por":"Telinha","Tempo estimado de leitura":"2 minutos"},"schema":{"@context":"https:\/\/schema.org","@graph":[{"@type":"Article","@id":"https:\/\/portaltela.pt\/noticias\/2026\/04\/01\/primeiro-ministro-sueco-permite-entrada-de-extrema-direita-no-governo\/#article","isPartOf":{"@id":"https:\/\/portaltela.pt\/noticias\/2026\/04\/01\/primeiro-ministro-sueco-permite-entrada-de-extrema-direita-no-governo\/"},"author":{"name":"Telinha","@id":"https:\/\/portaltela.pt\/#\/schema\/person\/c4278d4a6028830caff9ee44b42d32ed"},"headline":"Primeiro-ministro sueco permite entrada de extrema-direita no governo","datePublished":"2026-04-01T14:32:16+00:00","mainEntityOfPage":{"@id":"https:\/\/portaltela.pt\/noticias\/2026\/04\/01\/primeiro-ministro-sueco-permite-entrada-de-extrema-direita-no-governo\/"},"wordCount":310,"image":{"@id":"https:\/\/portaltela.pt\/noticias\/2026\/04\/01\/primeiro-ministro-sueco-permite-entrada-de-extrema-direita-no-governo\/#primaryimage"},"thumbnailUrl":"https:\/\/portaltela.pt\/s.01k8rhncp4jt1\/2026\/04\/image-37.jpg","keywords":["Europa","extremismo","governo","imigra\u00e7\u00e3o","partidos","pol\u00edtica"],"articleSection":["Internacional","Pol\u00edtica Internacional"],"inLanguage":"pt-PT"},{"@type":"WebPage","@id":"https:\/\/portaltela.pt\/noticias\/2026\/04\/01\/primeiro-ministro-sueco-permite-entrada-de-extrema-direita-no-governo\/","url":"https:\/\/portaltela.pt\/noticias\/2026\/04\/01\/primeiro-ministro-sueco-permite-entrada-de-extrema-direita-no-governo\/","name":"Primeiro-ministro sueco permite entrada de extrema-direita no governo - Portal Tela Portugal","isPartOf":{"@id":"https:\/\/portaltela.pt\/#website"},"primaryImageOfPage":{"@id":"https:\/\/portaltela.pt\/noticias\/2026\/04\/01\/primeiro-ministro-sueco-permite-entrada-de-extrema-direita-no-governo\/#primaryimage"},"image":{"@id":"https:\/\/portaltela.pt\/noticias\/2026\/04\/01\/primeiro-ministro-sueco-permite-entrada-de-extrema-direita-no-governo\/#primaryimage"},"thumbnailUrl":"https:\/\/portaltela.pt\/s.01k8rhncp4jt1\/2026\/04\/image-37.jpg","datePublished":"2026-04-01T14:32:16+00:00","author":{"@id":"https:\/\/portaltela.pt\/#\/schema\/person\/c4278d4a6028830caff9ee44b42d32ed"},"breadcrumb":{"@id":"https:\/\/portaltela.pt\/noticias\/2026\/04\/01\/primeiro-ministro-sueco-permite-entrada-de-extrema-direita-no-governo\/#breadcrumb"},"inLanguage":"pt-PT","potentialAction":[{"@type":"ReadAction","target":["https:\/\/portaltela.pt\/noticias\/2026\/04\/01\/primeiro-ministro-sueco-permite-entrada-de-extrema-direita-no-governo\/"]}]},{"@type":"ImageObject","inLanguage":"pt-PT","@id":"https:\/\/portaltela.pt\/noticias\/2026\/04\/01\/primeiro-ministro-sueco-permite-entrada-de-extrema-direita-no-governo\/#primaryimage","url":"https:\/\/portaltela.pt\/s.01k8rhncp4jt1\/2026\/04\/image-37.jpg","contentUrl":"https:\/\/portaltela.pt\/s.01k8rhncp4jt1\/2026\/04\/image-37.jpg","width":796,"height":448,"caption":"O primeiro-ministro sueco Ulf Kristersson"},{"@type":"BreadcrumbList","@id":"https:\/\/portaltela.pt\/noticias\/2026\/04\/01\/primeiro-ministro-sueco-permite-entrada-de-extrema-direita-no-governo\/#breadcrumb","itemListElement":[{"@type":"ListItem","position":1,"name":"In\u00edcio","item":"https:\/\/portaltela.pt\/"},{"@type":"ListItem","position":2,"name":"Primeiro-ministro sueco permite entrada de extrema-direita no governo"}]},{"@type":"WebSite","@id":"https:\/\/portaltela.pt\/#website","url":"https:\/\/portaltela.pt\/","name":"Portal Tela Portugal","description":"","potentialAction":[{"@type":"SearchAction","target":{"@type":"EntryPoint","urlTemplate":"https:\/\/portaltela.pt\/?s={search_term_string}"},"query-input":{"@type":"PropertyValueSpecification","valueRequired":true,"valueName":"search_term_string"}}],"inLanguage":"pt-PT"},{"@type":"Person","@id":"https:\/\/portaltela.pt\/#\/schema\/person\/c4278d4a6028830caff9ee44b42d32ed","name":"Telinha","image":{"@type":"ImageObject","inLanguage":"pt-PT","@id":"https:\/\/portaltela.pt\/s.01k8rhncp4jt1\/2025\/11\/talking-bot-125x125.png","url":"https:\/\/portaltela.pt\/s.01k8rhncp4jt1\/2025\/11\/talking-bot-125x125.png","contentUrl":"https:\/\/portaltela.pt\/s.01k8rhncp4jt1\/2025\/11\/talking-bot-125x125.png","caption":"Telinha"},"sameAs":["https:\/\/portaltela.pt\/"],"url":"https:\/\/portaltela.pt\/por\/367410592786\/"}]}},"_links":{"self":[{"href":"https:\/\/portaltela.pt\/api\/wp\/v2\/posts\/429304","targetHints":{"allow":["GET"]}}],"collection":[{"href":"https:\/\/portaltela.pt\/api\/wp\/v2\/posts"}],"about":[{"href":"https:\/\/portaltela.pt\/api\/wp\/v2\/types\/post"}],"author":[{"embeddable":true,"href":"https:\/\/portaltela.pt\/api\/wp\/v2\/users\/2"}],"replies":[{"embeddable":true,"href":"https:\/\/portaltela.pt\/api\/wp\/v2\/comments?post=429304"}],"version-history":[{"count":0,"href":"https:\/\/portaltela.pt\/api\/wp\/v2\/posts\/429304\/revisions"}],"wp:featuredmedia":[{"embeddable":true,"href":"https:\/\/portaltela.pt\/api\/wp\/v2\/media\/429308"}],"wp:attachment":[{"href":"https:\/\/portaltela.pt\/api\/wp\/v2\/media?parent=429304"}],"wp:term":[{"taxonomy":"category","embeddable":true,"href":"https:\/\/portaltela.pt\/api\/wp\/v2\/categories?post=429304"},{"taxonomy":"post_tag","embeddable":true,"href":"https:\/\/portaltela.pt\/api\/wp\/v2\/tags?post=429304"}],"curies":[{"name":"wp","href":"https:\/\/api.w.org\/{rel}","templated":true}]}}