{"id":429299,"date":"2026-04-01T11:32:11","date_gmt":"2026-04-01T14:32:11","guid":{"rendered":"https:\/\/portaltela.pt\/noticias\/2026\/04\/01\/bruce-springsteen-inicia-turne-com-criticas-a-trump\/"},"modified":"2026-04-01T11:32:11","modified_gmt":"2026-04-01T14:32:11","slug":"bruce-springsteen-inicia-turne-com-criticas-a-trump","status":"publish","type":"post","link":"https:\/\/portaltela.pt\/musica\/2026\/04\/01\/bruce-springsteen-inicia-turne-com-criticas-a-trump\/","title":{"rendered":"Bruce Springsteen inicia turn\u00ea com cr\u00edticas a Trump"},"content":{"rendered":"<p>Bruce Springsteen deu in\u00edcio \u00e0 sua nova digress\u00e3o, em Minneapolis, EUA, e dirigiu cr\u00edticas a Donald Trump, chamando-o de incompetente, racista e imprudente.<\/p>\n<p>O concerto abriu a tourn\u00e9e Land of Hope &amp; Dreams. O artista usou o palco para abordar a situa\u00e7\u00e3o pol\u00edtica norte-americana, citando a administra\u00e7\u00e3o atual como respons\u00e1vel por violar princ\u00edpios democr\u00e1ticos.<\/p>\n<p>A atua\u00e7\u00e3o acontece dias ap\u00f3s o m\u00fasico ter participado em manifesta\u00e7\u00f5es contra o governo norte-americano e ap\u00f3s ter estado na linha da frente de mais de uma mobiliza\u00e7\u00e3o.<\/p>\n<p>O hist\u00f3rico recente de Springsteen inclui a presen\u00e7a na tomada de posse de Joe Biden, em 2021, e uma fun\u00e7\u00e3o de oposi\u00e7\u00e3o ao governo de Trump, refor\u00e7ada por palavras ditas no espet\u00e1culo.<\/p>\n<h3>Contexto e declara\u00e7\u00f5es<\/h3>\n<p>Segundo o Daily Mail, o show ocorreu numa cidade destacada por protestos contra a ag\u00eancia de imigra\u00e7\u00e3o ICE, gerando um ambiente de cr\u00edtica pol\u00edtica durante a digress\u00e3o.<\/p>\n<p>No mesmo per\u00edodo, participaram as manifesta\u00e7\u00f5es No Kings, em apoio aos princ\u00edpios democr\u00e1ticos e contra tend\u00eancias autorit\u00e1rias, com liga\u00e7\u00f5es \u00e0 regi\u00e3o de Minneapolis\u2013Saint Paul.<\/p>\n<p>O repert\u00f3rio do concerto abriu com Born in the U.S.A., tema que, na d\u00e9cada de 1980, foi utilizado em campanhas pol\u00edticas.<\/p>\n<p>A atua\u00e7\u00e3o de Springsteen mant\u00e9m o foco em mensagens sobre esperan\u00e7a, liberdade e valores democr\u00e1ticos, sem inscri\u00e7\u00f5es de opini\u00e3o pessoal.<\/p>\n","protected":false},"excerpt":{"rendered":"<ul>\n<li>Bruce Springsteen iniciou a digress\u00e3o em Minneapolis, EUA, e voltou a criticar Donald Trump, descrevendo-o como \u201cincompetente, racista e imprudente\u201d.<\/li>\n<li>O concerto de estreia da digress\u00e3o, chamada Land of Hope &amp; Dreams, ocorreu numa cidade que teve fortes manifesta\u00e7\u00f5es contra a ag\u00eancia para a imigra\u00e7\u00e3o, ICE (Immigration and Customs Enforcement).<\/li>\n<li>No discurso inicial, o m\u00fasico afirmou que a Am\u00e9rica que ama est\u00e1 nas m\u00e3os de uma administra\u00e7\u00e3o corrupta, incompetente, racista, imprudente e traidora.<\/li>\n<li>As declara\u00e7\u00f5es surgem dias depois de Springsteen ter sido a atra\u00e7\u00e3o principal nas manifesta\u00e7\u00f5es No Kings, contra o desfile do 250.\u00ba anivers\u00e1rio do Ex\u00e9rcito dos EUA na \u00e1rea metropolitana de Minneapolis\u2013Saint Paul.<\/li>\n<li>O artista j\u00e1 participou na tomada de posse de Joe Biden, em 2021, e tem-se mostrado opositor do governo de Trump.<\/li>\n<\/ul>\n","protected":false},"author":2,"featured_media":429302,"comment_status":"closed","ping_status":"closed","sticky":false,"template":"","format":"standard","meta":{"footnotes":""},"categories":[6676],"tags":[2795,4953,1600,2691,2832,2857],"class_list":["post-429299","post","type-post","status-publish","format-standard","has-post-thumbnail","hentry","category-musica","tag-democracia","tag-donald-trump","tag-estados-unidos","tag-ice","tag-politica","tag-protestos"],"yoast_head":"<!-- This site is optimized with the Yoast SEO plugin v27.2 - https:\/\/yoast.com\/product\/yoast-seo-wordpress\/ -->\n<title>Bruce Springsteen inicia turn\u00ea com cr\u00edticas a Trump - Portal Tela Portugal<\/title>\n<meta name=\"robots\" content=\"index, follow, max-snippet:-1, max-image-preview:large, max-video-preview:-1\" \/>\n<meta property=\"og:locale\" content=\"pt_PT\" \/>\n<meta property=\"og:type\" content=\"article\" \/>\n<meta property=\"og:title\" content=\"Bruce Springsteen inicia turn\u00ea com cr\u00edticas a Trump - Portal Tela Portugal\" \/>\n<meta property=\"og:description\" content=\"Bruce Springsteen iniciou a digress\u00e3o em Minneapolis, EUA, e voltou a criticar Donald Trump, descrevendo-o como \u201cincompetente, racista e imprudente\u201d. O concerto de estreia da digress\u00e3o, chamada Land of Hope &amp; Dreams, ocorreu numa cidade que teve fortes manifesta\u00e7\u00f5es contra a ag\u00eancia para a imigra\u00e7\u00e3o, ICE (Immigration and Customs Enforcement). No discurso inicial, o m\u00fasico afirmou que a Am\u00e9rica que ama est\u00e1 nas m\u00e3os de uma administra\u00e7\u00e3o corrupta, incompetente, racista, imprudente e traidora. As declara\u00e7\u00f5es surgem dias depois de Springsteen ter sido a atra\u00e7\u00e3o principal nas manifesta\u00e7\u00f5es No Kings, contra o desfile do 250.\u00ba anivers\u00e1rio do Ex\u00e9rcito dos EUA na \u00e1rea metropolitana de Minneapolis\u2013Saint Paul. O artista j\u00e1 participou na tomada de posse de Joe Biden, em 2021, e tem-se mostrado opositor do governo de Trump.\" \/>\n<meta property=\"og:url\" content=\"https:\/\/portaltela.pt\/noticias\/2026\/04\/01\/bruce-springsteen-inicia-turne-com-criticas-a-trump\/\" \/>\n<meta property=\"og:site_name\" content=\"Portal Tela Portugal\" \/>\n<meta property=\"article:published_time\" content=\"2026-04-01T14:32:11+00:00\" \/>\n<meta name=\"author\" content=\"Telinha\" \/>\n<meta name=\"twitter:card\" content=\"summary_large_image\" \/>\n<meta name=\"twitter:label1\" content=\"Escrito por\" \/>\n\t<meta name=\"twitter:data1\" content=\"Telinha\" \/>\n\t<meta name=\"twitter:label2\" content=\"Tempo estimado de leitura\" \/>\n\t<meta name=\"twitter:data2\" content=\"1 minuto\" \/>\n<script type=\"application\/ld+json\" class=\"yoast-schema-graph\">{\"@context\":\"https:\/\/schema.org\",\"@graph\":[{\"@type\":\"Article\",\"@id\":\"https:\/\/portaltela.pt\/noticias\/2026\/04\/01\/bruce-springsteen-inicia-turne-com-criticas-a-trump\/#article\",\"isPartOf\":{\"@id\":\"https:\/\/portaltela.pt\/noticias\/2026\/04\/01\/bruce-springsteen-inicia-turne-com-criticas-a-trump\/\"},\"author\":{\"name\":\"Telinha\",\"@id\":\"https:\/\/portaltela.pt\/#\/schema\/person\/c4278d4a6028830caff9ee44b42d32ed\"},\"headline\":\"Bruce Springsteen inicia turn\u00ea com cr\u00edticas a Trump\",\"datePublished\":\"2026-04-01T14:32:11+00:00\",\"mainEntityOfPage\":{\"@id\":\"https:\/\/portaltela.pt\/noticias\/2026\/04\/01\/bruce-springsteen-inicia-turne-com-criticas-a-trump\/\"},\"wordCount\":262,\"image\":{\"@id\":\"https:\/\/portaltela.pt\/noticias\/2026\/04\/01\/bruce-springsteen-inicia-turne-com-criticas-a-trump\/#primaryimage\"},\"thumbnailUrl\":\"https:\/\/portaltela.pt\/s.01k8rhncp4jt1\/2026\/04\/img_1500x1000uu2017-02-03-12-38-00-596174.jpg\",\"keywords\":[\"democracia\",\"Donald Trump\",\"Estados Unidos\",\"ICE\",\"pol\u00edtica\",\"protestos\"],\"articleSection\":[\"M\u00fasica\"],\"inLanguage\":\"pt-PT\"},{\"@type\":\"WebPage\",\"@id\":\"https:\/\/portaltela.pt\/noticias\/2026\/04\/01\/bruce-springsteen-inicia-turne-com-criticas-a-trump\/\",\"url\":\"https:\/\/portaltela.pt\/noticias\/2026\/04\/01\/bruce-springsteen-inicia-turne-com-criticas-a-trump\/\",\"name\":\"Bruce Springsteen inicia turn\u00ea com cr\u00edticas a Trump - Portal Tela Portugal\",\"isPartOf\":{\"@id\":\"https:\/\/portaltela.pt\/#website\"},\"primaryImageOfPage\":{\"@id\":\"https:\/\/portaltela.pt\/noticias\/2026\/04\/01\/bruce-springsteen-inicia-turne-com-criticas-a-trump\/#primaryimage\"},\"image\":{\"@id\":\"https:\/\/portaltela.pt\/noticias\/2026\/04\/01\/bruce-springsteen-inicia-turne-com-criticas-a-trump\/#primaryimage\"},\"thumbnailUrl\":\"https:\/\/portaltela.pt\/s.01k8rhncp4jt1\/2026\/04\/img_1500x1000uu2017-02-03-12-38-00-596174.jpg\",\"datePublished\":\"2026-04-01T14:32:11+00:00\",\"author\":{\"@id\":\"https:\/\/portaltela.pt\/#\/schema\/person\/c4278d4a6028830caff9ee44b42d32ed\"},\"breadcrumb\":{\"@id\":\"https:\/\/portaltela.pt\/noticias\/2026\/04\/01\/bruce-springsteen-inicia-turne-com-criticas-a-trump\/#breadcrumb\"},\"inLanguage\":\"pt-PT\",\"potentialAction\":[{\"@type\":\"ReadAction\",\"target\":[\"https:\/\/portaltela.pt\/noticias\/2026\/04\/01\/bruce-springsteen-inicia-turne-com-criticas-a-trump\/\"]}]},{\"@type\":\"ImageObject\",\"inLanguage\":\"pt-PT\",\"@id\":\"https:\/\/portaltela.pt\/noticias\/2026\/04\/01\/bruce-springsteen-inicia-turne-com-criticas-a-trump\/#primaryimage\",\"url\":\"https:\/\/portaltela.pt\/s.01k8rhncp4jt1\/2026\/04\/img_1500x1000uu2017-02-03-12-38-00-596174.jpg\",\"contentUrl\":\"https:\/\/portaltela.pt\/s.01k8rhncp4jt1\/2026\/04\/img_1500x1000uu2017-02-03-12-38-00-596174.jpg\",\"width\":796,\"height\":448,\"caption\":\"Bruce Springsteen, EUA, Donald Trump, Malcom Turnbull, Don, Hillary Clinton, Barack Obama, pol\u00edtica, artes, cultura e entretenimento, governo (sistema)\"},{\"@type\":\"BreadcrumbList\",\"@id\":\"https:\/\/portaltela.pt\/noticias\/2026\/04\/01\/bruce-springsteen-inicia-turne-com-criticas-a-trump\/#breadcrumb\",\"itemListElement\":[{\"@type\":\"ListItem\",\"position\":1,\"name\":\"In\u00edcio\",\"item\":\"https:\/\/portaltela.pt\/\"},{\"@type\":\"ListItem\",\"position\":2,\"name\":\"Bruce Springsteen inicia turn\u00ea com cr\u00edticas a Trump\"}]},{\"@type\":\"WebSite\",\"@id\":\"https:\/\/portaltela.pt\/#website\",\"url\":\"https:\/\/portaltela.pt\/\",\"name\":\"Portal Tela Portugal\",\"description\":\"\",\"potentialAction\":[{\"@type\":\"SearchAction\",\"target\":{\"@type\":\"EntryPoint\",\"urlTemplate\":\"https:\/\/portaltela.pt\/?s={search_term_string}\"},\"query-input\":{\"@type\":\"PropertyValueSpecification\",\"valueRequired\":true,\"valueName\":\"search_term_string\"}}],\"inLanguage\":\"pt-PT\"},{\"@type\":\"Person\",\"@id\":\"https:\/\/portaltela.pt\/#\/schema\/person\/c4278d4a6028830caff9ee44b42d32ed\",\"name\":\"Telinha\",\"image\":{\"@type\":\"ImageObject\",\"inLanguage\":\"pt-PT\",\"@id\":\"https:\/\/portaltela.pt\/s.01k8rhncp4jt1\/2025\/11\/talking-bot-125x125.png\",\"url\":\"https:\/\/portaltela.pt\/s.01k8rhncp4jt1\/2025\/11\/talking-bot-125x125.png\",\"contentUrl\":\"https:\/\/portaltela.pt\/s.01k8rhncp4jt1\/2025\/11\/talking-bot-125x125.png\",\"caption\":\"Telinha\"},\"sameAs\":[\"https:\/\/portaltela.pt\/\"],\"url\":\"https:\/\/portaltela.pt\/por\/367410592786\/\"}]}<\/script>\n<!-- \/ Yoast SEO plugin. -->","yoast_head_json":{"title":"Bruce Springsteen inicia turn\u00ea com cr\u00edticas a Trump - Portal Tela Portugal","robots":{"index":"index","follow":"follow","max-snippet":"max-snippet:-1","max-image-preview":"max-image-preview:large","max-video-preview":"max-video-preview:-1"},"og_locale":"pt_PT","og_type":"article","og_title":"Bruce Springsteen inicia turn\u00ea com cr\u00edticas a Trump - Portal Tela Portugal","og_description":"Bruce Springsteen iniciou a digress\u00e3o em Minneapolis, EUA, e voltou a criticar Donald Trump, descrevendo-o como \u201cincompetente, racista e imprudente\u201d. O concerto de estreia da digress\u00e3o, chamada Land of Hope &amp; Dreams, ocorreu numa cidade que teve fortes manifesta\u00e7\u00f5es contra a ag\u00eancia para a imigra\u00e7\u00e3o, ICE (Immigration and Customs Enforcement). No discurso inicial, o m\u00fasico afirmou que a Am\u00e9rica que ama est\u00e1 nas m\u00e3os de uma administra\u00e7\u00e3o corrupta, incompetente, racista, imprudente e traidora. As declara\u00e7\u00f5es surgem dias depois de Springsteen ter sido a atra\u00e7\u00e3o principal nas manifesta\u00e7\u00f5es No Kings, contra o desfile do 250.\u00ba anivers\u00e1rio do Ex\u00e9rcito dos EUA na \u00e1rea metropolitana de Minneapolis\u2013Saint Paul. O artista j\u00e1 participou na tomada de posse de Joe Biden, em 2021, e tem-se mostrado opositor do governo de Trump.","og_url":"https:\/\/portaltela.pt\/noticias\/2026\/04\/01\/bruce-springsteen-inicia-turne-com-criticas-a-trump\/","og_site_name":"Portal Tela Portugal","article_published_time":"2026-04-01T14:32:11+00:00","author":"Telinha","twitter_card":"summary_large_image","twitter_misc":{"Escrito por":"Telinha","Tempo estimado de leitura":"1 minuto"},"schema":{"@context":"https:\/\/schema.org","@graph":[{"@type":"Article","@id":"https:\/\/portaltela.pt\/noticias\/2026\/04\/01\/bruce-springsteen-inicia-turne-com-criticas-a-trump\/#article","isPartOf":{"@id":"https:\/\/portaltela.pt\/noticias\/2026\/04\/01\/bruce-springsteen-inicia-turne-com-criticas-a-trump\/"},"author":{"name":"Telinha","@id":"https:\/\/portaltela.pt\/#\/schema\/person\/c4278d4a6028830caff9ee44b42d32ed"},"headline":"Bruce Springsteen inicia turn\u00ea com cr\u00edticas a Trump","datePublished":"2026-04-01T14:32:11+00:00","mainEntityOfPage":{"@id":"https:\/\/portaltela.pt\/noticias\/2026\/04\/01\/bruce-springsteen-inicia-turne-com-criticas-a-trump\/"},"wordCount":262,"image":{"@id":"https:\/\/portaltela.pt\/noticias\/2026\/04\/01\/bruce-springsteen-inicia-turne-com-criticas-a-trump\/#primaryimage"},"thumbnailUrl":"https:\/\/portaltela.pt\/s.01k8rhncp4jt1\/2026\/04\/img_1500x1000uu2017-02-03-12-38-00-596174.jpg","keywords":["democracia","Donald Trump","Estados Unidos","ICE","pol\u00edtica","protestos"],"articleSection":["M\u00fasica"],"inLanguage":"pt-PT"},{"@type":"WebPage","@id":"https:\/\/portaltela.pt\/noticias\/2026\/04\/01\/bruce-springsteen-inicia-turne-com-criticas-a-trump\/","url":"https:\/\/portaltela.pt\/noticias\/2026\/04\/01\/bruce-springsteen-inicia-turne-com-criticas-a-trump\/","name":"Bruce Springsteen inicia turn\u00ea com cr\u00edticas a Trump - Portal Tela Portugal","isPartOf":{"@id":"https:\/\/portaltela.pt\/#website"},"primaryImageOfPage":{"@id":"https:\/\/portaltela.pt\/noticias\/2026\/04\/01\/bruce-springsteen-inicia-turne-com-criticas-a-trump\/#primaryimage"},"image":{"@id":"https:\/\/portaltela.pt\/noticias\/2026\/04\/01\/bruce-springsteen-inicia-turne-com-criticas-a-trump\/#primaryimage"},"thumbnailUrl":"https:\/\/portaltela.pt\/s.01k8rhncp4jt1\/2026\/04\/img_1500x1000uu2017-02-03-12-38-00-596174.jpg","datePublished":"2026-04-01T14:32:11+00:00","author":{"@id":"https:\/\/portaltela.pt\/#\/schema\/person\/c4278d4a6028830caff9ee44b42d32ed"},"breadcrumb":{"@id":"https:\/\/portaltela.pt\/noticias\/2026\/04\/01\/bruce-springsteen-inicia-turne-com-criticas-a-trump\/#breadcrumb"},"inLanguage":"pt-PT","potentialAction":[{"@type":"ReadAction","target":["https:\/\/portaltela.pt\/noticias\/2026\/04\/01\/bruce-springsteen-inicia-turne-com-criticas-a-trump\/"]}]},{"@type":"ImageObject","inLanguage":"pt-PT","@id":"https:\/\/portaltela.pt\/noticias\/2026\/04\/01\/bruce-springsteen-inicia-turne-com-criticas-a-trump\/#primaryimage","url":"https:\/\/portaltela.pt\/s.01k8rhncp4jt1\/2026\/04\/img_1500x1000uu2017-02-03-12-38-00-596174.jpg","contentUrl":"https:\/\/portaltela.pt\/s.01k8rhncp4jt1\/2026\/04\/img_1500x1000uu2017-02-03-12-38-00-596174.jpg","width":796,"height":448,"caption":"Bruce Springsteen, EUA, Donald Trump, Malcom Turnbull, Don, Hillary Clinton, Barack Obama, pol\u00edtica, artes, cultura e entretenimento, governo (sistema)"},{"@type":"BreadcrumbList","@id":"https:\/\/portaltela.pt\/noticias\/2026\/04\/01\/bruce-springsteen-inicia-turne-com-criticas-a-trump\/#breadcrumb","itemListElement":[{"@type":"ListItem","position":1,"name":"In\u00edcio","item":"https:\/\/portaltela.pt\/"},{"@type":"ListItem","position":2,"name":"Bruce Springsteen inicia turn\u00ea com cr\u00edticas a Trump"}]},{"@type":"WebSite","@id":"https:\/\/portaltela.pt\/#website","url":"https:\/\/portaltela.pt\/","name":"Portal Tela Portugal","description":"","potentialAction":[{"@type":"SearchAction","target":{"@type":"EntryPoint","urlTemplate":"https:\/\/portaltela.pt\/?s={search_term_string}"},"query-input":{"@type":"PropertyValueSpecification","valueRequired":true,"valueName":"search_term_string"}}],"inLanguage":"pt-PT"},{"@type":"Person","@id":"https:\/\/portaltela.pt\/#\/schema\/person\/c4278d4a6028830caff9ee44b42d32ed","name":"Telinha","image":{"@type":"ImageObject","inLanguage":"pt-PT","@id":"https:\/\/portaltela.pt\/s.01k8rhncp4jt1\/2025\/11\/talking-bot-125x125.png","url":"https:\/\/portaltela.pt\/s.01k8rhncp4jt1\/2025\/11\/talking-bot-125x125.png","contentUrl":"https:\/\/portaltela.pt\/s.01k8rhncp4jt1\/2025\/11\/talking-bot-125x125.png","caption":"Telinha"},"sameAs":["https:\/\/portaltela.pt\/"],"url":"https:\/\/portaltela.pt\/por\/367410592786\/"}]}},"_links":{"self":[{"href":"https:\/\/portaltela.pt\/api\/wp\/v2\/posts\/429299","targetHints":{"allow":["GET"]}}],"collection":[{"href":"https:\/\/portaltela.pt\/api\/wp\/v2\/posts"}],"about":[{"href":"https:\/\/portaltela.pt\/api\/wp\/v2\/types\/post"}],"author":[{"embeddable":true,"href":"https:\/\/portaltela.pt\/api\/wp\/v2\/users\/2"}],"replies":[{"embeddable":true,"href":"https:\/\/portaltela.pt\/api\/wp\/v2\/comments?post=429299"}],"version-history":[{"count":0,"href":"https:\/\/portaltela.pt\/api\/wp\/v2\/posts\/429299\/revisions"}],"wp:featuredmedia":[{"embeddable":true,"href":"https:\/\/portaltela.pt\/api\/wp\/v2\/media\/429302"}],"wp:attachment":[{"href":"https:\/\/portaltela.pt\/api\/wp\/v2\/media?parent=429299"}],"wp:term":[{"taxonomy":"category","embeddable":true,"href":"https:\/\/portaltela.pt\/api\/wp\/v2\/categories?post=429299"},{"taxonomy":"post_tag","embeddable":true,"href":"https:\/\/portaltela.pt\/api\/wp\/v2\/tags?post=429299"}],"curies":[{"name":"wp","href":"https:\/\/api.w.org\/{rel}","templated":true}]}}