{"id":429289,"date":"2026-04-01T11:17:05","date_gmt":"2026-04-01T14:17:05","guid":{"rendered":"https:\/\/portaltela.pt\/noticias\/2026\/04\/01\/concurso-de-professores-oferece-mais-de-8-mil-vagas-24-abaixo-de-2023\/"},"modified":"2026-04-01T11:17:05","modified_gmt":"2026-04-01T14:17:05","slug":"concurso-de-professores-oferece-mais-de-8-mil-vagas-24-abaixo-de-2023","status":"publish","type":"post","link":"https:\/\/portaltela.pt\/sociedade\/2026\/04\/01\/concurso-de-professores-oferece-mais-de-8-mil-vagas-24-abaixo-de-2023\/","title":{"rendered":"Concurso de professores oferece mais de 8 mil vagas, 24% abaixo de 2023"},"content":{"rendered":"<p>O concurso interno e externo de coloca\u00e7\u00e3o de professores para o pr\u00f3ximo ano letivo abre com 8465 vagas, entre 4626 em Quadros de Escola e 3839 em Quadros de Zona Pedag\u00f3gica (QZP). O processo decorre at\u00e9 13 de Abril \u00e0s 23h59. Estudantes a concluir mestrados em ensino podem participar, e cerca de 3800 docentes dever\u00e3o passar para os quadros.<\/p>\n<p>As vagas s\u00e3o inferiores em 24% face ao ano anterior, quando foram disponibilizados mais de 11 mil lugares. O despacho de vagas foi publicado no Di\u00e1rio da Rep\u00fablica. Este ajustamento ocorre num contexto de quebras de oferta de docentes em v\u00e1rias regi\u00f5es.<\/p>\n<p>A Fenprof v\u00ea as vagas como insuficientes para responder \u00e0s necessidades do sistema, indicando que a car\u00eancia de professores pode manter-se ou agravar-se. O secret\u00e1rio-geral da federa\u00e7\u00e3o, Jos\u00e9 Feliciano Costa, sustenta que o problema persiste a n\u00edvel global no ensino.<\/p>\n<h3>Rea\u00e7\u00e3o e perspetivas<\/h3>\n<p>A rela\u00e7\u00e3o entre disponibilidade de vagas e necessidades educativas \u00e9 complexa, segundo especialistas da \u00e1rea. Analistas apontam que a distribui\u00e7\u00e3o entre Quadros de Escola e QZP pode influenciar a mobilidade de docentes e o acesso \u00e0s escolas.<\/p>\n<p>A administra\u00e7\u00e3o assegura que o concurso mant\u00e9m regras claras e calend\u00e1rio previs\u00edvel. A abertura de concursos internos e externos visa reunir professores qualificados para o pr\u00f3ximo ano letivo, com prazos discretos para avalia\u00e7\u00e3o de candidaturas.<\/p>\n<h3>Dados-chave do concurso<\/h3>\n<ul>\n<li>Vagas totais: 8465 (4626 Quadros de Escola; 3839 QZP)<\/li>\n<li>Prazo: 13 de Abril, \u00e0s 23h59<\/li>\n<li>Candidatos eleg\u00edveis: docentes em servi\u00e7o e docentes em vias de ingresso, incluindo mestrados em ensino<\/li>\n<li>Varia\u00e7\u00e3o face a 2025: redu\u00e7\u00e3o de cerca de 24%<\/li>\n<\/ul>\n","protected":false},"excerpt":{"rendered":"<ul>\n<li>Os concursos interno e externo de coloca\u00e7\u00e3o de professores para o pr\u00f3ximo ano lectivo t\u00eam 8.465 vagas, com in\u00edcio na quarta-feira e encerramento a 13 de abril \u00e0s 23h59.<\/li>\n<li>A distribui\u00e7\u00e3o \u00e9 de 4.626 vagas em Quadros de Escola e 3.839 vagas em Quadros de Zona Pedag\u00f3gica (QZP).<\/li>\n<li>As vagas s\u00e3o 24% menos do que no ano passado, quando foram abertos mais de 11 mil lugares.<\/li>\n<li>Aproximadamente 3.800 docentes passam para os quadros.<\/li>\n<li>A Federa\u00e7\u00e3o Nacional dos Professores sustenta que as vagas n\u00e3o satisfazem as necessidades, numa perspetiva de que a falta de docentes se tem agravado.<\/li>\n<\/ul>\n","protected":false},"author":2,"featured_media":429290,"comment_status":"closed","ping_status":"closed","sticky":false,"template":"","format":"standard","meta":{"footnotes":""},"categories":[1,6871],"tags":[4121,163,2443,92,1014,97],"class_list":["post-429289","post","type-post","status-publish","format-standard","has-post-thumbnail","hentry","category-noticias","category-sociedade","tag-concursos","tag-educacao","tag-educacao-publica","tag-ensino","tag-portugal","tag-professores"],"yoast_head":"<!-- This site is optimized with the Yoast SEO plugin v27.2 - https:\/\/yoast.com\/product\/yoast-seo-wordpress\/ -->\n<title>Concurso de professores oferece mais de 8 mil vagas, 24% abaixo de 2023 - Portal Tela Portugal<\/title>\n<meta name=\"robots\" content=\"index, follow, max-snippet:-1, max-image-preview:large, max-video-preview:-1\" \/>\n<meta property=\"og:locale\" content=\"pt_PT\" \/>\n<meta property=\"og:type\" content=\"article\" \/>\n<meta property=\"og:title\" content=\"Concurso de professores oferece mais de 8 mil vagas, 24% abaixo de 2023 - Portal Tela Portugal\" \/>\n<meta property=\"og:description\" content=\"Os concursos interno e externo de coloca\u00e7\u00e3o de professores para o pr\u00f3ximo ano lectivo t\u00eam 8.465 vagas, com in\u00edcio na quarta-feira e encerramento a 13 de abril \u00e0s 23h59. A distribui\u00e7\u00e3o \u00e9 de 4.626 vagas em Quadros de Escola e 3.839 vagas em Quadros de Zona Pedag\u00f3gica (QZP). As vagas s\u00e3o 24% menos do que no ano passado, quando foram abertos mais de 11 mil lugares. Aproximadamente 3.800 docentes passam para os quadros. A Federa\u00e7\u00e3o Nacional dos Professores sustenta que as vagas n\u00e3o satisfazem as necessidades, numa perspetiva de que a falta de docentes se tem agravado.\" \/>\n<meta property=\"og:url\" content=\"https:\/\/portaltela.pt\/noticias\/2026\/04\/01\/concurso-de-professores-oferece-mais-de-8-mil-vagas-24-abaixo-de-2023\/\" \/>\n<meta property=\"og:site_name\" content=\"Portal Tela Portugal\" \/>\n<meta property=\"article:published_time\" content=\"2026-04-01T14:17:05+00:00\" \/>\n<meta name=\"author\" content=\"Telinha\" \/>\n<meta name=\"twitter:card\" content=\"summary_large_image\" \/>\n<meta name=\"twitter:label1\" content=\"Escrito por\" \/>\n\t<meta name=\"twitter:data1\" content=\"Telinha\" \/>\n\t<meta name=\"twitter:label2\" content=\"Tempo estimado de leitura\" \/>\n\t<meta name=\"twitter:data2\" content=\"1 minuto\" \/>\n<script type=\"application\/ld+json\" class=\"yoast-schema-graph\">{\"@context\":\"https:\/\/schema.org\",\"@graph\":[{\"@type\":\"Article\",\"@id\":\"https:\/\/portaltela.pt\/noticias\/2026\/04\/01\/concurso-de-professores-oferece-mais-de-8-mil-vagas-24-abaixo-de-2023\/#article\",\"isPartOf\":{\"@id\":\"https:\/\/portaltela.pt\/noticias\/2026\/04\/01\/concurso-de-professores-oferece-mais-de-8-mil-vagas-24-abaixo-de-2023\/\"},\"author\":{\"name\":\"Telinha\",\"@id\":\"https:\/\/portaltela.pt\/#\/schema\/person\/c4278d4a6028830caff9ee44b42d32ed\"},\"headline\":\"Concurso de professores oferece mais de 8 mil vagas, 24% abaixo de 2023\",\"datePublished\":\"2026-04-01T14:17:05+00:00\",\"mainEntityOfPage\":{\"@id\":\"https:\/\/portaltela.pt\/noticias\/2026\/04\/01\/concurso-de-professores-oferece-mais-de-8-mil-vagas-24-abaixo-de-2023\/\"},\"wordCount\":280,\"image\":{\"@id\":\"https:\/\/portaltela.pt\/noticias\/2026\/04\/01\/concurso-de-professores-oferece-mais-de-8-mil-vagas-24-abaixo-de-2023\/#primaryimage\"},\"thumbnailUrl\":\"https:\/\/portaltela.pt\/s.01k8rhncp4jt1\/2026\/04\/2078538.jpg\",\"keywords\":[\"concursos\",\"educa\u00e7\u00e3o\",\"educa\u00e7\u00e3o p\u00fablica\",\"ensino\",\"Portugal\",\"professores\"],\"articleSection\":[\"Not\u00edcias\",\"Sociedade\"],\"inLanguage\":\"pt-PT\"},{\"@type\":\"WebPage\",\"@id\":\"https:\/\/portaltela.pt\/noticias\/2026\/04\/01\/concurso-de-professores-oferece-mais-de-8-mil-vagas-24-abaixo-de-2023\/\",\"url\":\"https:\/\/portaltela.pt\/noticias\/2026\/04\/01\/concurso-de-professores-oferece-mais-de-8-mil-vagas-24-abaixo-de-2023\/\",\"name\":\"Concurso de professores oferece mais de 8 mil vagas, 24% abaixo de 2023 - Portal Tela Portugal\",\"isPartOf\":{\"@id\":\"https:\/\/portaltela.pt\/#website\"},\"primaryImageOfPage\":{\"@id\":\"https:\/\/portaltela.pt\/noticias\/2026\/04\/01\/concurso-de-professores-oferece-mais-de-8-mil-vagas-24-abaixo-de-2023\/#primaryimage\"},\"image\":{\"@id\":\"https:\/\/portaltela.pt\/noticias\/2026\/04\/01\/concurso-de-professores-oferece-mais-de-8-mil-vagas-24-abaixo-de-2023\/#primaryimage\"},\"thumbnailUrl\":\"https:\/\/portaltela.pt\/s.01k8rhncp4jt1\/2026\/04\/2078538.jpg\",\"datePublished\":\"2026-04-01T14:17:05+00:00\",\"author\":{\"@id\":\"https:\/\/portaltela.pt\/#\/schema\/person\/c4278d4a6028830caff9ee44b42d32ed\"},\"breadcrumb\":{\"@id\":\"https:\/\/portaltela.pt\/noticias\/2026\/04\/01\/concurso-de-professores-oferece-mais-de-8-mil-vagas-24-abaixo-de-2023\/#breadcrumb\"},\"inLanguage\":\"pt-PT\",\"potentialAction\":[{\"@type\":\"ReadAction\",\"target\":[\"https:\/\/portaltela.pt\/noticias\/2026\/04\/01\/concurso-de-professores-oferece-mais-de-8-mil-vagas-24-abaixo-de-2023\/\"]}]},{\"@type\":\"ImageObject\",\"inLanguage\":\"pt-PT\",\"@id\":\"https:\/\/portaltela.pt\/noticias\/2026\/04\/01\/concurso-de-professores-oferece-mais-de-8-mil-vagas-24-abaixo-de-2023\/#primaryimage\",\"url\":\"https:\/\/portaltela.pt\/s.01k8rhncp4jt1\/2026\/04\/2078538.jpg\",\"contentUrl\":\"https:\/\/portaltela.pt\/s.01k8rhncp4jt1\/2026\/04\/2078538.jpg\",\"width\":796,\"height\":448,\"caption\":\"Grupos de recrutamento em que mais professores poder\u00e3o vincular s\u00e3o o do 1.\u00ba ciclo, Educa\u00e7\u00e3o Especial e Educa\u00e7\u00e3o Pr\u00e9-Escolar\"},{\"@type\":\"BreadcrumbList\",\"@id\":\"https:\/\/portaltela.pt\/noticias\/2026\/04\/01\/concurso-de-professores-oferece-mais-de-8-mil-vagas-24-abaixo-de-2023\/#breadcrumb\",\"itemListElement\":[{\"@type\":\"ListItem\",\"position\":1,\"name\":\"In\u00edcio\",\"item\":\"https:\/\/portaltela.pt\/\"},{\"@type\":\"ListItem\",\"position\":2,\"name\":\"Concurso de professores oferece mais de 8 mil vagas, 24% abaixo de 2023\"}]},{\"@type\":\"WebSite\",\"@id\":\"https:\/\/portaltela.pt\/#website\",\"url\":\"https:\/\/portaltela.pt\/\",\"name\":\"Portal Tela Portugal\",\"description\":\"\",\"potentialAction\":[{\"@type\":\"SearchAction\",\"target\":{\"@type\":\"EntryPoint\",\"urlTemplate\":\"https:\/\/portaltela.pt\/?s={search_term_string}\"},\"query-input\":{\"@type\":\"PropertyValueSpecification\",\"valueRequired\":true,\"valueName\":\"search_term_string\"}}],\"inLanguage\":\"pt-PT\"},{\"@type\":\"Person\",\"@id\":\"https:\/\/portaltela.pt\/#\/schema\/person\/c4278d4a6028830caff9ee44b42d32ed\",\"name\":\"Telinha\",\"image\":{\"@type\":\"ImageObject\",\"inLanguage\":\"pt-PT\",\"@id\":\"https:\/\/portaltela.pt\/s.01k8rhncp4jt1\/2025\/11\/talking-bot-125x125.png\",\"url\":\"https:\/\/portaltela.pt\/s.01k8rhncp4jt1\/2025\/11\/talking-bot-125x125.png\",\"contentUrl\":\"https:\/\/portaltela.pt\/s.01k8rhncp4jt1\/2025\/11\/talking-bot-125x125.png\",\"caption\":\"Telinha\"},\"sameAs\":[\"https:\/\/portaltela.pt\/\"],\"url\":\"https:\/\/portaltela.pt\/por\/367410592786\/\"}]}<\/script>\n<!-- \/ Yoast SEO plugin. -->","yoast_head_json":{"title":"Concurso de professores oferece mais de 8 mil vagas, 24% abaixo de 2023 - Portal Tela Portugal","robots":{"index":"index","follow":"follow","max-snippet":"max-snippet:-1","max-image-preview":"max-image-preview:large","max-video-preview":"max-video-preview:-1"},"og_locale":"pt_PT","og_type":"article","og_title":"Concurso de professores oferece mais de 8 mil vagas, 24% abaixo de 2023 - Portal Tela Portugal","og_description":"Os concursos interno e externo de coloca\u00e7\u00e3o de professores para o pr\u00f3ximo ano lectivo t\u00eam 8.465 vagas, com in\u00edcio na quarta-feira e encerramento a 13 de abril \u00e0s 23h59. A distribui\u00e7\u00e3o \u00e9 de 4.626 vagas em Quadros de Escola e 3.839 vagas em Quadros de Zona Pedag\u00f3gica (QZP). As vagas s\u00e3o 24% menos do que no ano passado, quando foram abertos mais de 11 mil lugares. Aproximadamente 3.800 docentes passam para os quadros. A Federa\u00e7\u00e3o Nacional dos Professores sustenta que as vagas n\u00e3o satisfazem as necessidades, numa perspetiva de que a falta de docentes se tem agravado.","og_url":"https:\/\/portaltela.pt\/noticias\/2026\/04\/01\/concurso-de-professores-oferece-mais-de-8-mil-vagas-24-abaixo-de-2023\/","og_site_name":"Portal Tela Portugal","article_published_time":"2026-04-01T14:17:05+00:00","author":"Telinha","twitter_card":"summary_large_image","twitter_misc":{"Escrito por":"Telinha","Tempo estimado de leitura":"1 minuto"},"schema":{"@context":"https:\/\/schema.org","@graph":[{"@type":"Article","@id":"https:\/\/portaltela.pt\/noticias\/2026\/04\/01\/concurso-de-professores-oferece-mais-de-8-mil-vagas-24-abaixo-de-2023\/#article","isPartOf":{"@id":"https:\/\/portaltela.pt\/noticias\/2026\/04\/01\/concurso-de-professores-oferece-mais-de-8-mil-vagas-24-abaixo-de-2023\/"},"author":{"name":"Telinha","@id":"https:\/\/portaltela.pt\/#\/schema\/person\/c4278d4a6028830caff9ee44b42d32ed"},"headline":"Concurso de professores oferece mais de 8 mil vagas, 24% abaixo de 2023","datePublished":"2026-04-01T14:17:05+00:00","mainEntityOfPage":{"@id":"https:\/\/portaltela.pt\/noticias\/2026\/04\/01\/concurso-de-professores-oferece-mais-de-8-mil-vagas-24-abaixo-de-2023\/"},"wordCount":280,"image":{"@id":"https:\/\/portaltela.pt\/noticias\/2026\/04\/01\/concurso-de-professores-oferece-mais-de-8-mil-vagas-24-abaixo-de-2023\/#primaryimage"},"thumbnailUrl":"https:\/\/portaltela.pt\/s.01k8rhncp4jt1\/2026\/04\/2078538.jpg","keywords":["concursos","educa\u00e7\u00e3o","educa\u00e7\u00e3o p\u00fablica","ensino","Portugal","professores"],"articleSection":["Not\u00edcias","Sociedade"],"inLanguage":"pt-PT"},{"@type":"WebPage","@id":"https:\/\/portaltela.pt\/noticias\/2026\/04\/01\/concurso-de-professores-oferece-mais-de-8-mil-vagas-24-abaixo-de-2023\/","url":"https:\/\/portaltela.pt\/noticias\/2026\/04\/01\/concurso-de-professores-oferece-mais-de-8-mil-vagas-24-abaixo-de-2023\/","name":"Concurso de professores oferece mais de 8 mil vagas, 24% abaixo de 2023 - Portal Tela Portugal","isPartOf":{"@id":"https:\/\/portaltela.pt\/#website"},"primaryImageOfPage":{"@id":"https:\/\/portaltela.pt\/noticias\/2026\/04\/01\/concurso-de-professores-oferece-mais-de-8-mil-vagas-24-abaixo-de-2023\/#primaryimage"},"image":{"@id":"https:\/\/portaltela.pt\/noticias\/2026\/04\/01\/concurso-de-professores-oferece-mais-de-8-mil-vagas-24-abaixo-de-2023\/#primaryimage"},"thumbnailUrl":"https:\/\/portaltela.pt\/s.01k8rhncp4jt1\/2026\/04\/2078538.jpg","datePublished":"2026-04-01T14:17:05+00:00","author":{"@id":"https:\/\/portaltela.pt\/#\/schema\/person\/c4278d4a6028830caff9ee44b42d32ed"},"breadcrumb":{"@id":"https:\/\/portaltela.pt\/noticias\/2026\/04\/01\/concurso-de-professores-oferece-mais-de-8-mil-vagas-24-abaixo-de-2023\/#breadcrumb"},"inLanguage":"pt-PT","potentialAction":[{"@type":"ReadAction","target":["https:\/\/portaltela.pt\/noticias\/2026\/04\/01\/concurso-de-professores-oferece-mais-de-8-mil-vagas-24-abaixo-de-2023\/"]}]},{"@type":"ImageObject","inLanguage":"pt-PT","@id":"https:\/\/portaltela.pt\/noticias\/2026\/04\/01\/concurso-de-professores-oferece-mais-de-8-mil-vagas-24-abaixo-de-2023\/#primaryimage","url":"https:\/\/portaltela.pt\/s.01k8rhncp4jt1\/2026\/04\/2078538.jpg","contentUrl":"https:\/\/portaltela.pt\/s.01k8rhncp4jt1\/2026\/04\/2078538.jpg","width":796,"height":448,"caption":"Grupos de recrutamento em que mais professores poder\u00e3o vincular s\u00e3o o do 1.\u00ba ciclo, Educa\u00e7\u00e3o Especial e Educa\u00e7\u00e3o Pr\u00e9-Escolar"},{"@type":"BreadcrumbList","@id":"https:\/\/portaltela.pt\/noticias\/2026\/04\/01\/concurso-de-professores-oferece-mais-de-8-mil-vagas-24-abaixo-de-2023\/#breadcrumb","itemListElement":[{"@type":"ListItem","position":1,"name":"In\u00edcio","item":"https:\/\/portaltela.pt\/"},{"@type":"ListItem","position":2,"name":"Concurso de professores oferece mais de 8 mil vagas, 24% abaixo de 2023"}]},{"@type":"WebSite","@id":"https:\/\/portaltela.pt\/#website","url":"https:\/\/portaltela.pt\/","name":"Portal Tela Portugal","description":"","potentialAction":[{"@type":"SearchAction","target":{"@type":"EntryPoint","urlTemplate":"https:\/\/portaltela.pt\/?s={search_term_string}"},"query-input":{"@type":"PropertyValueSpecification","valueRequired":true,"valueName":"search_term_string"}}],"inLanguage":"pt-PT"},{"@type":"Person","@id":"https:\/\/portaltela.pt\/#\/schema\/person\/c4278d4a6028830caff9ee44b42d32ed","name":"Telinha","image":{"@type":"ImageObject","inLanguage":"pt-PT","@id":"https:\/\/portaltela.pt\/s.01k8rhncp4jt1\/2025\/11\/talking-bot-125x125.png","url":"https:\/\/portaltela.pt\/s.01k8rhncp4jt1\/2025\/11\/talking-bot-125x125.png","contentUrl":"https:\/\/portaltela.pt\/s.01k8rhncp4jt1\/2025\/11\/talking-bot-125x125.png","caption":"Telinha"},"sameAs":["https:\/\/portaltela.pt\/"],"url":"https:\/\/portaltela.pt\/por\/367410592786\/"}]}},"_links":{"self":[{"href":"https:\/\/portaltela.pt\/api\/wp\/v2\/posts\/429289","targetHints":{"allow":["GET"]}}],"collection":[{"href":"https:\/\/portaltela.pt\/api\/wp\/v2\/posts"}],"about":[{"href":"https:\/\/portaltela.pt\/api\/wp\/v2\/types\/post"}],"author":[{"embeddable":true,"href":"https:\/\/portaltela.pt\/api\/wp\/v2\/users\/2"}],"replies":[{"embeddable":true,"href":"https:\/\/portaltela.pt\/api\/wp\/v2\/comments?post=429289"}],"version-history":[{"count":0,"href":"https:\/\/portaltela.pt\/api\/wp\/v2\/posts\/429289\/revisions"}],"wp:featuredmedia":[{"embeddable":true,"href":"https:\/\/portaltela.pt\/api\/wp\/v2\/media\/429290"}],"wp:attachment":[{"href":"https:\/\/portaltela.pt\/api\/wp\/v2\/media?parent=429289"}],"wp:term":[{"taxonomy":"category","embeddable":true,"href":"https:\/\/portaltela.pt\/api\/wp\/v2\/categories?post=429289"},{"taxonomy":"post_tag","embeddable":true,"href":"https:\/\/portaltela.pt\/api\/wp\/v2\/tags?post=429289"}],"curies":[{"name":"wp","href":"https:\/\/api.w.org\/{rel}","templated":true}]}}