{"id":429246,"date":"2026-04-01T10:47:22","date_gmt":"2026-04-01T13:47:22","guid":{"rendered":"https:\/\/portaltela.pt\/noticias\/2026\/04\/01\/torneio-super-xv-nao-colide-com-a-divisao-de-honra\/"},"modified":"2026-04-01T10:47:22","modified_gmt":"2026-04-01T13:47:22","slug":"torneio-super-xv-nao-colide-com-a-divisao-de-honra","status":"publish","type":"post","link":"https:\/\/portaltela.pt\/desporto\/copa-do-mundo\/2026\/04\/01\/torneio-super-xv-nao-colide-com-a-divisao-de-honra\/","title":{"rendered":"Torneio Super XV n\u00e3o colide com a Divis\u00e3o de Honra"},"content":{"rendered":"<p>O torneio Super XV, anunciado na ter\u00e7a-feira por uma associa\u00e7\u00e3o de oito clubes nacionais, n\u00e3o vai substituir nem sobrepor a Divis\u00e3o de Honra na atribui\u00e7\u00e3o do t\u00edtulo nacional. A Federa\u00e7\u00e3o Portuguesa de Rugby (FPR) mant\u00e9m o campeonato como decisor do t\u00edtulo.<\/p>\n<p>Os clubes envolvidos s\u00e3o Agronomia, Belenenses, Cascais, S\u00e3o Miguel, CDUL, T\u00e9cnico, Benfica e Direito. O objetivo \u00e9 criar sinergias entre equipes em fases de desenvolvimento, melhorar a gest\u00e3o e abrir caminho para pr\u00e9mios monet\u00e1rios aos clubes. A proposta contempla ainda facilitar a integra\u00e7\u00e3o de jovens talentos na Divis\u00e3o de Honra, especialmente em per\u00edodos de compromissos internacionais.<\/p>\n<h3>Estrutura e ades\u00e3o<\/h3>\n<p>O modelo competitivo est\u00e1 em aberto e j\u00e1 existem v\u00e1rias hip\u00f3teses em an\u00e1lise. O projeto n\u00e3o se limita ao desporto, visando tamb\u00e9m ganhos coletivos como uma central de compras para equipamentos, transportes e seguros. A ideia \u00e9 que a associa\u00e7\u00e3o seja aberta a outros clubes que queiram aderir, desde que cumpra um caderno de encargos.<\/p>\n<h3>Ponto de vista da FPR<\/h3>\n<p>A Federa\u00e7\u00e3o considera a ideia boa, desde que seja uma associa\u00e7\u00e3o acess\u00edvel a novos membros. A proposta pode representar o pontap\u00e9 inicial para uma Liga profissional, mantendo a prioridade nas competi\u00e7\u00f5es internacionais e nas sele\u00e7\u00f5es nacionais. Quaisquer ajustes ser\u00e3o integrados nos calend\u00e1rios oficiais.<\/p>\n","protected":false},"excerpt":{"rendered":"<ul>\n<li>O torneio Super XV, criado por oito clubes nacionais, n\u00e3o vai substituir nem colidir com a Divis\u00e3o de Honra nem o t\u00edtulo nacional continuar\u00e1 a ser atribu\u00eddo pela Divis\u00e3o de Honra.<\/li>\n<li>Os clubes envolvidos s\u00e3o Agronomia, Belenenses, Cascais, S. Miguel, CDUL, T\u00e9cnico e Benfica, com o Direito a participar no projeto.<\/li>\n<li>O objetivo \u00e9 criar sinergias entre clubes em desenvolvimento, desenvolver jogadores e gerar um pr\u00e9mio monet\u00e1rio para as equipas, sem comprometer a sele\u00e7\u00e3o nacional.<\/li>\n<li>O modelo competitivo est\u00e1 por definir, incluindo a eventual utiliza\u00e7\u00e3o da classifica\u00e7\u00e3o da competi\u00e7\u00e3o para apurar o torneio, e tamb\u00e9m abrir a associa\u00e7\u00e3o a outros clubes.<\/li>\n<li>A Federa\u00e7\u00e3o Portuguesa de Rugby (FPR) aponta que a ideia \u00e9 positiva desde que a associa\u00e7\u00e3o seja aberta e com regras claras para ades\u00e3o, podendo eventualmente avan\u00e7ar para uma Liga profissional.<\/li>\n<\/ul>\n","protected":false},"author":2,"featured_media":429249,"comment_status":"closed","ping_status":"closed","sticky":false,"template":"","format":"standard","meta":{"footnotes":""},"categories":[6695,21],"tags":[7693,4925,1946,7692,152,7694],"class_list":["post-429246","post","type-post","status-publish","format-standard","has-post-thumbnail","hentry","category-copa-do-mundo","category-desporto","tag-agronomia","tag-belenenses","tag-benfica","tag-cdul","tag-desporto","tag-tecnico"],"yoast_head":"<!-- This site is optimized with the Yoast SEO plugin v27.2 - https:\/\/yoast.com\/product\/yoast-seo-wordpress\/ -->\n<title>Torneio Super XV n\u00e3o colide com a Divis\u00e3o de Honra - Portal Tela Portugal<\/title>\n<meta name=\"robots\" content=\"index, follow, max-snippet:-1, max-image-preview:large, max-video-preview:-1\" \/>\n<meta property=\"og:locale\" content=\"pt_PT\" \/>\n<meta property=\"og:type\" content=\"article\" \/>\n<meta property=\"og:title\" content=\"Torneio Super XV n\u00e3o colide com a Divis\u00e3o de Honra - Portal Tela Portugal\" \/>\n<meta property=\"og:description\" content=\"O torneio Super XV, criado por oito clubes nacionais, n\u00e3o vai substituir nem colidir com a Divis\u00e3o de Honra nem o t\u00edtulo nacional continuar\u00e1 a ser atribu\u00eddo pela Divis\u00e3o de Honra. Os clubes envolvidos s\u00e3o Agronomia, Belenenses, Cascais, S. Miguel, CDUL, T\u00e9cnico e Benfica, com o Direito a participar no projeto. O objetivo \u00e9 criar sinergias entre clubes em desenvolvimento, desenvolver jogadores e gerar um pr\u00e9mio monet\u00e1rio para as equipas, sem comprometer a sele\u00e7\u00e3o nacional. O modelo competitivo est\u00e1 por definir, incluindo a eventual utiliza\u00e7\u00e3o da classifica\u00e7\u00e3o da competi\u00e7\u00e3o para apurar o torneio, e tamb\u00e9m abrir a associa\u00e7\u00e3o a outros clubes. A Federa\u00e7\u00e3o Portuguesa de Rugby (FPR) aponta que a ideia \u00e9 positiva desde que a associa\u00e7\u00e3o seja aberta e com regras claras para ades\u00e3o, podendo eventualmente avan\u00e7ar para uma Liga profissional.\" \/>\n<meta property=\"og:url\" content=\"https:\/\/portaltela.pt\/noticias\/2026\/04\/01\/torneio-super-xv-nao-colide-com-a-divisao-de-honra\/\" \/>\n<meta property=\"og:site_name\" content=\"Portal Tela Portugal\" \/>\n<meta property=\"article:published_time\" content=\"2026-04-01T13:47:22+00:00\" \/>\n<meta name=\"author\" content=\"Telinha\" \/>\n<meta name=\"twitter:card\" content=\"summary_large_image\" \/>\n<meta name=\"twitter:label1\" content=\"Escrito por\" \/>\n\t<meta name=\"twitter:data1\" content=\"Telinha\" \/>\n\t<meta name=\"twitter:label2\" content=\"Tempo estimado de leitura\" \/>\n\t<meta name=\"twitter:data2\" content=\"1 minuto\" \/>\n<script type=\"application\/ld+json\" class=\"yoast-schema-graph\">{\"@context\":\"https:\/\/schema.org\",\"@graph\":[{\"@type\":\"Article\",\"@id\":\"https:\/\/portaltela.pt\/noticias\/2026\/04\/01\/torneio-super-xv-nao-colide-com-a-divisao-de-honra\/#article\",\"isPartOf\":{\"@id\":\"https:\/\/portaltela.pt\/noticias\/2026\/04\/01\/torneio-super-xv-nao-colide-com-a-divisao-de-honra\/\"},\"author\":{\"name\":\"Telinha\",\"@id\":\"https:\/\/portaltela.pt\/#\/schema\/person\/c4278d4a6028830caff9ee44b42d32ed\"},\"headline\":\"Torneio Super XV n\u00e3o colide com a Divis\u00e3o de Honra\",\"datePublished\":\"2026-04-01T13:47:22+00:00\",\"mainEntityOfPage\":{\"@id\":\"https:\/\/portaltela.pt\/noticias\/2026\/04\/01\/torneio-super-xv-nao-colide-com-a-divisao-de-honra\/\"},\"wordCount\":245,\"image\":{\"@id\":\"https:\/\/portaltela.pt\/noticias\/2026\/04\/01\/torneio-super-xv-nao-colide-com-a-divisao-de-honra\/#primaryimage\"},\"thumbnailUrl\":\"https:\/\/portaltela.pt\/s.01k8rhncp4jt1\/2026\/04\/img_920x518uu2026-04-01-14-33-17-2430475.jpg\",\"keywords\":[\"Agronomia\",\"Belenenses\",\"Benfica\",\"CDUL\",\"desporto\",\"T\u00e9cnico\"],\"articleSection\":[\"Copa do Mundo\",\"Desporto\"],\"inLanguage\":\"pt-PT\"},{\"@type\":\"WebPage\",\"@id\":\"https:\/\/portaltela.pt\/noticias\/2026\/04\/01\/torneio-super-xv-nao-colide-com-a-divisao-de-honra\/\",\"url\":\"https:\/\/portaltela.pt\/noticias\/2026\/04\/01\/torneio-super-xv-nao-colide-com-a-divisao-de-honra\/\",\"name\":\"Torneio Super XV n\u00e3o colide com a Divis\u00e3o de Honra - Portal Tela Portugal\",\"isPartOf\":{\"@id\":\"https:\/\/portaltela.pt\/#website\"},\"primaryImageOfPage\":{\"@id\":\"https:\/\/portaltela.pt\/noticias\/2026\/04\/01\/torneio-super-xv-nao-colide-com-a-divisao-de-honra\/#primaryimage\"},\"image\":{\"@id\":\"https:\/\/portaltela.pt\/noticias\/2026\/04\/01\/torneio-super-xv-nao-colide-com-a-divisao-de-honra\/#primaryimage\"},\"thumbnailUrl\":\"https:\/\/portaltela.pt\/s.01k8rhncp4jt1\/2026\/04\/img_920x518uu2026-04-01-14-33-17-2430475.jpg\",\"datePublished\":\"2026-04-01T13:47:22+00:00\",\"author\":{\"@id\":\"https:\/\/portaltela.pt\/#\/schema\/person\/c4278d4a6028830caff9ee44b42d32ed\"},\"breadcrumb\":{\"@id\":\"https:\/\/portaltela.pt\/noticias\/2026\/04\/01\/torneio-super-xv-nao-colide-com-a-divisao-de-honra\/#breadcrumb\"},\"inLanguage\":\"pt-PT\",\"potentialAction\":[{\"@type\":\"ReadAction\",\"target\":[\"https:\/\/portaltela.pt\/noticias\/2026\/04\/01\/torneio-super-xv-nao-colide-com-a-divisao-de-honra\/\"]}]},{\"@type\":\"ImageObject\",\"inLanguage\":\"pt-PT\",\"@id\":\"https:\/\/portaltela.pt\/noticias\/2026\/04\/01\/torneio-super-xv-nao-colide-com-a-divisao-de-honra\/#primaryimage\",\"url\":\"https:\/\/portaltela.pt\/s.01k8rhncp4jt1\/2026\/04\/img_920x518uu2026-04-01-14-33-17-2430475.jpg\",\"contentUrl\":\"https:\/\/portaltela.pt\/s.01k8rhncp4jt1\/2026\/04\/img_920x518uu2026-04-01-14-33-17-2430475.jpg\",\"width\":796,\"height\":448,\"caption\":\"Log\u00f3tipo do Super XV Portugal\"},{\"@type\":\"BreadcrumbList\",\"@id\":\"https:\/\/portaltela.pt\/noticias\/2026\/04\/01\/torneio-super-xv-nao-colide-com-a-divisao-de-honra\/#breadcrumb\",\"itemListElement\":[{\"@type\":\"ListItem\",\"position\":1,\"name\":\"In\u00edcio\",\"item\":\"https:\/\/portaltela.pt\/\"},{\"@type\":\"ListItem\",\"position\":2,\"name\":\"Torneio Super XV n\u00e3o colide com a Divis\u00e3o de Honra\"}]},{\"@type\":\"WebSite\",\"@id\":\"https:\/\/portaltela.pt\/#website\",\"url\":\"https:\/\/portaltela.pt\/\",\"name\":\"Portal Tela Portugal\",\"description\":\"\",\"potentialAction\":[{\"@type\":\"SearchAction\",\"target\":{\"@type\":\"EntryPoint\",\"urlTemplate\":\"https:\/\/portaltela.pt\/?s={search_term_string}\"},\"query-input\":{\"@type\":\"PropertyValueSpecification\",\"valueRequired\":true,\"valueName\":\"search_term_string\"}}],\"inLanguage\":\"pt-PT\"},{\"@type\":\"Person\",\"@id\":\"https:\/\/portaltela.pt\/#\/schema\/person\/c4278d4a6028830caff9ee44b42d32ed\",\"name\":\"Telinha\",\"image\":{\"@type\":\"ImageObject\",\"inLanguage\":\"pt-PT\",\"@id\":\"https:\/\/portaltela.pt\/s.01k8rhncp4jt1\/2025\/11\/talking-bot-125x125.png\",\"url\":\"https:\/\/portaltela.pt\/s.01k8rhncp4jt1\/2025\/11\/talking-bot-125x125.png\",\"contentUrl\":\"https:\/\/portaltela.pt\/s.01k8rhncp4jt1\/2025\/11\/talking-bot-125x125.png\",\"caption\":\"Telinha\"},\"sameAs\":[\"https:\/\/portaltela.pt\/\"],\"url\":\"https:\/\/portaltela.pt\/por\/367410592786\/\"}]}<\/script>\n<!-- \/ Yoast SEO plugin. -->","yoast_head_json":{"title":"Torneio Super XV n\u00e3o colide com a Divis\u00e3o de Honra - Portal Tela Portugal","robots":{"index":"index","follow":"follow","max-snippet":"max-snippet:-1","max-image-preview":"max-image-preview:large","max-video-preview":"max-video-preview:-1"},"og_locale":"pt_PT","og_type":"article","og_title":"Torneio Super XV n\u00e3o colide com a Divis\u00e3o de Honra - Portal Tela Portugal","og_description":"O torneio Super XV, criado por oito clubes nacionais, n\u00e3o vai substituir nem colidir com a Divis\u00e3o de Honra nem o t\u00edtulo nacional continuar\u00e1 a ser atribu\u00eddo pela Divis\u00e3o de Honra. Os clubes envolvidos s\u00e3o Agronomia, Belenenses, Cascais, S. Miguel, CDUL, T\u00e9cnico e Benfica, com o Direito a participar no projeto. O objetivo \u00e9 criar sinergias entre clubes em desenvolvimento, desenvolver jogadores e gerar um pr\u00e9mio monet\u00e1rio para as equipas, sem comprometer a sele\u00e7\u00e3o nacional. O modelo competitivo est\u00e1 por definir, incluindo a eventual utiliza\u00e7\u00e3o da classifica\u00e7\u00e3o da competi\u00e7\u00e3o para apurar o torneio, e tamb\u00e9m abrir a associa\u00e7\u00e3o a outros clubes. A Federa\u00e7\u00e3o Portuguesa de Rugby (FPR) aponta que a ideia \u00e9 positiva desde que a associa\u00e7\u00e3o seja aberta e com regras claras para ades\u00e3o, podendo eventualmente avan\u00e7ar para uma Liga profissional.","og_url":"https:\/\/portaltela.pt\/noticias\/2026\/04\/01\/torneio-super-xv-nao-colide-com-a-divisao-de-honra\/","og_site_name":"Portal Tela Portugal","article_published_time":"2026-04-01T13:47:22+00:00","author":"Telinha","twitter_card":"summary_large_image","twitter_misc":{"Escrito por":"Telinha","Tempo estimado de leitura":"1 minuto"},"schema":{"@context":"https:\/\/schema.org","@graph":[{"@type":"Article","@id":"https:\/\/portaltela.pt\/noticias\/2026\/04\/01\/torneio-super-xv-nao-colide-com-a-divisao-de-honra\/#article","isPartOf":{"@id":"https:\/\/portaltela.pt\/noticias\/2026\/04\/01\/torneio-super-xv-nao-colide-com-a-divisao-de-honra\/"},"author":{"name":"Telinha","@id":"https:\/\/portaltela.pt\/#\/schema\/person\/c4278d4a6028830caff9ee44b42d32ed"},"headline":"Torneio Super XV n\u00e3o colide com a Divis\u00e3o de Honra","datePublished":"2026-04-01T13:47:22+00:00","mainEntityOfPage":{"@id":"https:\/\/portaltela.pt\/noticias\/2026\/04\/01\/torneio-super-xv-nao-colide-com-a-divisao-de-honra\/"},"wordCount":245,"image":{"@id":"https:\/\/portaltela.pt\/noticias\/2026\/04\/01\/torneio-super-xv-nao-colide-com-a-divisao-de-honra\/#primaryimage"},"thumbnailUrl":"https:\/\/portaltela.pt\/s.01k8rhncp4jt1\/2026\/04\/img_920x518uu2026-04-01-14-33-17-2430475.jpg","keywords":["Agronomia","Belenenses","Benfica","CDUL","desporto","T\u00e9cnico"],"articleSection":["Copa do Mundo","Desporto"],"inLanguage":"pt-PT"},{"@type":"WebPage","@id":"https:\/\/portaltela.pt\/noticias\/2026\/04\/01\/torneio-super-xv-nao-colide-com-a-divisao-de-honra\/","url":"https:\/\/portaltela.pt\/noticias\/2026\/04\/01\/torneio-super-xv-nao-colide-com-a-divisao-de-honra\/","name":"Torneio Super XV n\u00e3o colide com a Divis\u00e3o de Honra - Portal Tela Portugal","isPartOf":{"@id":"https:\/\/portaltela.pt\/#website"},"primaryImageOfPage":{"@id":"https:\/\/portaltela.pt\/noticias\/2026\/04\/01\/torneio-super-xv-nao-colide-com-a-divisao-de-honra\/#primaryimage"},"image":{"@id":"https:\/\/portaltela.pt\/noticias\/2026\/04\/01\/torneio-super-xv-nao-colide-com-a-divisao-de-honra\/#primaryimage"},"thumbnailUrl":"https:\/\/portaltela.pt\/s.01k8rhncp4jt1\/2026\/04\/img_920x518uu2026-04-01-14-33-17-2430475.jpg","datePublished":"2026-04-01T13:47:22+00:00","author":{"@id":"https:\/\/portaltela.pt\/#\/schema\/person\/c4278d4a6028830caff9ee44b42d32ed"},"breadcrumb":{"@id":"https:\/\/portaltela.pt\/noticias\/2026\/04\/01\/torneio-super-xv-nao-colide-com-a-divisao-de-honra\/#breadcrumb"},"inLanguage":"pt-PT","potentialAction":[{"@type":"ReadAction","target":["https:\/\/portaltela.pt\/noticias\/2026\/04\/01\/torneio-super-xv-nao-colide-com-a-divisao-de-honra\/"]}]},{"@type":"ImageObject","inLanguage":"pt-PT","@id":"https:\/\/portaltela.pt\/noticias\/2026\/04\/01\/torneio-super-xv-nao-colide-com-a-divisao-de-honra\/#primaryimage","url":"https:\/\/portaltela.pt\/s.01k8rhncp4jt1\/2026\/04\/img_920x518uu2026-04-01-14-33-17-2430475.jpg","contentUrl":"https:\/\/portaltela.pt\/s.01k8rhncp4jt1\/2026\/04\/img_920x518uu2026-04-01-14-33-17-2430475.jpg","width":796,"height":448,"caption":"Log\u00f3tipo do Super XV Portugal"},{"@type":"BreadcrumbList","@id":"https:\/\/portaltela.pt\/noticias\/2026\/04\/01\/torneio-super-xv-nao-colide-com-a-divisao-de-honra\/#breadcrumb","itemListElement":[{"@type":"ListItem","position":1,"name":"In\u00edcio","item":"https:\/\/portaltela.pt\/"},{"@type":"ListItem","position":2,"name":"Torneio Super XV n\u00e3o colide com a Divis\u00e3o de Honra"}]},{"@type":"WebSite","@id":"https:\/\/portaltela.pt\/#website","url":"https:\/\/portaltela.pt\/","name":"Portal Tela Portugal","description":"","potentialAction":[{"@type":"SearchAction","target":{"@type":"EntryPoint","urlTemplate":"https:\/\/portaltela.pt\/?s={search_term_string}"},"query-input":{"@type":"PropertyValueSpecification","valueRequired":true,"valueName":"search_term_string"}}],"inLanguage":"pt-PT"},{"@type":"Person","@id":"https:\/\/portaltela.pt\/#\/schema\/person\/c4278d4a6028830caff9ee44b42d32ed","name":"Telinha","image":{"@type":"ImageObject","inLanguage":"pt-PT","@id":"https:\/\/portaltela.pt\/s.01k8rhncp4jt1\/2025\/11\/talking-bot-125x125.png","url":"https:\/\/portaltela.pt\/s.01k8rhncp4jt1\/2025\/11\/talking-bot-125x125.png","contentUrl":"https:\/\/portaltela.pt\/s.01k8rhncp4jt1\/2025\/11\/talking-bot-125x125.png","caption":"Telinha"},"sameAs":["https:\/\/portaltela.pt\/"],"url":"https:\/\/portaltela.pt\/por\/367410592786\/"}]}},"_links":{"self":[{"href":"https:\/\/portaltela.pt\/api\/wp\/v2\/posts\/429246","targetHints":{"allow":["GET"]}}],"collection":[{"href":"https:\/\/portaltela.pt\/api\/wp\/v2\/posts"}],"about":[{"href":"https:\/\/portaltela.pt\/api\/wp\/v2\/types\/post"}],"author":[{"embeddable":true,"href":"https:\/\/portaltela.pt\/api\/wp\/v2\/users\/2"}],"replies":[{"embeddable":true,"href":"https:\/\/portaltela.pt\/api\/wp\/v2\/comments?post=429246"}],"version-history":[{"count":0,"href":"https:\/\/portaltela.pt\/api\/wp\/v2\/posts\/429246\/revisions"}],"wp:featuredmedia":[{"embeddable":true,"href":"https:\/\/portaltela.pt\/api\/wp\/v2\/media\/429249"}],"wp:attachment":[{"href":"https:\/\/portaltela.pt\/api\/wp\/v2\/media?parent=429246"}],"wp:term":[{"taxonomy":"category","embeddable":true,"href":"https:\/\/portaltela.pt\/api\/wp\/v2\/categories?post=429246"},{"taxonomy":"post_tag","embeddable":true,"href":"https:\/\/portaltela.pt\/api\/wp\/v2\/tags?post=429246"}],"curies":[{"name":"wp","href":"https:\/\/api.w.org\/{rel}","templated":true}]}}