{"id":429243,"date":"2026-04-01T10:47:18","date_gmt":"2026-04-01T13:47:18","guid":{"rendered":"https:\/\/portaltela.pt\/noticias\/2026\/04\/01\/leitao-amaro-confia-fortemente-na-gestao-da-rtp\/"},"modified":"2026-04-01T10:47:18","modified_gmt":"2026-04-01T13:47:18","slug":"leitao-amaro-confia-fortemente-na-gestao-da-rtp","status":"publish","type":"post","link":"https:\/\/portaltela.pt\/noticias\/politica\/2026\/04\/01\/leitao-amaro-confia-fortemente-na-gestao-da-rtp\/","title":{"rendered":"Leit\u00e3o Amaro confia fortemente na gest\u00e3o da RTP"},"content":{"rendered":"<p>O ministro da Presid\u00eancia, Ant\u00f3nio Leit\u00e3o Amaro, afirmou ter confian\u00e7a profunda no Conselho de Administra\u00e7\u00e3o e nos \u00f3rg\u00e3os diretivos do grupo RTP, no contexto das celebra\u00e7\u00f5es do 30.\u00ba anivers\u00e1rio da RTP \u00c1frica, em Lisboa. O objetivo \u00e9 manter a televis\u00e3o p\u00fablica preparada para o futuro.<\/p>\n<p>Durante o discurso, o ministro sublinhou a import\u00e2ncia da liga\u00e7\u00e3o entre trabalhadores, dirigentes e tutelas para enfrentar a transforma\u00e7\u00e3o dos media, cultura e entretenimento, que inclui uma passagem cada vez mais integrada entre r\u00e1dio, televis\u00e3o e ambiente digital.<\/p>\n<p>Amaro destacou que presentes devem orientar-se pelo futuro, sem ficar agarrados ao passado, e reconheceu os desafios de sustentabilidade que o grupo enfrenta, afirmando que a confian\u00e7a se traduz em prioridade e projeto para defender o futuro da RTP.<\/p>\n<h3>Contexto recente na RTP<\/h3>\n<p>Nesta fase, os trabalhadores aprovaram medidas de luta em resposta a uma proposta de corte salarial apresentada pela Administra\u00e7\u00e3o, incluindo greve, trabalho normal, suplementar e em feriados. O plen\u00e1rio tamb\u00e9m retirou a confian\u00e7a ao Conselho de Administra\u00e7\u00e3o.<\/p>\n<h3>Mudan\u00e7as internas e di\u00e1logo<\/h3>\n<p>A administra\u00e7\u00e3o tem afirmado o compromisso com a transforma\u00e7\u00e3o da RTP e a estabilidade da empresa, num momento de reorganiza\u00e7\u00e3o interna e de adapta\u00e7\u00e3o aos novos formatos de conte\u00fado e plataformas digitais.<\/p>\n<h3>Altera\u00e7\u00e3o na identidade das r\u00e1dios<\/h3>\n<p>Entre os acontecimentos desta semana, a rede RTP atualizou a designa\u00e7\u00e3o das emissoras: Antena 1, Antena 2 e Antena 3 passaram a iniciar o nome com RTP, resultando em RTP Antena 1, RTP Antena 2 e RTP Antena 3.<\/p>\n","protected":false},"excerpt":{"rendered":"<ul>\n<li>O ministro da Presid\u00eancia, Ant\u00f3nio Leit\u00e3o Amaro, afirmou ter \u201cconfian\u00e7a profunda\u201d no Conselho de Administra\u00e7\u00e3o e nos \u00f3rg\u00e3os diretivos da RTP para colocar a empresa no futuro.<\/li>\n<li>A declara\u00e7\u00e3o foi feita durante a celebra\u00e7\u00e3o do 30.\u00ba anivers\u00e1rio da RTP \u00c1frica, em Lisboa.<\/li>\n<li>O ministro enfatizou a necessidade de uni\u00e3o entre trabalhadores, gestores e tutelas para enfrentar a transforma\u00e7\u00e3o do setor dos m\u00e9dias e do digital.<\/li>\n<li>Os trabalhadores da RTP anunciaram greve e formas de luta, ap\u00f3s a proposta de corte salarial, e retiraram confian\u00e7a ao Conselho de Administra\u00e7\u00e3o.<\/li>\n<li>Esta semana, as r\u00e1dios Antena 1, Antena 2 e Antena 3 passaram a integrar o prefixo RTP no in\u00edcio do nome: RTP Antena 1, RTP Antena 2 e RTP Antena 3.<\/li>\n<\/ul>\n","protected":false},"author":2,"featured_media":429244,"comment_status":"closed","ping_status":"closed","sticky":false,"template":"","format":"standard","meta":{"footnotes":""},"categories":[1,5],"tags":[145,2415,34,5563,7409,4025],"class_list":["post-429243","post","type-post","status-publish","format-standard","has-post-thumbnail","hentry","category-noticias","category-politica","tag-cultura","tag-gestao","tag-governo","tag-informacao-publica","tag-televisoes","tag-transicao-digital"],"yoast_head":"<!-- This site is optimized with the Yoast SEO plugin v27.2 - https:\/\/yoast.com\/product\/yoast-seo-wordpress\/ -->\n<title>Leit\u00e3o Amaro confia fortemente na gest\u00e3o da RTP - Portal Tela Portugal<\/title>\n<meta name=\"robots\" content=\"index, follow, max-snippet:-1, max-image-preview:large, max-video-preview:-1\" \/>\n<meta property=\"og:locale\" content=\"pt_PT\" \/>\n<meta property=\"og:type\" content=\"article\" \/>\n<meta property=\"og:title\" content=\"Leit\u00e3o Amaro confia fortemente na gest\u00e3o da RTP - Portal Tela Portugal\" \/>\n<meta property=\"og:description\" content=\"O ministro da Presid\u00eancia, Ant\u00f3nio Leit\u00e3o Amaro, afirmou ter \u201cconfian\u00e7a profunda\u201d no Conselho de Administra\u00e7\u00e3o e nos \u00f3rg\u00e3os diretivos da RTP para colocar a empresa no futuro. A declara\u00e7\u00e3o foi feita durante a celebra\u00e7\u00e3o do 30.\u00ba anivers\u00e1rio da RTP \u00c1frica, em Lisboa. O ministro enfatizou a necessidade de uni\u00e3o entre trabalhadores, gestores e tutelas para enfrentar a transforma\u00e7\u00e3o do setor dos m\u00e9dias e do digital. Os trabalhadores da RTP anunciaram greve e formas de luta, ap\u00f3s a proposta de corte salarial, e retiraram confian\u00e7a ao Conselho de Administra\u00e7\u00e3o. Esta semana, as r\u00e1dios Antena 1, Antena 2 e Antena 3 passaram a integrar o prefixo RTP no in\u00edcio do nome: RTP Antena 1, RTP Antena 2 e RTP Antena 3.\" \/>\n<meta property=\"og:url\" content=\"https:\/\/portaltela.pt\/noticias\/2026\/04\/01\/leitao-amaro-confia-fortemente-na-gestao-da-rtp\/\" \/>\n<meta property=\"og:site_name\" content=\"Portal Tela Portugal\" \/>\n<meta property=\"article:published_time\" content=\"2026-04-01T13:47:18+00:00\" \/>\n<meta name=\"author\" content=\"Telinha\" \/>\n<meta name=\"twitter:card\" content=\"summary_large_image\" \/>\n<meta name=\"twitter:label1\" content=\"Escrito por\" \/>\n\t<meta name=\"twitter:data1\" content=\"Telinha\" \/>\n\t<meta name=\"twitter:label2\" content=\"Tempo estimado de leitura\" \/>\n\t<meta name=\"twitter:data2\" content=\"1 minuto\" \/>\n<script type=\"application\/ld+json\" class=\"yoast-schema-graph\">{\"@context\":\"https:\/\/schema.org\",\"@graph\":[{\"@type\":\"Article\",\"@id\":\"https:\/\/portaltela.pt\/noticias\/2026\/04\/01\/leitao-amaro-confia-fortemente-na-gestao-da-rtp\/#article\",\"isPartOf\":{\"@id\":\"https:\/\/portaltela.pt\/noticias\/2026\/04\/01\/leitao-amaro-confia-fortemente-na-gestao-da-rtp\/\"},\"author\":{\"name\":\"Telinha\",\"@id\":\"https:\/\/portaltela.pt\/#\/schema\/person\/c4278d4a6028830caff9ee44b42d32ed\"},\"headline\":\"Leit\u00e3o Amaro confia fortemente na gest\u00e3o da RTP\",\"datePublished\":\"2026-04-01T13:47:18+00:00\",\"mainEntityOfPage\":{\"@id\":\"https:\/\/portaltela.pt\/noticias\/2026\/04\/01\/leitao-amaro-confia-fortemente-na-gestao-da-rtp\/\"},\"wordCount\":276,\"image\":{\"@id\":\"https:\/\/portaltela.pt\/noticias\/2026\/04\/01\/leitao-amaro-confia-fortemente-na-gestao-da-rtp\/#primaryimage\"},\"thumbnailUrl\":\"https:\/\/portaltela.pt\/s.01k8rhncp4jt1\/2026\/04\/img_1500x1000uu2018-01-22-00-16-00-703265.jpg\",\"keywords\":[\"cultura\",\"gest\u00e3o\",\"governo\",\"informa\u00e7\u00e3o p\u00fablica\",\"televis\u00f5es\",\"Transi\u00e7\u00e3o Digital\"],\"articleSection\":[\"Not\u00edcias\",\"Pol\u00edtica\"],\"inLanguage\":\"pt-PT\"},{\"@type\":\"WebPage\",\"@id\":\"https:\/\/portaltela.pt\/noticias\/2026\/04\/01\/leitao-amaro-confia-fortemente-na-gestao-da-rtp\/\",\"url\":\"https:\/\/portaltela.pt\/noticias\/2026\/04\/01\/leitao-amaro-confia-fortemente-na-gestao-da-rtp\/\",\"name\":\"Leit\u00e3o Amaro confia fortemente na gest\u00e3o da RTP - Portal Tela Portugal\",\"isPartOf\":{\"@id\":\"https:\/\/portaltela.pt\/#website\"},\"primaryImageOfPage\":{\"@id\":\"https:\/\/portaltela.pt\/noticias\/2026\/04\/01\/leitao-amaro-confia-fortemente-na-gestao-da-rtp\/#primaryimage\"},\"image\":{\"@id\":\"https:\/\/portaltela.pt\/noticias\/2026\/04\/01\/leitao-amaro-confia-fortemente-na-gestao-da-rtp\/#primaryimage\"},\"thumbnailUrl\":\"https:\/\/portaltela.pt\/s.01k8rhncp4jt1\/2026\/04\/img_1500x1000uu2018-01-22-00-16-00-703265.jpg\",\"datePublished\":\"2026-04-01T13:47:18+00:00\",\"author\":{\"@id\":\"https:\/\/portaltela.pt\/#\/schema\/person\/c4278d4a6028830caff9ee44b42d32ed\"},\"breadcrumb\":{\"@id\":\"https:\/\/portaltela.pt\/noticias\/2026\/04\/01\/leitao-amaro-confia-fortemente-na-gestao-da-rtp\/#breadcrumb\"},\"inLanguage\":\"pt-PT\",\"potentialAction\":[{\"@type\":\"ReadAction\",\"target\":[\"https:\/\/portaltela.pt\/noticias\/2026\/04\/01\/leitao-amaro-confia-fortemente-na-gestao-da-rtp\/\"]}]},{\"@type\":\"ImageObject\",\"inLanguage\":\"pt-PT\",\"@id\":\"https:\/\/portaltela.pt\/noticias\/2026\/04\/01\/leitao-amaro-confia-fortemente-na-gestao-da-rtp\/#primaryimage\",\"url\":\"https:\/\/portaltela.pt\/s.01k8rhncp4jt1\/2026\/04\/img_1500x1000uu2018-01-22-00-16-00-703265.jpg\",\"contentUrl\":\"https:\/\/portaltela.pt\/s.01k8rhncp4jt1\/2026\/04\/img_1500x1000uu2018-01-22-00-16-00-703265.jpg\",\"width\":796,\"height\":448,\"caption\":\"Contribui\u00e7\u00e3o Audiovisual, criada para financiar a RTP, registou um crescimento de 26,7% entre 2012 e 2018. Este ano, cada consumidor paga 34 euros de taxa\"},{\"@type\":\"BreadcrumbList\",\"@id\":\"https:\/\/portaltela.pt\/noticias\/2026\/04\/01\/leitao-amaro-confia-fortemente-na-gestao-da-rtp\/#breadcrumb\",\"itemListElement\":[{\"@type\":\"ListItem\",\"position\":1,\"name\":\"In\u00edcio\",\"item\":\"https:\/\/portaltela.pt\/\"},{\"@type\":\"ListItem\",\"position\":2,\"name\":\"Leit\u00e3o Amaro confia fortemente na gest\u00e3o da RTP\"}]},{\"@type\":\"WebSite\",\"@id\":\"https:\/\/portaltela.pt\/#website\",\"url\":\"https:\/\/portaltela.pt\/\",\"name\":\"Portal Tela Portugal\",\"description\":\"\",\"potentialAction\":[{\"@type\":\"SearchAction\",\"target\":{\"@type\":\"EntryPoint\",\"urlTemplate\":\"https:\/\/portaltela.pt\/?s={search_term_string}\"},\"query-input\":{\"@type\":\"PropertyValueSpecification\",\"valueRequired\":true,\"valueName\":\"search_term_string\"}}],\"inLanguage\":\"pt-PT\"},{\"@type\":\"Person\",\"@id\":\"https:\/\/portaltela.pt\/#\/schema\/person\/c4278d4a6028830caff9ee44b42d32ed\",\"name\":\"Telinha\",\"image\":{\"@type\":\"ImageObject\",\"inLanguage\":\"pt-PT\",\"@id\":\"https:\/\/portaltela.pt\/s.01k8rhncp4jt1\/2025\/11\/talking-bot-125x125.png\",\"url\":\"https:\/\/portaltela.pt\/s.01k8rhncp4jt1\/2025\/11\/talking-bot-125x125.png\",\"contentUrl\":\"https:\/\/portaltela.pt\/s.01k8rhncp4jt1\/2025\/11\/talking-bot-125x125.png\",\"caption\":\"Telinha\"},\"sameAs\":[\"https:\/\/portaltela.pt\/\"],\"url\":\"https:\/\/portaltela.pt\/por\/367410592786\/\"}]}<\/script>\n<!-- \/ Yoast SEO plugin. -->","yoast_head_json":{"title":"Leit\u00e3o Amaro confia fortemente na gest\u00e3o da RTP - Portal Tela Portugal","robots":{"index":"index","follow":"follow","max-snippet":"max-snippet:-1","max-image-preview":"max-image-preview:large","max-video-preview":"max-video-preview:-1"},"og_locale":"pt_PT","og_type":"article","og_title":"Leit\u00e3o Amaro confia fortemente na gest\u00e3o da RTP - Portal Tela Portugal","og_description":"O ministro da Presid\u00eancia, Ant\u00f3nio Leit\u00e3o Amaro, afirmou ter \u201cconfian\u00e7a profunda\u201d no Conselho de Administra\u00e7\u00e3o e nos \u00f3rg\u00e3os diretivos da RTP para colocar a empresa no futuro. A declara\u00e7\u00e3o foi feita durante a celebra\u00e7\u00e3o do 30.\u00ba anivers\u00e1rio da RTP \u00c1frica, em Lisboa. O ministro enfatizou a necessidade de uni\u00e3o entre trabalhadores, gestores e tutelas para enfrentar a transforma\u00e7\u00e3o do setor dos m\u00e9dias e do digital. Os trabalhadores da RTP anunciaram greve e formas de luta, ap\u00f3s a proposta de corte salarial, e retiraram confian\u00e7a ao Conselho de Administra\u00e7\u00e3o. Esta semana, as r\u00e1dios Antena 1, Antena 2 e Antena 3 passaram a integrar o prefixo RTP no in\u00edcio do nome: RTP Antena 1, RTP Antena 2 e RTP Antena 3.","og_url":"https:\/\/portaltela.pt\/noticias\/2026\/04\/01\/leitao-amaro-confia-fortemente-na-gestao-da-rtp\/","og_site_name":"Portal Tela Portugal","article_published_time":"2026-04-01T13:47:18+00:00","author":"Telinha","twitter_card":"summary_large_image","twitter_misc":{"Escrito por":"Telinha","Tempo estimado de leitura":"1 minuto"},"schema":{"@context":"https:\/\/schema.org","@graph":[{"@type":"Article","@id":"https:\/\/portaltela.pt\/noticias\/2026\/04\/01\/leitao-amaro-confia-fortemente-na-gestao-da-rtp\/#article","isPartOf":{"@id":"https:\/\/portaltela.pt\/noticias\/2026\/04\/01\/leitao-amaro-confia-fortemente-na-gestao-da-rtp\/"},"author":{"name":"Telinha","@id":"https:\/\/portaltela.pt\/#\/schema\/person\/c4278d4a6028830caff9ee44b42d32ed"},"headline":"Leit\u00e3o Amaro confia fortemente na gest\u00e3o da RTP","datePublished":"2026-04-01T13:47:18+00:00","mainEntityOfPage":{"@id":"https:\/\/portaltela.pt\/noticias\/2026\/04\/01\/leitao-amaro-confia-fortemente-na-gestao-da-rtp\/"},"wordCount":276,"image":{"@id":"https:\/\/portaltela.pt\/noticias\/2026\/04\/01\/leitao-amaro-confia-fortemente-na-gestao-da-rtp\/#primaryimage"},"thumbnailUrl":"https:\/\/portaltela.pt\/s.01k8rhncp4jt1\/2026\/04\/img_1500x1000uu2018-01-22-00-16-00-703265.jpg","keywords":["cultura","gest\u00e3o","governo","informa\u00e7\u00e3o p\u00fablica","televis\u00f5es","Transi\u00e7\u00e3o Digital"],"articleSection":["Not\u00edcias","Pol\u00edtica"],"inLanguage":"pt-PT"},{"@type":"WebPage","@id":"https:\/\/portaltela.pt\/noticias\/2026\/04\/01\/leitao-amaro-confia-fortemente-na-gestao-da-rtp\/","url":"https:\/\/portaltela.pt\/noticias\/2026\/04\/01\/leitao-amaro-confia-fortemente-na-gestao-da-rtp\/","name":"Leit\u00e3o Amaro confia fortemente na gest\u00e3o da RTP - Portal Tela Portugal","isPartOf":{"@id":"https:\/\/portaltela.pt\/#website"},"primaryImageOfPage":{"@id":"https:\/\/portaltela.pt\/noticias\/2026\/04\/01\/leitao-amaro-confia-fortemente-na-gestao-da-rtp\/#primaryimage"},"image":{"@id":"https:\/\/portaltela.pt\/noticias\/2026\/04\/01\/leitao-amaro-confia-fortemente-na-gestao-da-rtp\/#primaryimage"},"thumbnailUrl":"https:\/\/portaltela.pt\/s.01k8rhncp4jt1\/2026\/04\/img_1500x1000uu2018-01-22-00-16-00-703265.jpg","datePublished":"2026-04-01T13:47:18+00:00","author":{"@id":"https:\/\/portaltela.pt\/#\/schema\/person\/c4278d4a6028830caff9ee44b42d32ed"},"breadcrumb":{"@id":"https:\/\/portaltela.pt\/noticias\/2026\/04\/01\/leitao-amaro-confia-fortemente-na-gestao-da-rtp\/#breadcrumb"},"inLanguage":"pt-PT","potentialAction":[{"@type":"ReadAction","target":["https:\/\/portaltela.pt\/noticias\/2026\/04\/01\/leitao-amaro-confia-fortemente-na-gestao-da-rtp\/"]}]},{"@type":"ImageObject","inLanguage":"pt-PT","@id":"https:\/\/portaltela.pt\/noticias\/2026\/04\/01\/leitao-amaro-confia-fortemente-na-gestao-da-rtp\/#primaryimage","url":"https:\/\/portaltela.pt\/s.01k8rhncp4jt1\/2026\/04\/img_1500x1000uu2018-01-22-00-16-00-703265.jpg","contentUrl":"https:\/\/portaltela.pt\/s.01k8rhncp4jt1\/2026\/04\/img_1500x1000uu2018-01-22-00-16-00-703265.jpg","width":796,"height":448,"caption":"Contribui\u00e7\u00e3o Audiovisual, criada para financiar a RTP, registou um crescimento de 26,7% entre 2012 e 2018. Este ano, cada consumidor paga 34 euros de taxa"},{"@type":"BreadcrumbList","@id":"https:\/\/portaltela.pt\/noticias\/2026\/04\/01\/leitao-amaro-confia-fortemente-na-gestao-da-rtp\/#breadcrumb","itemListElement":[{"@type":"ListItem","position":1,"name":"In\u00edcio","item":"https:\/\/portaltela.pt\/"},{"@type":"ListItem","position":2,"name":"Leit\u00e3o Amaro confia fortemente na gest\u00e3o da RTP"}]},{"@type":"WebSite","@id":"https:\/\/portaltela.pt\/#website","url":"https:\/\/portaltela.pt\/","name":"Portal Tela Portugal","description":"","potentialAction":[{"@type":"SearchAction","target":{"@type":"EntryPoint","urlTemplate":"https:\/\/portaltela.pt\/?s={search_term_string}"},"query-input":{"@type":"PropertyValueSpecification","valueRequired":true,"valueName":"search_term_string"}}],"inLanguage":"pt-PT"},{"@type":"Person","@id":"https:\/\/portaltela.pt\/#\/schema\/person\/c4278d4a6028830caff9ee44b42d32ed","name":"Telinha","image":{"@type":"ImageObject","inLanguage":"pt-PT","@id":"https:\/\/portaltela.pt\/s.01k8rhncp4jt1\/2025\/11\/talking-bot-125x125.png","url":"https:\/\/portaltela.pt\/s.01k8rhncp4jt1\/2025\/11\/talking-bot-125x125.png","contentUrl":"https:\/\/portaltela.pt\/s.01k8rhncp4jt1\/2025\/11\/talking-bot-125x125.png","caption":"Telinha"},"sameAs":["https:\/\/portaltela.pt\/"],"url":"https:\/\/portaltela.pt\/por\/367410592786\/"}]}},"_links":{"self":[{"href":"https:\/\/portaltela.pt\/api\/wp\/v2\/posts\/429243","targetHints":{"allow":["GET"]}}],"collection":[{"href":"https:\/\/portaltela.pt\/api\/wp\/v2\/posts"}],"about":[{"href":"https:\/\/portaltela.pt\/api\/wp\/v2\/types\/post"}],"author":[{"embeddable":true,"href":"https:\/\/portaltela.pt\/api\/wp\/v2\/users\/2"}],"replies":[{"embeddable":true,"href":"https:\/\/portaltela.pt\/api\/wp\/v2\/comments?post=429243"}],"version-history":[{"count":0,"href":"https:\/\/portaltela.pt\/api\/wp\/v2\/posts\/429243\/revisions"}],"wp:featuredmedia":[{"embeddable":true,"href":"https:\/\/portaltela.pt\/api\/wp\/v2\/media\/429244"}],"wp:attachment":[{"href":"https:\/\/portaltela.pt\/api\/wp\/v2\/media?parent=429243"}],"wp:term":[{"taxonomy":"category","embeddable":true,"href":"https:\/\/portaltela.pt\/api\/wp\/v2\/categories?post=429243"},{"taxonomy":"post_tag","embeddable":true,"href":"https:\/\/portaltela.pt\/api\/wp\/v2\/tags?post=429243"}],"curies":[{"name":"wp","href":"https:\/\/api.w.org\/{rel}","templated":true}]}}