{"id":429216,"date":"2026-04-01T10:17:10","date_gmt":"2026-04-01T13:17:10","guid":{"rendered":"https:\/\/portaltela.pt\/noticias\/2026\/04\/01\/camara-de-sousel-planeia-centro-interpretativo-dedicado-ao-borrego\/"},"modified":"2026-04-01T10:17:10","modified_gmt":"2026-04-01T13:17:10","slug":"camara-de-sousel-planeia-centro-interpretativo-dedicado-ao-borrego","status":"publish","type":"post","link":"https:\/\/portaltela.pt\/gastronomia\/2026\/04\/01\/camara-de-sousel-planeia-centro-interpretativo-dedicado-ao-borrego\/","title":{"rendered":"C\u00e2mara de Sousel planeia centro interpretativo dedicado ao borrego"},"content":{"rendered":"<p>A C\u00e2mara Municipal de Sousel est\u00e1 a desenvolver um projeto para criar um centro interpretativo dedicado ao borrego. O presidente Manuel Val\u00e9rio adianta que j\u00e1 foram identificados dois edif\u00edcios onde o espa\u00e7o poder\u00e1 nascer, ainda sem um valor concreto de investimento.<\/p>\n<p>A autarquia pretende iniciar a obra assim que haja financiamento dispon\u00edvel, uma vez que o custo se prev\u00ea relevante para o or\u00e7amento municipal. O munic\u00edpio ressalva a import\u00e2ncia hist\u00f3rica e econ\u00f3mica do sector ovino para a regi\u00e3o.<\/p>\n<h3>Quinzena Gastron\u00f3mica Terras do Borrego<\/h3>\n<p>At\u00e9 12 de Abril decorre a Quinzena Gastron\u00f3mica Terras do Borrego, em cerca de 120 restaurantes de 15 concelhos do distrito de Portalegre. Promovida no \u00e2mbito de Sousel como Capital do Borrego, a iniciativa visa valorizar o produto e atrair turismo gastron\u00f3mico.<\/p>\n<p>A C\u00e2mara de Sousel recorda que, no Alentejo, o borrego \u00e9 uma refer\u00eancia nas celebra\u00e7\u00f5es pascais, tradicionalmente preparado em fam\u00edlia e partilhado como s\u00edmbolo de identidade cultural. A quinzena refor\u00e7a esse s\u00edmbolo, destacando a tradi\u00e7\u00e3o e a qualidade do produto regional.<\/p>\n<p>Os promotores desafiam os visitantes a conhecer menus especiais e a participar em atividades culturais e experi\u00eancias que evidenciam patrim\u00f3nio, sustentabilidade e saber-fazer Terras do Borrego. O evento \u00e9 descrito como uma celebra\u00e7\u00e3o da identidade alentejana, com foco no futuro e na inova\u00e7\u00e3o.<\/p>\n<h3>Festival Terras do Borrego<\/h3>\n<p>O presidente da C\u00e2mara de Sousel revelou ainda a abertura da segunda edi\u00e7\u00e3o do Festival Terras do Borrego, marcada para 21 a 23 de Maio de 2027. A primeira edi\u00e7\u00e3o ocorreu em 2024, incluindo n\u00e3o apenas a vertente gastron\u00f3mica, mas tamb\u00e9m confer\u00eancias, uma \u00e1rea de produtos end\u00f3genos e espect\u00e1culos.<\/p>\n<p>O sector ovino, com import\u00e2ncia hist\u00f3rica e econ\u00f3mica no concelho, tem a sua qualidade reconhecida pela Indica\u00e7\u00e3o Geogr\u00e1fica Protegida Borrego do Nordeste Alentejano. A iniciativa pretende manter esse reconhecimento e dinamizar a regi\u00e3o.<\/p>\n","protected":false},"excerpt":{"rendered":"<ul>\n<li>A C\u00e2mara Municipal de Sousel est\u00e1 a desenvolver um centro interpretativo dedicado ao borrego, com dois edif\u00edcios identificados para a instala\u00e7\u00e3o.<\/li>\n<li>O presidente Manuel Val\u00e9rio explicou que ainda n\u00e3o h\u00e1 um valor concreto do investimento e que a obra depende de financiamento.<\/li>\n<li>At\u00e9 12 de abril decorre a Quinzena Gastron\u00f3mica Terras do Borrego, em cerca de 120 restaurantes de quinze concelhos, com o objetivo de valorizar o borrego.<\/li>\n<li>O borrego \u00e9 uma refer\u00eancia nas celebra\u00e7\u00f5es da P\u00e1scoa no Alentejo, e a quinzena pretende refor\u00e7ar a identidade regional e o turismo gastron\u00f3mico.<\/li>\n<li>A autarquia j\u00e1 trabalha na segunda edi\u00e7\u00e3o do Festival Terras do Borrego, marcada para entre 21 e 23 de maio de 2027.<\/li>\n<\/ul>\n","protected":false},"author":2,"featured_media":429218,"comment_status":"closed","ping_status":"closed","sticky":false,"template":"","format":"standard","meta":{"footnotes":""},"categories":[7369],"tags":[883,3674,219,7690,1075,169],"class_list":["post-429216","post","type-post","status-publish","format-standard","has-post-thumbnail","hentry","category-gastronomia","tag-alentejo","tag-festival","tag-gastronomia","tag-indicacao-geografica-protegida-borrego-do-nordeste-alentejano","tag-portalegre","tag-turismo"],"yoast_head":"<!-- This site is optimized with the Yoast SEO plugin v27.2 - https:\/\/yoast.com\/product\/yoast-seo-wordpress\/ -->\n<title>C\u00e2mara de Sousel planeia centro interpretativo dedicado ao borrego - Portal Tela Portugal<\/title>\n<meta name=\"robots\" content=\"index, follow, max-snippet:-1, max-image-preview:large, max-video-preview:-1\" \/>\n<meta property=\"og:locale\" content=\"pt_PT\" \/>\n<meta property=\"og:type\" content=\"article\" \/>\n<meta property=\"og:title\" content=\"C\u00e2mara de Sousel planeia centro interpretativo dedicado ao borrego - Portal Tela Portugal\" \/>\n<meta property=\"og:description\" content=\"A C\u00e2mara Municipal de Sousel est\u00e1 a desenvolver um centro interpretativo dedicado ao borrego, com dois edif\u00edcios identificados para a instala\u00e7\u00e3o. O presidente Manuel Val\u00e9rio explicou que ainda n\u00e3o h\u00e1 um valor concreto do investimento e que a obra depende de financiamento. At\u00e9 12 de abril decorre a Quinzena Gastron\u00f3mica Terras do Borrego, em cerca de 120 restaurantes de quinze concelhos, com o objetivo de valorizar o borrego. O borrego \u00e9 uma refer\u00eancia nas celebra\u00e7\u00f5es da P\u00e1scoa no Alentejo, e a quinzena pretende refor\u00e7ar a identidade regional e o turismo gastron\u00f3mico. A autarquia j\u00e1 trabalha na segunda edi\u00e7\u00e3o do Festival Terras do Borrego, marcada para entre 21 e 23 de maio de 2027.\" \/>\n<meta property=\"og:url\" content=\"https:\/\/portaltela.pt\/noticias\/2026\/04\/01\/camara-de-sousel-planeia-centro-interpretativo-dedicado-ao-borrego\/\" \/>\n<meta property=\"og:site_name\" content=\"Portal Tela Portugal\" \/>\n<meta property=\"article:published_time\" content=\"2026-04-01T13:17:10+00:00\" \/>\n<meta name=\"author\" content=\"Telinha\" \/>\n<meta name=\"twitter:card\" content=\"summary_large_image\" \/>\n<meta name=\"twitter:label1\" content=\"Escrito por\" \/>\n\t<meta name=\"twitter:data1\" content=\"Telinha\" \/>\n\t<meta name=\"twitter:label2\" content=\"Tempo estimado de leitura\" \/>\n\t<meta name=\"twitter:data2\" content=\"2 minutos\" \/>\n<script type=\"application\/ld+json\" class=\"yoast-schema-graph\">{\"@context\":\"https:\/\/schema.org\",\"@graph\":[{\"@type\":\"Article\",\"@id\":\"https:\/\/portaltela.pt\/noticias\/2026\/04\/01\/camara-de-sousel-planeia-centro-interpretativo-dedicado-ao-borrego\/#article\",\"isPartOf\":{\"@id\":\"https:\/\/portaltela.pt\/noticias\/2026\/04\/01\/camara-de-sousel-planeia-centro-interpretativo-dedicado-ao-borrego\/\"},\"author\":{\"name\":\"Telinha\",\"@id\":\"https:\/\/portaltela.pt\/#\/schema\/person\/c4278d4a6028830caff9ee44b42d32ed\"},\"headline\":\"C\u00e2mara de Sousel planeia centro interpretativo dedicado ao borrego\",\"datePublished\":\"2026-04-01T13:17:10+00:00\",\"mainEntityOfPage\":{\"@id\":\"https:\/\/portaltela.pt\/noticias\/2026\/04\/01\/camara-de-sousel-planeia-centro-interpretativo-dedicado-ao-borrego\/\"},\"wordCount\":337,\"image\":{\"@id\":\"https:\/\/portaltela.pt\/noticias\/2026\/04\/01\/camara-de-sousel-planeia-centro-interpretativo-dedicado-ao-borrego\/#primaryimage\"},\"thumbnailUrl\":\"https:\/\/portaltela.pt\/s.01k8rhncp4jt1\/2026\/04\/tpUHdbIMAGENStypeJPGshare1oBarraFacebook_Publico-1.jpg\",\"keywords\":[\"Alentejo\",\"festival\",\"gastronomia\",\"Indica\u00e7\u00e3o Geogr\u00e1fica Protegida Borrego do Nordeste Alentejano\",\"Portalegre\",\"turismo\"],\"articleSection\":[\"Gastronomia\"],\"inLanguage\":\"pt-PT\"},{\"@type\":\"WebPage\",\"@id\":\"https:\/\/portaltela.pt\/noticias\/2026\/04\/01\/camara-de-sousel-planeia-centro-interpretativo-dedicado-ao-borrego\/\",\"url\":\"https:\/\/portaltela.pt\/noticias\/2026\/04\/01\/camara-de-sousel-planeia-centro-interpretativo-dedicado-ao-borrego\/\",\"name\":\"C\u00e2mara de Sousel planeia centro interpretativo dedicado ao borrego - Portal Tela Portugal\",\"isPartOf\":{\"@id\":\"https:\/\/portaltela.pt\/#website\"},\"primaryImageOfPage\":{\"@id\":\"https:\/\/portaltela.pt\/noticias\/2026\/04\/01\/camara-de-sousel-planeia-centro-interpretativo-dedicado-ao-borrego\/#primaryimage\"},\"image\":{\"@id\":\"https:\/\/portaltela.pt\/noticias\/2026\/04\/01\/camara-de-sousel-planeia-centro-interpretativo-dedicado-ao-borrego\/#primaryimage\"},\"thumbnailUrl\":\"https:\/\/portaltela.pt\/s.01k8rhncp4jt1\/2026\/04\/tpUHdbIMAGENStypeJPGshare1oBarraFacebook_Publico-1.jpg\",\"datePublished\":\"2026-04-01T13:17:10+00:00\",\"author\":{\"@id\":\"https:\/\/portaltela.pt\/#\/schema\/person\/c4278d4a6028830caff9ee44b42d32ed\"},\"breadcrumb\":{\"@id\":\"https:\/\/portaltela.pt\/noticias\/2026\/04\/01\/camara-de-sousel-planeia-centro-interpretativo-dedicado-ao-borrego\/#breadcrumb\"},\"inLanguage\":\"pt-PT\",\"potentialAction\":[{\"@type\":\"ReadAction\",\"target\":[\"https:\/\/portaltela.pt\/noticias\/2026\/04\/01\/camara-de-sousel-planeia-centro-interpretativo-dedicado-ao-borrego\/\"]}]},{\"@type\":\"ImageObject\",\"inLanguage\":\"pt-PT\",\"@id\":\"https:\/\/portaltela.pt\/noticias\/2026\/04\/01\/camara-de-sousel-planeia-centro-interpretativo-dedicado-ao-borrego\/#primaryimage\",\"url\":\"https:\/\/portaltela.pt\/s.01k8rhncp4jt1\/2026\/04\/tpUHdbIMAGENStypeJPGshare1oBarraFacebook_Publico-1.jpg\",\"contentUrl\":\"https:\/\/portaltela.pt\/s.01k8rhncp4jt1\/2026\/04\/tpUHdbIMAGENStypeJPGshare1oBarraFacebook_Publico-1.jpg\",\"width\":1200,\"height\":630,\"caption\":\"O sector ovino tem uma import\u00e2ncia hist\u00f3rica e econ\u00f3mica no concelho\"},{\"@type\":\"BreadcrumbList\",\"@id\":\"https:\/\/portaltela.pt\/noticias\/2026\/04\/01\/camara-de-sousel-planeia-centro-interpretativo-dedicado-ao-borrego\/#breadcrumb\",\"itemListElement\":[{\"@type\":\"ListItem\",\"position\":1,\"name\":\"In\u00edcio\",\"item\":\"https:\/\/portaltela.pt\/\"},{\"@type\":\"ListItem\",\"position\":2,\"name\":\"C\u00e2mara de Sousel planeia centro interpretativo dedicado ao borrego\"}]},{\"@type\":\"WebSite\",\"@id\":\"https:\/\/portaltela.pt\/#website\",\"url\":\"https:\/\/portaltela.pt\/\",\"name\":\"Portal Tela Portugal\",\"description\":\"\",\"potentialAction\":[{\"@type\":\"SearchAction\",\"target\":{\"@type\":\"EntryPoint\",\"urlTemplate\":\"https:\/\/portaltela.pt\/?s={search_term_string}\"},\"query-input\":{\"@type\":\"PropertyValueSpecification\",\"valueRequired\":true,\"valueName\":\"search_term_string\"}}],\"inLanguage\":\"pt-PT\"},{\"@type\":\"Person\",\"@id\":\"https:\/\/portaltela.pt\/#\/schema\/person\/c4278d4a6028830caff9ee44b42d32ed\",\"name\":\"Telinha\",\"image\":{\"@type\":\"ImageObject\",\"inLanguage\":\"pt-PT\",\"@id\":\"https:\/\/portaltela.pt\/s.01k8rhncp4jt1\/2025\/11\/talking-bot-125x125.png\",\"url\":\"https:\/\/portaltela.pt\/s.01k8rhncp4jt1\/2025\/11\/talking-bot-125x125.png\",\"contentUrl\":\"https:\/\/portaltela.pt\/s.01k8rhncp4jt1\/2025\/11\/talking-bot-125x125.png\",\"caption\":\"Telinha\"},\"sameAs\":[\"https:\/\/portaltela.pt\/\"],\"url\":\"https:\/\/portaltela.pt\/por\/367410592786\/\"}]}<\/script>\n<!-- \/ Yoast SEO plugin. -->","yoast_head_json":{"title":"C\u00e2mara de Sousel planeia centro interpretativo dedicado ao borrego - Portal Tela Portugal","robots":{"index":"index","follow":"follow","max-snippet":"max-snippet:-1","max-image-preview":"max-image-preview:large","max-video-preview":"max-video-preview:-1"},"og_locale":"pt_PT","og_type":"article","og_title":"C\u00e2mara de Sousel planeia centro interpretativo dedicado ao borrego - Portal Tela Portugal","og_description":"A C\u00e2mara Municipal de Sousel est\u00e1 a desenvolver um centro interpretativo dedicado ao borrego, com dois edif\u00edcios identificados para a instala\u00e7\u00e3o. O presidente Manuel Val\u00e9rio explicou que ainda n\u00e3o h\u00e1 um valor concreto do investimento e que a obra depende de financiamento. At\u00e9 12 de abril decorre a Quinzena Gastron\u00f3mica Terras do Borrego, em cerca de 120 restaurantes de quinze concelhos, com o objetivo de valorizar o borrego. O borrego \u00e9 uma refer\u00eancia nas celebra\u00e7\u00f5es da P\u00e1scoa no Alentejo, e a quinzena pretende refor\u00e7ar a identidade regional e o turismo gastron\u00f3mico. A autarquia j\u00e1 trabalha na segunda edi\u00e7\u00e3o do Festival Terras do Borrego, marcada para entre 21 e 23 de maio de 2027.","og_url":"https:\/\/portaltela.pt\/noticias\/2026\/04\/01\/camara-de-sousel-planeia-centro-interpretativo-dedicado-ao-borrego\/","og_site_name":"Portal Tela Portugal","article_published_time":"2026-04-01T13:17:10+00:00","author":"Telinha","twitter_card":"summary_large_image","twitter_misc":{"Escrito por":"Telinha","Tempo estimado de leitura":"2 minutos"},"schema":{"@context":"https:\/\/schema.org","@graph":[{"@type":"Article","@id":"https:\/\/portaltela.pt\/noticias\/2026\/04\/01\/camara-de-sousel-planeia-centro-interpretativo-dedicado-ao-borrego\/#article","isPartOf":{"@id":"https:\/\/portaltela.pt\/noticias\/2026\/04\/01\/camara-de-sousel-planeia-centro-interpretativo-dedicado-ao-borrego\/"},"author":{"name":"Telinha","@id":"https:\/\/portaltela.pt\/#\/schema\/person\/c4278d4a6028830caff9ee44b42d32ed"},"headline":"C\u00e2mara de Sousel planeia centro interpretativo dedicado ao borrego","datePublished":"2026-04-01T13:17:10+00:00","mainEntityOfPage":{"@id":"https:\/\/portaltela.pt\/noticias\/2026\/04\/01\/camara-de-sousel-planeia-centro-interpretativo-dedicado-ao-borrego\/"},"wordCount":337,"image":{"@id":"https:\/\/portaltela.pt\/noticias\/2026\/04\/01\/camara-de-sousel-planeia-centro-interpretativo-dedicado-ao-borrego\/#primaryimage"},"thumbnailUrl":"https:\/\/portaltela.pt\/s.01k8rhncp4jt1\/2026\/04\/tpUHdbIMAGENStypeJPGshare1oBarraFacebook_Publico-1.jpg","keywords":["Alentejo","festival","gastronomia","Indica\u00e7\u00e3o Geogr\u00e1fica Protegida Borrego do Nordeste Alentejano","Portalegre","turismo"],"articleSection":["Gastronomia"],"inLanguage":"pt-PT"},{"@type":"WebPage","@id":"https:\/\/portaltela.pt\/noticias\/2026\/04\/01\/camara-de-sousel-planeia-centro-interpretativo-dedicado-ao-borrego\/","url":"https:\/\/portaltela.pt\/noticias\/2026\/04\/01\/camara-de-sousel-planeia-centro-interpretativo-dedicado-ao-borrego\/","name":"C\u00e2mara de Sousel planeia centro interpretativo dedicado ao borrego - Portal Tela Portugal","isPartOf":{"@id":"https:\/\/portaltela.pt\/#website"},"primaryImageOfPage":{"@id":"https:\/\/portaltela.pt\/noticias\/2026\/04\/01\/camara-de-sousel-planeia-centro-interpretativo-dedicado-ao-borrego\/#primaryimage"},"image":{"@id":"https:\/\/portaltela.pt\/noticias\/2026\/04\/01\/camara-de-sousel-planeia-centro-interpretativo-dedicado-ao-borrego\/#primaryimage"},"thumbnailUrl":"https:\/\/portaltela.pt\/s.01k8rhncp4jt1\/2026\/04\/tpUHdbIMAGENStypeJPGshare1oBarraFacebook_Publico-1.jpg","datePublished":"2026-04-01T13:17:10+00:00","author":{"@id":"https:\/\/portaltela.pt\/#\/schema\/person\/c4278d4a6028830caff9ee44b42d32ed"},"breadcrumb":{"@id":"https:\/\/portaltela.pt\/noticias\/2026\/04\/01\/camara-de-sousel-planeia-centro-interpretativo-dedicado-ao-borrego\/#breadcrumb"},"inLanguage":"pt-PT","potentialAction":[{"@type":"ReadAction","target":["https:\/\/portaltela.pt\/noticias\/2026\/04\/01\/camara-de-sousel-planeia-centro-interpretativo-dedicado-ao-borrego\/"]}]},{"@type":"ImageObject","inLanguage":"pt-PT","@id":"https:\/\/portaltela.pt\/noticias\/2026\/04\/01\/camara-de-sousel-planeia-centro-interpretativo-dedicado-ao-borrego\/#primaryimage","url":"https:\/\/portaltela.pt\/s.01k8rhncp4jt1\/2026\/04\/tpUHdbIMAGENStypeJPGshare1oBarraFacebook_Publico-1.jpg","contentUrl":"https:\/\/portaltela.pt\/s.01k8rhncp4jt1\/2026\/04\/tpUHdbIMAGENStypeJPGshare1oBarraFacebook_Publico-1.jpg","width":1200,"height":630,"caption":"O sector ovino tem uma import\u00e2ncia hist\u00f3rica e econ\u00f3mica no concelho"},{"@type":"BreadcrumbList","@id":"https:\/\/portaltela.pt\/noticias\/2026\/04\/01\/camara-de-sousel-planeia-centro-interpretativo-dedicado-ao-borrego\/#breadcrumb","itemListElement":[{"@type":"ListItem","position":1,"name":"In\u00edcio","item":"https:\/\/portaltela.pt\/"},{"@type":"ListItem","position":2,"name":"C\u00e2mara de Sousel planeia centro interpretativo dedicado ao borrego"}]},{"@type":"WebSite","@id":"https:\/\/portaltela.pt\/#website","url":"https:\/\/portaltela.pt\/","name":"Portal Tela Portugal","description":"","potentialAction":[{"@type":"SearchAction","target":{"@type":"EntryPoint","urlTemplate":"https:\/\/portaltela.pt\/?s={search_term_string}"},"query-input":{"@type":"PropertyValueSpecification","valueRequired":true,"valueName":"search_term_string"}}],"inLanguage":"pt-PT"},{"@type":"Person","@id":"https:\/\/portaltela.pt\/#\/schema\/person\/c4278d4a6028830caff9ee44b42d32ed","name":"Telinha","image":{"@type":"ImageObject","inLanguage":"pt-PT","@id":"https:\/\/portaltela.pt\/s.01k8rhncp4jt1\/2025\/11\/talking-bot-125x125.png","url":"https:\/\/portaltela.pt\/s.01k8rhncp4jt1\/2025\/11\/talking-bot-125x125.png","contentUrl":"https:\/\/portaltela.pt\/s.01k8rhncp4jt1\/2025\/11\/talking-bot-125x125.png","caption":"Telinha"},"sameAs":["https:\/\/portaltela.pt\/"],"url":"https:\/\/portaltela.pt\/por\/367410592786\/"}]}},"_links":{"self":[{"href":"https:\/\/portaltela.pt\/api\/wp\/v2\/posts\/429216","targetHints":{"allow":["GET"]}}],"collection":[{"href":"https:\/\/portaltela.pt\/api\/wp\/v2\/posts"}],"about":[{"href":"https:\/\/portaltela.pt\/api\/wp\/v2\/types\/post"}],"author":[{"embeddable":true,"href":"https:\/\/portaltela.pt\/api\/wp\/v2\/users\/2"}],"replies":[{"embeddable":true,"href":"https:\/\/portaltela.pt\/api\/wp\/v2\/comments?post=429216"}],"version-history":[{"count":0,"href":"https:\/\/portaltela.pt\/api\/wp\/v2\/posts\/429216\/revisions"}],"wp:featuredmedia":[{"embeddable":true,"href":"https:\/\/portaltela.pt\/api\/wp\/v2\/media\/429218"}],"wp:attachment":[{"href":"https:\/\/portaltela.pt\/api\/wp\/v2\/media?parent=429216"}],"wp:term":[{"taxonomy":"category","embeddable":true,"href":"https:\/\/portaltela.pt\/api\/wp\/v2\/categories?post=429216"},{"taxonomy":"post_tag","embeddable":true,"href":"https:\/\/portaltela.pt\/api\/wp\/v2\/tags?post=429216"}],"curies":[{"name":"wp","href":"https:\/\/api.w.org\/{rel}","templated":true}]}}