{"id":429208,"date":"2026-04-01T10:16:56","date_gmt":"2026-04-01T13:16:56","guid":{"rendered":"https:\/\/portaltela.pt\/noticias\/2026\/04\/01\/portuguesa-encontrada-morta-em-franca-bebe-de-dois-meses\/"},"modified":"2026-04-01T10:16:56","modified_gmt":"2026-04-01T13:16:56","slug":"portuguesa-encontrada-morta-em-franca-bebe-de-dois-meses","status":"publish","type":"post","link":"https:\/\/portaltela.pt\/policia\/2026\/04\/01\/portuguesa-encontrada-morta-em-franca-bebe-de-dois-meses\/","title":{"rendered":"Portuguesa encontrada morta em Fran\u00e7a; beb\u00e9 de dois meses"},"content":{"rendered":"<p>Uma mulher portuguesa, de 37 anos, foi encontrada morta na sua casa em Merville, perto de Toulouse, Fran\u00e7a, na segunda-feira. O marido, tamb\u00e9m portugu\u00eas, foi detido pela pol\u00edcia por suspeita de homic\u00eddio. H\u00e1 registo de uma queixa por viol\u00eancia dom\u00e9stica.<\/p>\n<p>Segundo informa\u00e7\u00f5es dispon\u00edveis, o casal vivia no local e o beb\u00e9, com dois meses, ficou aos cuidados dos servi\u00e7os sociais. A procuradoria confirmou a deten\u00e7\u00e3o do marido e um inqu\u00e9rito por homic\u00eddio est\u00e1 em curso.<\/p>\n<p>Registo de queixas anteriores indica viol\u00eancia dom\u00e9stica na rela\u00e7\u00e3o, conforme nota de investiga\u00e7\u00e3o. Vizinhos relataram que houve pedidos de ajuda durante a madrugada, mas as autoridades ainda n\u00e3o divulgaram a causa da morte. A investiga\u00e7\u00e3o continua em curso para esclarecer as circunst\u00e2ncias.<\/p>\n<h3>Investiga\u00e7\u00e3o em curso<\/h3>\n<p>As autoridades continuam a apurar as circunst\u00e2ncias do \u00f3bito e a rela\u00e7\u00e3o entre os factos relatados, sem avan\u00e7ar com conclus\u00f5es ainda. O infant\u00e1rio foi colocado sob prote\u00e7\u00e3o social tempor\u00e1ria. O estado de sa\u00fade da v\u00edtima n\u00e3o foi confirmado publicamente pelas autoridades.<\/p>\n","protected":false},"excerpt":{"rendered":"<ul>\n<li>Uma mulher portuguesa de 37 anos foi encontrada morta na sua casa em Merville, perto de Toulouse, na segunda-feira.<\/li>\n<li>O marido, tamb\u00e9m portugu\u00eas, foi detido pela pol\u00edcia local por suspeita de homic\u00eddio; h\u00e1 registo de uma queixa de viol\u00eancia dom\u00e9stica na semana anterior.<\/li>\n<li>O beb\u00e9 de dois meses ficou aos cuidados dos servi\u00e7os sociais.<\/li>\n<li>Vizinhos disseram ter ouvido gritos por volta das 2 horas, e que o companheiro bateu portas entre as 6 e as 7 horas para pedir ajuda.<\/li>\n<li>O procurador local indicou que as autoridades ainda n\u00e3o confirmaram a causa da morte; a suspeita recai sobre poss\u00edveis complica\u00e7\u00f5es card\u00edacas, e a investiga\u00e7\u00e3o continua.<\/li>\n<\/ul>\n","protected":false},"author":2,"featured_media":429210,"comment_status":"closed","ping_status":"closed","sticky":false,"template":"","format":"standard","meta":{"footnotes":""},"categories":[6907,6781],"tags":[1856,1345,2738,173,5310,214],"class_list":["post-429208","post","type-post","status-publish","format-standard","has-post-thumbnail","hentry","category-crime","category-policia","tag-franca","tag-homicidio","tag-infantis","tag-protecao-social","tag-servicos-sociais","tag-violencia-domestica"],"yoast_head":"<!-- This site is optimized with the Yoast SEO plugin v27.2 - https:\/\/yoast.com\/product\/yoast-seo-wordpress\/ -->\n<title>Portuguesa encontrada morta em Fran\u00e7a; beb\u00e9 de dois meses - Portal Tela Portugal<\/title>\n<meta name=\"robots\" content=\"index, follow, max-snippet:-1, max-image-preview:large, max-video-preview:-1\" \/>\n<meta property=\"og:locale\" content=\"pt_PT\" \/>\n<meta property=\"og:type\" content=\"article\" \/>\n<meta property=\"og:title\" content=\"Portuguesa encontrada morta em Fran\u00e7a; beb\u00e9 de dois meses - Portal Tela Portugal\" \/>\n<meta property=\"og:description\" content=\"Uma mulher portuguesa de 37 anos foi encontrada morta na sua casa em Merville, perto de Toulouse, na segunda-feira. O marido, tamb\u00e9m portugu\u00eas, foi detido pela pol\u00edcia local por suspeita de homic\u00eddio; h\u00e1 registo de uma queixa de viol\u00eancia dom\u00e9stica na semana anterior. O beb\u00e9 de dois meses ficou aos cuidados dos servi\u00e7os sociais. Vizinhos disseram ter ouvido gritos por volta das 2 horas, e que o companheiro bateu portas entre as 6 e as 7 horas para pedir ajuda. O procurador local indicou que as autoridades ainda n\u00e3o confirmaram a causa da morte; a suspeita recai sobre poss\u00edveis complica\u00e7\u00f5es card\u00edacas, e a investiga\u00e7\u00e3o continua.\" \/>\n<meta property=\"og:url\" content=\"https:\/\/portaltela.pt\/noticias\/2026\/04\/01\/portuguesa-encontrada-morta-em-franca-bebe-de-dois-meses\/\" \/>\n<meta property=\"og:site_name\" content=\"Portal Tela Portugal\" \/>\n<meta property=\"article:published_time\" content=\"2026-04-01T13:16:56+00:00\" \/>\n<meta name=\"author\" content=\"Telinha\" \/>\n<meta name=\"twitter:card\" content=\"summary_large_image\" \/>\n<meta name=\"twitter:label1\" content=\"Escrito por\" \/>\n\t<meta name=\"twitter:data1\" content=\"Telinha\" \/>\n\t<meta name=\"twitter:label2\" content=\"Tempo estimado de leitura\" \/>\n\t<meta name=\"twitter:data2\" content=\"1 minuto\" \/>\n<script type=\"application\/ld+json\" class=\"yoast-schema-graph\">{\"@context\":\"https:\/\/schema.org\",\"@graph\":[{\"@type\":\"Article\",\"@id\":\"https:\/\/portaltela.pt\/noticias\/2026\/04\/01\/portuguesa-encontrada-morta-em-franca-bebe-de-dois-meses\/#article\",\"isPartOf\":{\"@id\":\"https:\/\/portaltela.pt\/noticias\/2026\/04\/01\/portuguesa-encontrada-morta-em-franca-bebe-de-dois-meses\/\"},\"author\":{\"name\":\"Telinha\",\"@id\":\"https:\/\/portaltela.pt\/#\/schema\/person\/c4278d4a6028830caff9ee44b42d32ed\"},\"headline\":\"Portuguesa encontrada morta em Fran\u00e7a; beb\u00e9 de dois meses\",\"datePublished\":\"2026-04-01T13:16:56+00:00\",\"mainEntityOfPage\":{\"@id\":\"https:\/\/portaltela.pt\/noticias\/2026\/04\/01\/portuguesa-encontrada-morta-em-franca-bebe-de-dois-meses\/\"},\"wordCount\":201,\"image\":{\"@id\":\"https:\/\/portaltela.pt\/noticias\/2026\/04\/01\/portuguesa-encontrada-morta-em-franca-bebe-de-dois-meses\/#primaryimage\"},\"thumbnailUrl\":\"https:\/\/portaltela.pt\/s.01k8rhncp4jt1\/2026\/04\/image-3.webp\",\"keywords\":[\"Fran\u00e7a\",\"homic\u00eddio\",\"infantis\",\"prote\u00e7\u00e3o social\",\"servi\u00e7os sociais\",\"viol\u00eancia dom\u00e9stica\"],\"articleSection\":[\"Crime\",\"Pol\u00edcia\"],\"inLanguage\":\"pt-PT\"},{\"@type\":\"WebPage\",\"@id\":\"https:\/\/portaltela.pt\/noticias\/2026\/04\/01\/portuguesa-encontrada-morta-em-franca-bebe-de-dois-meses\/\",\"url\":\"https:\/\/portaltela.pt\/noticias\/2026\/04\/01\/portuguesa-encontrada-morta-em-franca-bebe-de-dois-meses\/\",\"name\":\"Portuguesa encontrada morta em Fran\u00e7a; beb\u00e9 de dois meses - Portal Tela Portugal\",\"isPartOf\":{\"@id\":\"https:\/\/portaltela.pt\/#website\"},\"primaryImageOfPage\":{\"@id\":\"https:\/\/portaltela.pt\/noticias\/2026\/04\/01\/portuguesa-encontrada-morta-em-franca-bebe-de-dois-meses\/#primaryimage\"},\"image\":{\"@id\":\"https:\/\/portaltela.pt\/noticias\/2026\/04\/01\/portuguesa-encontrada-morta-em-franca-bebe-de-dois-meses\/#primaryimage\"},\"thumbnailUrl\":\"https:\/\/portaltela.pt\/s.01k8rhncp4jt1\/2026\/04\/image-3.webp\",\"datePublished\":\"2026-04-01T13:16:56+00:00\",\"author\":{\"@id\":\"https:\/\/portaltela.pt\/#\/schema\/person\/c4278d4a6028830caff9ee44b42d32ed\"},\"breadcrumb\":{\"@id\":\"https:\/\/portaltela.pt\/noticias\/2026\/04\/01\/portuguesa-encontrada-morta-em-franca-bebe-de-dois-meses\/#breadcrumb\"},\"inLanguage\":\"pt-PT\",\"potentialAction\":[{\"@type\":\"ReadAction\",\"target\":[\"https:\/\/portaltela.pt\/noticias\/2026\/04\/01\/portuguesa-encontrada-morta-em-franca-bebe-de-dois-meses\/\"]}]},{\"@type\":\"ImageObject\",\"inLanguage\":\"pt-PT\",\"@id\":\"https:\/\/portaltela.pt\/noticias\/2026\/04\/01\/portuguesa-encontrada-morta-em-franca-bebe-de-dois-meses\/#primaryimage\",\"url\":\"https:\/\/portaltela.pt\/s.01k8rhncp4jt1\/2026\/04\/image-3.webp\",\"contentUrl\":\"https:\/\/portaltela.pt\/s.01k8rhncp4jt1\/2026\/04\/image-3.webp\",\"width\":1200,\"height\":801,\"caption\":\"Pol\u00edcia est\u00e1 a investigar a morte da mulher portuguesa\"},{\"@type\":\"BreadcrumbList\",\"@id\":\"https:\/\/portaltela.pt\/noticias\/2026\/04\/01\/portuguesa-encontrada-morta-em-franca-bebe-de-dois-meses\/#breadcrumb\",\"itemListElement\":[{\"@type\":\"ListItem\",\"position\":1,\"name\":\"In\u00edcio\",\"item\":\"https:\/\/portaltela.pt\/\"},{\"@type\":\"ListItem\",\"position\":2,\"name\":\"Portuguesa encontrada morta em Fran\u00e7a; beb\u00e9 de dois meses\"}]},{\"@type\":\"WebSite\",\"@id\":\"https:\/\/portaltela.pt\/#website\",\"url\":\"https:\/\/portaltela.pt\/\",\"name\":\"Portal Tela Portugal\",\"description\":\"\",\"potentialAction\":[{\"@type\":\"SearchAction\",\"target\":{\"@type\":\"EntryPoint\",\"urlTemplate\":\"https:\/\/portaltela.pt\/?s={search_term_string}\"},\"query-input\":{\"@type\":\"PropertyValueSpecification\",\"valueRequired\":true,\"valueName\":\"search_term_string\"}}],\"inLanguage\":\"pt-PT\"},{\"@type\":\"Person\",\"@id\":\"https:\/\/portaltela.pt\/#\/schema\/person\/c4278d4a6028830caff9ee44b42d32ed\",\"name\":\"Telinha\",\"image\":{\"@type\":\"ImageObject\",\"inLanguage\":\"pt-PT\",\"@id\":\"https:\/\/portaltela.pt\/s.01k8rhncp4jt1\/2025\/11\/talking-bot-125x125.png\",\"url\":\"https:\/\/portaltela.pt\/s.01k8rhncp4jt1\/2025\/11\/talking-bot-125x125.png\",\"contentUrl\":\"https:\/\/portaltela.pt\/s.01k8rhncp4jt1\/2025\/11\/talking-bot-125x125.png\",\"caption\":\"Telinha\"},\"sameAs\":[\"https:\/\/portaltela.pt\/\"],\"url\":\"https:\/\/portaltela.pt\/por\/367410592786\/\"}]}<\/script>\n<!-- \/ Yoast SEO plugin. -->","yoast_head_json":{"title":"Portuguesa encontrada morta em Fran\u00e7a; beb\u00e9 de dois meses - Portal Tela Portugal","robots":{"index":"index","follow":"follow","max-snippet":"max-snippet:-1","max-image-preview":"max-image-preview:large","max-video-preview":"max-video-preview:-1"},"og_locale":"pt_PT","og_type":"article","og_title":"Portuguesa encontrada morta em Fran\u00e7a; beb\u00e9 de dois meses - Portal Tela Portugal","og_description":"Uma mulher portuguesa de 37 anos foi encontrada morta na sua casa em Merville, perto de Toulouse, na segunda-feira. O marido, tamb\u00e9m portugu\u00eas, foi detido pela pol\u00edcia local por suspeita de homic\u00eddio; h\u00e1 registo de uma queixa de viol\u00eancia dom\u00e9stica na semana anterior. O beb\u00e9 de dois meses ficou aos cuidados dos servi\u00e7os sociais. Vizinhos disseram ter ouvido gritos por volta das 2 horas, e que o companheiro bateu portas entre as 6 e as 7 horas para pedir ajuda. O procurador local indicou que as autoridades ainda n\u00e3o confirmaram a causa da morte; a suspeita recai sobre poss\u00edveis complica\u00e7\u00f5es card\u00edacas, e a investiga\u00e7\u00e3o continua.","og_url":"https:\/\/portaltela.pt\/noticias\/2026\/04\/01\/portuguesa-encontrada-morta-em-franca-bebe-de-dois-meses\/","og_site_name":"Portal Tela Portugal","article_published_time":"2026-04-01T13:16:56+00:00","author":"Telinha","twitter_card":"summary_large_image","twitter_misc":{"Escrito por":"Telinha","Tempo estimado de leitura":"1 minuto"},"schema":{"@context":"https:\/\/schema.org","@graph":[{"@type":"Article","@id":"https:\/\/portaltela.pt\/noticias\/2026\/04\/01\/portuguesa-encontrada-morta-em-franca-bebe-de-dois-meses\/#article","isPartOf":{"@id":"https:\/\/portaltela.pt\/noticias\/2026\/04\/01\/portuguesa-encontrada-morta-em-franca-bebe-de-dois-meses\/"},"author":{"name":"Telinha","@id":"https:\/\/portaltela.pt\/#\/schema\/person\/c4278d4a6028830caff9ee44b42d32ed"},"headline":"Portuguesa encontrada morta em Fran\u00e7a; beb\u00e9 de dois meses","datePublished":"2026-04-01T13:16:56+00:00","mainEntityOfPage":{"@id":"https:\/\/portaltela.pt\/noticias\/2026\/04\/01\/portuguesa-encontrada-morta-em-franca-bebe-de-dois-meses\/"},"wordCount":201,"image":{"@id":"https:\/\/portaltela.pt\/noticias\/2026\/04\/01\/portuguesa-encontrada-morta-em-franca-bebe-de-dois-meses\/#primaryimage"},"thumbnailUrl":"https:\/\/portaltela.pt\/s.01k8rhncp4jt1\/2026\/04\/image-3.webp","keywords":["Fran\u00e7a","homic\u00eddio","infantis","prote\u00e7\u00e3o social","servi\u00e7os sociais","viol\u00eancia dom\u00e9stica"],"articleSection":["Crime","Pol\u00edcia"],"inLanguage":"pt-PT"},{"@type":"WebPage","@id":"https:\/\/portaltela.pt\/noticias\/2026\/04\/01\/portuguesa-encontrada-morta-em-franca-bebe-de-dois-meses\/","url":"https:\/\/portaltela.pt\/noticias\/2026\/04\/01\/portuguesa-encontrada-morta-em-franca-bebe-de-dois-meses\/","name":"Portuguesa encontrada morta em Fran\u00e7a; beb\u00e9 de dois meses - Portal Tela Portugal","isPartOf":{"@id":"https:\/\/portaltela.pt\/#website"},"primaryImageOfPage":{"@id":"https:\/\/portaltela.pt\/noticias\/2026\/04\/01\/portuguesa-encontrada-morta-em-franca-bebe-de-dois-meses\/#primaryimage"},"image":{"@id":"https:\/\/portaltela.pt\/noticias\/2026\/04\/01\/portuguesa-encontrada-morta-em-franca-bebe-de-dois-meses\/#primaryimage"},"thumbnailUrl":"https:\/\/portaltela.pt\/s.01k8rhncp4jt1\/2026\/04\/image-3.webp","datePublished":"2026-04-01T13:16:56+00:00","author":{"@id":"https:\/\/portaltela.pt\/#\/schema\/person\/c4278d4a6028830caff9ee44b42d32ed"},"breadcrumb":{"@id":"https:\/\/portaltela.pt\/noticias\/2026\/04\/01\/portuguesa-encontrada-morta-em-franca-bebe-de-dois-meses\/#breadcrumb"},"inLanguage":"pt-PT","potentialAction":[{"@type":"ReadAction","target":["https:\/\/portaltela.pt\/noticias\/2026\/04\/01\/portuguesa-encontrada-morta-em-franca-bebe-de-dois-meses\/"]}]},{"@type":"ImageObject","inLanguage":"pt-PT","@id":"https:\/\/portaltela.pt\/noticias\/2026\/04\/01\/portuguesa-encontrada-morta-em-franca-bebe-de-dois-meses\/#primaryimage","url":"https:\/\/portaltela.pt\/s.01k8rhncp4jt1\/2026\/04\/image-3.webp","contentUrl":"https:\/\/portaltela.pt\/s.01k8rhncp4jt1\/2026\/04\/image-3.webp","width":1200,"height":801,"caption":"Pol\u00edcia est\u00e1 a investigar a morte da mulher portuguesa"},{"@type":"BreadcrumbList","@id":"https:\/\/portaltela.pt\/noticias\/2026\/04\/01\/portuguesa-encontrada-morta-em-franca-bebe-de-dois-meses\/#breadcrumb","itemListElement":[{"@type":"ListItem","position":1,"name":"In\u00edcio","item":"https:\/\/portaltela.pt\/"},{"@type":"ListItem","position":2,"name":"Portuguesa encontrada morta em Fran\u00e7a; beb\u00e9 de dois meses"}]},{"@type":"WebSite","@id":"https:\/\/portaltela.pt\/#website","url":"https:\/\/portaltela.pt\/","name":"Portal Tela Portugal","description":"","potentialAction":[{"@type":"SearchAction","target":{"@type":"EntryPoint","urlTemplate":"https:\/\/portaltela.pt\/?s={search_term_string}"},"query-input":{"@type":"PropertyValueSpecification","valueRequired":true,"valueName":"search_term_string"}}],"inLanguage":"pt-PT"},{"@type":"Person","@id":"https:\/\/portaltela.pt\/#\/schema\/person\/c4278d4a6028830caff9ee44b42d32ed","name":"Telinha","image":{"@type":"ImageObject","inLanguage":"pt-PT","@id":"https:\/\/portaltela.pt\/s.01k8rhncp4jt1\/2025\/11\/talking-bot-125x125.png","url":"https:\/\/portaltela.pt\/s.01k8rhncp4jt1\/2025\/11\/talking-bot-125x125.png","contentUrl":"https:\/\/portaltela.pt\/s.01k8rhncp4jt1\/2025\/11\/talking-bot-125x125.png","caption":"Telinha"},"sameAs":["https:\/\/portaltela.pt\/"],"url":"https:\/\/portaltela.pt\/por\/367410592786\/"}]}},"_links":{"self":[{"href":"https:\/\/portaltela.pt\/api\/wp\/v2\/posts\/429208","targetHints":{"allow":["GET"]}}],"collection":[{"href":"https:\/\/portaltela.pt\/api\/wp\/v2\/posts"}],"about":[{"href":"https:\/\/portaltela.pt\/api\/wp\/v2\/types\/post"}],"author":[{"embeddable":true,"href":"https:\/\/portaltela.pt\/api\/wp\/v2\/users\/2"}],"replies":[{"embeddable":true,"href":"https:\/\/portaltela.pt\/api\/wp\/v2\/comments?post=429208"}],"version-history":[{"count":0,"href":"https:\/\/portaltela.pt\/api\/wp\/v2\/posts\/429208\/revisions"}],"wp:featuredmedia":[{"embeddable":true,"href":"https:\/\/portaltela.pt\/api\/wp\/v2\/media\/429210"}],"wp:attachment":[{"href":"https:\/\/portaltela.pt\/api\/wp\/v2\/media?parent=429208"}],"wp:term":[{"taxonomy":"category","embeddable":true,"href":"https:\/\/portaltela.pt\/api\/wp\/v2\/categories?post=429208"},{"taxonomy":"post_tag","embeddable":true,"href":"https:\/\/portaltela.pt\/api\/wp\/v2\/tags?post=429208"}],"curies":[{"name":"wp","href":"https:\/\/api.w.org\/{rel}","templated":true}]}}