{"id":429205,"date":"2026-04-01T10:16:51","date_gmt":"2026-04-01T13:16:51","guid":{"rendered":"https:\/\/portaltela.pt\/noticias\/2026\/04\/01\/seis-ruas-da-baixa-do-porto-passam-a-integrar-zona-de-transito-condicionado\/"},"modified":"2026-04-01T10:16:51","modified_gmt":"2026-04-01T13:16:51","slug":"seis-ruas-da-baixa-do-porto-passam-a-integrar-zona-de-transito-condicionado","status":"publish","type":"post","link":"https:\/\/portaltela.pt\/sociedade\/2026\/04\/01\/seis-ruas-da-baixa-do-porto-passam-a-integrar-zona-de-transito-condicionado\/","title":{"rendered":"Seis ruas da Baixa do Porto passam a integrar zona de tr\u00e2nsito condicionado"},"content":{"rendered":"<p>Seis ruas da zona das Carmelitas, na baixa do Porto, v\u00e3o integrar as ZAAC a partir de 14 de abril. O objetivo \u00e9 restringir o acesso a autom\u00f3veis e privilegiar o fluxo de pedestres, com acesso automatizado para utilizadores registados.<\/p>\n<p>As vias consideradas s\u00e3o as Carmelitas, a Galeria de Paris, o Conde de Vizela, a F\u00e1brica, Santa Teresa e Avis. Nessa rede, apenas utilizadores com perfil na plataforma podem entrar com carro, mediante controlo autom\u00e1tico.<\/p>\n<p>Podem aceder, em termos pr\u00e1ticos, residentes, comerciantes, fornecedores, servi\u00e7os religiosos e sociais, t\u00e1xis, ve\u00edculos de obras e visitantes, sujeitando-se a taxas de perman\u00eancia consoante o perfil. A cobran\u00e7a adapta-se ao tipo de utilizador.<\/p>\n<h3>Quem pode aceder e como funciona<\/h3>\n<p>A C\u00e2mara do Porto justifica a medida pela necessidade de acolher grandes fluxos e melhorar a qualidade de vida no Centro Hist\u00f3rico, com maior conforto e seguran\u00e7a para quem habita, trabalha ou visita a \u00e1rea.<\/p>\n<p>A autarquia j\u00e1 tem quatro ZAAC ativas \u2014 Cedofeita, Flores, Ribeira e Santa Catarina \u2014 e acrescenta agora as seis ruas, incluindo a expans\u00e3o da ZAAC de Santa Catarina, entre a Rua da Firmeza e a Rua de Guedes de Azevedo.<\/p>\n<p>A iniciativa insere-se num conjunto de interven\u00e7\u00f5es em curso, incluindo requalifica\u00e7\u00e3o da Rua da Galeria de Paris e pedonaliza\u00e7\u00e3o prevista de algumas vias, anunciada nos \u00faltimos anos pela C\u00e2mara.<\/p>\n","protected":false},"excerpt":{"rendered":"<ul>\n<li>A partir de 14 de abril, seis ruas da zona das Carmelitas, na baixa do Porto, passam a integrar as Zonas de Acesso Autom\u00f3vel Condicionado (ZAAC).<\/li>\n<li>As ruas Carmelitas, Galeria de Paris, Conde de Vizela, F\u00e1brica, Santa Teresa e Avis passam a restringir o acesso a carros apenas para utilizadores registados numa plataforma com acesso automatizado.<\/li>\n<li>Podem entrar de carro residentes, comerciantes, fornecedores, servi\u00e7os religiosos e sociais, t\u00e1xis, ve\u00edculos de obras e visitantes, com taxas de perman\u00eancia conforme o perfil.<\/li>\n<li>A \u00e1rea j\u00e1 integra quatro ZAAC existentes \u2014 Cedofeita, Flores, Ribeira e Santa Catarina \u2014 e a ZAAC de Santa Catarina vai ser expandida entre a Rua da Firmeza e a Rua de Guedes de Azevedo.<\/li>\n<li>A medida visa melhorar o conforto e a seguran\u00e7a dos grandes fluxos de pessoas no Centro Hist\u00f3rico, assegurando a qualidade de vida de habitantes, trabalhadores e visitantes.<\/li>\n<\/ul>\n","protected":false},"author":2,"featured_media":429206,"comment_status":"closed","ping_status":"closed","sticky":false,"template":"","format":"standard","meta":{"footnotes":""},"categories":[6725,6871],"tags":[6324,258,3263,982,363,7479],"class_list":["post-429205","post","type-post","status-publish","format-standard","has-post-thumbnail","hentry","category-meio-ambiente","category-sociedade","tag-centro-historico","tag-infraestruturas","tag-mobilidade-urbana","tag-porto","tag-transportes","tag-urbanidade"],"yoast_head":"<!-- This site is optimized with the Yoast SEO plugin v27.2 - https:\/\/yoast.com\/product\/yoast-seo-wordpress\/ -->\n<title>Seis ruas da Baixa do Porto passam a integrar zona de tr\u00e2nsito condicionado - Portal Tela Portugal<\/title>\n<meta name=\"robots\" content=\"index, follow, max-snippet:-1, max-image-preview:large, max-video-preview:-1\" \/>\n<meta property=\"og:locale\" content=\"pt_PT\" \/>\n<meta property=\"og:type\" content=\"article\" \/>\n<meta property=\"og:title\" content=\"Seis ruas da Baixa do Porto passam a integrar zona de tr\u00e2nsito condicionado - Portal Tela Portugal\" \/>\n<meta property=\"og:description\" content=\"A partir de 14 de abril, seis ruas da zona das Carmelitas, na baixa do Porto, passam a integrar as Zonas de Acesso Autom\u00f3vel Condicionado (ZAAC). As ruas Carmelitas, Galeria de Paris, Conde de Vizela, F\u00e1brica, Santa Teresa e Avis passam a restringir o acesso a carros apenas para utilizadores registados numa plataforma com acesso automatizado. Podem entrar de carro residentes, comerciantes, fornecedores, servi\u00e7os religiosos e sociais, t\u00e1xis, ve\u00edculos de obras e visitantes, com taxas de perman\u00eancia conforme o perfil. A \u00e1rea j\u00e1 integra quatro ZAAC existentes \u2014 Cedofeita, Flores, Ribeira e Santa Catarina \u2014 e a ZAAC de Santa Catarina vai ser expandida entre a Rua da Firmeza e a Rua de Guedes de Azevedo. A medida visa melhorar o conforto e a seguran\u00e7a dos grandes fluxos de pessoas no Centro Hist\u00f3rico, assegurando a qualidade de vida de habitantes, trabalhadores e visitantes.\" \/>\n<meta property=\"og:url\" content=\"https:\/\/portaltela.pt\/noticias\/2026\/04\/01\/seis-ruas-da-baixa-do-porto-passam-a-integrar-zona-de-transito-condicionado\/\" \/>\n<meta property=\"og:site_name\" content=\"Portal Tela Portugal\" \/>\n<meta property=\"article:published_time\" content=\"2026-04-01T13:16:51+00:00\" \/>\n<meta name=\"author\" content=\"Telinha\" \/>\n<meta name=\"twitter:card\" content=\"summary_large_image\" \/>\n<meta name=\"twitter:label1\" content=\"Escrito por\" \/>\n\t<meta name=\"twitter:data1\" content=\"Telinha\" \/>\n\t<meta name=\"twitter:label2\" content=\"Tempo estimado de leitura\" \/>\n\t<meta name=\"twitter:data2\" content=\"1 minuto\" \/>\n<script type=\"application\/ld+json\" class=\"yoast-schema-graph\">{\"@context\":\"https:\/\/schema.org\",\"@graph\":[{\"@type\":\"Article\",\"@id\":\"https:\/\/portaltela.pt\/noticias\/2026\/04\/01\/seis-ruas-da-baixa-do-porto-passam-a-integrar-zona-de-transito-condicionado\/#article\",\"isPartOf\":{\"@id\":\"https:\/\/portaltela.pt\/noticias\/2026\/04\/01\/seis-ruas-da-baixa-do-porto-passam-a-integrar-zona-de-transito-condicionado\/\"},\"author\":{\"name\":\"Telinha\",\"@id\":\"https:\/\/portaltela.pt\/#\/schema\/person\/c4278d4a6028830caff9ee44b42d32ed\"},\"headline\":\"Seis ruas da Baixa do Porto passam a integrar zona de tr\u00e2nsito condicionado\",\"datePublished\":\"2026-04-01T13:16:51+00:00\",\"mainEntityOfPage\":{\"@id\":\"https:\/\/portaltela.pt\/noticias\/2026\/04\/01\/seis-ruas-da-baixa-do-porto-passam-a-integrar-zona-de-transito-condicionado\/\"},\"wordCount\":248,\"image\":{\"@id\":\"https:\/\/portaltela.pt\/noticias\/2026\/04\/01\/seis-ruas-da-baixa-do-porto-passam-a-integrar-zona-de-transito-condicionado\/#primaryimage\"},\"thumbnailUrl\":\"https:\/\/portaltela.pt\/s.01k8rhncp4jt1\/2026\/04\/image-2.webp\",\"keywords\":[\"Centro Hist\u00f3rico\",\"infraestruturas\",\"mobilidade urbana\",\"Porto\",\"transportes\",\"urbanidade\"],\"articleSection\":[\"Meio Ambiente\",\"Sociedade\"],\"inLanguage\":\"pt-PT\"},{\"@type\":\"WebPage\",\"@id\":\"https:\/\/portaltela.pt\/noticias\/2026\/04\/01\/seis-ruas-da-baixa-do-porto-passam-a-integrar-zona-de-transito-condicionado\/\",\"url\":\"https:\/\/portaltela.pt\/noticias\/2026\/04\/01\/seis-ruas-da-baixa-do-porto-passam-a-integrar-zona-de-transito-condicionado\/\",\"name\":\"Seis ruas da Baixa do Porto passam a integrar zona de tr\u00e2nsito condicionado - Portal Tela Portugal\",\"isPartOf\":{\"@id\":\"https:\/\/portaltela.pt\/#website\"},\"primaryImageOfPage\":{\"@id\":\"https:\/\/portaltela.pt\/noticias\/2026\/04\/01\/seis-ruas-da-baixa-do-porto-passam-a-integrar-zona-de-transito-condicionado\/#primaryimage\"},\"image\":{\"@id\":\"https:\/\/portaltela.pt\/noticias\/2026\/04\/01\/seis-ruas-da-baixa-do-porto-passam-a-integrar-zona-de-transito-condicionado\/#primaryimage\"},\"thumbnailUrl\":\"https:\/\/portaltela.pt\/s.01k8rhncp4jt1\/2026\/04\/image-2.webp\",\"datePublished\":\"2026-04-01T13:16:51+00:00\",\"author\":{\"@id\":\"https:\/\/portaltela.pt\/#\/schema\/person\/c4278d4a6028830caff9ee44b42d32ed\"},\"breadcrumb\":{\"@id\":\"https:\/\/portaltela.pt\/noticias\/2026\/04\/01\/seis-ruas-da-baixa-do-porto-passam-a-integrar-zona-de-transito-condicionado\/#breadcrumb\"},\"inLanguage\":\"pt-PT\",\"potentialAction\":[{\"@type\":\"ReadAction\",\"target\":[\"https:\/\/portaltela.pt\/noticias\/2026\/04\/01\/seis-ruas-da-baixa-do-porto-passam-a-integrar-zona-de-transito-condicionado\/\"]}]},{\"@type\":\"ImageObject\",\"inLanguage\":\"pt-PT\",\"@id\":\"https:\/\/portaltela.pt\/noticias\/2026\/04\/01\/seis-ruas-da-baixa-do-porto-passam-a-integrar-zona-de-transito-condicionado\/#primaryimage\",\"url\":\"https:\/\/portaltela.pt\/s.01k8rhncp4jt1\/2026\/04\/image-2.webp\",\"contentUrl\":\"https:\/\/portaltela.pt\/s.01k8rhncp4jt1\/2026\/04\/image-2.webp\",\"width\":1200,\"height\":800,\"caption\":\"Seis ruas da zona das Carmelitas v\u00e3o integrar as Zonas de Acesso Autom\u00f3vel Condicionado\"},{\"@type\":\"BreadcrumbList\",\"@id\":\"https:\/\/portaltela.pt\/noticias\/2026\/04\/01\/seis-ruas-da-baixa-do-porto-passam-a-integrar-zona-de-transito-condicionado\/#breadcrumb\",\"itemListElement\":[{\"@type\":\"ListItem\",\"position\":1,\"name\":\"In\u00edcio\",\"item\":\"https:\/\/portaltela.pt\/\"},{\"@type\":\"ListItem\",\"position\":2,\"name\":\"Seis ruas da Baixa do Porto passam a integrar zona de tr\u00e2nsito condicionado\"}]},{\"@type\":\"WebSite\",\"@id\":\"https:\/\/portaltela.pt\/#website\",\"url\":\"https:\/\/portaltela.pt\/\",\"name\":\"Portal Tela Portugal\",\"description\":\"\",\"potentialAction\":[{\"@type\":\"SearchAction\",\"target\":{\"@type\":\"EntryPoint\",\"urlTemplate\":\"https:\/\/portaltela.pt\/?s={search_term_string}\"},\"query-input\":{\"@type\":\"PropertyValueSpecification\",\"valueRequired\":true,\"valueName\":\"search_term_string\"}}],\"inLanguage\":\"pt-PT\"},{\"@type\":\"Person\",\"@id\":\"https:\/\/portaltela.pt\/#\/schema\/person\/c4278d4a6028830caff9ee44b42d32ed\",\"name\":\"Telinha\",\"image\":{\"@type\":\"ImageObject\",\"inLanguage\":\"pt-PT\",\"@id\":\"https:\/\/portaltela.pt\/s.01k8rhncp4jt1\/2025\/11\/talking-bot-125x125.png\",\"url\":\"https:\/\/portaltela.pt\/s.01k8rhncp4jt1\/2025\/11\/talking-bot-125x125.png\",\"contentUrl\":\"https:\/\/portaltela.pt\/s.01k8rhncp4jt1\/2025\/11\/talking-bot-125x125.png\",\"caption\":\"Telinha\"},\"sameAs\":[\"https:\/\/portaltela.pt\/\"],\"url\":\"https:\/\/portaltela.pt\/por\/367410592786\/\"}]}<\/script>\n<!-- \/ Yoast SEO plugin. -->","yoast_head_json":{"title":"Seis ruas da Baixa do Porto passam a integrar zona de tr\u00e2nsito condicionado - Portal Tela Portugal","robots":{"index":"index","follow":"follow","max-snippet":"max-snippet:-1","max-image-preview":"max-image-preview:large","max-video-preview":"max-video-preview:-1"},"og_locale":"pt_PT","og_type":"article","og_title":"Seis ruas da Baixa do Porto passam a integrar zona de tr\u00e2nsito condicionado - Portal Tela Portugal","og_description":"A partir de 14 de abril, seis ruas da zona das Carmelitas, na baixa do Porto, passam a integrar as Zonas de Acesso Autom\u00f3vel Condicionado (ZAAC). As ruas Carmelitas, Galeria de Paris, Conde de Vizela, F\u00e1brica, Santa Teresa e Avis passam a restringir o acesso a carros apenas para utilizadores registados numa plataforma com acesso automatizado. Podem entrar de carro residentes, comerciantes, fornecedores, servi\u00e7os religiosos e sociais, t\u00e1xis, ve\u00edculos de obras e visitantes, com taxas de perman\u00eancia conforme o perfil. A \u00e1rea j\u00e1 integra quatro ZAAC existentes \u2014 Cedofeita, Flores, Ribeira e Santa Catarina \u2014 e a ZAAC de Santa Catarina vai ser expandida entre a Rua da Firmeza e a Rua de Guedes de Azevedo. A medida visa melhorar o conforto e a seguran\u00e7a dos grandes fluxos de pessoas no Centro Hist\u00f3rico, assegurando a qualidade de vida de habitantes, trabalhadores e visitantes.","og_url":"https:\/\/portaltela.pt\/noticias\/2026\/04\/01\/seis-ruas-da-baixa-do-porto-passam-a-integrar-zona-de-transito-condicionado\/","og_site_name":"Portal Tela Portugal","article_published_time":"2026-04-01T13:16:51+00:00","author":"Telinha","twitter_card":"summary_large_image","twitter_misc":{"Escrito por":"Telinha","Tempo estimado de leitura":"1 minuto"},"schema":{"@context":"https:\/\/schema.org","@graph":[{"@type":"Article","@id":"https:\/\/portaltela.pt\/noticias\/2026\/04\/01\/seis-ruas-da-baixa-do-porto-passam-a-integrar-zona-de-transito-condicionado\/#article","isPartOf":{"@id":"https:\/\/portaltela.pt\/noticias\/2026\/04\/01\/seis-ruas-da-baixa-do-porto-passam-a-integrar-zona-de-transito-condicionado\/"},"author":{"name":"Telinha","@id":"https:\/\/portaltela.pt\/#\/schema\/person\/c4278d4a6028830caff9ee44b42d32ed"},"headline":"Seis ruas da Baixa do Porto passam a integrar zona de tr\u00e2nsito condicionado","datePublished":"2026-04-01T13:16:51+00:00","mainEntityOfPage":{"@id":"https:\/\/portaltela.pt\/noticias\/2026\/04\/01\/seis-ruas-da-baixa-do-porto-passam-a-integrar-zona-de-transito-condicionado\/"},"wordCount":248,"image":{"@id":"https:\/\/portaltela.pt\/noticias\/2026\/04\/01\/seis-ruas-da-baixa-do-porto-passam-a-integrar-zona-de-transito-condicionado\/#primaryimage"},"thumbnailUrl":"https:\/\/portaltela.pt\/s.01k8rhncp4jt1\/2026\/04\/image-2.webp","keywords":["Centro Hist\u00f3rico","infraestruturas","mobilidade urbana","Porto","transportes","urbanidade"],"articleSection":["Meio Ambiente","Sociedade"],"inLanguage":"pt-PT"},{"@type":"WebPage","@id":"https:\/\/portaltela.pt\/noticias\/2026\/04\/01\/seis-ruas-da-baixa-do-porto-passam-a-integrar-zona-de-transito-condicionado\/","url":"https:\/\/portaltela.pt\/noticias\/2026\/04\/01\/seis-ruas-da-baixa-do-porto-passam-a-integrar-zona-de-transito-condicionado\/","name":"Seis ruas da Baixa do Porto passam a integrar zona de tr\u00e2nsito condicionado - Portal Tela Portugal","isPartOf":{"@id":"https:\/\/portaltela.pt\/#website"},"primaryImageOfPage":{"@id":"https:\/\/portaltela.pt\/noticias\/2026\/04\/01\/seis-ruas-da-baixa-do-porto-passam-a-integrar-zona-de-transito-condicionado\/#primaryimage"},"image":{"@id":"https:\/\/portaltela.pt\/noticias\/2026\/04\/01\/seis-ruas-da-baixa-do-porto-passam-a-integrar-zona-de-transito-condicionado\/#primaryimage"},"thumbnailUrl":"https:\/\/portaltela.pt\/s.01k8rhncp4jt1\/2026\/04\/image-2.webp","datePublished":"2026-04-01T13:16:51+00:00","author":{"@id":"https:\/\/portaltela.pt\/#\/schema\/person\/c4278d4a6028830caff9ee44b42d32ed"},"breadcrumb":{"@id":"https:\/\/portaltela.pt\/noticias\/2026\/04\/01\/seis-ruas-da-baixa-do-porto-passam-a-integrar-zona-de-transito-condicionado\/#breadcrumb"},"inLanguage":"pt-PT","potentialAction":[{"@type":"ReadAction","target":["https:\/\/portaltela.pt\/noticias\/2026\/04\/01\/seis-ruas-da-baixa-do-porto-passam-a-integrar-zona-de-transito-condicionado\/"]}]},{"@type":"ImageObject","inLanguage":"pt-PT","@id":"https:\/\/portaltela.pt\/noticias\/2026\/04\/01\/seis-ruas-da-baixa-do-porto-passam-a-integrar-zona-de-transito-condicionado\/#primaryimage","url":"https:\/\/portaltela.pt\/s.01k8rhncp4jt1\/2026\/04\/image-2.webp","contentUrl":"https:\/\/portaltela.pt\/s.01k8rhncp4jt1\/2026\/04\/image-2.webp","width":1200,"height":800,"caption":"Seis ruas da zona das Carmelitas v\u00e3o integrar as Zonas de Acesso Autom\u00f3vel Condicionado"},{"@type":"BreadcrumbList","@id":"https:\/\/portaltela.pt\/noticias\/2026\/04\/01\/seis-ruas-da-baixa-do-porto-passam-a-integrar-zona-de-transito-condicionado\/#breadcrumb","itemListElement":[{"@type":"ListItem","position":1,"name":"In\u00edcio","item":"https:\/\/portaltela.pt\/"},{"@type":"ListItem","position":2,"name":"Seis ruas da Baixa do Porto passam a integrar zona de tr\u00e2nsito condicionado"}]},{"@type":"WebSite","@id":"https:\/\/portaltela.pt\/#website","url":"https:\/\/portaltela.pt\/","name":"Portal Tela Portugal","description":"","potentialAction":[{"@type":"SearchAction","target":{"@type":"EntryPoint","urlTemplate":"https:\/\/portaltela.pt\/?s={search_term_string}"},"query-input":{"@type":"PropertyValueSpecification","valueRequired":true,"valueName":"search_term_string"}}],"inLanguage":"pt-PT"},{"@type":"Person","@id":"https:\/\/portaltela.pt\/#\/schema\/person\/c4278d4a6028830caff9ee44b42d32ed","name":"Telinha","image":{"@type":"ImageObject","inLanguage":"pt-PT","@id":"https:\/\/portaltela.pt\/s.01k8rhncp4jt1\/2025\/11\/talking-bot-125x125.png","url":"https:\/\/portaltela.pt\/s.01k8rhncp4jt1\/2025\/11\/talking-bot-125x125.png","contentUrl":"https:\/\/portaltela.pt\/s.01k8rhncp4jt1\/2025\/11\/talking-bot-125x125.png","caption":"Telinha"},"sameAs":["https:\/\/portaltela.pt\/"],"url":"https:\/\/portaltela.pt\/por\/367410592786\/"}]}},"_links":{"self":[{"href":"https:\/\/portaltela.pt\/api\/wp\/v2\/posts\/429205","targetHints":{"allow":["GET"]}}],"collection":[{"href":"https:\/\/portaltela.pt\/api\/wp\/v2\/posts"}],"about":[{"href":"https:\/\/portaltela.pt\/api\/wp\/v2\/types\/post"}],"author":[{"embeddable":true,"href":"https:\/\/portaltela.pt\/api\/wp\/v2\/users\/2"}],"replies":[{"embeddable":true,"href":"https:\/\/portaltela.pt\/api\/wp\/v2\/comments?post=429205"}],"version-history":[{"count":0,"href":"https:\/\/portaltela.pt\/api\/wp\/v2\/posts\/429205\/revisions"}],"wp:featuredmedia":[{"embeddable":true,"href":"https:\/\/portaltela.pt\/api\/wp\/v2\/media\/429206"}],"wp:attachment":[{"href":"https:\/\/portaltela.pt\/api\/wp\/v2\/media?parent=429205"}],"wp:term":[{"taxonomy":"category","embeddable":true,"href":"https:\/\/portaltela.pt\/api\/wp\/v2\/categories?post=429205"},{"taxonomy":"post_tag","embeddable":true,"href":"https:\/\/portaltela.pt\/api\/wp\/v2\/tags?post=429205"}],"curies":[{"name":"wp","href":"https:\/\/api.w.org\/{rel}","templated":true}]}}