{"id":429199,"date":"2026-04-01T10:02:50","date_gmt":"2026-04-01T13:02:50","guid":{"rendered":"https:\/\/portaltela.pt\/noticias\/2026\/04\/01\/instituto-celebra-10-anos-com-aposta-em-medicina-de-precisao-e-vacinas\/"},"modified":"2026-04-01T10:02:50","modified_gmt":"2026-04-01T13:02:50","slug":"instituto-celebra-10-anos-com-aposta-em-medicina-de-precisao-e-vacinas","status":"publish","type":"post","link":"https:\/\/portaltela.pt\/saude\/2026\/04\/01\/instituto-celebra-10-anos-com-aposta-em-medicina-de-precisao-e-vacinas\/","title":{"rendered":"Instituto celebra 10 anos com aposta em medicina de precis\u00e3o e vacinas"},"content":{"rendered":"<p>O Instituto de Investiga\u00e7\u00e3o e Inova\u00e7\u00e3o em Sa\u00fade (i3S), do Porto, celebra 10 anos a apostar na medicina de precis\u00e3o, centrada na gen\u00e9tica do doente. O objetivo \u00e9 melhorar tratamentos e abrir caminho a vacinas contra o cancro, segundo o diretor do instituto. A data foi anunciada nesta quarta-feira.<\/p>\n<p>O respons\u00e1vel afirmou que os tratamentos devem ser mais direcionados \u00e0s caracter\u00edsticas gen\u00e9ticas da pessoa. Quanto mais se conhecem as bases gen\u00e9ticas das doen\u00e7as, mais eficazes podem ser os tratamentos, especialmente no cancro, onde o desenvolvimento tem sido r\u00e1pido.<\/p>\n<p>O i3S refor\u00e7a que o cancro de cada pessoa \u00e9 \u00fanico, exigindo abordagens diferenciadas. A institui\u00e7\u00e3o tem explorado a possibilidade de ativar o sistema imunit\u00e1rio de cada paciente para combater o cancro. A medicina de precis\u00e3o, tamb\u00e9m designada por gen\u00f3mica, \u00e9 vista como uma \u00e1rea priorit\u00e1ria para o futuro, sem excluir outras patologias.<\/p>\n<p>A institui\u00e7\u00e3o j\u00e1 mant\u00e9m dois grandes projetos na \u00e1rea, com ambi\u00e7\u00e3o de colocar Portugal num patamar de refer\u00eancia a n\u00edvel global. O i3S tem apresentado candidaturas relevantes para consolidar o Norte de Portugal como polo de desenvolvimento da medicina de precis\u00e3o.<\/p>\n<h3>Investimento e impacto<\/h3>\n<p>O i3S resultou da fus\u00e3o de tr\u00eas centros da Universidade do Porto e j\u00e1 destacou a capta\u00e7\u00e3o de financiamento e talento. A universidade investiu num novo edif\u00edcio de 18 mil metros quadrados, com 21,5 milh\u00f5es de euros de custo, financiados majoritariamente por fundos comunit\u00e1rios.<\/p>\n<p>A institui\u00e7\u00e3o aponta para o avan\u00e7o da bio-impress\u00e3o como pr\u00f3ximo passo. A t\u00e9cnica pode reduzir o uso de animais em testes, substituindo-os por amostras cultivadas em laborat\u00f3rio, o que acelera processos e facilita o desenvolvimento de f\u00e1rmacos.<\/p>\n<p>Entre os n\u00fameros de refer\u00eancia, o director aponta para bolsas do Conselho Europeu de Investiga\u00e7\u00e3o, acumulando mais de 100 milh\u00f5es de euros, e para mais de 700 projetos de investiga\u00e7\u00e3o financiados, com cerca de 175 milh\u00f5es de financiamento competitivo.<\/p>\n<p>O i3S emprega acima de 1.300 pessoas, entre investigadores, t\u00e9cnicos e estudantes, com participa\u00e7\u00e3o de mais de 39 nacionalidades. O conjunto de projetos j\u00e1 ultrapassa 300, acompanhando \u00e1reas como doen\u00e7a de Crohn e recupera\u00e7\u00e3o do sistema nervoso ap\u00f3s acidentes, entre outras.<\/p>\n","protected":false},"excerpt":{"rendered":"<ul>\n<li>O Instituto de Investiga\u00e7\u00e3o e Inova\u00e7\u00e3o em Sa\u00fade (i3S), no Porto, celebra 10 anos a apostar na medicina de precis\u00e3o, baseada na gen\u00e9tica do doente, com potencial para vacinas contra o cancro.<\/li>\n<li>O diretor, Claudio Sunkel, afirma que os tratamentos devem ser direcionados \u00e0s caracter\u00edsticas gen\u00e9ticas de cada pessoa, especialmente no cancro, onde o ritmo de avan\u00e7os \u00e9 r\u00e1pido.<\/li>\n<li>O i3S est\u00e1 a desenvolver, em bio-impress\u00e3o, m\u00e9todos que podem substituir parte dos ensaios em animais, cultivando amostras de doentes em impressoras 3D para acelerar processos.<\/li>\n<li>A institui\u00e7\u00e3o destaca resultados e financiamentos relevantes: sete bolsas do Conselho Europeu de Investiga\u00e7\u00e3o, mais de cem milh\u00f5es de euros, e mais de setecentos projetos de investiga\u00e7\u00e3o financiados, al\u00e9m de quarenta e oito mil doutorandos\/bolsistas?<\/li>\n<li>O i3S nasceu da fus\u00e3o de tr\u00eas centros da Universidade do Porto (IBMC, INEB e Ipatimup), inaugurando, em maio, um campus de 18 mil metros quadrados financiado com 18 milh\u00f5es de euros de fundos comunit\u00e1rios.<\/li>\n<\/ul>\n","protected":false},"author":2,"featured_media":429200,"comment_status":"closed","ping_status":"closed","sticky":false,"template":"","format":"standard","meta":{"footnotes":""},"categories":[7371,6745],"tags":[5811,2628,215,7211,982,1014],"class_list":["post-429199","post","type-post","status-publish","format-standard","has-post-thumbnail","hentry","category-medicina","category-saude","tag-cancro","tag-genetica","tag-investigacao","tag-medicina","tag-porto","tag-portugal"],"yoast_head":"<!-- This site is optimized with the Yoast SEO plugin v27.2 - https:\/\/yoast.com\/product\/yoast-seo-wordpress\/ -->\n<title>Instituto celebra 10 anos com aposta em medicina de precis\u00e3o e vacinas - Portal Tela Portugal<\/title>\n<meta name=\"robots\" content=\"index, follow, max-snippet:-1, max-image-preview:large, max-video-preview:-1\" \/>\n<meta property=\"og:locale\" content=\"pt_PT\" \/>\n<meta property=\"og:type\" content=\"article\" \/>\n<meta property=\"og:title\" content=\"Instituto celebra 10 anos com aposta em medicina de precis\u00e3o e vacinas - Portal Tela Portugal\" \/>\n<meta property=\"og:description\" content=\"O Instituto de Investiga\u00e7\u00e3o e Inova\u00e7\u00e3o em Sa\u00fade (i3S), no Porto, celebra 10 anos a apostar na medicina de precis\u00e3o, baseada na gen\u00e9tica do doente, com potencial para vacinas contra o cancro. O diretor, Claudio Sunkel, afirma que os tratamentos devem ser direcionados \u00e0s caracter\u00edsticas gen\u00e9ticas de cada pessoa, especialmente no cancro, onde o ritmo de avan\u00e7os \u00e9 r\u00e1pido. O i3S est\u00e1 a desenvolver, em bio-impress\u00e3o, m\u00e9todos que podem substituir parte dos ensaios em animais, cultivando amostras de doentes em impressoras 3D para acelerar processos. A institui\u00e7\u00e3o destaca resultados e financiamentos relevantes: sete bolsas do Conselho Europeu de Investiga\u00e7\u00e3o, mais de cem milh\u00f5es de euros, e mais de setecentos projetos de investiga\u00e7\u00e3o financiados, al\u00e9m de quarenta e oito mil doutorandos\/bolsistas? O i3S nasceu da fus\u00e3o de tr\u00eas centros da Universidade do Porto (IBMC, INEB e Ipatimup), inaugurando, em maio, um campus de 18 mil metros quadrados financiado com 18 milh\u00f5es de euros de fundos comunit\u00e1rios.\" \/>\n<meta property=\"og:url\" content=\"https:\/\/portaltela.pt\/noticias\/2026\/04\/01\/instituto-celebra-10-anos-com-aposta-em-medicina-de-precisao-e-vacinas\/\" \/>\n<meta property=\"og:site_name\" content=\"Portal Tela Portugal\" \/>\n<meta property=\"article:published_time\" content=\"2026-04-01T13:02:50+00:00\" \/>\n<meta name=\"author\" content=\"Telinha\" \/>\n<meta name=\"twitter:card\" content=\"summary_large_image\" \/>\n<meta name=\"twitter:label1\" content=\"Escrito por\" \/>\n\t<meta name=\"twitter:data1\" content=\"Telinha\" \/>\n\t<meta name=\"twitter:label2\" content=\"Tempo estimado de leitura\" \/>\n\t<meta name=\"twitter:data2\" content=\"2 minutos\" \/>\n<script type=\"application\/ld+json\" class=\"yoast-schema-graph\">{\"@context\":\"https:\/\/schema.org\",\"@graph\":[{\"@type\":\"Article\",\"@id\":\"https:\/\/portaltela.pt\/noticias\/2026\/04\/01\/instituto-celebra-10-anos-com-aposta-em-medicina-de-precisao-e-vacinas\/#article\",\"isPartOf\":{\"@id\":\"https:\/\/portaltela.pt\/noticias\/2026\/04\/01\/instituto-celebra-10-anos-com-aposta-em-medicina-de-precisao-e-vacinas\/\"},\"author\":{\"name\":\"Telinha\",\"@id\":\"https:\/\/portaltela.pt\/#\/schema\/person\/c4278d4a6028830caff9ee44b42d32ed\"},\"headline\":\"Instituto celebra 10 anos com aposta em medicina de precis\u00e3o e vacinas\",\"datePublished\":\"2026-04-01T13:02:50+00:00\",\"mainEntityOfPage\":{\"@id\":\"https:\/\/portaltela.pt\/noticias\/2026\/04\/01\/instituto-celebra-10-anos-com-aposta-em-medicina-de-precisao-e-vacinas\/\"},\"wordCount\":399,\"image\":{\"@id\":\"https:\/\/portaltela.pt\/noticias\/2026\/04\/01\/instituto-celebra-10-anos-com-aposta-em-medicina-de-precisao-e-vacinas\/#primaryimage\"},\"thumbnailUrl\":\"https:\/\/portaltela.pt\/s.01k8rhncp4jt1\/2026\/04\/img_1280x721uu2018-07-02-08-07-00-753586.jpg\",\"keywords\":[\"Cancro\",\"gen\u00e9tica\",\"investiga\u00e7\u00e3o\",\"medicina\",\"Porto\",\"Portugal\"],\"articleSection\":[\"Medicina\",\"Sa\u00fade\"],\"inLanguage\":\"pt-PT\"},{\"@type\":\"WebPage\",\"@id\":\"https:\/\/portaltela.pt\/noticias\/2026\/04\/01\/instituto-celebra-10-anos-com-aposta-em-medicina-de-precisao-e-vacinas\/\",\"url\":\"https:\/\/portaltela.pt\/noticias\/2026\/04\/01\/instituto-celebra-10-anos-com-aposta-em-medicina-de-precisao-e-vacinas\/\",\"name\":\"Instituto celebra 10 anos com aposta em medicina de precis\u00e3o e vacinas - Portal Tela Portugal\",\"isPartOf\":{\"@id\":\"https:\/\/portaltela.pt\/#website\"},\"primaryImageOfPage\":{\"@id\":\"https:\/\/portaltela.pt\/noticias\/2026\/04\/01\/instituto-celebra-10-anos-com-aposta-em-medicina-de-precisao-e-vacinas\/#primaryimage\"},\"image\":{\"@id\":\"https:\/\/portaltela.pt\/noticias\/2026\/04\/01\/instituto-celebra-10-anos-com-aposta-em-medicina-de-precisao-e-vacinas\/#primaryimage\"},\"thumbnailUrl\":\"https:\/\/portaltela.pt\/s.01k8rhncp4jt1\/2026\/04\/img_1280x721uu2018-07-02-08-07-00-753586.jpg\",\"datePublished\":\"2026-04-01T13:02:50+00:00\",\"author\":{\"@id\":\"https:\/\/portaltela.pt\/#\/schema\/person\/c4278d4a6028830caff9ee44b42d32ed\"},\"breadcrumb\":{\"@id\":\"https:\/\/portaltela.pt\/noticias\/2026\/04\/01\/instituto-celebra-10-anos-com-aposta-em-medicina-de-precisao-e-vacinas\/#breadcrumb\"},\"inLanguage\":\"pt-PT\",\"potentialAction\":[{\"@type\":\"ReadAction\",\"target\":[\"https:\/\/portaltela.pt\/noticias\/2026\/04\/01\/instituto-celebra-10-anos-com-aposta-em-medicina-de-precisao-e-vacinas\/\"]}]},{\"@type\":\"ImageObject\",\"inLanguage\":\"pt-PT\",\"@id\":\"https:\/\/portaltela.pt\/noticias\/2026\/04\/01\/instituto-celebra-10-anos-com-aposta-em-medicina-de-precisao-e-vacinas\/#primaryimage\",\"url\":\"https:\/\/portaltela.pt\/s.01k8rhncp4jt1\/2026\/04\/img_1280x721uu2018-07-02-08-07-00-753586.jpg\",\"contentUrl\":\"https:\/\/portaltela.pt\/s.01k8rhncp4jt1\/2026\/04\/img_1280x721uu2018-07-02-08-07-00-753586.jpg\",\"width\":796,\"height\":448,\"caption\":\"Investiga\u00e7\u00e3o para a cura do cancro\"},{\"@type\":\"BreadcrumbList\",\"@id\":\"https:\/\/portaltela.pt\/noticias\/2026\/04\/01\/instituto-celebra-10-anos-com-aposta-em-medicina-de-precisao-e-vacinas\/#breadcrumb\",\"itemListElement\":[{\"@type\":\"ListItem\",\"position\":1,\"name\":\"In\u00edcio\",\"item\":\"https:\/\/portaltela.pt\/\"},{\"@type\":\"ListItem\",\"position\":2,\"name\":\"Instituto celebra 10 anos com aposta em medicina de precis\u00e3o e vacinas\"}]},{\"@type\":\"WebSite\",\"@id\":\"https:\/\/portaltela.pt\/#website\",\"url\":\"https:\/\/portaltela.pt\/\",\"name\":\"Portal Tela Portugal\",\"description\":\"\",\"potentialAction\":[{\"@type\":\"SearchAction\",\"target\":{\"@type\":\"EntryPoint\",\"urlTemplate\":\"https:\/\/portaltela.pt\/?s={search_term_string}\"},\"query-input\":{\"@type\":\"PropertyValueSpecification\",\"valueRequired\":true,\"valueName\":\"search_term_string\"}}],\"inLanguage\":\"pt-PT\"},{\"@type\":\"Person\",\"@id\":\"https:\/\/portaltela.pt\/#\/schema\/person\/c4278d4a6028830caff9ee44b42d32ed\",\"name\":\"Telinha\",\"image\":{\"@type\":\"ImageObject\",\"inLanguage\":\"pt-PT\",\"@id\":\"https:\/\/portaltela.pt\/s.01k8rhncp4jt1\/2025\/11\/talking-bot-125x125.png\",\"url\":\"https:\/\/portaltela.pt\/s.01k8rhncp4jt1\/2025\/11\/talking-bot-125x125.png\",\"contentUrl\":\"https:\/\/portaltela.pt\/s.01k8rhncp4jt1\/2025\/11\/talking-bot-125x125.png\",\"caption\":\"Telinha\"},\"sameAs\":[\"https:\/\/portaltela.pt\/\"],\"url\":\"https:\/\/portaltela.pt\/por\/367410592786\/\"}]}<\/script>\n<!-- \/ Yoast SEO plugin. -->","yoast_head_json":{"title":"Instituto celebra 10 anos com aposta em medicina de precis\u00e3o e vacinas - Portal Tela Portugal","robots":{"index":"index","follow":"follow","max-snippet":"max-snippet:-1","max-image-preview":"max-image-preview:large","max-video-preview":"max-video-preview:-1"},"og_locale":"pt_PT","og_type":"article","og_title":"Instituto celebra 10 anos com aposta em medicina de precis\u00e3o e vacinas - Portal Tela Portugal","og_description":"O Instituto de Investiga\u00e7\u00e3o e Inova\u00e7\u00e3o em Sa\u00fade (i3S), no Porto, celebra 10 anos a apostar na medicina de precis\u00e3o, baseada na gen\u00e9tica do doente, com potencial para vacinas contra o cancro. O diretor, Claudio Sunkel, afirma que os tratamentos devem ser direcionados \u00e0s caracter\u00edsticas gen\u00e9ticas de cada pessoa, especialmente no cancro, onde o ritmo de avan\u00e7os \u00e9 r\u00e1pido. O i3S est\u00e1 a desenvolver, em bio-impress\u00e3o, m\u00e9todos que podem substituir parte dos ensaios em animais, cultivando amostras de doentes em impressoras 3D para acelerar processos. A institui\u00e7\u00e3o destaca resultados e financiamentos relevantes: sete bolsas do Conselho Europeu de Investiga\u00e7\u00e3o, mais de cem milh\u00f5es de euros, e mais de setecentos projetos de investiga\u00e7\u00e3o financiados, al\u00e9m de quarenta e oito mil doutorandos\/bolsistas? O i3S nasceu da fus\u00e3o de tr\u00eas centros da Universidade do Porto (IBMC, INEB e Ipatimup), inaugurando, em maio, um campus de 18 mil metros quadrados financiado com 18 milh\u00f5es de euros de fundos comunit\u00e1rios.","og_url":"https:\/\/portaltela.pt\/noticias\/2026\/04\/01\/instituto-celebra-10-anos-com-aposta-em-medicina-de-precisao-e-vacinas\/","og_site_name":"Portal Tela Portugal","article_published_time":"2026-04-01T13:02:50+00:00","author":"Telinha","twitter_card":"summary_large_image","twitter_misc":{"Escrito por":"Telinha","Tempo estimado de leitura":"2 minutos"},"schema":{"@context":"https:\/\/schema.org","@graph":[{"@type":"Article","@id":"https:\/\/portaltela.pt\/noticias\/2026\/04\/01\/instituto-celebra-10-anos-com-aposta-em-medicina-de-precisao-e-vacinas\/#article","isPartOf":{"@id":"https:\/\/portaltela.pt\/noticias\/2026\/04\/01\/instituto-celebra-10-anos-com-aposta-em-medicina-de-precisao-e-vacinas\/"},"author":{"name":"Telinha","@id":"https:\/\/portaltela.pt\/#\/schema\/person\/c4278d4a6028830caff9ee44b42d32ed"},"headline":"Instituto celebra 10 anos com aposta em medicina de precis\u00e3o e vacinas","datePublished":"2026-04-01T13:02:50+00:00","mainEntityOfPage":{"@id":"https:\/\/portaltela.pt\/noticias\/2026\/04\/01\/instituto-celebra-10-anos-com-aposta-em-medicina-de-precisao-e-vacinas\/"},"wordCount":399,"image":{"@id":"https:\/\/portaltela.pt\/noticias\/2026\/04\/01\/instituto-celebra-10-anos-com-aposta-em-medicina-de-precisao-e-vacinas\/#primaryimage"},"thumbnailUrl":"https:\/\/portaltela.pt\/s.01k8rhncp4jt1\/2026\/04\/img_1280x721uu2018-07-02-08-07-00-753586.jpg","keywords":["Cancro","gen\u00e9tica","investiga\u00e7\u00e3o","medicina","Porto","Portugal"],"articleSection":["Medicina","Sa\u00fade"],"inLanguage":"pt-PT"},{"@type":"WebPage","@id":"https:\/\/portaltela.pt\/noticias\/2026\/04\/01\/instituto-celebra-10-anos-com-aposta-em-medicina-de-precisao-e-vacinas\/","url":"https:\/\/portaltela.pt\/noticias\/2026\/04\/01\/instituto-celebra-10-anos-com-aposta-em-medicina-de-precisao-e-vacinas\/","name":"Instituto celebra 10 anos com aposta em medicina de precis\u00e3o e vacinas - Portal Tela Portugal","isPartOf":{"@id":"https:\/\/portaltela.pt\/#website"},"primaryImageOfPage":{"@id":"https:\/\/portaltela.pt\/noticias\/2026\/04\/01\/instituto-celebra-10-anos-com-aposta-em-medicina-de-precisao-e-vacinas\/#primaryimage"},"image":{"@id":"https:\/\/portaltela.pt\/noticias\/2026\/04\/01\/instituto-celebra-10-anos-com-aposta-em-medicina-de-precisao-e-vacinas\/#primaryimage"},"thumbnailUrl":"https:\/\/portaltela.pt\/s.01k8rhncp4jt1\/2026\/04\/img_1280x721uu2018-07-02-08-07-00-753586.jpg","datePublished":"2026-04-01T13:02:50+00:00","author":{"@id":"https:\/\/portaltela.pt\/#\/schema\/person\/c4278d4a6028830caff9ee44b42d32ed"},"breadcrumb":{"@id":"https:\/\/portaltela.pt\/noticias\/2026\/04\/01\/instituto-celebra-10-anos-com-aposta-em-medicina-de-precisao-e-vacinas\/#breadcrumb"},"inLanguage":"pt-PT","potentialAction":[{"@type":"ReadAction","target":["https:\/\/portaltela.pt\/noticias\/2026\/04\/01\/instituto-celebra-10-anos-com-aposta-em-medicina-de-precisao-e-vacinas\/"]}]},{"@type":"ImageObject","inLanguage":"pt-PT","@id":"https:\/\/portaltela.pt\/noticias\/2026\/04\/01\/instituto-celebra-10-anos-com-aposta-em-medicina-de-precisao-e-vacinas\/#primaryimage","url":"https:\/\/portaltela.pt\/s.01k8rhncp4jt1\/2026\/04\/img_1280x721uu2018-07-02-08-07-00-753586.jpg","contentUrl":"https:\/\/portaltela.pt\/s.01k8rhncp4jt1\/2026\/04\/img_1280x721uu2018-07-02-08-07-00-753586.jpg","width":796,"height":448,"caption":"Investiga\u00e7\u00e3o para a cura do cancro"},{"@type":"BreadcrumbList","@id":"https:\/\/portaltela.pt\/noticias\/2026\/04\/01\/instituto-celebra-10-anos-com-aposta-em-medicina-de-precisao-e-vacinas\/#breadcrumb","itemListElement":[{"@type":"ListItem","position":1,"name":"In\u00edcio","item":"https:\/\/portaltela.pt\/"},{"@type":"ListItem","position":2,"name":"Instituto celebra 10 anos com aposta em medicina de precis\u00e3o e vacinas"}]},{"@type":"WebSite","@id":"https:\/\/portaltela.pt\/#website","url":"https:\/\/portaltela.pt\/","name":"Portal Tela Portugal","description":"","potentialAction":[{"@type":"SearchAction","target":{"@type":"EntryPoint","urlTemplate":"https:\/\/portaltela.pt\/?s={search_term_string}"},"query-input":{"@type":"PropertyValueSpecification","valueRequired":true,"valueName":"search_term_string"}}],"inLanguage":"pt-PT"},{"@type":"Person","@id":"https:\/\/portaltela.pt\/#\/schema\/person\/c4278d4a6028830caff9ee44b42d32ed","name":"Telinha","image":{"@type":"ImageObject","inLanguage":"pt-PT","@id":"https:\/\/portaltela.pt\/s.01k8rhncp4jt1\/2025\/11\/talking-bot-125x125.png","url":"https:\/\/portaltela.pt\/s.01k8rhncp4jt1\/2025\/11\/talking-bot-125x125.png","contentUrl":"https:\/\/portaltela.pt\/s.01k8rhncp4jt1\/2025\/11\/talking-bot-125x125.png","caption":"Telinha"},"sameAs":["https:\/\/portaltela.pt\/"],"url":"https:\/\/portaltela.pt\/por\/367410592786\/"}]}},"_links":{"self":[{"href":"https:\/\/portaltela.pt\/api\/wp\/v2\/posts\/429199","targetHints":{"allow":["GET"]}}],"collection":[{"href":"https:\/\/portaltela.pt\/api\/wp\/v2\/posts"}],"about":[{"href":"https:\/\/portaltela.pt\/api\/wp\/v2\/types\/post"}],"author":[{"embeddable":true,"href":"https:\/\/portaltela.pt\/api\/wp\/v2\/users\/2"}],"replies":[{"embeddable":true,"href":"https:\/\/portaltela.pt\/api\/wp\/v2\/comments?post=429199"}],"version-history":[{"count":0,"href":"https:\/\/portaltela.pt\/api\/wp\/v2\/posts\/429199\/revisions"}],"wp:featuredmedia":[{"embeddable":true,"href":"https:\/\/portaltela.pt\/api\/wp\/v2\/media\/429200"}],"wp:attachment":[{"href":"https:\/\/portaltela.pt\/api\/wp\/v2\/media?parent=429199"}],"wp:term":[{"taxonomy":"category","embeddable":true,"href":"https:\/\/portaltela.pt\/api\/wp\/v2\/categories?post=429199"},{"taxonomy":"post_tag","embeddable":true,"href":"https:\/\/portaltela.pt\/api\/wp\/v2\/tags?post=429199"}],"curies":[{"name":"wp","href":"https:\/\/api.w.org\/{rel}","templated":true}]}}