{"id":429195,"date":"2026-04-01T10:02:46","date_gmt":"2026-04-01T13:02:46","guid":{"rendered":"https:\/\/portaltela.pt\/noticias\/2026\/04\/01\/milhares-celebram-qualificacao-da-bosnia-para-o-mundial-2026-em-sarajevo-2\/"},"modified":"2026-04-01T10:02:46","modified_gmt":"2026-04-01T13:02:46","slug":"milhares-celebram-qualificacao-da-bosnia-para-o-mundial-2026-em-sarajevo-2","status":"publish","type":"post","link":"https:\/\/portaltela.pt\/desporto\/copa-do-mundo\/2026\/04\/01\/milhares-celebram-qualificacao-da-bosnia-para-o-mundial-2026-em-sarajevo-2\/","title":{"rendered":"Milhares celebram qualifica\u00e7\u00e3o da B\u00f3snia para o Mundial 2026 em Sarajevo"},"content":{"rendered":"<p>Milhares de adeptos ocuparam as ruas de Sarajevo para celebrar a qualifica\u00e7\u00e3o da B\u00f3snia e Herzegovina para o Mundial&#8217;26. A festa ocorreu ap\u00f3s a equipa nacional garantir o apuramento para a pr\u00f3xima edi\u00e7\u00e3o do torneio. As imagens espalharam-se rapidamente pela capital e refletiram a emo\u00e7\u00e3o dos f\u00e3s.<\/p>\n<p>As celebra\u00e7\u00f5es na cidade decorreram de forma espont\u00e2nea, com torcedores a acenar bandeiras e a entoar c\u00e2nticos. N\u00e3o houve relatos de incidentes graves, apenas entusiasmo geral entre quem acompanhou o jogo decisivo e confirmou a passagem \u00e0 fase final.<\/p>\n<p>A altura de apuramento foi confirmada pela federa\u00e7\u00e3o local, que ainda n\u00e3o divulgou n\u00fameros oficiais sobre a participa\u00e7\u00e3o de torcedores nas ruas. Em Sarajevo, a euforia come\u00e7ou logo ap\u00f3s o apito final do jogo.<\/p>\n<h3>Sarreevo vive a festa<\/h3>\n<p>Numa das pra\u00e7as centrais, os residentes acompanharam a celebra\u00e7\u00e3o de perto, entre sirenes de ve\u00edculos e aplausos. A not\u00edcia da qualifica\u00e7\u00e3o ganha propor\u00e7\u00e3o nacional, com reac\u00e7\u00f5es positivas de f\u00e3s e representantes do futebol bosn\u00edom\u00fario.<\/p>\n","protected":false},"excerpt":{"rendered":"<ul>\n<li>Milhares de adeptos invadiram as ruas de Sarajevo para celebrar a qualifica\u00e7\u00e3o da B\u00f3snia e Herzegovina para o Mundial de 2026.<\/li>\n<li>As imagens mostram a capital em festa, com f\u00e3s a festejar pela cidade.<\/li>\n<li>A celebra\u00e7\u00e3o ocorre ap\u00f3s a confirma\u00e7\u00e3o da presen\u00e7a da sele\u00e7\u00e3o bosn\u00edaca no pr\u00f3ximo campeonato mundial.<\/li>\n<li>As imagens j\u00e1 tinham sido partilhadas anteriormente, mas as novas chegam com volumes ainda mais impressionantes.<\/li>\n<li>O ambiente nas ruas de Sarajevo \u00e9 de j\u00fabilo entre os f\u00e3s que acompanharam o feito hist\u00f3rico.<\/li>\n<\/ul>\n","protected":false},"author":2,"featured_media":429198,"comment_status":"closed","ping_status":"closed","sticky":false,"template":"","format":"standard","meta":{"footnotes":""},"categories":[6695,21],"tags":[6367,5468,3730,32,3338,2057],"class_list":["post-429195","post","type-post","status-publish","format-standard","has-post-thumbnail","hentry","category-copa-do-mundo","category-desporto","tag-copa2026","tag-festa","tag-festejos","tag-futebol","tag-futebol-internacional","tag-selecao-nacional"],"yoast_head":"<!-- This site is optimized with the Yoast SEO plugin v27.2 - https:\/\/yoast.com\/product\/yoast-seo-wordpress\/ -->\n<title>Milhares celebram qualifica\u00e7\u00e3o da B\u00f3snia para o Mundial 2026 em Sarajevo - Portal Tela Portugal<\/title>\n<meta name=\"robots\" content=\"index, follow, max-snippet:-1, max-image-preview:large, max-video-preview:-1\" \/>\n<meta property=\"og:locale\" content=\"pt_PT\" \/>\n<meta property=\"og:type\" content=\"article\" \/>\n<meta property=\"og:title\" content=\"Milhares celebram qualifica\u00e7\u00e3o da B\u00f3snia para o Mundial 2026 em Sarajevo - Portal Tela Portugal\" \/>\n<meta property=\"og:description\" content=\"Milhares de adeptos invadiram as ruas de Sarajevo para celebrar a qualifica\u00e7\u00e3o da B\u00f3snia e Herzegovina para o Mundial de 2026. As imagens mostram a capital em festa, com f\u00e3s a festejar pela cidade. A celebra\u00e7\u00e3o ocorre ap\u00f3s a confirma\u00e7\u00e3o da presen\u00e7a da sele\u00e7\u00e3o bosn\u00edaca no pr\u00f3ximo campeonato mundial. As imagens j\u00e1 tinham sido partilhadas anteriormente, mas as novas chegam com volumes ainda mais impressionantes. O ambiente nas ruas de Sarajevo \u00e9 de j\u00fabilo entre os f\u00e3s que acompanharam o feito hist\u00f3rico.\" \/>\n<meta property=\"og:url\" content=\"https:\/\/portaltela.pt\/noticias\/2026\/04\/01\/milhares-celebram-qualificacao-da-bosnia-para-o-mundial-2026-em-sarajevo-2\/\" \/>\n<meta property=\"og:site_name\" content=\"Portal Tela Portugal\" \/>\n<meta property=\"article:published_time\" content=\"2026-04-01T13:02:46+00:00\" \/>\n<meta name=\"author\" content=\"Telinha\" \/>\n<meta name=\"twitter:card\" content=\"summary_large_image\" \/>\n<meta name=\"twitter:label1\" content=\"Escrito por\" \/>\n\t<meta name=\"twitter:data1\" content=\"Telinha\" \/>\n\t<meta name=\"twitter:label2\" content=\"Tempo estimado de leitura\" \/>\n\t<meta name=\"twitter:data2\" content=\"1 minuto\" \/>\n<script type=\"application\/ld+json\" class=\"yoast-schema-graph\">{\"@context\":\"https:\/\/schema.org\",\"@graph\":[{\"@type\":\"Article\",\"@id\":\"https:\/\/portaltela.pt\/noticias\/2026\/04\/01\/milhares-celebram-qualificacao-da-bosnia-para-o-mundial-2026-em-sarajevo-2\/#article\",\"isPartOf\":{\"@id\":\"https:\/\/portaltela.pt\/noticias\/2026\/04\/01\/milhares-celebram-qualificacao-da-bosnia-para-o-mundial-2026-em-sarajevo-2\/\"},\"author\":{\"name\":\"Telinha\",\"@id\":\"https:\/\/portaltela.pt\/#\/schema\/person\/c4278d4a6028830caff9ee44b42d32ed\"},\"headline\":\"Milhares celebram qualifica\u00e7\u00e3o da B\u00f3snia para o Mundial 2026 em Sarajevo\",\"datePublished\":\"2026-04-01T13:02:46+00:00\",\"mainEntityOfPage\":{\"@id\":\"https:\/\/portaltela.pt\/noticias\/2026\/04\/01\/milhares-celebram-qualificacao-da-bosnia-para-o-mundial-2026-em-sarajevo-2\/\"},\"wordCount\":196,\"image\":{\"@id\":\"https:\/\/portaltela.pt\/noticias\/2026\/04\/01\/milhares-celebram-qualificacao-da-bosnia-para-o-mundial-2026-em-sarajevo-2\/#primaryimage\"},\"thumbnailUrl\":\"https:\/\/portaltela.pt\/s.01k8rhncp4jt1\/2026\/04\/img_1200x721uu2026-04-01-13-44-02-2430467.jpg\",\"keywords\":[\"#copa2026\",\"festa\",\"festejos\",\"futebol\",\"futebol internacional\",\"Sele\u00e7\u00e3o Nacional\"],\"articleSection\":[\"Copa do Mundo\",\"Desporto\"],\"inLanguage\":\"pt-PT\"},{\"@type\":\"WebPage\",\"@id\":\"https:\/\/portaltela.pt\/noticias\/2026\/04\/01\/milhares-celebram-qualificacao-da-bosnia-para-o-mundial-2026-em-sarajevo-2\/\",\"url\":\"https:\/\/portaltela.pt\/noticias\/2026\/04\/01\/milhares-celebram-qualificacao-da-bosnia-para-o-mundial-2026-em-sarajevo-2\/\",\"name\":\"Milhares celebram qualifica\u00e7\u00e3o da B\u00f3snia para o Mundial 2026 em Sarajevo - Portal Tela Portugal\",\"isPartOf\":{\"@id\":\"https:\/\/portaltela.pt\/#website\"},\"primaryImageOfPage\":{\"@id\":\"https:\/\/portaltela.pt\/noticias\/2026\/04\/01\/milhares-celebram-qualificacao-da-bosnia-para-o-mundial-2026-em-sarajevo-2\/#primaryimage\"},\"image\":{\"@id\":\"https:\/\/portaltela.pt\/noticias\/2026\/04\/01\/milhares-celebram-qualificacao-da-bosnia-para-o-mundial-2026-em-sarajevo-2\/#primaryimage\"},\"thumbnailUrl\":\"https:\/\/portaltela.pt\/s.01k8rhncp4jt1\/2026\/04\/img_1200x721uu2026-04-01-13-44-02-2430467.jpg\",\"datePublished\":\"2026-04-01T13:02:46+00:00\",\"author\":{\"@id\":\"https:\/\/portaltela.pt\/#\/schema\/person\/c4278d4a6028830caff9ee44b42d32ed\"},\"breadcrumb\":{\"@id\":\"https:\/\/portaltela.pt\/noticias\/2026\/04\/01\/milhares-celebram-qualificacao-da-bosnia-para-o-mundial-2026-em-sarajevo-2\/#breadcrumb\"},\"inLanguage\":\"pt-PT\",\"potentialAction\":[{\"@type\":\"ReadAction\",\"target\":[\"https:\/\/portaltela.pt\/noticias\/2026\/04\/01\/milhares-celebram-qualificacao-da-bosnia-para-o-mundial-2026-em-sarajevo-2\/\"]}]},{\"@type\":\"ImageObject\",\"inLanguage\":\"pt-PT\",\"@id\":\"https:\/\/portaltela.pt\/noticias\/2026\/04\/01\/milhares-celebram-qualificacao-da-bosnia-para-o-mundial-2026-em-sarajevo-2\/#primaryimage\",\"url\":\"https:\/\/portaltela.pt\/s.01k8rhncp4jt1\/2026\/04\/img_1200x721uu2026-04-01-13-44-02-2430467.jpg\",\"contentUrl\":\"https:\/\/portaltela.pt\/s.01k8rhncp4jt1\/2026\/04\/img_1200x721uu2026-04-01-13-44-02-2430467.jpg\",\"width\":796,\"height\":448,\"caption\":\"Adeptos fizeram a festa (rija) na capital\"},{\"@type\":\"BreadcrumbList\",\"@id\":\"https:\/\/portaltela.pt\/noticias\/2026\/04\/01\/milhares-celebram-qualificacao-da-bosnia-para-o-mundial-2026-em-sarajevo-2\/#breadcrumb\",\"itemListElement\":[{\"@type\":\"ListItem\",\"position\":1,\"name\":\"In\u00edcio\",\"item\":\"https:\/\/portaltela.pt\/\"},{\"@type\":\"ListItem\",\"position\":2,\"name\":\"Milhares celebram qualifica\u00e7\u00e3o da B\u00f3snia para o Mundial 2026 em Sarajevo\"}]},{\"@type\":\"WebSite\",\"@id\":\"https:\/\/portaltela.pt\/#website\",\"url\":\"https:\/\/portaltela.pt\/\",\"name\":\"Portal Tela Portugal\",\"description\":\"\",\"potentialAction\":[{\"@type\":\"SearchAction\",\"target\":{\"@type\":\"EntryPoint\",\"urlTemplate\":\"https:\/\/portaltela.pt\/?s={search_term_string}\"},\"query-input\":{\"@type\":\"PropertyValueSpecification\",\"valueRequired\":true,\"valueName\":\"search_term_string\"}}],\"inLanguage\":\"pt-PT\"},{\"@type\":\"Person\",\"@id\":\"https:\/\/portaltela.pt\/#\/schema\/person\/c4278d4a6028830caff9ee44b42d32ed\",\"name\":\"Telinha\",\"image\":{\"@type\":\"ImageObject\",\"inLanguage\":\"pt-PT\",\"@id\":\"https:\/\/portaltela.pt\/s.01k8rhncp4jt1\/2025\/11\/talking-bot-125x125.png\",\"url\":\"https:\/\/portaltela.pt\/s.01k8rhncp4jt1\/2025\/11\/talking-bot-125x125.png\",\"contentUrl\":\"https:\/\/portaltela.pt\/s.01k8rhncp4jt1\/2025\/11\/talking-bot-125x125.png\",\"caption\":\"Telinha\"},\"sameAs\":[\"https:\/\/portaltela.pt\/\"],\"url\":\"https:\/\/portaltela.pt\/por\/367410592786\/\"}]}<\/script>\n<!-- \/ Yoast SEO plugin. -->","yoast_head_json":{"title":"Milhares celebram qualifica\u00e7\u00e3o da B\u00f3snia para o Mundial 2026 em Sarajevo - Portal Tela Portugal","robots":{"index":"index","follow":"follow","max-snippet":"max-snippet:-1","max-image-preview":"max-image-preview:large","max-video-preview":"max-video-preview:-1"},"og_locale":"pt_PT","og_type":"article","og_title":"Milhares celebram qualifica\u00e7\u00e3o da B\u00f3snia para o Mundial 2026 em Sarajevo - Portal Tela Portugal","og_description":"Milhares de adeptos invadiram as ruas de Sarajevo para celebrar a qualifica\u00e7\u00e3o da B\u00f3snia e Herzegovina para o Mundial de 2026. As imagens mostram a capital em festa, com f\u00e3s a festejar pela cidade. A celebra\u00e7\u00e3o ocorre ap\u00f3s a confirma\u00e7\u00e3o da presen\u00e7a da sele\u00e7\u00e3o bosn\u00edaca no pr\u00f3ximo campeonato mundial. As imagens j\u00e1 tinham sido partilhadas anteriormente, mas as novas chegam com volumes ainda mais impressionantes. O ambiente nas ruas de Sarajevo \u00e9 de j\u00fabilo entre os f\u00e3s que acompanharam o feito hist\u00f3rico.","og_url":"https:\/\/portaltela.pt\/noticias\/2026\/04\/01\/milhares-celebram-qualificacao-da-bosnia-para-o-mundial-2026-em-sarajevo-2\/","og_site_name":"Portal Tela Portugal","article_published_time":"2026-04-01T13:02:46+00:00","author":"Telinha","twitter_card":"summary_large_image","twitter_misc":{"Escrito por":"Telinha","Tempo estimado de leitura":"1 minuto"},"schema":{"@context":"https:\/\/schema.org","@graph":[{"@type":"Article","@id":"https:\/\/portaltela.pt\/noticias\/2026\/04\/01\/milhares-celebram-qualificacao-da-bosnia-para-o-mundial-2026-em-sarajevo-2\/#article","isPartOf":{"@id":"https:\/\/portaltela.pt\/noticias\/2026\/04\/01\/milhares-celebram-qualificacao-da-bosnia-para-o-mundial-2026-em-sarajevo-2\/"},"author":{"name":"Telinha","@id":"https:\/\/portaltela.pt\/#\/schema\/person\/c4278d4a6028830caff9ee44b42d32ed"},"headline":"Milhares celebram qualifica\u00e7\u00e3o da B\u00f3snia para o Mundial 2026 em Sarajevo","datePublished":"2026-04-01T13:02:46+00:00","mainEntityOfPage":{"@id":"https:\/\/portaltela.pt\/noticias\/2026\/04\/01\/milhares-celebram-qualificacao-da-bosnia-para-o-mundial-2026-em-sarajevo-2\/"},"wordCount":196,"image":{"@id":"https:\/\/portaltela.pt\/noticias\/2026\/04\/01\/milhares-celebram-qualificacao-da-bosnia-para-o-mundial-2026-em-sarajevo-2\/#primaryimage"},"thumbnailUrl":"https:\/\/portaltela.pt\/s.01k8rhncp4jt1\/2026\/04\/img_1200x721uu2026-04-01-13-44-02-2430467.jpg","keywords":["#copa2026","festa","festejos","futebol","futebol internacional","Sele\u00e7\u00e3o Nacional"],"articleSection":["Copa do Mundo","Desporto"],"inLanguage":"pt-PT"},{"@type":"WebPage","@id":"https:\/\/portaltela.pt\/noticias\/2026\/04\/01\/milhares-celebram-qualificacao-da-bosnia-para-o-mundial-2026-em-sarajevo-2\/","url":"https:\/\/portaltela.pt\/noticias\/2026\/04\/01\/milhares-celebram-qualificacao-da-bosnia-para-o-mundial-2026-em-sarajevo-2\/","name":"Milhares celebram qualifica\u00e7\u00e3o da B\u00f3snia para o Mundial 2026 em Sarajevo - Portal Tela Portugal","isPartOf":{"@id":"https:\/\/portaltela.pt\/#website"},"primaryImageOfPage":{"@id":"https:\/\/portaltela.pt\/noticias\/2026\/04\/01\/milhares-celebram-qualificacao-da-bosnia-para-o-mundial-2026-em-sarajevo-2\/#primaryimage"},"image":{"@id":"https:\/\/portaltela.pt\/noticias\/2026\/04\/01\/milhares-celebram-qualificacao-da-bosnia-para-o-mundial-2026-em-sarajevo-2\/#primaryimage"},"thumbnailUrl":"https:\/\/portaltela.pt\/s.01k8rhncp4jt1\/2026\/04\/img_1200x721uu2026-04-01-13-44-02-2430467.jpg","datePublished":"2026-04-01T13:02:46+00:00","author":{"@id":"https:\/\/portaltela.pt\/#\/schema\/person\/c4278d4a6028830caff9ee44b42d32ed"},"breadcrumb":{"@id":"https:\/\/portaltela.pt\/noticias\/2026\/04\/01\/milhares-celebram-qualificacao-da-bosnia-para-o-mundial-2026-em-sarajevo-2\/#breadcrumb"},"inLanguage":"pt-PT","potentialAction":[{"@type":"ReadAction","target":["https:\/\/portaltela.pt\/noticias\/2026\/04\/01\/milhares-celebram-qualificacao-da-bosnia-para-o-mundial-2026-em-sarajevo-2\/"]}]},{"@type":"ImageObject","inLanguage":"pt-PT","@id":"https:\/\/portaltela.pt\/noticias\/2026\/04\/01\/milhares-celebram-qualificacao-da-bosnia-para-o-mundial-2026-em-sarajevo-2\/#primaryimage","url":"https:\/\/portaltela.pt\/s.01k8rhncp4jt1\/2026\/04\/img_1200x721uu2026-04-01-13-44-02-2430467.jpg","contentUrl":"https:\/\/portaltela.pt\/s.01k8rhncp4jt1\/2026\/04\/img_1200x721uu2026-04-01-13-44-02-2430467.jpg","width":796,"height":448,"caption":"Adeptos fizeram a festa (rija) na capital"},{"@type":"BreadcrumbList","@id":"https:\/\/portaltela.pt\/noticias\/2026\/04\/01\/milhares-celebram-qualificacao-da-bosnia-para-o-mundial-2026-em-sarajevo-2\/#breadcrumb","itemListElement":[{"@type":"ListItem","position":1,"name":"In\u00edcio","item":"https:\/\/portaltela.pt\/"},{"@type":"ListItem","position":2,"name":"Milhares celebram qualifica\u00e7\u00e3o da B\u00f3snia para o Mundial 2026 em Sarajevo"}]},{"@type":"WebSite","@id":"https:\/\/portaltela.pt\/#website","url":"https:\/\/portaltela.pt\/","name":"Portal Tela Portugal","description":"","potentialAction":[{"@type":"SearchAction","target":{"@type":"EntryPoint","urlTemplate":"https:\/\/portaltela.pt\/?s={search_term_string}"},"query-input":{"@type":"PropertyValueSpecification","valueRequired":true,"valueName":"search_term_string"}}],"inLanguage":"pt-PT"},{"@type":"Person","@id":"https:\/\/portaltela.pt\/#\/schema\/person\/c4278d4a6028830caff9ee44b42d32ed","name":"Telinha","image":{"@type":"ImageObject","inLanguage":"pt-PT","@id":"https:\/\/portaltela.pt\/s.01k8rhncp4jt1\/2025\/11\/talking-bot-125x125.png","url":"https:\/\/portaltela.pt\/s.01k8rhncp4jt1\/2025\/11\/talking-bot-125x125.png","contentUrl":"https:\/\/portaltela.pt\/s.01k8rhncp4jt1\/2025\/11\/talking-bot-125x125.png","caption":"Telinha"},"sameAs":["https:\/\/portaltela.pt\/"],"url":"https:\/\/portaltela.pt\/por\/367410592786\/"}]}},"_links":{"self":[{"href":"https:\/\/portaltela.pt\/api\/wp\/v2\/posts\/429195","targetHints":{"allow":["GET"]}}],"collection":[{"href":"https:\/\/portaltela.pt\/api\/wp\/v2\/posts"}],"about":[{"href":"https:\/\/portaltela.pt\/api\/wp\/v2\/types\/post"}],"author":[{"embeddable":true,"href":"https:\/\/portaltela.pt\/api\/wp\/v2\/users\/2"}],"replies":[{"embeddable":true,"href":"https:\/\/portaltela.pt\/api\/wp\/v2\/comments?post=429195"}],"version-history":[{"count":0,"href":"https:\/\/portaltela.pt\/api\/wp\/v2\/posts\/429195\/revisions"}],"wp:featuredmedia":[{"embeddable":true,"href":"https:\/\/portaltela.pt\/api\/wp\/v2\/media\/429198"}],"wp:attachment":[{"href":"https:\/\/portaltela.pt\/api\/wp\/v2\/media?parent=429195"}],"wp:term":[{"taxonomy":"category","embeddable":true,"href":"https:\/\/portaltela.pt\/api\/wp\/v2\/categories?post=429195"},{"taxonomy":"post_tag","embeddable":true,"href":"https:\/\/portaltela.pt\/api\/wp\/v2\/tags?post=429195"}],"curies":[{"name":"wp","href":"https:\/\/api.w.org\/{rel}","templated":true}]}}