{"id":429194,"date":"2026-04-01T10:02:45","date_gmt":"2026-04-01T13:02:45","guid":{"rendered":"https:\/\/portaltela.pt\/noticias\/2026\/04\/01\/conflito-no-irao-agrava-direitos-dos-migrantes-no-golfo-persico\/"},"modified":"2026-04-01T10:02:45","modified_gmt":"2026-04-01T13:02:45","slug":"conflito-no-irao-agrava-direitos-dos-migrantes-no-golfo-persico","status":"publish","type":"post","link":"https:\/\/portaltela.pt\/seguranca\/2026\/04\/01\/conflito-no-irao-agrava-direitos-dos-migrantes-no-golfo-persico\/","title":{"rendered":"Conflito no Ir\u00e3o agrava direitos dos migrantes no Golfo P\u00e9rsico"},"content":{"rendered":"<p>A guerra no Ir\u00e3o, que se expandiu pelo M\u00e9dio Oriente, agrava a vida dos trabalhadores migrantes nos Estados do Golfo P\u00e9rsico. A HRW alerta que estes trabalhadores s\u00e3o os mais vulner\u00e1veis ao ambiente de conflito e ao aumento de custos b\u00e1sicos.<\/p>\n<p>Segundo a organiza\u00e7\u00e3o, os migrantes cumprem fun\u00e7\u00f5es essenciais para as economias e servi\u00e7os da regi\u00e3o, mas enfrentam maiores dificuldades financeiras. A HRW exige medidas de emerg\u00eancia para mitigar perdas de rendimento e, sempre que poss\u00edvel, compens\u00e1-las.<\/p>\n<p>A organiza\u00e7\u00e3o sublinha a necessidade de medidas estruturais para garantir sal\u00e1rio digno, contratos respeitados e acesso a benef\u00edcios de seguran\u00e7a social. O sistema kafala \u00e9 apontado como um fator que restringe liberdades e mobilidade laboral.<\/p>\n<p>Michael Page, vice-diretor da HRW para o M\u00e9dio Oriente e Norte de \u00c1frica, refere que o kafala facilita o controlo dos empregadores sobre os trabalhadores recrutados no estrangeiro, limitando mudan\u00e7as de emprego e circula\u00e7\u00e3o.<\/p>\n<p>A HRW apela ainda a apoio financeiro para quem deseje regressar aos seus pa\u00edses de origem. A organiza\u00e7\u00e3o sugere coopera\u00e7\u00e3o entre governos dos pa\u00edses de acolhimento, laborat\u00f3rios de voos acess\u00edveis e companhias a\u00e9reas para viabilizar bilhetes.<\/p>\n<p>O relat\u00f3rio baseia-se em 38 entrevistas com migrantes da \u00cdndia, Nepal e Bangladesh a residir no Golfo. Os entrevistados atuam como motoristas, estafetas, seguran\u00e7as, cozinheiros e pessoal de limpeza.<\/p>\n<p>A avalia\u00e7\u00e3o ocorre num contexto de resposta \u00e0 ofensiva liderada pelos Estados Unidos e Israel, iniciada a 28 de fevereiro, que se estende \u00e0 regi\u00e3o e afeta as economias locais. O conflito vem tamb\u00e9m a partir de a\u00e7\u00f5es de repres\u00e1lia.<\/p>\n<p>Entre as consequ\u00eancias observadas est\u00e1 o bloqueio do estreito de Ormuz, que influencia o fluxo de petr\u00f3leo e g\u00e1s no com\u00e9rcio global. A passagem pelo canal \u00e9 cr\u00edtica para o abastecimento mundial.<\/p>\n<h3>Situa\u00e7\u00e3o dos migrantes e medidas recomendadas<\/h3>\n<p>A HRW solicita a\u00e7\u00f5es de emerg\u00eancia para mitigar perdas salariais e assegurar apoio financeiro. Al\u00e9m disso, recomenda-se a implementa\u00e7\u00e3o de sal\u00e1rios dignos, contratos est\u00e1veis e prote\u00e7\u00e3o social para trabalhadores migrantes no Golfo P\u00e9rsico.<\/p>\n<h3>Desempenho e impacto econ\u00f3mico<\/h3>\n<p>O relat\u00f3rio enfatiza que migrantes desempenham fun\u00e7\u00f5es essenciais \u00e0 opera\u00e7\u00e3o cont\u00ednua de infraestruturas, com\u00e9rcio e servi\u00e7os. A organiza\u00e7\u00e3o ressalva que melhorias estruturais podem reduzir vulnerabilidades a choques econ\u00f3micos.<\/p>\n","protected":false},"excerpt":{"rendered":"<ul>\n<li>A HRW alerta que a guerra no Ir\u00e3o agrava a situa\u00e7\u00e3o de trabalhadores migrantes nos pa\u00edses do Conselho de Coopera\u00e7\u00e3o do Golfo, com custos crescentes para eles.<\/li>\n<li>Os migrantes s\u00e3o os mais vulner\u00e1veis aos conflitos, mas executam tarefas essenciais para as economias e servi\u00e7os da regi\u00e3o.<\/li>\n<li>A HRW exige medidas de emerg\u00eancia pelos Estados do GCC para mitigar perdas de rendimentos e, quando necess\u00e1rio, compensar\u2011neles, bem como a\u00e7\u00f5es estruturais para sal\u00e1rios dignos, contratos respeitados e acesso \u00e0 seguran\u00e7a social.<\/li>\n<li>A organiza\u00e7\u00e3o aponta defici\u00eancias no sistema de kafala e defende medidas que garantam maior liberdade de circula\u00e7\u00e3o e condi\u00e7\u00f5es laborais justas para os migrantes.<\/li>\n<li>O relat\u00f3rio, baseado em 38 entrevistas com trabalhadores da \u00cdndia, Nepal e Bangladesh, destaca pedidos de apoio para regressar ao pa\u00eds de origem, incluindo ajuda para custos de bilhetes e op\u00e7\u00f5es de voos acess\u00edveis.<\/li>\n<\/ul>\n","protected":false},"author":2,"featured_media":429196,"comment_status":"closed","ping_status":"closed","sticky":false,"template":"","format":"standard","meta":{"footnotes":""},"categories":[6790,6779],"tags":[6094,2633,3153,1456,6691,1678],"class_list":["post-429194","post","type-post","status-publish","format-standard","has-post-thumbnail","hentry","category-conflitos","category-seguranca","tag-direitos-dos-trabalhadores","tag-direitos-humanos","tag-ira","tag-migracao","tag-migracao-internacional","tag-migrantes"],"yoast_head":"<!-- This site is optimized with the Yoast SEO plugin v27.2 - https:\/\/yoast.com\/product\/yoast-seo-wordpress\/ -->\n<title>Conflito no Ir\u00e3o agrava direitos dos migrantes no Golfo P\u00e9rsico - Portal Tela Portugal<\/title>\n<meta name=\"robots\" content=\"index, follow, max-snippet:-1, max-image-preview:large, max-video-preview:-1\" \/>\n<meta property=\"og:locale\" content=\"pt_PT\" \/>\n<meta property=\"og:type\" content=\"article\" \/>\n<meta property=\"og:title\" content=\"Conflito no Ir\u00e3o agrava direitos dos migrantes no Golfo P\u00e9rsico - Portal Tela Portugal\" \/>\n<meta property=\"og:description\" content=\"A HRW alerta que a guerra no Ir\u00e3o agrava a situa\u00e7\u00e3o de trabalhadores migrantes nos pa\u00edses do Conselho de Coopera\u00e7\u00e3o do Golfo, com custos crescentes para eles. Os migrantes s\u00e3o os mais vulner\u00e1veis aos conflitos, mas executam tarefas essenciais para as economias e servi\u00e7os da regi\u00e3o. A HRW exige medidas de emerg\u00eancia pelos Estados do GCC para mitigar perdas de rendimentos e, quando necess\u00e1rio, compensar\u2011neles, bem como a\u00e7\u00f5es estruturais para sal\u00e1rios dignos, contratos respeitados e acesso \u00e0 seguran\u00e7a social. A organiza\u00e7\u00e3o aponta defici\u00eancias no sistema de kafala e defende medidas que garantam maior liberdade de circula\u00e7\u00e3o e condi\u00e7\u00f5es laborais justas para os migrantes. O relat\u00f3rio, baseado em 38 entrevistas com trabalhadores da \u00cdndia, Nepal e Bangladesh, destaca pedidos de apoio para regressar ao pa\u00eds de origem, incluindo ajuda para custos de bilhetes e op\u00e7\u00f5es de voos acess\u00edveis.\" \/>\n<meta property=\"og:url\" content=\"https:\/\/portaltela.pt\/noticias\/2026\/04\/01\/conflito-no-irao-agrava-direitos-dos-migrantes-no-golfo-persico\/\" \/>\n<meta property=\"og:site_name\" content=\"Portal Tela Portugal\" \/>\n<meta property=\"article:published_time\" content=\"2026-04-01T13:02:45+00:00\" \/>\n<meta name=\"author\" content=\"Telinha\" \/>\n<meta name=\"twitter:card\" content=\"summary_large_image\" \/>\n<meta name=\"twitter:label1\" content=\"Escrito por\" \/>\n\t<meta name=\"twitter:data1\" content=\"Telinha\" \/>\n\t<meta name=\"twitter:label2\" content=\"Tempo estimado de leitura\" \/>\n\t<meta name=\"twitter:data2\" content=\"2 minutos\" \/>\n<script type=\"application\/ld+json\" class=\"yoast-schema-graph\">{\"@context\":\"https:\/\/schema.org\",\"@graph\":[{\"@type\":\"Article\",\"@id\":\"https:\/\/portaltela.pt\/noticias\/2026\/04\/01\/conflito-no-irao-agrava-direitos-dos-migrantes-no-golfo-persico\/#article\",\"isPartOf\":{\"@id\":\"https:\/\/portaltela.pt\/noticias\/2026\/04\/01\/conflito-no-irao-agrava-direitos-dos-migrantes-no-golfo-persico\/\"},\"author\":{\"name\":\"Telinha\",\"@id\":\"https:\/\/portaltela.pt\/#\/schema\/person\/c4278d4a6028830caff9ee44b42d32ed\"},\"headline\":\"Conflito no Ir\u00e3o agrava direitos dos migrantes no Golfo P\u00e9rsico\",\"datePublished\":\"2026-04-01T13:02:45+00:00\",\"mainEntityOfPage\":{\"@id\":\"https:\/\/portaltela.pt\/noticias\/2026\/04\/01\/conflito-no-irao-agrava-direitos-dos-migrantes-no-golfo-persico\/\"},\"wordCount\":416,\"image\":{\"@id\":\"https:\/\/portaltela.pt\/noticias\/2026\/04\/01\/conflito-no-irao-agrava-direitos-dos-migrantes-no-golfo-persico\/#primaryimage\"},\"thumbnailUrl\":\"https:\/\/portaltela.pt\/s.01k8rhncp4jt1\/2026\/04\/img_1500x1000uu2023-07-03-10-47-25-1385977-im-639009683406080566.jpg\",\"keywords\":[\"direitos dos trabalhadores\",\"direitos humanos\",\"Ir\u00e3\",\"migra\u00e7\u00e3o\",\"migra\u00e7\u00e3o internacional\",\"migrantes\"],\"articleSection\":[\"Conflitos\",\"Seguran\u00e7a\"],\"inLanguage\":\"pt-PT\"},{\"@type\":\"WebPage\",\"@id\":\"https:\/\/portaltela.pt\/noticias\/2026\/04\/01\/conflito-no-irao-agrava-direitos-dos-migrantes-no-golfo-persico\/\",\"url\":\"https:\/\/portaltela.pt\/noticias\/2026\/04\/01\/conflito-no-irao-agrava-direitos-dos-migrantes-no-golfo-persico\/\",\"name\":\"Conflito no Ir\u00e3o agrava direitos dos migrantes no Golfo P\u00e9rsico - Portal Tela Portugal\",\"isPartOf\":{\"@id\":\"https:\/\/portaltela.pt\/#website\"},\"primaryImageOfPage\":{\"@id\":\"https:\/\/portaltela.pt\/noticias\/2026\/04\/01\/conflito-no-irao-agrava-direitos-dos-migrantes-no-golfo-persico\/#primaryimage\"},\"image\":{\"@id\":\"https:\/\/portaltela.pt\/noticias\/2026\/04\/01\/conflito-no-irao-agrava-direitos-dos-migrantes-no-golfo-persico\/#primaryimage\"},\"thumbnailUrl\":\"https:\/\/portaltela.pt\/s.01k8rhncp4jt1\/2026\/04\/img_1500x1000uu2023-07-03-10-47-25-1385977-im-639009683406080566.jpg\",\"datePublished\":\"2026-04-01T13:02:45+00:00\",\"author\":{\"@id\":\"https:\/\/portaltela.pt\/#\/schema\/person\/c4278d4a6028830caff9ee44b42d32ed\"},\"breadcrumb\":{\"@id\":\"https:\/\/portaltela.pt\/noticias\/2026\/04\/01\/conflito-no-irao-agrava-direitos-dos-migrantes-no-golfo-persico\/#breadcrumb\"},\"inLanguage\":\"pt-PT\",\"potentialAction\":[{\"@type\":\"ReadAction\",\"target\":[\"https:\/\/portaltela.pt\/noticias\/2026\/04\/01\/conflito-no-irao-agrava-direitos-dos-migrantes-no-golfo-persico\/\"]}]},{\"@type\":\"ImageObject\",\"inLanguage\":\"pt-PT\",\"@id\":\"https:\/\/portaltela.pt\/noticias\/2026\/04\/01\/conflito-no-irao-agrava-direitos-dos-migrantes-no-golfo-persico\/#primaryimage\",\"url\":\"https:\/\/portaltela.pt\/s.01k8rhncp4jt1\/2026\/04\/img_1500x1000uu2023-07-03-10-47-25-1385977-im-639009683406080566.jpg\",\"contentUrl\":\"https:\/\/portaltela.pt\/s.01k8rhncp4jt1\/2026\/04\/img_1500x1000uu2023-07-03-10-47-25-1385977-im-639009683406080566.jpg\",\"width\":796,\"height\":448,\"caption\":\"Human Rights Watch\"},{\"@type\":\"BreadcrumbList\",\"@id\":\"https:\/\/portaltela.pt\/noticias\/2026\/04\/01\/conflito-no-irao-agrava-direitos-dos-migrantes-no-golfo-persico\/#breadcrumb\",\"itemListElement\":[{\"@type\":\"ListItem\",\"position\":1,\"name\":\"In\u00edcio\",\"item\":\"https:\/\/portaltela.pt\/\"},{\"@type\":\"ListItem\",\"position\":2,\"name\":\"Conflito no Ir\u00e3o agrava direitos dos migrantes no Golfo P\u00e9rsico\"}]},{\"@type\":\"WebSite\",\"@id\":\"https:\/\/portaltela.pt\/#website\",\"url\":\"https:\/\/portaltela.pt\/\",\"name\":\"Portal Tela Portugal\",\"description\":\"\",\"potentialAction\":[{\"@type\":\"SearchAction\",\"target\":{\"@type\":\"EntryPoint\",\"urlTemplate\":\"https:\/\/portaltela.pt\/?s={search_term_string}\"},\"query-input\":{\"@type\":\"PropertyValueSpecification\",\"valueRequired\":true,\"valueName\":\"search_term_string\"}}],\"inLanguage\":\"pt-PT\"},{\"@type\":\"Person\",\"@id\":\"https:\/\/portaltela.pt\/#\/schema\/person\/c4278d4a6028830caff9ee44b42d32ed\",\"name\":\"Telinha\",\"image\":{\"@type\":\"ImageObject\",\"inLanguage\":\"pt-PT\",\"@id\":\"https:\/\/portaltela.pt\/s.01k8rhncp4jt1\/2025\/11\/talking-bot-125x125.png\",\"url\":\"https:\/\/portaltela.pt\/s.01k8rhncp4jt1\/2025\/11\/talking-bot-125x125.png\",\"contentUrl\":\"https:\/\/portaltela.pt\/s.01k8rhncp4jt1\/2025\/11\/talking-bot-125x125.png\",\"caption\":\"Telinha\"},\"sameAs\":[\"https:\/\/portaltela.pt\/\"],\"url\":\"https:\/\/portaltela.pt\/por\/367410592786\/\"}]}<\/script>\n<!-- \/ Yoast SEO plugin. -->","yoast_head_json":{"title":"Conflito no Ir\u00e3o agrava direitos dos migrantes no Golfo P\u00e9rsico - Portal Tela Portugal","robots":{"index":"index","follow":"follow","max-snippet":"max-snippet:-1","max-image-preview":"max-image-preview:large","max-video-preview":"max-video-preview:-1"},"og_locale":"pt_PT","og_type":"article","og_title":"Conflito no Ir\u00e3o agrava direitos dos migrantes no Golfo P\u00e9rsico - Portal Tela Portugal","og_description":"A HRW alerta que a guerra no Ir\u00e3o agrava a situa\u00e7\u00e3o de trabalhadores migrantes nos pa\u00edses do Conselho de Coopera\u00e7\u00e3o do Golfo, com custos crescentes para eles. Os migrantes s\u00e3o os mais vulner\u00e1veis aos conflitos, mas executam tarefas essenciais para as economias e servi\u00e7os da regi\u00e3o. A HRW exige medidas de emerg\u00eancia pelos Estados do GCC para mitigar perdas de rendimentos e, quando necess\u00e1rio, compensar\u2011neles, bem como a\u00e7\u00f5es estruturais para sal\u00e1rios dignos, contratos respeitados e acesso \u00e0 seguran\u00e7a social. A organiza\u00e7\u00e3o aponta defici\u00eancias no sistema de kafala e defende medidas que garantam maior liberdade de circula\u00e7\u00e3o e condi\u00e7\u00f5es laborais justas para os migrantes. O relat\u00f3rio, baseado em 38 entrevistas com trabalhadores da \u00cdndia, Nepal e Bangladesh, destaca pedidos de apoio para regressar ao pa\u00eds de origem, incluindo ajuda para custos de bilhetes e op\u00e7\u00f5es de voos acess\u00edveis.","og_url":"https:\/\/portaltela.pt\/noticias\/2026\/04\/01\/conflito-no-irao-agrava-direitos-dos-migrantes-no-golfo-persico\/","og_site_name":"Portal Tela Portugal","article_published_time":"2026-04-01T13:02:45+00:00","author":"Telinha","twitter_card":"summary_large_image","twitter_misc":{"Escrito por":"Telinha","Tempo estimado de leitura":"2 minutos"},"schema":{"@context":"https:\/\/schema.org","@graph":[{"@type":"Article","@id":"https:\/\/portaltela.pt\/noticias\/2026\/04\/01\/conflito-no-irao-agrava-direitos-dos-migrantes-no-golfo-persico\/#article","isPartOf":{"@id":"https:\/\/portaltela.pt\/noticias\/2026\/04\/01\/conflito-no-irao-agrava-direitos-dos-migrantes-no-golfo-persico\/"},"author":{"name":"Telinha","@id":"https:\/\/portaltela.pt\/#\/schema\/person\/c4278d4a6028830caff9ee44b42d32ed"},"headline":"Conflito no Ir\u00e3o agrava direitos dos migrantes no Golfo P\u00e9rsico","datePublished":"2026-04-01T13:02:45+00:00","mainEntityOfPage":{"@id":"https:\/\/portaltela.pt\/noticias\/2026\/04\/01\/conflito-no-irao-agrava-direitos-dos-migrantes-no-golfo-persico\/"},"wordCount":416,"image":{"@id":"https:\/\/portaltela.pt\/noticias\/2026\/04\/01\/conflito-no-irao-agrava-direitos-dos-migrantes-no-golfo-persico\/#primaryimage"},"thumbnailUrl":"https:\/\/portaltela.pt\/s.01k8rhncp4jt1\/2026\/04\/img_1500x1000uu2023-07-03-10-47-25-1385977-im-639009683406080566.jpg","keywords":["direitos dos trabalhadores","direitos humanos","Ir\u00e3","migra\u00e7\u00e3o","migra\u00e7\u00e3o internacional","migrantes"],"articleSection":["Conflitos","Seguran\u00e7a"],"inLanguage":"pt-PT"},{"@type":"WebPage","@id":"https:\/\/portaltela.pt\/noticias\/2026\/04\/01\/conflito-no-irao-agrava-direitos-dos-migrantes-no-golfo-persico\/","url":"https:\/\/portaltela.pt\/noticias\/2026\/04\/01\/conflito-no-irao-agrava-direitos-dos-migrantes-no-golfo-persico\/","name":"Conflito no Ir\u00e3o agrava direitos dos migrantes no Golfo P\u00e9rsico - Portal Tela Portugal","isPartOf":{"@id":"https:\/\/portaltela.pt\/#website"},"primaryImageOfPage":{"@id":"https:\/\/portaltela.pt\/noticias\/2026\/04\/01\/conflito-no-irao-agrava-direitos-dos-migrantes-no-golfo-persico\/#primaryimage"},"image":{"@id":"https:\/\/portaltela.pt\/noticias\/2026\/04\/01\/conflito-no-irao-agrava-direitos-dos-migrantes-no-golfo-persico\/#primaryimage"},"thumbnailUrl":"https:\/\/portaltela.pt\/s.01k8rhncp4jt1\/2026\/04\/img_1500x1000uu2023-07-03-10-47-25-1385977-im-639009683406080566.jpg","datePublished":"2026-04-01T13:02:45+00:00","author":{"@id":"https:\/\/portaltela.pt\/#\/schema\/person\/c4278d4a6028830caff9ee44b42d32ed"},"breadcrumb":{"@id":"https:\/\/portaltela.pt\/noticias\/2026\/04\/01\/conflito-no-irao-agrava-direitos-dos-migrantes-no-golfo-persico\/#breadcrumb"},"inLanguage":"pt-PT","potentialAction":[{"@type":"ReadAction","target":["https:\/\/portaltela.pt\/noticias\/2026\/04\/01\/conflito-no-irao-agrava-direitos-dos-migrantes-no-golfo-persico\/"]}]},{"@type":"ImageObject","inLanguage":"pt-PT","@id":"https:\/\/portaltela.pt\/noticias\/2026\/04\/01\/conflito-no-irao-agrava-direitos-dos-migrantes-no-golfo-persico\/#primaryimage","url":"https:\/\/portaltela.pt\/s.01k8rhncp4jt1\/2026\/04\/img_1500x1000uu2023-07-03-10-47-25-1385977-im-639009683406080566.jpg","contentUrl":"https:\/\/portaltela.pt\/s.01k8rhncp4jt1\/2026\/04\/img_1500x1000uu2023-07-03-10-47-25-1385977-im-639009683406080566.jpg","width":796,"height":448,"caption":"Human Rights Watch"},{"@type":"BreadcrumbList","@id":"https:\/\/portaltela.pt\/noticias\/2026\/04\/01\/conflito-no-irao-agrava-direitos-dos-migrantes-no-golfo-persico\/#breadcrumb","itemListElement":[{"@type":"ListItem","position":1,"name":"In\u00edcio","item":"https:\/\/portaltela.pt\/"},{"@type":"ListItem","position":2,"name":"Conflito no Ir\u00e3o agrava direitos dos migrantes no Golfo P\u00e9rsico"}]},{"@type":"WebSite","@id":"https:\/\/portaltela.pt\/#website","url":"https:\/\/portaltela.pt\/","name":"Portal Tela Portugal","description":"","potentialAction":[{"@type":"SearchAction","target":{"@type":"EntryPoint","urlTemplate":"https:\/\/portaltela.pt\/?s={search_term_string}"},"query-input":{"@type":"PropertyValueSpecification","valueRequired":true,"valueName":"search_term_string"}}],"inLanguage":"pt-PT"},{"@type":"Person","@id":"https:\/\/portaltela.pt\/#\/schema\/person\/c4278d4a6028830caff9ee44b42d32ed","name":"Telinha","image":{"@type":"ImageObject","inLanguage":"pt-PT","@id":"https:\/\/portaltela.pt\/s.01k8rhncp4jt1\/2025\/11\/talking-bot-125x125.png","url":"https:\/\/portaltela.pt\/s.01k8rhncp4jt1\/2025\/11\/talking-bot-125x125.png","contentUrl":"https:\/\/portaltela.pt\/s.01k8rhncp4jt1\/2025\/11\/talking-bot-125x125.png","caption":"Telinha"},"sameAs":["https:\/\/portaltela.pt\/"],"url":"https:\/\/portaltela.pt\/por\/367410592786\/"}]}},"_links":{"self":[{"href":"https:\/\/portaltela.pt\/api\/wp\/v2\/posts\/429194","targetHints":{"allow":["GET"]}}],"collection":[{"href":"https:\/\/portaltela.pt\/api\/wp\/v2\/posts"}],"about":[{"href":"https:\/\/portaltela.pt\/api\/wp\/v2\/types\/post"}],"author":[{"embeddable":true,"href":"https:\/\/portaltela.pt\/api\/wp\/v2\/users\/2"}],"replies":[{"embeddable":true,"href":"https:\/\/portaltela.pt\/api\/wp\/v2\/comments?post=429194"}],"version-history":[{"count":0,"href":"https:\/\/portaltela.pt\/api\/wp\/v2\/posts\/429194\/revisions"}],"wp:featuredmedia":[{"embeddable":true,"href":"https:\/\/portaltela.pt\/api\/wp\/v2\/media\/429196"}],"wp:attachment":[{"href":"https:\/\/portaltela.pt\/api\/wp\/v2\/media?parent=429194"}],"wp:term":[{"taxonomy":"category","embeddable":true,"href":"https:\/\/portaltela.pt\/api\/wp\/v2\/categories?post=429194"},{"taxonomy":"post_tag","embeddable":true,"href":"https:\/\/portaltela.pt\/api\/wp\/v2\/tags?post=429194"}],"curies":[{"name":"wp","href":"https:\/\/api.w.org\/{rel}","templated":true}]}}