{"id":429193,"date":"2026-04-01T10:02:46","date_gmt":"2026-04-01T13:02:46","guid":{"rendered":"https:\/\/portaltela.pt\/noticias\/2026\/04\/01\/jornalista-norte-americana-raptada-no-iraque\/"},"modified":"2026-04-01T10:02:46","modified_gmt":"2026-04-01T13:02:46","slug":"jornalista-norte-americana-raptada-no-iraque","status":"publish","type":"post","link":"https:\/\/portaltela.pt\/noticias\/internacional\/2026\/04\/01\/jornalista-norte-americana-raptada-no-iraque\/","title":{"rendered":"Jornalista norte-americana raptada no Iraque"},"content":{"rendered":"<p>Shelly Kittleson, jornalista norte-americana, foi raptada na ter\u00e7a-feira em Bagdad, Iraque, numa opera\u00e7\u00e3o que ocorreu num contexto de crescente inseguran\u00e7a na regi\u00e3o. Os Estados Unidos apontam para uma mil\u00edcia pr\u00f3-iraniana como respons\u00e1vel, enquanto o Minist\u00e9rio da Administra\u00e7\u00e3o Interna do Iraque diz estar a reunir esfor\u00e7os para localizar a jornalista e identificar os respons\u00e1veis.<\/p>\n<p>Segundo relatos de dois respons\u00e1veis de seguran\u00e7a iraquianos, o rapto ocorreu com o uso de dois ve\u00edculos, um deles envolvido num acidente perto de Al-Haswa, na prov\u00edncia de Babil, a sudoeste de Bagdad. A jornalista ter\u00e1 sido levada para um segundo autom\u00f3vel e transportada para o centro da capital.<\/p>\n<p>O Minist\u00e9rio da Administra\u00e7\u00e3o Interna confirmou o rapto, sem revelar a identidade de Kittleson. Os EUA mencionaram a deten\u00e7\u00e3o de um indiv\u00edduo ligado ao Kataib Hezbollah, grupo pr\u00f3-iraniano, considerado uma mil\u00edcia. A autoridade norte-americana afirma que o suspeito tem liga\u00e7\u00f5es com o grupo e pode estar envolvido no sequestro.<\/p>\n<h3>Contexto regional<\/h3>\n<p>A tens\u00e3o entre Estados Unidos e mil\u00edcias pr\u00f3-iranianas no Iraque persiste desde o in\u00edcio da guerra regional e dos ataques a bases com presen\u00e7a de tropas norte-americanas. O Kataib Hezbollah foi criado em 2003 e classificado como organiza\u00e7\u00e3o terrorista pelos EUA desde 2009. O grupo j\u00e1 reivindicou ataques com drones e m\u00edsseis contra instala\u00e7\u00f5es no Iraque e na regi\u00e3o.<\/p>\n<p>A embaixada dos EUA tem alertado reiteradamente para os riscos enfrentados pelos cidad\u00e3os norte-americanos no Iraque, incluindo o risco de rapto, e aconselha a sa\u00edda do pa\u00eds. A comunidade internacional acompanha com preocupa\u00e7\u00e3o o desfecho do caso.<\/p>\n<h3>Reac\u00e7\u00f5es e apelos<\/h3>\n<p>O Comit\u00e9 para a Prote\u00e7\u00e3o dos Jornalistas expressou profunda preocupa\u00e7\u00e3o e pediu \u00e0s autoridades iraquianas que intensifiquem os esfor\u00e7os para localizar Shelly Kittleson, garantir a liberta\u00e7\u00e3o e responsabilizar os respons\u00e1veis. O CPJ recorda ainda que, s\u00f3 neste ano, j\u00e1 morreram 11 jornalistas em contextos de guerra.<\/p>\n","protected":false},"excerpt":{"rendered":"<ul>\n<li>A jornalista norte-americana Shelly Kittleson foi raptada em Bagdade, no Iraque, numa altura em que a inseguran\u00e7a na regi\u00e3o aumenta.<\/li>\n<li>Os Estados Unidos acusam uma mil\u00edcia iraquiana pr\u00f3-iraniana, alegadamente ligada ao grupo Kataib Hezbollah, pelo rapto.<\/li>\n<li>O Minist\u00e9rio da Administra\u00e7\u00e3o Interna do Iraque confirmou o rapto e informou ter detido um suspeito e apreendido um dos ve\u00edculos usados, sem revelar identidades.<\/li>\n<li>Fontes iraquianas disseram que estiveram envolvidos dois carros; um ve\u00edculo despistou-se perto de Al-Haswa, Babil, e Kittleson ter\u00e1 sido transferida para o segundo carro antes de sair do local.<\/li>\n<li>O Comit\u00e9 para a Prote\u00e7\u00e3o dos Jornalistas (CPJ) manifestou preocupa\u00e7\u00e3o e pediu \u00e0s autoridades iraquianas que localizem a jornalista, garantam a sua liberta\u00e7\u00e3o e responsabilizem os respons\u00e1veis.<\/li>\n<\/ul>\n","protected":false},"author":2,"featured_media":429197,"comment_status":"closed","ping_status":"closed","sticky":false,"template":"","format":"standard","meta":{"footnotes":""},"categories":[6814,4],"tags":[506,5707,6700,7439,5698,4989],"class_list":["post-429193","post","type-post","status-publish","format-standard","has-post-thumbnail","hentry","category-geopolitica","category-internacional","tag-imprensa","tag-jornalistas","tag-milicias","tag-politica-externa","tag-politica-internacional","tag-terrorismo"],"yoast_head":"<!-- This site is optimized with the Yoast SEO plugin v27.2 - https:\/\/yoast.com\/product\/yoast-seo-wordpress\/ -->\n<title>Jornalista norte-americana raptada no Iraque - Portal Tela Portugal<\/title>\n<meta name=\"robots\" content=\"index, follow, max-snippet:-1, max-image-preview:large, max-video-preview:-1\" \/>\n<meta property=\"og:locale\" content=\"pt_PT\" \/>\n<meta property=\"og:type\" content=\"article\" \/>\n<meta property=\"og:title\" content=\"Jornalista norte-americana raptada no Iraque - Portal Tela Portugal\" \/>\n<meta property=\"og:description\" content=\"A jornalista norte-americana Shelly Kittleson foi raptada em Bagdade, no Iraque, numa altura em que a inseguran\u00e7a na regi\u00e3o aumenta. Os Estados Unidos acusam uma mil\u00edcia iraquiana pr\u00f3-iraniana, alegadamente ligada ao grupo Kataib Hezbollah, pelo rapto. O Minist\u00e9rio da Administra\u00e7\u00e3o Interna do Iraque confirmou o rapto e informou ter detido um suspeito e apreendido um dos ve\u00edculos usados, sem revelar identidades. Fontes iraquianas disseram que estiveram envolvidos dois carros; um ve\u00edculo despistou-se perto de Al-Haswa, Babil, e Kittleson ter\u00e1 sido transferida para o segundo carro antes de sair do local. O Comit\u00e9 para a Prote\u00e7\u00e3o dos Jornalistas (CPJ) manifestou preocupa\u00e7\u00e3o e pediu \u00e0s autoridades iraquianas que localizem a jornalista, garantam a sua liberta\u00e7\u00e3o e responsabilizem os respons\u00e1veis.\" \/>\n<meta property=\"og:url\" content=\"https:\/\/portaltela.pt\/noticias\/2026\/04\/01\/jornalista-norte-americana-raptada-no-iraque\/\" \/>\n<meta property=\"og:site_name\" content=\"Portal Tela Portugal\" \/>\n<meta property=\"article:published_time\" content=\"2026-04-01T13:02:46+00:00\" \/>\n<meta name=\"author\" content=\"Telinha\" \/>\n<meta name=\"twitter:card\" content=\"summary_large_image\" \/>\n<meta name=\"twitter:label1\" content=\"Escrito por\" \/>\n\t<meta name=\"twitter:data1\" content=\"Telinha\" \/>\n\t<meta name=\"twitter:label2\" content=\"Tempo estimado de leitura\" \/>\n\t<meta name=\"twitter:data2\" content=\"2 minutos\" \/>\n<script type=\"application\/ld+json\" class=\"yoast-schema-graph\">{\"@context\":\"https:\/\/schema.org\",\"@graph\":[{\"@type\":\"Article\",\"@id\":\"https:\/\/portaltela.pt\/noticias\/2026\/04\/01\/jornalista-norte-americana-raptada-no-iraque\/#article\",\"isPartOf\":{\"@id\":\"https:\/\/portaltela.pt\/noticias\/2026\/04\/01\/jornalista-norte-americana-raptada-no-iraque\/\"},\"author\":{\"name\":\"Telinha\",\"@id\":\"https:\/\/portaltela.pt\/#\/schema\/person\/c4278d4a6028830caff9ee44b42d32ed\"},\"headline\":\"Jornalista norte-americana raptada no Iraque\",\"datePublished\":\"2026-04-01T13:02:46+00:00\",\"mainEntityOfPage\":{\"@id\":\"https:\/\/portaltela.pt\/noticias\/2026\/04\/01\/jornalista-norte-americana-raptada-no-iraque\/\"},\"wordCount\":342,\"image\":{\"@id\":\"https:\/\/portaltela.pt\/noticias\/2026\/04\/01\/jornalista-norte-americana-raptada-no-iraque\/#primaryimage\"},\"thumbnailUrl\":\"https:\/\/portaltela.pt\/s.01k8rhncp4jt1\/2026\/04\/2078529.jpg\",\"keywords\":[\"imprensa\",\"jornalistas\",\"mil\u00edcias\",\"pol\u00edtica externa\",\"pol\u00edtica internacional\",\"terrorismo\"],\"articleSection\":[\"Geopol\u00edtica\",\"Internacional\"],\"inLanguage\":\"pt-PT\"},{\"@type\":\"WebPage\",\"@id\":\"https:\/\/portaltela.pt\/noticias\/2026\/04\/01\/jornalista-norte-americana-raptada-no-iraque\/\",\"url\":\"https:\/\/portaltela.pt\/noticias\/2026\/04\/01\/jornalista-norte-americana-raptada-no-iraque\/\",\"name\":\"Jornalista norte-americana raptada no Iraque - Portal Tela Portugal\",\"isPartOf\":{\"@id\":\"https:\/\/portaltela.pt\/#website\"},\"primaryImageOfPage\":{\"@id\":\"https:\/\/portaltela.pt\/noticias\/2026\/04\/01\/jornalista-norte-americana-raptada-no-iraque\/#primaryimage\"},\"image\":{\"@id\":\"https:\/\/portaltela.pt\/noticias\/2026\/04\/01\/jornalista-norte-americana-raptada-no-iraque\/#primaryimage\"},\"thumbnailUrl\":\"https:\/\/portaltela.pt\/s.01k8rhncp4jt1\/2026\/04\/2078529.jpg\",\"datePublished\":\"2026-04-01T13:02:46+00:00\",\"author\":{\"@id\":\"https:\/\/portaltela.pt\/#\/schema\/person\/c4278d4a6028830caff9ee44b42d32ed\"},\"breadcrumb\":{\"@id\":\"https:\/\/portaltela.pt\/noticias\/2026\/04\/01\/jornalista-norte-americana-raptada-no-iraque\/#breadcrumb\"},\"inLanguage\":\"pt-PT\",\"potentialAction\":[{\"@type\":\"ReadAction\",\"target\":[\"https:\/\/portaltela.pt\/noticias\/2026\/04\/01\/jornalista-norte-americana-raptada-no-iraque\/\"]}]},{\"@type\":\"ImageObject\",\"inLanguage\":\"pt-PT\",\"@id\":\"https:\/\/portaltela.pt\/noticias\/2026\/04\/01\/jornalista-norte-americana-raptada-no-iraque\/#primaryimage\",\"url\":\"https:\/\/portaltela.pt\/s.01k8rhncp4jt1\/2026\/04\/2078529.jpg\",\"contentUrl\":\"https:\/\/portaltela.pt\/s.01k8rhncp4jt1\/2026\/04\/2078529.jpg\",\"width\":796,\"height\":448,\"caption\":\"Shelly Kittleson ter\u00e1 sido raptada no centro da capital iraquiana\"},{\"@type\":\"BreadcrumbList\",\"@id\":\"https:\/\/portaltela.pt\/noticias\/2026\/04\/01\/jornalista-norte-americana-raptada-no-iraque\/#breadcrumb\",\"itemListElement\":[{\"@type\":\"ListItem\",\"position\":1,\"name\":\"In\u00edcio\",\"item\":\"https:\/\/portaltela.pt\/\"},{\"@type\":\"ListItem\",\"position\":2,\"name\":\"Jornalista norte-americana raptada no Iraque\"}]},{\"@type\":\"WebSite\",\"@id\":\"https:\/\/portaltela.pt\/#website\",\"url\":\"https:\/\/portaltela.pt\/\",\"name\":\"Portal Tela Portugal\",\"description\":\"\",\"potentialAction\":[{\"@type\":\"SearchAction\",\"target\":{\"@type\":\"EntryPoint\",\"urlTemplate\":\"https:\/\/portaltela.pt\/?s={search_term_string}\"},\"query-input\":{\"@type\":\"PropertyValueSpecification\",\"valueRequired\":true,\"valueName\":\"search_term_string\"}}],\"inLanguage\":\"pt-PT\"},{\"@type\":\"Person\",\"@id\":\"https:\/\/portaltela.pt\/#\/schema\/person\/c4278d4a6028830caff9ee44b42d32ed\",\"name\":\"Telinha\",\"image\":{\"@type\":\"ImageObject\",\"inLanguage\":\"pt-PT\",\"@id\":\"https:\/\/portaltela.pt\/s.01k8rhncp4jt1\/2025\/11\/talking-bot-125x125.png\",\"url\":\"https:\/\/portaltela.pt\/s.01k8rhncp4jt1\/2025\/11\/talking-bot-125x125.png\",\"contentUrl\":\"https:\/\/portaltela.pt\/s.01k8rhncp4jt1\/2025\/11\/talking-bot-125x125.png\",\"caption\":\"Telinha\"},\"sameAs\":[\"https:\/\/portaltela.pt\/\"],\"url\":\"https:\/\/portaltela.pt\/por\/367410592786\/\"}]}<\/script>\n<!-- \/ Yoast SEO plugin. -->","yoast_head_json":{"title":"Jornalista norte-americana raptada no Iraque - Portal Tela Portugal","robots":{"index":"index","follow":"follow","max-snippet":"max-snippet:-1","max-image-preview":"max-image-preview:large","max-video-preview":"max-video-preview:-1"},"og_locale":"pt_PT","og_type":"article","og_title":"Jornalista norte-americana raptada no Iraque - Portal Tela Portugal","og_description":"A jornalista norte-americana Shelly Kittleson foi raptada em Bagdade, no Iraque, numa altura em que a inseguran\u00e7a na regi\u00e3o aumenta. Os Estados Unidos acusam uma mil\u00edcia iraquiana pr\u00f3-iraniana, alegadamente ligada ao grupo Kataib Hezbollah, pelo rapto. O Minist\u00e9rio da Administra\u00e7\u00e3o Interna do Iraque confirmou o rapto e informou ter detido um suspeito e apreendido um dos ve\u00edculos usados, sem revelar identidades. Fontes iraquianas disseram que estiveram envolvidos dois carros; um ve\u00edculo despistou-se perto de Al-Haswa, Babil, e Kittleson ter\u00e1 sido transferida para o segundo carro antes de sair do local. O Comit\u00e9 para a Prote\u00e7\u00e3o dos Jornalistas (CPJ) manifestou preocupa\u00e7\u00e3o e pediu \u00e0s autoridades iraquianas que localizem a jornalista, garantam a sua liberta\u00e7\u00e3o e responsabilizem os respons\u00e1veis.","og_url":"https:\/\/portaltela.pt\/noticias\/2026\/04\/01\/jornalista-norte-americana-raptada-no-iraque\/","og_site_name":"Portal Tela Portugal","article_published_time":"2026-04-01T13:02:46+00:00","author":"Telinha","twitter_card":"summary_large_image","twitter_misc":{"Escrito por":"Telinha","Tempo estimado de leitura":"2 minutos"},"schema":{"@context":"https:\/\/schema.org","@graph":[{"@type":"Article","@id":"https:\/\/portaltela.pt\/noticias\/2026\/04\/01\/jornalista-norte-americana-raptada-no-iraque\/#article","isPartOf":{"@id":"https:\/\/portaltela.pt\/noticias\/2026\/04\/01\/jornalista-norte-americana-raptada-no-iraque\/"},"author":{"name":"Telinha","@id":"https:\/\/portaltela.pt\/#\/schema\/person\/c4278d4a6028830caff9ee44b42d32ed"},"headline":"Jornalista norte-americana raptada no Iraque","datePublished":"2026-04-01T13:02:46+00:00","mainEntityOfPage":{"@id":"https:\/\/portaltela.pt\/noticias\/2026\/04\/01\/jornalista-norte-americana-raptada-no-iraque\/"},"wordCount":342,"image":{"@id":"https:\/\/portaltela.pt\/noticias\/2026\/04\/01\/jornalista-norte-americana-raptada-no-iraque\/#primaryimage"},"thumbnailUrl":"https:\/\/portaltela.pt\/s.01k8rhncp4jt1\/2026\/04\/2078529.jpg","keywords":["imprensa","jornalistas","mil\u00edcias","pol\u00edtica externa","pol\u00edtica internacional","terrorismo"],"articleSection":["Geopol\u00edtica","Internacional"],"inLanguage":"pt-PT"},{"@type":"WebPage","@id":"https:\/\/portaltela.pt\/noticias\/2026\/04\/01\/jornalista-norte-americana-raptada-no-iraque\/","url":"https:\/\/portaltela.pt\/noticias\/2026\/04\/01\/jornalista-norte-americana-raptada-no-iraque\/","name":"Jornalista norte-americana raptada no Iraque - Portal Tela Portugal","isPartOf":{"@id":"https:\/\/portaltela.pt\/#website"},"primaryImageOfPage":{"@id":"https:\/\/portaltela.pt\/noticias\/2026\/04\/01\/jornalista-norte-americana-raptada-no-iraque\/#primaryimage"},"image":{"@id":"https:\/\/portaltela.pt\/noticias\/2026\/04\/01\/jornalista-norte-americana-raptada-no-iraque\/#primaryimage"},"thumbnailUrl":"https:\/\/portaltela.pt\/s.01k8rhncp4jt1\/2026\/04\/2078529.jpg","datePublished":"2026-04-01T13:02:46+00:00","author":{"@id":"https:\/\/portaltela.pt\/#\/schema\/person\/c4278d4a6028830caff9ee44b42d32ed"},"breadcrumb":{"@id":"https:\/\/portaltela.pt\/noticias\/2026\/04\/01\/jornalista-norte-americana-raptada-no-iraque\/#breadcrumb"},"inLanguage":"pt-PT","potentialAction":[{"@type":"ReadAction","target":["https:\/\/portaltela.pt\/noticias\/2026\/04\/01\/jornalista-norte-americana-raptada-no-iraque\/"]}]},{"@type":"ImageObject","inLanguage":"pt-PT","@id":"https:\/\/portaltela.pt\/noticias\/2026\/04\/01\/jornalista-norte-americana-raptada-no-iraque\/#primaryimage","url":"https:\/\/portaltela.pt\/s.01k8rhncp4jt1\/2026\/04\/2078529.jpg","contentUrl":"https:\/\/portaltela.pt\/s.01k8rhncp4jt1\/2026\/04\/2078529.jpg","width":796,"height":448,"caption":"Shelly Kittleson ter\u00e1 sido raptada no centro da capital iraquiana"},{"@type":"BreadcrumbList","@id":"https:\/\/portaltela.pt\/noticias\/2026\/04\/01\/jornalista-norte-americana-raptada-no-iraque\/#breadcrumb","itemListElement":[{"@type":"ListItem","position":1,"name":"In\u00edcio","item":"https:\/\/portaltela.pt\/"},{"@type":"ListItem","position":2,"name":"Jornalista norte-americana raptada no Iraque"}]},{"@type":"WebSite","@id":"https:\/\/portaltela.pt\/#website","url":"https:\/\/portaltela.pt\/","name":"Portal Tela Portugal","description":"","potentialAction":[{"@type":"SearchAction","target":{"@type":"EntryPoint","urlTemplate":"https:\/\/portaltela.pt\/?s={search_term_string}"},"query-input":{"@type":"PropertyValueSpecification","valueRequired":true,"valueName":"search_term_string"}}],"inLanguage":"pt-PT"},{"@type":"Person","@id":"https:\/\/portaltela.pt\/#\/schema\/person\/c4278d4a6028830caff9ee44b42d32ed","name":"Telinha","image":{"@type":"ImageObject","inLanguage":"pt-PT","@id":"https:\/\/portaltela.pt\/s.01k8rhncp4jt1\/2025\/11\/talking-bot-125x125.png","url":"https:\/\/portaltela.pt\/s.01k8rhncp4jt1\/2025\/11\/talking-bot-125x125.png","contentUrl":"https:\/\/portaltela.pt\/s.01k8rhncp4jt1\/2025\/11\/talking-bot-125x125.png","caption":"Telinha"},"sameAs":["https:\/\/portaltela.pt\/"],"url":"https:\/\/portaltela.pt\/por\/367410592786\/"}]}},"_links":{"self":[{"href":"https:\/\/portaltela.pt\/api\/wp\/v2\/posts\/429193","targetHints":{"allow":["GET"]}}],"collection":[{"href":"https:\/\/portaltela.pt\/api\/wp\/v2\/posts"}],"about":[{"href":"https:\/\/portaltela.pt\/api\/wp\/v2\/types\/post"}],"author":[{"embeddable":true,"href":"https:\/\/portaltela.pt\/api\/wp\/v2\/users\/2"}],"replies":[{"embeddable":true,"href":"https:\/\/portaltela.pt\/api\/wp\/v2\/comments?post=429193"}],"version-history":[{"count":0,"href":"https:\/\/portaltela.pt\/api\/wp\/v2\/posts\/429193\/revisions"}],"wp:featuredmedia":[{"embeddable":true,"href":"https:\/\/portaltela.pt\/api\/wp\/v2\/media\/429197"}],"wp:attachment":[{"href":"https:\/\/portaltela.pt\/api\/wp\/v2\/media?parent=429193"}],"wp:term":[{"taxonomy":"category","embeddable":true,"href":"https:\/\/portaltela.pt\/api\/wp\/v2\/categories?post=429193"},{"taxonomy":"post_tag","embeddable":true,"href":"https:\/\/portaltela.pt\/api\/wp\/v2\/tags?post=429193"}],"curies":[{"name":"wp","href":"https:\/\/api.w.org\/{rel}","templated":true}]}}