{"id":429178,"date":"2026-04-01T09:47:43","date_gmt":"2026-04-01T12:47:43","guid":{"rendered":"https:\/\/portaltela.pt\/noticias\/2026\/04\/01\/alerta-sobre-risco-ao-selo-de-evora-como-patrimonio-unesco\/"},"modified":"2026-04-01T09:47:43","modified_gmt":"2026-04-01T12:47:43","slug":"alerta-sobre-risco-ao-selo-de-evora-como-patrimonio-unesco","status":"publish","type":"post","link":"https:\/\/portaltela.pt\/lazer\/2026\/04\/01\/alerta-sobre-risco-ao-selo-de-evora-como-patrimonio-unesco\/","title":{"rendered":"Alerta sobre risco ao selo de \u00c9vora como Patrim\u00f3nio UNESCO"},"content":{"rendered":"<p>A plataforma c\u00edvica Juntos Pelo Divor \u2013 Paisagem e Patrim\u00f3nio alertou que a classifica\u00e7\u00e3o do centro hist\u00f3rico de \u00c9vora como Patrim\u00f3nio Mundial pode estar em risco caso avancem tr\u00eas centrais fotovoltaicas previstas para norte e nordeste da cidade. A organiza\u00e7\u00e3o j\u00e1 levou o caso \u00e0 UNESCO e ao ICOMOS.<\/p>\n<p>Alegando que os projetos violam requisitos que justificaram a classifica\u00e7\u00e3o de \u00c9vora, a plataforma sustenta que n\u00e3o foi realizada uma avalia\u00e7\u00e3o patrimonial obrigat\u00f3ria sobre os impactos cumulativos. O argumento central \u00e9 proteger a paisagem rural junto ao centro hist\u00f3rico, que permanece praticamente inalterada, conforme registo da UNESCO e recomenda\u00e7\u00e3o do ICOMOS em 1986.<\/p>\n<p>A plataforma enviou a fundamenta\u00e7\u00e3o \u00e0 Comiss\u00e3o Nacional da UNESCO e ao ICOMOS Portugal, solicitando uma avalia\u00e7\u00e3o de impacto patrimonial e zonas de exclus\u00e3o. Tamb\u00e9m pediu que o tra\u00e7ado do TGV Lisboa-Madrid seja considerado no planeamento municipal.<\/p>\n<h3>Projetos fotovoltaicos e impactos<\/h3>\n<p>A Juntos Pelo Divor aponta que as tr\u00eas centrais previstas, a norte e nordeste de \u00c9vora, v\u00e3o representar mais de 1,55 milh\u00f5es de pain\u00e9is e ocupar mais de 1.700 hectares cont\u00edguos. Este volume de constru\u00e7\u00e3o \u00e9 visto como potencial risco patrimonial que pode exigir medidas corretivas ou restritivas.<\/p>\n<p>As empresas envolvidas s\u00e3o Newcon40, Hyperion e IncognitWorld 3. Em termos de capacidade, a Newcon40 prev\u00ea cerca de 800.100 m\u00f3dulos, a Hyperion 394.500 pain\u00e9is e a IncognitWorld 3 aproximadamente 362.076 m\u00f3dulos. At\u00e9 ao momento, apenas o projeto da IncognitWorld 3 tem licen\u00e7a de explora\u00e7\u00e3o.<\/p>\n","protected":false},"excerpt":{"rendered":"<ul>\n<li>Uma plataforma c\u00edvica alerta que a classifica\u00e7\u00e3o do centro hist\u00f3rico de \u00c9vora como Patrim\u00f3nio Mundial pode ficar em risco com a constru\u00e7\u00e3o de tr\u00eas centrais fotovoltaicas previstas.<\/li>\n<li>A organiza\u00e7\u00e3o pediu \u00e0 UNESCO e ao ICOMOS \u2014 e j\u00e1 enviou fundamenta\u00e7\u00e3o \u00e0 Comiss\u00e3o Nacional da UNESCO \u2014 que seja feita uma avalia\u00e7\u00e3o patrimonial pr\u00e9via, destacando a integra\u00e7\u00e3o da paisagem rural norte de \u00c9vora.<\/li>\n<li>Alega que o projeto n\u00e3o cumpriria procedimentos obrigat\u00f3rios e que a avalia\u00e7\u00e3o de impacto patrimonial deveria anteceder os estudos de impacte ambiental.<\/li>\n<li>As tr\u00eas centrais, na zona norte e nordeste de \u00c9vora, preveem mais de 1.550.000 pain\u00e9is e ocupam mais de 1.700 hectares, com um dos projetos j\u00e1 licenciados para explora\u00e7\u00e3o.<\/li>\n<li>As empresas envolvidas s\u00e3o Newcon40 (800.100 m\u00f3dulos), Hyperion (394.500 m\u00f3dulos) e IncognitWorld 3 (362.076 m\u00f3dulos); a plataforma defende tamb\u00e9m a inclus\u00e3o de \u00c9vora na lista de Patrim\u00f3nio Mundial em risco.<\/li>\n<\/ul>\n","protected":false},"author":2,"featured_media":429181,"comment_status":"closed","ping_status":"closed","sticky":false,"template":"","format":"standard","meta":{"footnotes":""},"categories":[7375,7381],"tags":[4880,3603,1074,4399,814,6320],"class_list":["post-429178","post","type-post","status-publish","format-standard","has-post-thumbnail","hentry","category-cultura","category-lazer","tag-conservacao-ambiental","tag-energias-renovaveis","tag-evora","tag-paisagens","tag-patrimonio","tag-patrimonio-mundial-da-unesco"],"yoast_head":"<!-- This site is optimized with the Yoast SEO plugin v27.2 - https:\/\/yoast.com\/product\/yoast-seo-wordpress\/ -->\n<title>Alerta sobre risco ao selo de \u00c9vora como Patrim\u00f3nio UNESCO - Portal Tela Portugal<\/title>\n<meta name=\"robots\" content=\"index, follow, max-snippet:-1, max-image-preview:large, max-video-preview:-1\" \/>\n<meta property=\"og:locale\" content=\"pt_PT\" \/>\n<meta property=\"og:type\" content=\"article\" \/>\n<meta property=\"og:title\" content=\"Alerta sobre risco ao selo de \u00c9vora como Patrim\u00f3nio UNESCO - Portal Tela Portugal\" \/>\n<meta property=\"og:description\" content=\"Uma plataforma c\u00edvica alerta que a classifica\u00e7\u00e3o do centro hist\u00f3rico de \u00c9vora como Patrim\u00f3nio Mundial pode ficar em risco com a constru\u00e7\u00e3o de tr\u00eas centrais fotovoltaicas previstas. A organiza\u00e7\u00e3o pediu \u00e0 UNESCO e ao ICOMOS \u2014 e j\u00e1 enviou fundamenta\u00e7\u00e3o \u00e0 Comiss\u00e3o Nacional da UNESCO \u2014 que seja feita uma avalia\u00e7\u00e3o patrimonial pr\u00e9via, destacando a integra\u00e7\u00e3o da paisagem rural norte de \u00c9vora. Alega que o projeto n\u00e3o cumpriria procedimentos obrigat\u00f3rios e que a avalia\u00e7\u00e3o de impacto patrimonial deveria anteceder os estudos de impacte ambiental. As tr\u00eas centrais, na zona norte e nordeste de \u00c9vora, preveem mais de 1.550.000 pain\u00e9is e ocupam mais de 1.700 hectares, com um dos projetos j\u00e1 licenciados para explora\u00e7\u00e3o. As empresas envolvidas s\u00e3o Newcon40 (800.100 m\u00f3dulos), Hyperion (394.500 m\u00f3dulos) e IncognitWorld 3 (362.076 m\u00f3dulos); a plataforma defende tamb\u00e9m a inclus\u00e3o de \u00c9vora na lista de Patrim\u00f3nio Mundial em risco.\" \/>\n<meta property=\"og:url\" content=\"https:\/\/portaltela.pt\/noticias\/2026\/04\/01\/alerta-sobre-risco-ao-selo-de-evora-como-patrimonio-unesco\/\" \/>\n<meta property=\"og:site_name\" content=\"Portal Tela Portugal\" \/>\n<meta property=\"article:published_time\" content=\"2026-04-01T12:47:43+00:00\" \/>\n<meta name=\"author\" content=\"Telinha\" \/>\n<meta name=\"twitter:card\" content=\"summary_large_image\" \/>\n<meta name=\"twitter:label1\" content=\"Escrito por\" \/>\n\t<meta name=\"twitter:data1\" content=\"Telinha\" \/>\n\t<meta name=\"twitter:label2\" content=\"Tempo estimado de leitura\" \/>\n\t<meta name=\"twitter:data2\" content=\"1 minuto\" \/>\n<script type=\"application\/ld+json\" class=\"yoast-schema-graph\">{\"@context\":\"https:\/\/schema.org\",\"@graph\":[{\"@type\":\"Article\",\"@id\":\"https:\/\/portaltela.pt\/noticias\/2026\/04\/01\/alerta-sobre-risco-ao-selo-de-evora-como-patrimonio-unesco\/#article\",\"isPartOf\":{\"@id\":\"https:\/\/portaltela.pt\/noticias\/2026\/04\/01\/alerta-sobre-risco-ao-selo-de-evora-como-patrimonio-unesco\/\"},\"author\":{\"name\":\"Telinha\",\"@id\":\"https:\/\/portaltela.pt\/#\/schema\/person\/c4278d4a6028830caff9ee44b42d32ed\"},\"headline\":\"Alerta sobre risco ao selo de \u00c9vora como Patrim\u00f3nio UNESCO\",\"datePublished\":\"2026-04-01T12:47:43+00:00\",\"mainEntityOfPage\":{\"@id\":\"https:\/\/portaltela.pt\/noticias\/2026\/04\/01\/alerta-sobre-risco-ao-selo-de-evora-como-patrimonio-unesco\/\"},\"wordCount\":263,\"image\":{\"@id\":\"https:\/\/portaltela.pt\/noticias\/2026\/04\/01\/alerta-sobre-risco-ao-selo-de-evora-como-patrimonio-unesco\/#primaryimage\"},\"thumbnailUrl\":\"https:\/\/portaltela.pt\/s.01k8rhncp4jt1\/2026\/04\/img_1500x1000uu2026-04-01-13-42-15-2276033.jpg\",\"keywords\":[\"conserva\u00e7\u00e3o ambiental\",\"energias renov\u00e1veis\",\"\u00c9vora\",\"Paisagens\",\"patrim\u00f3nio\",\"Patrim\u00f3nio Mundial da UNESCO\"],\"articleSection\":[\"Cultura\",\"Lazer\"],\"inLanguage\":\"pt-PT\"},{\"@type\":\"WebPage\",\"@id\":\"https:\/\/portaltela.pt\/noticias\/2026\/04\/01\/alerta-sobre-risco-ao-selo-de-evora-como-patrimonio-unesco\/\",\"url\":\"https:\/\/portaltela.pt\/noticias\/2026\/04\/01\/alerta-sobre-risco-ao-selo-de-evora-como-patrimonio-unesco\/\",\"name\":\"Alerta sobre risco ao selo de \u00c9vora como Patrim\u00f3nio UNESCO - Portal Tela Portugal\",\"isPartOf\":{\"@id\":\"https:\/\/portaltela.pt\/#website\"},\"primaryImageOfPage\":{\"@id\":\"https:\/\/portaltela.pt\/noticias\/2026\/04\/01\/alerta-sobre-risco-ao-selo-de-evora-como-patrimonio-unesco\/#primaryimage\"},\"image\":{\"@id\":\"https:\/\/portaltela.pt\/noticias\/2026\/04\/01\/alerta-sobre-risco-ao-selo-de-evora-como-patrimonio-unesco\/#primaryimage\"},\"thumbnailUrl\":\"https:\/\/portaltela.pt\/s.01k8rhncp4jt1\/2026\/04\/img_1500x1000uu2026-04-01-13-42-15-2276033.jpg\",\"datePublished\":\"2026-04-01T12:47:43+00:00\",\"author\":{\"@id\":\"https:\/\/portaltela.pt\/#\/schema\/person\/c4278d4a6028830caff9ee44b42d32ed\"},\"breadcrumb\":{\"@id\":\"https:\/\/portaltela.pt\/noticias\/2026\/04\/01\/alerta-sobre-risco-ao-selo-de-evora-como-patrimonio-unesco\/#breadcrumb\"},\"inLanguage\":\"pt-PT\",\"potentialAction\":[{\"@type\":\"ReadAction\",\"target\":[\"https:\/\/portaltela.pt\/noticias\/2026\/04\/01\/alerta-sobre-risco-ao-selo-de-evora-como-patrimonio-unesco\/\"]}]},{\"@type\":\"ImageObject\",\"inLanguage\":\"pt-PT\",\"@id\":\"https:\/\/portaltela.pt\/noticias\/2026\/04\/01\/alerta-sobre-risco-ao-selo-de-evora-como-patrimonio-unesco\/#primaryimage\",\"url\":\"https:\/\/portaltela.pt\/s.01k8rhncp4jt1\/2026\/04\/img_1500x1000uu2026-04-01-13-42-15-2276033.jpg\",\"contentUrl\":\"https:\/\/portaltela.pt\/s.01k8rhncp4jt1\/2026\/04\/img_1500x1000uu2026-04-01-13-42-15-2276033.jpg\",\"width\":796,\"height\":448,\"caption\":\"Templo de Diana, \u00c9vora\"},{\"@type\":\"BreadcrumbList\",\"@id\":\"https:\/\/portaltela.pt\/noticias\/2026\/04\/01\/alerta-sobre-risco-ao-selo-de-evora-como-patrimonio-unesco\/#breadcrumb\",\"itemListElement\":[{\"@type\":\"ListItem\",\"position\":1,\"name\":\"In\u00edcio\",\"item\":\"https:\/\/portaltela.pt\/\"},{\"@type\":\"ListItem\",\"position\":2,\"name\":\"Alerta sobre risco ao selo de \u00c9vora como Patrim\u00f3nio UNESCO\"}]},{\"@type\":\"WebSite\",\"@id\":\"https:\/\/portaltela.pt\/#website\",\"url\":\"https:\/\/portaltela.pt\/\",\"name\":\"Portal Tela Portugal\",\"description\":\"\",\"potentialAction\":[{\"@type\":\"SearchAction\",\"target\":{\"@type\":\"EntryPoint\",\"urlTemplate\":\"https:\/\/portaltela.pt\/?s={search_term_string}\"},\"query-input\":{\"@type\":\"PropertyValueSpecification\",\"valueRequired\":true,\"valueName\":\"search_term_string\"}}],\"inLanguage\":\"pt-PT\"},{\"@type\":\"Person\",\"@id\":\"https:\/\/portaltela.pt\/#\/schema\/person\/c4278d4a6028830caff9ee44b42d32ed\",\"name\":\"Telinha\",\"image\":{\"@type\":\"ImageObject\",\"inLanguage\":\"pt-PT\",\"@id\":\"https:\/\/portaltela.pt\/s.01k8rhncp4jt1\/2025\/11\/talking-bot-125x125.png\",\"url\":\"https:\/\/portaltela.pt\/s.01k8rhncp4jt1\/2025\/11\/talking-bot-125x125.png\",\"contentUrl\":\"https:\/\/portaltela.pt\/s.01k8rhncp4jt1\/2025\/11\/talking-bot-125x125.png\",\"caption\":\"Telinha\"},\"sameAs\":[\"https:\/\/portaltela.pt\/\"],\"url\":\"https:\/\/portaltela.pt\/por\/367410592786\/\"}]}<\/script>\n<!-- \/ Yoast SEO plugin. -->","yoast_head_json":{"title":"Alerta sobre risco ao selo de \u00c9vora como Patrim\u00f3nio UNESCO - Portal Tela Portugal","robots":{"index":"index","follow":"follow","max-snippet":"max-snippet:-1","max-image-preview":"max-image-preview:large","max-video-preview":"max-video-preview:-1"},"og_locale":"pt_PT","og_type":"article","og_title":"Alerta sobre risco ao selo de \u00c9vora como Patrim\u00f3nio UNESCO - Portal Tela Portugal","og_description":"Uma plataforma c\u00edvica alerta que a classifica\u00e7\u00e3o do centro hist\u00f3rico de \u00c9vora como Patrim\u00f3nio Mundial pode ficar em risco com a constru\u00e7\u00e3o de tr\u00eas centrais fotovoltaicas previstas. A organiza\u00e7\u00e3o pediu \u00e0 UNESCO e ao ICOMOS \u2014 e j\u00e1 enviou fundamenta\u00e7\u00e3o \u00e0 Comiss\u00e3o Nacional da UNESCO \u2014 que seja feita uma avalia\u00e7\u00e3o patrimonial pr\u00e9via, destacando a integra\u00e7\u00e3o da paisagem rural norte de \u00c9vora. Alega que o projeto n\u00e3o cumpriria procedimentos obrigat\u00f3rios e que a avalia\u00e7\u00e3o de impacto patrimonial deveria anteceder os estudos de impacte ambiental. As tr\u00eas centrais, na zona norte e nordeste de \u00c9vora, preveem mais de 1.550.000 pain\u00e9is e ocupam mais de 1.700 hectares, com um dos projetos j\u00e1 licenciados para explora\u00e7\u00e3o. As empresas envolvidas s\u00e3o Newcon40 (800.100 m\u00f3dulos), Hyperion (394.500 m\u00f3dulos) e IncognitWorld 3 (362.076 m\u00f3dulos); a plataforma defende tamb\u00e9m a inclus\u00e3o de \u00c9vora na lista de Patrim\u00f3nio Mundial em risco.","og_url":"https:\/\/portaltela.pt\/noticias\/2026\/04\/01\/alerta-sobre-risco-ao-selo-de-evora-como-patrimonio-unesco\/","og_site_name":"Portal Tela Portugal","article_published_time":"2026-04-01T12:47:43+00:00","author":"Telinha","twitter_card":"summary_large_image","twitter_misc":{"Escrito por":"Telinha","Tempo estimado de leitura":"1 minuto"},"schema":{"@context":"https:\/\/schema.org","@graph":[{"@type":"Article","@id":"https:\/\/portaltela.pt\/noticias\/2026\/04\/01\/alerta-sobre-risco-ao-selo-de-evora-como-patrimonio-unesco\/#article","isPartOf":{"@id":"https:\/\/portaltela.pt\/noticias\/2026\/04\/01\/alerta-sobre-risco-ao-selo-de-evora-como-patrimonio-unesco\/"},"author":{"name":"Telinha","@id":"https:\/\/portaltela.pt\/#\/schema\/person\/c4278d4a6028830caff9ee44b42d32ed"},"headline":"Alerta sobre risco ao selo de \u00c9vora como Patrim\u00f3nio UNESCO","datePublished":"2026-04-01T12:47:43+00:00","mainEntityOfPage":{"@id":"https:\/\/portaltela.pt\/noticias\/2026\/04\/01\/alerta-sobre-risco-ao-selo-de-evora-como-patrimonio-unesco\/"},"wordCount":263,"image":{"@id":"https:\/\/portaltela.pt\/noticias\/2026\/04\/01\/alerta-sobre-risco-ao-selo-de-evora-como-patrimonio-unesco\/#primaryimage"},"thumbnailUrl":"https:\/\/portaltela.pt\/s.01k8rhncp4jt1\/2026\/04\/img_1500x1000uu2026-04-01-13-42-15-2276033.jpg","keywords":["conserva\u00e7\u00e3o ambiental","energias renov\u00e1veis","\u00c9vora","Paisagens","patrim\u00f3nio","Patrim\u00f3nio Mundial da UNESCO"],"articleSection":["Cultura","Lazer"],"inLanguage":"pt-PT"},{"@type":"WebPage","@id":"https:\/\/portaltela.pt\/noticias\/2026\/04\/01\/alerta-sobre-risco-ao-selo-de-evora-como-patrimonio-unesco\/","url":"https:\/\/portaltela.pt\/noticias\/2026\/04\/01\/alerta-sobre-risco-ao-selo-de-evora-como-patrimonio-unesco\/","name":"Alerta sobre risco ao selo de \u00c9vora como Patrim\u00f3nio UNESCO - Portal Tela Portugal","isPartOf":{"@id":"https:\/\/portaltela.pt\/#website"},"primaryImageOfPage":{"@id":"https:\/\/portaltela.pt\/noticias\/2026\/04\/01\/alerta-sobre-risco-ao-selo-de-evora-como-patrimonio-unesco\/#primaryimage"},"image":{"@id":"https:\/\/portaltela.pt\/noticias\/2026\/04\/01\/alerta-sobre-risco-ao-selo-de-evora-como-patrimonio-unesco\/#primaryimage"},"thumbnailUrl":"https:\/\/portaltela.pt\/s.01k8rhncp4jt1\/2026\/04\/img_1500x1000uu2026-04-01-13-42-15-2276033.jpg","datePublished":"2026-04-01T12:47:43+00:00","author":{"@id":"https:\/\/portaltela.pt\/#\/schema\/person\/c4278d4a6028830caff9ee44b42d32ed"},"breadcrumb":{"@id":"https:\/\/portaltela.pt\/noticias\/2026\/04\/01\/alerta-sobre-risco-ao-selo-de-evora-como-patrimonio-unesco\/#breadcrumb"},"inLanguage":"pt-PT","potentialAction":[{"@type":"ReadAction","target":["https:\/\/portaltela.pt\/noticias\/2026\/04\/01\/alerta-sobre-risco-ao-selo-de-evora-como-patrimonio-unesco\/"]}]},{"@type":"ImageObject","inLanguage":"pt-PT","@id":"https:\/\/portaltela.pt\/noticias\/2026\/04\/01\/alerta-sobre-risco-ao-selo-de-evora-como-patrimonio-unesco\/#primaryimage","url":"https:\/\/portaltela.pt\/s.01k8rhncp4jt1\/2026\/04\/img_1500x1000uu2026-04-01-13-42-15-2276033.jpg","contentUrl":"https:\/\/portaltela.pt\/s.01k8rhncp4jt1\/2026\/04\/img_1500x1000uu2026-04-01-13-42-15-2276033.jpg","width":796,"height":448,"caption":"Templo de Diana, \u00c9vora"},{"@type":"BreadcrumbList","@id":"https:\/\/portaltela.pt\/noticias\/2026\/04\/01\/alerta-sobre-risco-ao-selo-de-evora-como-patrimonio-unesco\/#breadcrumb","itemListElement":[{"@type":"ListItem","position":1,"name":"In\u00edcio","item":"https:\/\/portaltela.pt\/"},{"@type":"ListItem","position":2,"name":"Alerta sobre risco ao selo de \u00c9vora como Patrim\u00f3nio UNESCO"}]},{"@type":"WebSite","@id":"https:\/\/portaltela.pt\/#website","url":"https:\/\/portaltela.pt\/","name":"Portal Tela Portugal","description":"","potentialAction":[{"@type":"SearchAction","target":{"@type":"EntryPoint","urlTemplate":"https:\/\/portaltela.pt\/?s={search_term_string}"},"query-input":{"@type":"PropertyValueSpecification","valueRequired":true,"valueName":"search_term_string"}}],"inLanguage":"pt-PT"},{"@type":"Person","@id":"https:\/\/portaltela.pt\/#\/schema\/person\/c4278d4a6028830caff9ee44b42d32ed","name":"Telinha","image":{"@type":"ImageObject","inLanguage":"pt-PT","@id":"https:\/\/portaltela.pt\/s.01k8rhncp4jt1\/2025\/11\/talking-bot-125x125.png","url":"https:\/\/portaltela.pt\/s.01k8rhncp4jt1\/2025\/11\/talking-bot-125x125.png","contentUrl":"https:\/\/portaltela.pt\/s.01k8rhncp4jt1\/2025\/11\/talking-bot-125x125.png","caption":"Telinha"},"sameAs":["https:\/\/portaltela.pt\/"],"url":"https:\/\/portaltela.pt\/por\/367410592786\/"}]}},"_links":{"self":[{"href":"https:\/\/portaltela.pt\/api\/wp\/v2\/posts\/429178","targetHints":{"allow":["GET"]}}],"collection":[{"href":"https:\/\/portaltela.pt\/api\/wp\/v2\/posts"}],"about":[{"href":"https:\/\/portaltela.pt\/api\/wp\/v2\/types\/post"}],"author":[{"embeddable":true,"href":"https:\/\/portaltela.pt\/api\/wp\/v2\/users\/2"}],"replies":[{"embeddable":true,"href":"https:\/\/portaltela.pt\/api\/wp\/v2\/comments?post=429178"}],"version-history":[{"count":0,"href":"https:\/\/portaltela.pt\/api\/wp\/v2\/posts\/429178\/revisions"}],"wp:featuredmedia":[{"embeddable":true,"href":"https:\/\/portaltela.pt\/api\/wp\/v2\/media\/429181"}],"wp:attachment":[{"href":"https:\/\/portaltela.pt\/api\/wp\/v2\/media?parent=429178"}],"wp:term":[{"taxonomy":"category","embeddable":true,"href":"https:\/\/portaltela.pt\/api\/wp\/v2\/categories?post=429178"},{"taxonomy":"post_tag","embeddable":true,"href":"https:\/\/portaltela.pt\/api\/wp\/v2\/tags?post=429178"}],"curies":[{"name":"wp","href":"https:\/\/api.w.org\/{rel}","templated":true}]}}