{"id":429173,"date":"2026-04-01T09:47:36","date_gmt":"2026-04-01T12:47:36","guid":{"rendered":"https:\/\/portaltela.pt\/noticias\/2026\/04\/01\/camara-de-coimbra-alerta-sobre-areia-acumulada-em-campos-apos-colapso-do-dique-do-mondego\/"},"modified":"2026-04-01T09:47:36","modified_gmt":"2026-04-01T12:47:36","slug":"camara-de-coimbra-alerta-sobre-areia-acumulada-em-campos-apos-colapso-do-dique-do-mondego","status":"publish","type":"post","link":"https:\/\/portaltela.pt\/meio-ambiente\/2026\/04\/01\/camara-de-coimbra-alerta-sobre-areia-acumulada-em-campos-apos-colapso-do-dique-do-mondego\/","title":{"rendered":"C\u00e2mara de Coimbra alerta sobre areia acumulada em campos ap\u00f3s colapso do dique do Mondego"},"content":{"rendered":"<p>A C\u00e2mara de Coimbra advertiu, nesta quarta-feira, para os custos da remo\u00e7\u00e3o de areia em campos agr\u00edcolas afetados pelo colapso do dique do Mondego. A respons\u00e1vel municipal explicou que a opera\u00e7\u00e3o, hoje delegada aos agricultores, pode comprometer o in\u00edcio da colheita.<\/p>\n<p>Durante uma visita \u00e0s obras do dique e do canal condutor no Mondego, a presidente Ana Abrunhosa sublinhou que o Governo tem passado a responsabilidade aos produtores desde o ano passado. A obra decorre na margem direita do Mondego, nos Casais, em Coimbra.<\/p>\n<p>Os cinco munic\u00edpios envolvidos assinaram contratos-programa com a APA e a Ag\u00eancia para o Clima, incluindo o financiamento de interven\u00e7\u00f5es de emerg\u00eancia. O montante total \u00e9 de 15 milh\u00f5es de euros do Fundo Ambiental.<\/p>\n<h3>Custos e cobertura de apoios<\/h3>\n<p>A l\u00edder camar\u00e1ria explicou que o limite de candidaturas \u00e9 de 400 mil euros e o custo da remo\u00e7\u00e3o da areia pode ficar fora do apoio. A situa\u00e7\u00e3o afeta sobretudo jovens agricultores com preju\u00edzos elevados, que chegam a milh\u00f5es de euros em alguns casos.<\/p>\n<p>Os lesados j\u00e1 manifestaram disponibilidade para integrar a solu\u00e7\u00e3o, desde que os custos de remo\u00e7\u00e3o n\u00e3o ultrapassem o teto dos apoios. A autarquia pretende facilitar a retirada da areia e manter o contacto com os agricultores.<\/p>\n<p>Coimbra indicou disponibilidade para receber parte da areia na praia do Rebolim e em Torres do Mondego, desde que haja coordena\u00e7\u00e3o com a tutela. A ideia \u00e9 permitir a recupera\u00e7\u00e3o r\u00e1pida das atividades agr\u00edcolas, sem preju\u00edzos adicionais.<\/p>\n<h3>Passos seguintes<\/h3>\n<p>Maria da Gra\u00e7a Carvalho, ministra do Ambiente e Energia, comprometeu levar o tema ao Minist\u00e9rio da Agricultura. Pedro Pimenta, da Cooperativa Agr\u00edcola de Coimbra, anunciou que a expectativa \u00e9 que a Associa\u00e7\u00e3o de Regantes organize a limpeza de cerca de 50 hectares, caso os agricultores n\u00e3o consigam avan\u00e7ar sozinhos.<\/p>\n<p>O Minist\u00e9rio da Agricultura mant\u00e9m a posi\u00e7\u00e3o de promover candidaturas no \u00e2mbito do Restabelecimento Potencial, conforme explicou o representante da Cooperativa. A governante assegurou que vai discutir a mat\u00e9ria com o minist\u00e9rio competente para encontrar uma solu\u00e7\u00e3o.<\/p>\n","protected":false},"excerpt":{"rendered":"<ul>\n<li>A presidente da C\u00e2mara de Coimbra alertou que os custos da remo\u00e7\u00e3o de areia nos campos afetados pelo colapso do dique do Mondego devem ser suportados pelos agricultores, que n\u00e3o podem iniciar a colheita.<\/li>\n<li>A opera\u00e7\u00e3o \u00e9 delegada pelo Minist\u00e9rio da Agricultura aos propriet\u00e1rios; cinco munic\u00edpios assinaram contratos-programa com a Ag\u00eancia Portuguesa do Ambiente e a Ag\u00eancia para as Mudan\u00e7as Clim\u00e1ticas, totalizando 15 milh\u00f5es de euros do Fundo Ambiental.<\/li>\n<li>H\u00e1 um limite de candidaturas de 400 mil euros; incluir o custo da remo\u00e7\u00e3o de areia preocupa os agricultores, sobretudo jovens, com preju\u00edzos elevados (um assim, quatro milh\u00f5es de euros; outro, dois milh\u00f5es).<\/li>\n<li>Os lesados est\u00e3o dispon\u00edveis para colaborar na solu\u00e7\u00e3o e a autarquia pediu sinaliza\u00e7\u00e3o para que possam retirar a areia, sugerindo que Coimbra receba parte da areia na praia do Rebolim e em Torres do Mondego.<\/li>\n<li>A ministra do Ambiente comprometeu levar o tema ao ministro da Agricultura; a Cooperativa Agr\u00edcola de Coimbra defende que a limpeza possa ficar a cargo da Associa\u00e7\u00e3o de Regantes, desde que os agricultores tenham elegibilidade.<\/li>\n<\/ul>\n","protected":false},"author":2,"featured_media":429175,"comment_status":"closed","ping_status":"closed","sticky":false,"template":"","format":"standard","meta":{"footnotes":""},"categories":[6725],"tags":[179,1070,4880,3985,34,45],"class_list":["post-429173","post","type-post","status-publish","format-standard","has-post-thumbnail","hentry","category-meio-ambiente","tag-agricultura","tag-coimbra","tag-conservacao-ambiental","tag-fundo-ambiental","tag-governo","tag-meio-ambiente"],"yoast_head":"<!-- This site is optimized with the Yoast SEO plugin v27.2 - https:\/\/yoast.com\/product\/yoast-seo-wordpress\/ -->\n<title>C\u00e2mara de Coimbra alerta sobre areia acumulada em campos ap\u00f3s colapso do dique do Mondego - Portal Tela Portugal<\/title>\n<meta name=\"robots\" content=\"index, follow, max-snippet:-1, max-image-preview:large, max-video-preview:-1\" \/>\n<meta property=\"og:locale\" content=\"pt_PT\" \/>\n<meta property=\"og:type\" content=\"article\" \/>\n<meta property=\"og:title\" content=\"C\u00e2mara de Coimbra alerta sobre areia acumulada em campos ap\u00f3s colapso do dique do Mondego - Portal Tela Portugal\" \/>\n<meta property=\"og:description\" content=\"A presidente da C\u00e2mara de Coimbra alertou que os custos da remo\u00e7\u00e3o de areia nos campos afetados pelo colapso do dique do Mondego devem ser suportados pelos agricultores, que n\u00e3o podem iniciar a colheita. A opera\u00e7\u00e3o \u00e9 delegada pelo Minist\u00e9rio da Agricultura aos propriet\u00e1rios; cinco munic\u00edpios assinaram contratos-programa com a Ag\u00eancia Portuguesa do Ambiente e a Ag\u00eancia para as Mudan\u00e7as Clim\u00e1ticas, totalizando 15 milh\u00f5es de euros do Fundo Ambiental. H\u00e1 um limite de candidaturas de 400 mil euros; incluir o custo da remo\u00e7\u00e3o de areia preocupa os agricultores, sobretudo jovens, com preju\u00edzos elevados (um assim, quatro milh\u00f5es de euros; outro, dois milh\u00f5es). Os lesados est\u00e3o dispon\u00edveis para colaborar na solu\u00e7\u00e3o e a autarquia pediu sinaliza\u00e7\u00e3o para que possam retirar a areia, sugerindo que Coimbra receba parte da areia na praia do Rebolim e em Torres do Mondego. A ministra do Ambiente comprometeu levar o tema ao ministro da Agricultura; a Cooperativa Agr\u00edcola de Coimbra defende que a limpeza possa ficar a cargo da Associa\u00e7\u00e3o de Regantes, desde que os agricultores tenham elegibilidade.\" \/>\n<meta property=\"og:url\" content=\"https:\/\/portaltela.pt\/noticias\/2026\/04\/01\/camara-de-coimbra-alerta-sobre-areia-acumulada-em-campos-apos-colapso-do-dique-do-mondego\/\" \/>\n<meta property=\"og:site_name\" content=\"Portal Tela Portugal\" \/>\n<meta property=\"article:published_time\" content=\"2026-04-01T12:47:36+00:00\" \/>\n<meta name=\"author\" content=\"Telinha\" \/>\n<meta name=\"twitter:card\" content=\"summary_large_image\" \/>\n<meta name=\"twitter:label1\" content=\"Escrito por\" \/>\n\t<meta name=\"twitter:data1\" content=\"Telinha\" \/>\n\t<meta name=\"twitter:label2\" content=\"Tempo estimado de leitura\" \/>\n\t<meta name=\"twitter:data2\" content=\"2 minutos\" \/>\n<script type=\"application\/ld+json\" class=\"yoast-schema-graph\">{\"@context\":\"https:\/\/schema.org\",\"@graph\":[{\"@type\":\"Article\",\"@id\":\"https:\/\/portaltela.pt\/noticias\/2026\/04\/01\/camara-de-coimbra-alerta-sobre-areia-acumulada-em-campos-apos-colapso-do-dique-do-mondego\/#article\",\"isPartOf\":{\"@id\":\"https:\/\/portaltela.pt\/noticias\/2026\/04\/01\/camara-de-coimbra-alerta-sobre-areia-acumulada-em-campos-apos-colapso-do-dique-do-mondego\/\"},\"author\":{\"name\":\"Telinha\",\"@id\":\"https:\/\/portaltela.pt\/#\/schema\/person\/c4278d4a6028830caff9ee44b42d32ed\"},\"headline\":\"C\u00e2mara de Coimbra alerta sobre areia acumulada em campos ap\u00f3s colapso do dique do Mondego\",\"datePublished\":\"2026-04-01T12:47:36+00:00\",\"mainEntityOfPage\":{\"@id\":\"https:\/\/portaltela.pt\/noticias\/2026\/04\/01\/camara-de-coimbra-alerta-sobre-areia-acumulada-em-campos-apos-colapso-do-dique-do-mondego\/\"},\"wordCount\":375,\"image\":{\"@id\":\"https:\/\/portaltela.pt\/noticias\/2026\/04\/01\/camara-de-coimbra-alerta-sobre-areia-acumulada-em-campos-apos-colapso-do-dique-do-mondego\/#primaryimage\"},\"thumbnailUrl\":\"https:\/\/portaltela.pt\/s.01k8rhncp4jt1\/2026\/04\/img_1500x1000uu2026-02-12-13-25-07-2266478.jpg\",\"keywords\":[\"agricultura\",\"Coimbra\",\"conserva\u00e7\u00e3o ambiental\",\"Fundo Ambiental\",\"governo\",\"meio-ambiente\"],\"articleSection\":[\"Meio Ambiente\"],\"inLanguage\":\"pt-PT\"},{\"@type\":\"WebPage\",\"@id\":\"https:\/\/portaltela.pt\/noticias\/2026\/04\/01\/camara-de-coimbra-alerta-sobre-areia-acumulada-em-campos-apos-colapso-do-dique-do-mondego\/\",\"url\":\"https:\/\/portaltela.pt\/noticias\/2026\/04\/01\/camara-de-coimbra-alerta-sobre-areia-acumulada-em-campos-apos-colapso-do-dique-do-mondego\/\",\"name\":\"C\u00e2mara de Coimbra alerta sobre areia acumulada em campos ap\u00f3s colapso do dique do Mondego - Portal Tela Portugal\",\"isPartOf\":{\"@id\":\"https:\/\/portaltela.pt\/#website\"},\"primaryImageOfPage\":{\"@id\":\"https:\/\/portaltela.pt\/noticias\/2026\/04\/01\/camara-de-coimbra-alerta-sobre-areia-acumulada-em-campos-apos-colapso-do-dique-do-mondego\/#primaryimage\"},\"image\":{\"@id\":\"https:\/\/portaltela.pt\/noticias\/2026\/04\/01\/camara-de-coimbra-alerta-sobre-areia-acumulada-em-campos-apos-colapso-do-dique-do-mondego\/#primaryimage\"},\"thumbnailUrl\":\"https:\/\/portaltela.pt\/s.01k8rhncp4jt1\/2026\/04\/img_1500x1000uu2026-02-12-13-25-07-2266478.jpg\",\"datePublished\":\"2026-04-01T12:47:36+00:00\",\"author\":{\"@id\":\"https:\/\/portaltela.pt\/#\/schema\/person\/c4278d4a6028830caff9ee44b42d32ed\"},\"breadcrumb\":{\"@id\":\"https:\/\/portaltela.pt\/noticias\/2026\/04\/01\/camara-de-coimbra-alerta-sobre-areia-acumulada-em-campos-apos-colapso-do-dique-do-mondego\/#breadcrumb\"},\"inLanguage\":\"pt-PT\",\"potentialAction\":[{\"@type\":\"ReadAction\",\"target\":[\"https:\/\/portaltela.pt\/noticias\/2026\/04\/01\/camara-de-coimbra-alerta-sobre-areia-acumulada-em-campos-apos-colapso-do-dique-do-mondego\/\"]}]},{\"@type\":\"ImageObject\",\"inLanguage\":\"pt-PT\",\"@id\":\"https:\/\/portaltela.pt\/noticias\/2026\/04\/01\/camara-de-coimbra-alerta-sobre-areia-acumulada-em-campos-apos-colapso-do-dique-do-mondego\/#primaryimage\",\"url\":\"https:\/\/portaltela.pt\/s.01k8rhncp4jt1\/2026\/04\/img_1500x1000uu2026-02-12-13-25-07-2266478.jpg\",\"contentUrl\":\"https:\/\/portaltela.pt\/s.01k8rhncp4jt1\/2026\/04\/img_1500x1000uu2026-02-12-13-25-07-2266478.jpg\",\"width\":796,\"height\":448,\"caption\":\"Dique rompe no rio Mondego\"},{\"@type\":\"BreadcrumbList\",\"@id\":\"https:\/\/portaltela.pt\/noticias\/2026\/04\/01\/camara-de-coimbra-alerta-sobre-areia-acumulada-em-campos-apos-colapso-do-dique-do-mondego\/#breadcrumb\",\"itemListElement\":[{\"@type\":\"ListItem\",\"position\":1,\"name\":\"In\u00edcio\",\"item\":\"https:\/\/portaltela.pt\/\"},{\"@type\":\"ListItem\",\"position\":2,\"name\":\"C\u00e2mara de Coimbra alerta sobre areia acumulada em campos ap\u00f3s colapso do dique do Mondego\"}]},{\"@type\":\"WebSite\",\"@id\":\"https:\/\/portaltela.pt\/#website\",\"url\":\"https:\/\/portaltela.pt\/\",\"name\":\"Portal Tela Portugal\",\"description\":\"\",\"potentialAction\":[{\"@type\":\"SearchAction\",\"target\":{\"@type\":\"EntryPoint\",\"urlTemplate\":\"https:\/\/portaltela.pt\/?s={search_term_string}\"},\"query-input\":{\"@type\":\"PropertyValueSpecification\",\"valueRequired\":true,\"valueName\":\"search_term_string\"}}],\"inLanguage\":\"pt-PT\"},{\"@type\":\"Person\",\"@id\":\"https:\/\/portaltela.pt\/#\/schema\/person\/c4278d4a6028830caff9ee44b42d32ed\",\"name\":\"Telinha\",\"image\":{\"@type\":\"ImageObject\",\"inLanguage\":\"pt-PT\",\"@id\":\"https:\/\/portaltela.pt\/s.01k8rhncp4jt1\/2025\/11\/talking-bot-125x125.png\",\"url\":\"https:\/\/portaltela.pt\/s.01k8rhncp4jt1\/2025\/11\/talking-bot-125x125.png\",\"contentUrl\":\"https:\/\/portaltela.pt\/s.01k8rhncp4jt1\/2025\/11\/talking-bot-125x125.png\",\"caption\":\"Telinha\"},\"sameAs\":[\"https:\/\/portaltela.pt\/\"],\"url\":\"https:\/\/portaltela.pt\/por\/367410592786\/\"}]}<\/script>\n<!-- \/ Yoast SEO plugin. -->","yoast_head_json":{"title":"C\u00e2mara de Coimbra alerta sobre areia acumulada em campos ap\u00f3s colapso do dique do Mondego - Portal Tela Portugal","robots":{"index":"index","follow":"follow","max-snippet":"max-snippet:-1","max-image-preview":"max-image-preview:large","max-video-preview":"max-video-preview:-1"},"og_locale":"pt_PT","og_type":"article","og_title":"C\u00e2mara de Coimbra alerta sobre areia acumulada em campos ap\u00f3s colapso do dique do Mondego - Portal Tela Portugal","og_description":"A presidente da C\u00e2mara de Coimbra alertou que os custos da remo\u00e7\u00e3o de areia nos campos afetados pelo colapso do dique do Mondego devem ser suportados pelos agricultores, que n\u00e3o podem iniciar a colheita. A opera\u00e7\u00e3o \u00e9 delegada pelo Minist\u00e9rio da Agricultura aos propriet\u00e1rios; cinco munic\u00edpios assinaram contratos-programa com a Ag\u00eancia Portuguesa do Ambiente e a Ag\u00eancia para as Mudan\u00e7as Clim\u00e1ticas, totalizando 15 milh\u00f5es de euros do Fundo Ambiental. H\u00e1 um limite de candidaturas de 400 mil euros; incluir o custo da remo\u00e7\u00e3o de areia preocupa os agricultores, sobretudo jovens, com preju\u00edzos elevados (um assim, quatro milh\u00f5es de euros; outro, dois milh\u00f5es). Os lesados est\u00e3o dispon\u00edveis para colaborar na solu\u00e7\u00e3o e a autarquia pediu sinaliza\u00e7\u00e3o para que possam retirar a areia, sugerindo que Coimbra receba parte da areia na praia do Rebolim e em Torres do Mondego. A ministra do Ambiente comprometeu levar o tema ao ministro da Agricultura; a Cooperativa Agr\u00edcola de Coimbra defende que a limpeza possa ficar a cargo da Associa\u00e7\u00e3o de Regantes, desde que os agricultores tenham elegibilidade.","og_url":"https:\/\/portaltela.pt\/noticias\/2026\/04\/01\/camara-de-coimbra-alerta-sobre-areia-acumulada-em-campos-apos-colapso-do-dique-do-mondego\/","og_site_name":"Portal Tela Portugal","article_published_time":"2026-04-01T12:47:36+00:00","author":"Telinha","twitter_card":"summary_large_image","twitter_misc":{"Escrito por":"Telinha","Tempo estimado de leitura":"2 minutos"},"schema":{"@context":"https:\/\/schema.org","@graph":[{"@type":"Article","@id":"https:\/\/portaltela.pt\/noticias\/2026\/04\/01\/camara-de-coimbra-alerta-sobre-areia-acumulada-em-campos-apos-colapso-do-dique-do-mondego\/#article","isPartOf":{"@id":"https:\/\/portaltela.pt\/noticias\/2026\/04\/01\/camara-de-coimbra-alerta-sobre-areia-acumulada-em-campos-apos-colapso-do-dique-do-mondego\/"},"author":{"name":"Telinha","@id":"https:\/\/portaltela.pt\/#\/schema\/person\/c4278d4a6028830caff9ee44b42d32ed"},"headline":"C\u00e2mara de Coimbra alerta sobre areia acumulada em campos ap\u00f3s colapso do dique do Mondego","datePublished":"2026-04-01T12:47:36+00:00","mainEntityOfPage":{"@id":"https:\/\/portaltela.pt\/noticias\/2026\/04\/01\/camara-de-coimbra-alerta-sobre-areia-acumulada-em-campos-apos-colapso-do-dique-do-mondego\/"},"wordCount":375,"image":{"@id":"https:\/\/portaltela.pt\/noticias\/2026\/04\/01\/camara-de-coimbra-alerta-sobre-areia-acumulada-em-campos-apos-colapso-do-dique-do-mondego\/#primaryimage"},"thumbnailUrl":"https:\/\/portaltela.pt\/s.01k8rhncp4jt1\/2026\/04\/img_1500x1000uu2026-02-12-13-25-07-2266478.jpg","keywords":["agricultura","Coimbra","conserva\u00e7\u00e3o ambiental","Fundo Ambiental","governo","meio-ambiente"],"articleSection":["Meio Ambiente"],"inLanguage":"pt-PT"},{"@type":"WebPage","@id":"https:\/\/portaltela.pt\/noticias\/2026\/04\/01\/camara-de-coimbra-alerta-sobre-areia-acumulada-em-campos-apos-colapso-do-dique-do-mondego\/","url":"https:\/\/portaltela.pt\/noticias\/2026\/04\/01\/camara-de-coimbra-alerta-sobre-areia-acumulada-em-campos-apos-colapso-do-dique-do-mondego\/","name":"C\u00e2mara de Coimbra alerta sobre areia acumulada em campos ap\u00f3s colapso do dique do Mondego - Portal Tela Portugal","isPartOf":{"@id":"https:\/\/portaltela.pt\/#website"},"primaryImageOfPage":{"@id":"https:\/\/portaltela.pt\/noticias\/2026\/04\/01\/camara-de-coimbra-alerta-sobre-areia-acumulada-em-campos-apos-colapso-do-dique-do-mondego\/#primaryimage"},"image":{"@id":"https:\/\/portaltela.pt\/noticias\/2026\/04\/01\/camara-de-coimbra-alerta-sobre-areia-acumulada-em-campos-apos-colapso-do-dique-do-mondego\/#primaryimage"},"thumbnailUrl":"https:\/\/portaltela.pt\/s.01k8rhncp4jt1\/2026\/04\/img_1500x1000uu2026-02-12-13-25-07-2266478.jpg","datePublished":"2026-04-01T12:47:36+00:00","author":{"@id":"https:\/\/portaltela.pt\/#\/schema\/person\/c4278d4a6028830caff9ee44b42d32ed"},"breadcrumb":{"@id":"https:\/\/portaltela.pt\/noticias\/2026\/04\/01\/camara-de-coimbra-alerta-sobre-areia-acumulada-em-campos-apos-colapso-do-dique-do-mondego\/#breadcrumb"},"inLanguage":"pt-PT","potentialAction":[{"@type":"ReadAction","target":["https:\/\/portaltela.pt\/noticias\/2026\/04\/01\/camara-de-coimbra-alerta-sobre-areia-acumulada-em-campos-apos-colapso-do-dique-do-mondego\/"]}]},{"@type":"ImageObject","inLanguage":"pt-PT","@id":"https:\/\/portaltela.pt\/noticias\/2026\/04\/01\/camara-de-coimbra-alerta-sobre-areia-acumulada-em-campos-apos-colapso-do-dique-do-mondego\/#primaryimage","url":"https:\/\/portaltela.pt\/s.01k8rhncp4jt1\/2026\/04\/img_1500x1000uu2026-02-12-13-25-07-2266478.jpg","contentUrl":"https:\/\/portaltela.pt\/s.01k8rhncp4jt1\/2026\/04\/img_1500x1000uu2026-02-12-13-25-07-2266478.jpg","width":796,"height":448,"caption":"Dique rompe no rio Mondego"},{"@type":"BreadcrumbList","@id":"https:\/\/portaltela.pt\/noticias\/2026\/04\/01\/camara-de-coimbra-alerta-sobre-areia-acumulada-em-campos-apos-colapso-do-dique-do-mondego\/#breadcrumb","itemListElement":[{"@type":"ListItem","position":1,"name":"In\u00edcio","item":"https:\/\/portaltela.pt\/"},{"@type":"ListItem","position":2,"name":"C\u00e2mara de Coimbra alerta sobre areia acumulada em campos ap\u00f3s colapso do dique do Mondego"}]},{"@type":"WebSite","@id":"https:\/\/portaltela.pt\/#website","url":"https:\/\/portaltela.pt\/","name":"Portal Tela Portugal","description":"","potentialAction":[{"@type":"SearchAction","target":{"@type":"EntryPoint","urlTemplate":"https:\/\/portaltela.pt\/?s={search_term_string}"},"query-input":{"@type":"PropertyValueSpecification","valueRequired":true,"valueName":"search_term_string"}}],"inLanguage":"pt-PT"},{"@type":"Person","@id":"https:\/\/portaltela.pt\/#\/schema\/person\/c4278d4a6028830caff9ee44b42d32ed","name":"Telinha","image":{"@type":"ImageObject","inLanguage":"pt-PT","@id":"https:\/\/portaltela.pt\/s.01k8rhncp4jt1\/2025\/11\/talking-bot-125x125.png","url":"https:\/\/portaltela.pt\/s.01k8rhncp4jt1\/2025\/11\/talking-bot-125x125.png","contentUrl":"https:\/\/portaltela.pt\/s.01k8rhncp4jt1\/2025\/11\/talking-bot-125x125.png","caption":"Telinha"},"sameAs":["https:\/\/portaltela.pt\/"],"url":"https:\/\/portaltela.pt\/por\/367410592786\/"}]}},"_links":{"self":[{"href":"https:\/\/portaltela.pt\/api\/wp\/v2\/posts\/429173","targetHints":{"allow":["GET"]}}],"collection":[{"href":"https:\/\/portaltela.pt\/api\/wp\/v2\/posts"}],"about":[{"href":"https:\/\/portaltela.pt\/api\/wp\/v2\/types\/post"}],"author":[{"embeddable":true,"href":"https:\/\/portaltela.pt\/api\/wp\/v2\/users\/2"}],"replies":[{"embeddable":true,"href":"https:\/\/portaltela.pt\/api\/wp\/v2\/comments?post=429173"}],"version-history":[{"count":0,"href":"https:\/\/portaltela.pt\/api\/wp\/v2\/posts\/429173\/revisions"}],"wp:featuredmedia":[{"embeddable":true,"href":"https:\/\/portaltela.pt\/api\/wp\/v2\/media\/429175"}],"wp:attachment":[{"href":"https:\/\/portaltela.pt\/api\/wp\/v2\/media?parent=429173"}],"wp:term":[{"taxonomy":"category","embeddable":true,"href":"https:\/\/portaltela.pt\/api\/wp\/v2\/categories?post=429173"},{"taxonomy":"post_tag","embeddable":true,"href":"https:\/\/portaltela.pt\/api\/wp\/v2\/tags?post=429173"}],"curies":[{"name":"wp","href":"https:\/\/api.w.org\/{rel}","templated":true}]}}