{"id":429165,"date":"2026-04-01T09:47:26","date_gmt":"2026-04-01T12:47:26","guid":{"rendered":"https:\/\/portaltela.pt\/noticias\/2026\/04\/01\/exercito-promete-breve-conclusao-do-inquerito-a-morte-de-alferes-em-lamego\/"},"modified":"2026-04-01T09:47:26","modified_gmt":"2026-04-01T12:47:26","slug":"exercito-promete-breve-conclusao-do-inquerito-a-morte-de-alferes-em-lamego","status":"publish","type":"post","link":"https:\/\/portaltela.pt\/noticias\/politica\/2026\/04\/01\/exercito-promete-breve-conclusao-do-inquerito-a-morte-de-alferes-em-lamego\/","title":{"rendered":"Ex\u00e9rcito promete breve conclus\u00e3o do inqu\u00e9rito \u00e0 morte de alferes em Lamego"},"content":{"rendered":"<p>O Ex\u00e9rcito anunciou que o inqu\u00e9rito \u00e0 morte do alferes Jo\u00e3o Cardoso, ocorrido em Lamego, est\u00e1 a avan\u00e7ar com rapidez. Cardoso, 23 anos, caiu ao rio durante um exerc\u00edcio do curso de opera\u00e7\u00f5es especiais.<\/p>\n<p>Segundo o comunicado, a investiga\u00e7\u00e3o est\u00e1 a ser conduzida com a maior celeridade poss\u00edvel e a conclus\u00e3o est\u00e1 prevista em breve. O Ex\u00e9rcito afirma que colabora com as autoridades competentes.<\/p>\n<p>Cardoso faleceu no dia 27 de janeiro, durante uma atividade de treino na zona de Lamego, tendo sido encontrado morto horas depois. O Ex\u00e9rcito expressou pesar pela ocorr\u00eancia.<\/p>\n<h3>Investiga\u00e7\u00e3o em curso<\/h3>\n<p>As autoridades policiais est\u00e3o a investigar as causas da morte e eventuais responsabilidades, devendo emitir informa\u00e7\u00f5es adicionais \u00e0 medida que avan\u00e7a o processo. A comunidade militar acompanha o caso com aten\u00e7\u00e3o.<\/p>\n<p>O Ex\u00e9rcito garantiu que ser\u00e3o tomadas todas as medidas para evitar cen\u00e1rios semelhantes no futuro e agradeceu a colabora\u00e7\u00e3o das autoridades e de todos os envolvidos na investiga\u00e7\u00e3o.<\/p>\n<p>O caso gerou como\u00e7\u00e3o na comunidade militar e na sociedade, com a conclus\u00e3o do inqu\u00e9rito a ser aguardada pelos familiares e pela institui\u00e7\u00e3o.<\/p>\n","protected":false},"excerpt":{"rendered":"<ul>\n<li>O Ex\u00e9rcito anunciou que o inqu\u00e9rito \u00e0 morte do alferes Jo\u00e3o Cardoso, 23 anos, dever\u00e1 ficar conclu\u00eddo em breve.<\/li>\n<li>Cardoso caiu ao rio durante um exerc\u00edcio do curso de opera\u00e7\u00f5es especiais em Lamego, no dia 27 de janeiro, e foi encontrado horas depois.<\/li>\n<li>O inqu\u00e9rito est\u00e1 a ser conduzido com a maior celeridade poss\u00edvel, com coopera\u00e7\u00e3o das autoridades competentes.<\/li>\n<li>O Ex\u00e9rcito afirmou que vai tomar medidas para evitar que casos semelhantes ocorram no futuro.<\/li>\n<li>As autoridades policiais seguem a investiga\u00e7\u00e3o para determinar as causas da morte e eventuais responsabilidades.<\/li>\n<\/ul>\n","protected":false},"author":2,"featured_media":429167,"comment_status":"closed","ping_status":"closed","sticky":false,"template":"","format":"standard","meta":{"footnotes":""},"categories":[1,5],"tags":[3035,215,217,3419,6429,3418],"class_list":["post-429165","post","type-post","status-publish","format-standard","has-post-thumbnail","hentry","category-noticias","category-politica","tag-comunidade","tag-investigacao","tag-investigacao-criminal","tag-lamego","tag-mortes","tag-policia-de-seguranca-publica"],"yoast_head":"<!-- This site is optimized with the Yoast SEO plugin v27.2 - https:\/\/yoast.com\/product\/yoast-seo-wordpress\/ -->\n<title>Ex\u00e9rcito promete breve conclus\u00e3o do inqu\u00e9rito \u00e0 morte de alferes em Lamego - Portal Tela Portugal<\/title>\n<meta name=\"robots\" content=\"index, follow, max-snippet:-1, max-image-preview:large, max-video-preview:-1\" \/>\n<meta property=\"og:locale\" content=\"pt_PT\" \/>\n<meta property=\"og:type\" content=\"article\" \/>\n<meta property=\"og:title\" content=\"Ex\u00e9rcito promete breve conclus\u00e3o do inqu\u00e9rito \u00e0 morte de alferes em Lamego - Portal Tela Portugal\" \/>\n<meta property=\"og:description\" content=\"O Ex\u00e9rcito anunciou que o inqu\u00e9rito \u00e0 morte do alferes Jo\u00e3o Cardoso, 23 anos, dever\u00e1 ficar conclu\u00eddo em breve. Cardoso caiu ao rio durante um exerc\u00edcio do curso de opera\u00e7\u00f5es especiais em Lamego, no dia 27 de janeiro, e foi encontrado horas depois. O inqu\u00e9rito est\u00e1 a ser conduzido com a maior celeridade poss\u00edvel, com coopera\u00e7\u00e3o das autoridades competentes. O Ex\u00e9rcito afirmou que vai tomar medidas para evitar que casos semelhantes ocorram no futuro. As autoridades policiais seguem a investiga\u00e7\u00e3o para determinar as causas da morte e eventuais responsabilidades.\" \/>\n<meta property=\"og:url\" content=\"https:\/\/portaltela.pt\/noticias\/2026\/04\/01\/exercito-promete-breve-conclusao-do-inquerito-a-morte-de-alferes-em-lamego\/\" \/>\n<meta property=\"og:site_name\" content=\"Portal Tela Portugal\" \/>\n<meta property=\"article:published_time\" content=\"2026-04-01T12:47:26+00:00\" \/>\n<meta name=\"author\" content=\"Telinha\" \/>\n<meta name=\"twitter:card\" content=\"summary_large_image\" \/>\n<meta name=\"twitter:label1\" content=\"Escrito por\" \/>\n\t<meta name=\"twitter:data1\" content=\"Telinha\" \/>\n\t<meta name=\"twitter:label2\" content=\"Tempo estimado de leitura\" \/>\n\t<meta name=\"twitter:data2\" content=\"1 minuto\" \/>\n<script type=\"application\/ld+json\" class=\"yoast-schema-graph\">{\"@context\":\"https:\/\/schema.org\",\"@graph\":[{\"@type\":\"Article\",\"@id\":\"https:\/\/portaltela.pt\/noticias\/2026\/04\/01\/exercito-promete-breve-conclusao-do-inquerito-a-morte-de-alferes-em-lamego\/#article\",\"isPartOf\":{\"@id\":\"https:\/\/portaltela.pt\/noticias\/2026\/04\/01\/exercito-promete-breve-conclusao-do-inquerito-a-morte-de-alferes-em-lamego\/\"},\"author\":{\"name\":\"Telinha\",\"@id\":\"https:\/\/portaltela.pt\/#\/schema\/person\/c4278d4a6028830caff9ee44b42d32ed\"},\"headline\":\"Ex\u00e9rcito promete breve conclus\u00e3o do inqu\u00e9rito \u00e0 morte de alferes em Lamego\",\"datePublished\":\"2026-04-01T12:47:26+00:00\",\"mainEntityOfPage\":{\"@id\":\"https:\/\/portaltela.pt\/noticias\/2026\/04\/01\/exercito-promete-breve-conclusao-do-inquerito-a-morte-de-alferes-em-lamego\/\"},\"wordCount\":213,\"image\":{\"@id\":\"https:\/\/portaltela.pt\/noticias\/2026\/04\/01\/exercito-promete-breve-conclusao-do-inquerito-a-morte-de-alferes-em-lamego\/#primaryimage\"},\"thumbnailUrl\":\"https:\/\/portaltela.pt\/s.01k8rhncp4jt1\/2026\/04\/img_1280x722uu2026-01-27-21-11-42-2262938.jpg\",\"keywords\":[\"comunidade\",\"investiga\u00e7\u00e3o\",\"investiga\u00e7\u00e3o criminal\",\"Lamego\",\"mortes\",\"Pol\u00edcia de Seguran\u00e7a P\u00fablica\"],\"articleSection\":[\"Not\u00edcias\",\"Pol\u00edtica\"],\"inLanguage\":\"pt-PT\"},{\"@type\":\"WebPage\",\"@id\":\"https:\/\/portaltela.pt\/noticias\/2026\/04\/01\/exercito-promete-breve-conclusao-do-inquerito-a-morte-de-alferes-em-lamego\/\",\"url\":\"https:\/\/portaltela.pt\/noticias\/2026\/04\/01\/exercito-promete-breve-conclusao-do-inquerito-a-morte-de-alferes-em-lamego\/\",\"name\":\"Ex\u00e9rcito promete breve conclus\u00e3o do inqu\u00e9rito \u00e0 morte de alferes em Lamego - Portal Tela Portugal\",\"isPartOf\":{\"@id\":\"https:\/\/portaltela.pt\/#website\"},\"primaryImageOfPage\":{\"@id\":\"https:\/\/portaltela.pt\/noticias\/2026\/04\/01\/exercito-promete-breve-conclusao-do-inquerito-a-morte-de-alferes-em-lamego\/#primaryimage\"},\"image\":{\"@id\":\"https:\/\/portaltela.pt\/noticias\/2026\/04\/01\/exercito-promete-breve-conclusao-do-inquerito-a-morte-de-alferes-em-lamego\/#primaryimage\"},\"thumbnailUrl\":\"https:\/\/portaltela.pt\/s.01k8rhncp4jt1\/2026\/04\/img_1280x722uu2026-01-27-21-11-42-2262938.jpg\",\"datePublished\":\"2026-04-01T12:47:26+00:00\",\"author\":{\"@id\":\"https:\/\/portaltela.pt\/#\/schema\/person\/c4278d4a6028830caff9ee44b42d32ed\"},\"breadcrumb\":{\"@id\":\"https:\/\/portaltela.pt\/noticias\/2026\/04\/01\/exercito-promete-breve-conclusao-do-inquerito-a-morte-de-alferes-em-lamego\/#breadcrumb\"},\"inLanguage\":\"pt-PT\",\"potentialAction\":[{\"@type\":\"ReadAction\",\"target\":[\"https:\/\/portaltela.pt\/noticias\/2026\/04\/01\/exercito-promete-breve-conclusao-do-inquerito-a-morte-de-alferes-em-lamego\/\"]}]},{\"@type\":\"ImageObject\",\"inLanguage\":\"pt-PT\",\"@id\":\"https:\/\/portaltela.pt\/noticias\/2026\/04\/01\/exercito-promete-breve-conclusao-do-inquerito-a-morte-de-alferes-em-lamego\/#primaryimage\",\"url\":\"https:\/\/portaltela.pt\/s.01k8rhncp4jt1\/2026\/04\/img_1280x722uu2026-01-27-21-11-42-2262938.jpg\",\"contentUrl\":\"https:\/\/portaltela.pt\/s.01k8rhncp4jt1\/2026\/04\/img_1280x722uu2026-01-27-21-11-42-2262938.jpg\",\"width\":796,\"height\":448,\"caption\":\"Ex\u00e9rcito promete para breve conclus\u00e3o de inqu\u00e9rito \u00e0 morte de alferes em Lamego\"},{\"@type\":\"BreadcrumbList\",\"@id\":\"https:\/\/portaltela.pt\/noticias\/2026\/04\/01\/exercito-promete-breve-conclusao-do-inquerito-a-morte-de-alferes-em-lamego\/#breadcrumb\",\"itemListElement\":[{\"@type\":\"ListItem\",\"position\":1,\"name\":\"In\u00edcio\",\"item\":\"https:\/\/portaltela.pt\/\"},{\"@type\":\"ListItem\",\"position\":2,\"name\":\"Ex\u00e9rcito promete breve conclus\u00e3o do inqu\u00e9rito \u00e0 morte de alferes em Lamego\"}]},{\"@type\":\"WebSite\",\"@id\":\"https:\/\/portaltela.pt\/#website\",\"url\":\"https:\/\/portaltela.pt\/\",\"name\":\"Portal Tela Portugal\",\"description\":\"\",\"potentialAction\":[{\"@type\":\"SearchAction\",\"target\":{\"@type\":\"EntryPoint\",\"urlTemplate\":\"https:\/\/portaltela.pt\/?s={search_term_string}\"},\"query-input\":{\"@type\":\"PropertyValueSpecification\",\"valueRequired\":true,\"valueName\":\"search_term_string\"}}],\"inLanguage\":\"pt-PT\"},{\"@type\":\"Person\",\"@id\":\"https:\/\/portaltela.pt\/#\/schema\/person\/c4278d4a6028830caff9ee44b42d32ed\",\"name\":\"Telinha\",\"image\":{\"@type\":\"ImageObject\",\"inLanguage\":\"pt-PT\",\"@id\":\"https:\/\/portaltela.pt\/s.01k8rhncp4jt1\/2025\/11\/talking-bot-125x125.png\",\"url\":\"https:\/\/portaltela.pt\/s.01k8rhncp4jt1\/2025\/11\/talking-bot-125x125.png\",\"contentUrl\":\"https:\/\/portaltela.pt\/s.01k8rhncp4jt1\/2025\/11\/talking-bot-125x125.png\",\"caption\":\"Telinha\"},\"sameAs\":[\"https:\/\/portaltela.pt\/\"],\"url\":\"https:\/\/portaltela.pt\/por\/367410592786\/\"}]}<\/script>\n<!-- \/ Yoast SEO plugin. -->","yoast_head_json":{"title":"Ex\u00e9rcito promete breve conclus\u00e3o do inqu\u00e9rito \u00e0 morte de alferes em Lamego - Portal Tela Portugal","robots":{"index":"index","follow":"follow","max-snippet":"max-snippet:-1","max-image-preview":"max-image-preview:large","max-video-preview":"max-video-preview:-1"},"og_locale":"pt_PT","og_type":"article","og_title":"Ex\u00e9rcito promete breve conclus\u00e3o do inqu\u00e9rito \u00e0 morte de alferes em Lamego - Portal Tela Portugal","og_description":"O Ex\u00e9rcito anunciou que o inqu\u00e9rito \u00e0 morte do alferes Jo\u00e3o Cardoso, 23 anos, dever\u00e1 ficar conclu\u00eddo em breve. Cardoso caiu ao rio durante um exerc\u00edcio do curso de opera\u00e7\u00f5es especiais em Lamego, no dia 27 de janeiro, e foi encontrado horas depois. O inqu\u00e9rito est\u00e1 a ser conduzido com a maior celeridade poss\u00edvel, com coopera\u00e7\u00e3o das autoridades competentes. O Ex\u00e9rcito afirmou que vai tomar medidas para evitar que casos semelhantes ocorram no futuro. As autoridades policiais seguem a investiga\u00e7\u00e3o para determinar as causas da morte e eventuais responsabilidades.","og_url":"https:\/\/portaltela.pt\/noticias\/2026\/04\/01\/exercito-promete-breve-conclusao-do-inquerito-a-morte-de-alferes-em-lamego\/","og_site_name":"Portal Tela Portugal","article_published_time":"2026-04-01T12:47:26+00:00","author":"Telinha","twitter_card":"summary_large_image","twitter_misc":{"Escrito por":"Telinha","Tempo estimado de leitura":"1 minuto"},"schema":{"@context":"https:\/\/schema.org","@graph":[{"@type":"Article","@id":"https:\/\/portaltela.pt\/noticias\/2026\/04\/01\/exercito-promete-breve-conclusao-do-inquerito-a-morte-de-alferes-em-lamego\/#article","isPartOf":{"@id":"https:\/\/portaltela.pt\/noticias\/2026\/04\/01\/exercito-promete-breve-conclusao-do-inquerito-a-morte-de-alferes-em-lamego\/"},"author":{"name":"Telinha","@id":"https:\/\/portaltela.pt\/#\/schema\/person\/c4278d4a6028830caff9ee44b42d32ed"},"headline":"Ex\u00e9rcito promete breve conclus\u00e3o do inqu\u00e9rito \u00e0 morte de alferes em Lamego","datePublished":"2026-04-01T12:47:26+00:00","mainEntityOfPage":{"@id":"https:\/\/portaltela.pt\/noticias\/2026\/04\/01\/exercito-promete-breve-conclusao-do-inquerito-a-morte-de-alferes-em-lamego\/"},"wordCount":213,"image":{"@id":"https:\/\/portaltela.pt\/noticias\/2026\/04\/01\/exercito-promete-breve-conclusao-do-inquerito-a-morte-de-alferes-em-lamego\/#primaryimage"},"thumbnailUrl":"https:\/\/portaltela.pt\/s.01k8rhncp4jt1\/2026\/04\/img_1280x722uu2026-01-27-21-11-42-2262938.jpg","keywords":["comunidade","investiga\u00e7\u00e3o","investiga\u00e7\u00e3o criminal","Lamego","mortes","Pol\u00edcia de Seguran\u00e7a P\u00fablica"],"articleSection":["Not\u00edcias","Pol\u00edtica"],"inLanguage":"pt-PT"},{"@type":"WebPage","@id":"https:\/\/portaltela.pt\/noticias\/2026\/04\/01\/exercito-promete-breve-conclusao-do-inquerito-a-morte-de-alferes-em-lamego\/","url":"https:\/\/portaltela.pt\/noticias\/2026\/04\/01\/exercito-promete-breve-conclusao-do-inquerito-a-morte-de-alferes-em-lamego\/","name":"Ex\u00e9rcito promete breve conclus\u00e3o do inqu\u00e9rito \u00e0 morte de alferes em Lamego - Portal Tela Portugal","isPartOf":{"@id":"https:\/\/portaltela.pt\/#website"},"primaryImageOfPage":{"@id":"https:\/\/portaltela.pt\/noticias\/2026\/04\/01\/exercito-promete-breve-conclusao-do-inquerito-a-morte-de-alferes-em-lamego\/#primaryimage"},"image":{"@id":"https:\/\/portaltela.pt\/noticias\/2026\/04\/01\/exercito-promete-breve-conclusao-do-inquerito-a-morte-de-alferes-em-lamego\/#primaryimage"},"thumbnailUrl":"https:\/\/portaltela.pt\/s.01k8rhncp4jt1\/2026\/04\/img_1280x722uu2026-01-27-21-11-42-2262938.jpg","datePublished":"2026-04-01T12:47:26+00:00","author":{"@id":"https:\/\/portaltela.pt\/#\/schema\/person\/c4278d4a6028830caff9ee44b42d32ed"},"breadcrumb":{"@id":"https:\/\/portaltela.pt\/noticias\/2026\/04\/01\/exercito-promete-breve-conclusao-do-inquerito-a-morte-de-alferes-em-lamego\/#breadcrumb"},"inLanguage":"pt-PT","potentialAction":[{"@type":"ReadAction","target":["https:\/\/portaltela.pt\/noticias\/2026\/04\/01\/exercito-promete-breve-conclusao-do-inquerito-a-morte-de-alferes-em-lamego\/"]}]},{"@type":"ImageObject","inLanguage":"pt-PT","@id":"https:\/\/portaltela.pt\/noticias\/2026\/04\/01\/exercito-promete-breve-conclusao-do-inquerito-a-morte-de-alferes-em-lamego\/#primaryimage","url":"https:\/\/portaltela.pt\/s.01k8rhncp4jt1\/2026\/04\/img_1280x722uu2026-01-27-21-11-42-2262938.jpg","contentUrl":"https:\/\/portaltela.pt\/s.01k8rhncp4jt1\/2026\/04\/img_1280x722uu2026-01-27-21-11-42-2262938.jpg","width":796,"height":448,"caption":"Ex\u00e9rcito promete para breve conclus\u00e3o de inqu\u00e9rito \u00e0 morte de alferes em Lamego"},{"@type":"BreadcrumbList","@id":"https:\/\/portaltela.pt\/noticias\/2026\/04\/01\/exercito-promete-breve-conclusao-do-inquerito-a-morte-de-alferes-em-lamego\/#breadcrumb","itemListElement":[{"@type":"ListItem","position":1,"name":"In\u00edcio","item":"https:\/\/portaltela.pt\/"},{"@type":"ListItem","position":2,"name":"Ex\u00e9rcito promete breve conclus\u00e3o do inqu\u00e9rito \u00e0 morte de alferes em Lamego"}]},{"@type":"WebSite","@id":"https:\/\/portaltela.pt\/#website","url":"https:\/\/portaltela.pt\/","name":"Portal Tela Portugal","description":"","potentialAction":[{"@type":"SearchAction","target":{"@type":"EntryPoint","urlTemplate":"https:\/\/portaltela.pt\/?s={search_term_string}"},"query-input":{"@type":"PropertyValueSpecification","valueRequired":true,"valueName":"search_term_string"}}],"inLanguage":"pt-PT"},{"@type":"Person","@id":"https:\/\/portaltela.pt\/#\/schema\/person\/c4278d4a6028830caff9ee44b42d32ed","name":"Telinha","image":{"@type":"ImageObject","inLanguage":"pt-PT","@id":"https:\/\/portaltela.pt\/s.01k8rhncp4jt1\/2025\/11\/talking-bot-125x125.png","url":"https:\/\/portaltela.pt\/s.01k8rhncp4jt1\/2025\/11\/talking-bot-125x125.png","contentUrl":"https:\/\/portaltela.pt\/s.01k8rhncp4jt1\/2025\/11\/talking-bot-125x125.png","caption":"Telinha"},"sameAs":["https:\/\/portaltela.pt\/"],"url":"https:\/\/portaltela.pt\/por\/367410592786\/"}]}},"_links":{"self":[{"href":"https:\/\/portaltela.pt\/api\/wp\/v2\/posts\/429165","targetHints":{"allow":["GET"]}}],"collection":[{"href":"https:\/\/portaltela.pt\/api\/wp\/v2\/posts"}],"about":[{"href":"https:\/\/portaltela.pt\/api\/wp\/v2\/types\/post"}],"author":[{"embeddable":true,"href":"https:\/\/portaltela.pt\/api\/wp\/v2\/users\/2"}],"replies":[{"embeddable":true,"href":"https:\/\/portaltela.pt\/api\/wp\/v2\/comments?post=429165"}],"version-history":[{"count":0,"href":"https:\/\/portaltela.pt\/api\/wp\/v2\/posts\/429165\/revisions"}],"wp:featuredmedia":[{"embeddable":true,"href":"https:\/\/portaltela.pt\/api\/wp\/v2\/media\/429167"}],"wp:attachment":[{"href":"https:\/\/portaltela.pt\/api\/wp\/v2\/media?parent=429165"}],"wp:term":[{"taxonomy":"category","embeddable":true,"href":"https:\/\/portaltela.pt\/api\/wp\/v2\/categories?post=429165"},{"taxonomy":"post_tag","embeddable":true,"href":"https:\/\/portaltela.pt\/api\/wp\/v2\/tags?post=429165"}],"curies":[{"name":"wp","href":"https:\/\/api.w.org\/{rel}","templated":true}]}}