{"id":429161,"date":"2026-04-01T09:47:20","date_gmt":"2026-04-01T12:47:20","guid":{"rendered":"https:\/\/portaltela.pt\/noticias\/2026\/04\/01\/emprestimos-a-habitacao-em-fevereiro-atingem-menor-valor-em-1-ano\/"},"modified":"2026-04-01T09:47:20","modified_gmt":"2026-04-01T12:47:20","slug":"emprestimos-a-habitacao-em-fevereiro-atingem-menor-valor-em-1-ano","status":"publish","type":"post","link":"https:\/\/portaltela.pt\/noticias\/economia\/2026\/04\/01\/emprestimos-a-habitacao-em-fevereiro-atingem-menor-valor-em-1-ano\/","title":{"rendered":"Empr\u00e9stimos \u00e0 habita\u00e7\u00e3o em fevereiro atingem menor valor em 1 ano"},"content":{"rendered":"<p>Em fevereiro, as institui\u00e7\u00f5es de cr\u00e9dito em Portugal concederam 1.673 milh\u00f5es de euros em novos empr\u00e9stimos \u00e0 habita\u00e7\u00e3o, o valor mais baixo em 12 meses. O montante representa uma queda de 120 milh\u00f5es face a janeiro, segundo o Banco de Portugal (BdP).<\/p>\n<p>Os dados do BdP mostram que as renegocia\u00e7\u00f5es recuaram para 534 milh\u00f5es de euros, ap\u00f3s atingirem 565 milh\u00f5es em janeiro. O total de novos contratos de empr\u00e9stimos a particulares caiu 83 milh\u00f5es, para 2.515 milh\u00f5es de euros.<\/p>\n<h3>Empr\u00e9stimos ao consumo e taxas de juro<\/h3>\n<p>Neste m\u00eas, as novas opera\u00e7\u00f5es de empr\u00e9stimos ao consumo subiram para 597 milh\u00f5es de euros, frente a 556 milh\u00f5es em janeiro, mantendo-se acima do valor de fevereiro de 2023 (583 milh\u00f5es). A taxa de juro m\u00e9dia das novas opera\u00e7\u00f5es de consumo ficou em 9,01%.<\/p>\n<h3>Empr\u00e9stimos \u00e0s empresas<\/h3>\n<p>Para as empresas, as novas opera\u00e7\u00f5es totalizaram 2.332 milh\u00f5es de euros, mais 383 milh\u00f5es do que em janeiro. O BdP aponta um aumento resultante de novos contratos (+299 milh\u00f5es) e de renegocia\u00e7\u00f5es (+83 milh\u00f5es). A taxa m\u00e9dia de juro das novas opera\u00e7\u00f5es empresariais subiu 0,03 p.p. para 3,74%, ainda 0,53 p.p. abaixo do n\u00edvel de fevereiro de 2023.<\/p>\n","protected":false},"excerpt":{"rendered":"<ul>\n<li>Em fevereiro, os novos empr\u00e9stimos \u00e0 habita\u00e7\u00e3o totalizaram 1.673 milh\u00f5es de euros, o valor mais baixo em 12 meses, com queda de 120 milh\u00f5es face a janeiro.<\/li>\n<li>As renegocia\u00e7\u00f5es recuaram para 534 milh\u00f5es de euros em fevereiro, depois de 565 milh\u00f5es em janeiro.<\/li>\n<li>O montante total de novos contratos de empr\u00e9stimos a particulares caiu 83 milh\u00f5es, para 2.515 milh\u00f5es de euros.<\/li>\n<li>Nos empr\u00e9stimos ao consumo, as novas opera\u00e7\u00f5es subiram para 597 milh\u00f5es de euros, com taxa de juro m\u00e9dia de 9,01%.<\/li>\n<li>Para as empresas, as novas opera\u00e7\u00f5es somaram 2.332 milh\u00f5es de euros, acima de 383 milh\u00f5es face a janeiro, com taxa m\u00e9dia de 3,74%.<\/li>\n<\/ul>\n","protected":false},"author":2,"featured_media":429163,"comment_status":"closed","ping_status":"closed","sticky":false,"template":"","format":"standard","meta":{"footnotes":""},"categories":[2,6850],"tags":[1960,2324,28,2457,150,1014],"class_list":["post-429161","post","type-post","status-publish","format-standard","has-post-thumbnail","hentry","category-economia","category-financas","tag-credito","tag-credito-ao-consumo","tag-economia","tag-emprestimos","tag-habitacao","tag-portugal"],"yoast_head":"<!-- This site is optimized with the Yoast SEO plugin v27.2 - https:\/\/yoast.com\/product\/yoast-seo-wordpress\/ -->\n<title>Empr\u00e9stimos \u00e0 habita\u00e7\u00e3o em fevereiro atingem menor valor em 1 ano - Portal Tela Portugal<\/title>\n<meta name=\"robots\" content=\"index, follow, max-snippet:-1, max-image-preview:large, max-video-preview:-1\" \/>\n<meta property=\"og:locale\" content=\"pt_PT\" \/>\n<meta property=\"og:type\" content=\"article\" \/>\n<meta property=\"og:title\" content=\"Empr\u00e9stimos \u00e0 habita\u00e7\u00e3o em fevereiro atingem menor valor em 1 ano - Portal Tela Portugal\" \/>\n<meta property=\"og:description\" content=\"Em fevereiro, os novos empr\u00e9stimos \u00e0 habita\u00e7\u00e3o totalizaram 1.673 milh\u00f5es de euros, o valor mais baixo em 12 meses, com queda de 120 milh\u00f5es face a janeiro. As renegocia\u00e7\u00f5es recuaram para 534 milh\u00f5es de euros em fevereiro, depois de 565 milh\u00f5es em janeiro. O montante total de novos contratos de empr\u00e9stimos a particulares caiu 83 milh\u00f5es, para 2.515 milh\u00f5es de euros. Nos empr\u00e9stimos ao consumo, as novas opera\u00e7\u00f5es subiram para 597 milh\u00f5es de euros, com taxa de juro m\u00e9dia de 9,01%. Para as empresas, as novas opera\u00e7\u00f5es somaram 2.332 milh\u00f5es de euros, acima de 383 milh\u00f5es face a janeiro, com taxa m\u00e9dia de 3,74%.\" \/>\n<meta property=\"og:url\" content=\"https:\/\/portaltela.pt\/noticias\/2026\/04\/01\/emprestimos-a-habitacao-em-fevereiro-atingem-menor-valor-em-1-ano\/\" \/>\n<meta property=\"og:site_name\" content=\"Portal Tela Portugal\" \/>\n<meta property=\"article:published_time\" content=\"2026-04-01T12:47:20+00:00\" \/>\n<meta name=\"author\" content=\"Telinha\" \/>\n<meta name=\"twitter:card\" content=\"summary_large_image\" \/>\n<meta name=\"twitter:label1\" content=\"Escrito por\" \/>\n\t<meta name=\"twitter:data1\" content=\"Telinha\" \/>\n\t<meta name=\"twitter:label2\" content=\"Tempo estimado de leitura\" \/>\n\t<meta name=\"twitter:data2\" content=\"1 minuto\" \/>\n<script type=\"application\/ld+json\" class=\"yoast-schema-graph\">{\"@context\":\"https:\/\/schema.org\",\"@graph\":[{\"@type\":\"Article\",\"@id\":\"https:\/\/portaltela.pt\/noticias\/2026\/04\/01\/emprestimos-a-habitacao-em-fevereiro-atingem-menor-valor-em-1-ano\/#article\",\"isPartOf\":{\"@id\":\"https:\/\/portaltela.pt\/noticias\/2026\/04\/01\/emprestimos-a-habitacao-em-fevereiro-atingem-menor-valor-em-1-ano\/\"},\"author\":{\"name\":\"Telinha\",\"@id\":\"https:\/\/portaltela.pt\/#\/schema\/person\/c4278d4a6028830caff9ee44b42d32ed\"},\"headline\":\"Empr\u00e9stimos \u00e0 habita\u00e7\u00e3o em fevereiro atingem menor valor em 1 ano\",\"datePublished\":\"2026-04-01T12:47:20+00:00\",\"mainEntityOfPage\":{\"@id\":\"https:\/\/portaltela.pt\/noticias\/2026\/04\/01\/emprestimos-a-habitacao-em-fevereiro-atingem-menor-valor-em-1-ano\/\"},\"wordCount\":215,\"image\":{\"@id\":\"https:\/\/portaltela.pt\/noticias\/2026\/04\/01\/emprestimos-a-habitacao-em-fevereiro-atingem-menor-valor-em-1-ano\/#primaryimage\"},\"thumbnailUrl\":\"https:\/\/portaltela.pt\/s.01k8rhncp4jt1\/2026\/04\/img_1500x1000uu2025-10-24-15-03-52-2243537.jpg\",\"keywords\":[\"cr\u00e9dito\",\"Cr\u00e9dito ao Consumo\",\"economia\",\"empr\u00e9stimos\",\"habita\u00e7\u00e3o\",\"Portugal\"],\"articleSection\":[\"Economia\",\"Finan\u00e7as\"],\"inLanguage\":\"pt-PT\"},{\"@type\":\"WebPage\",\"@id\":\"https:\/\/portaltela.pt\/noticias\/2026\/04\/01\/emprestimos-a-habitacao-em-fevereiro-atingem-menor-valor-em-1-ano\/\",\"url\":\"https:\/\/portaltela.pt\/noticias\/2026\/04\/01\/emprestimos-a-habitacao-em-fevereiro-atingem-menor-valor-em-1-ano\/\",\"name\":\"Empr\u00e9stimos \u00e0 habita\u00e7\u00e3o em fevereiro atingem menor valor em 1 ano - Portal Tela Portugal\",\"isPartOf\":{\"@id\":\"https:\/\/portaltela.pt\/#website\"},\"primaryImageOfPage\":{\"@id\":\"https:\/\/portaltela.pt\/noticias\/2026\/04\/01\/emprestimos-a-habitacao-em-fevereiro-atingem-menor-valor-em-1-ano\/#primaryimage\"},\"image\":{\"@id\":\"https:\/\/portaltela.pt\/noticias\/2026\/04\/01\/emprestimos-a-habitacao-em-fevereiro-atingem-menor-valor-em-1-ano\/#primaryimage\"},\"thumbnailUrl\":\"https:\/\/portaltela.pt\/s.01k8rhncp4jt1\/2026\/04\/img_1500x1000uu2025-10-24-15-03-52-2243537.jpg\",\"datePublished\":\"2026-04-01T12:47:20+00:00\",\"author\":{\"@id\":\"https:\/\/portaltela.pt\/#\/schema\/person\/c4278d4a6028830caff9ee44b42d32ed\"},\"breadcrumb\":{\"@id\":\"https:\/\/portaltela.pt\/noticias\/2026\/04\/01\/emprestimos-a-habitacao-em-fevereiro-atingem-menor-valor-em-1-ano\/#breadcrumb\"},\"inLanguage\":\"pt-PT\",\"potentialAction\":[{\"@type\":\"ReadAction\",\"target\":[\"https:\/\/portaltela.pt\/noticias\/2026\/04\/01\/emprestimos-a-habitacao-em-fevereiro-atingem-menor-valor-em-1-ano\/\"]}]},{\"@type\":\"ImageObject\",\"inLanguage\":\"pt-PT\",\"@id\":\"https:\/\/portaltela.pt\/noticias\/2026\/04\/01\/emprestimos-a-habitacao-em-fevereiro-atingem-menor-valor-em-1-ano\/#primaryimage\",\"url\":\"https:\/\/portaltela.pt\/s.01k8rhncp4jt1\/2026\/04\/img_1500x1000uu2025-10-24-15-03-52-2243537.jpg\",\"contentUrl\":\"https:\/\/portaltela.pt\/s.01k8rhncp4jt1\/2026\/04\/img_1500x1000uu2025-10-24-15-03-52-2243537.jpg\",\"width\":796,\"height\":448,\"caption\":\"Habita\u00e7\u00e3o em Lisboa\"},{\"@type\":\"BreadcrumbList\",\"@id\":\"https:\/\/portaltela.pt\/noticias\/2026\/04\/01\/emprestimos-a-habitacao-em-fevereiro-atingem-menor-valor-em-1-ano\/#breadcrumb\",\"itemListElement\":[{\"@type\":\"ListItem\",\"position\":1,\"name\":\"In\u00edcio\",\"item\":\"https:\/\/portaltela.pt\/\"},{\"@type\":\"ListItem\",\"position\":2,\"name\":\"Empr\u00e9stimos \u00e0 habita\u00e7\u00e3o em fevereiro atingem menor valor em 1 ano\"}]},{\"@type\":\"WebSite\",\"@id\":\"https:\/\/portaltela.pt\/#website\",\"url\":\"https:\/\/portaltela.pt\/\",\"name\":\"Portal Tela Portugal\",\"description\":\"\",\"potentialAction\":[{\"@type\":\"SearchAction\",\"target\":{\"@type\":\"EntryPoint\",\"urlTemplate\":\"https:\/\/portaltela.pt\/?s={search_term_string}\"},\"query-input\":{\"@type\":\"PropertyValueSpecification\",\"valueRequired\":true,\"valueName\":\"search_term_string\"}}],\"inLanguage\":\"pt-PT\"},{\"@type\":\"Person\",\"@id\":\"https:\/\/portaltela.pt\/#\/schema\/person\/c4278d4a6028830caff9ee44b42d32ed\",\"name\":\"Telinha\",\"image\":{\"@type\":\"ImageObject\",\"inLanguage\":\"pt-PT\",\"@id\":\"https:\/\/portaltela.pt\/s.01k8rhncp4jt1\/2025\/11\/talking-bot-125x125.png\",\"url\":\"https:\/\/portaltela.pt\/s.01k8rhncp4jt1\/2025\/11\/talking-bot-125x125.png\",\"contentUrl\":\"https:\/\/portaltela.pt\/s.01k8rhncp4jt1\/2025\/11\/talking-bot-125x125.png\",\"caption\":\"Telinha\"},\"sameAs\":[\"https:\/\/portaltela.pt\/\"],\"url\":\"https:\/\/portaltela.pt\/por\/367410592786\/\"}]}<\/script>\n<!-- \/ Yoast SEO plugin. -->","yoast_head_json":{"title":"Empr\u00e9stimos \u00e0 habita\u00e7\u00e3o em fevereiro atingem menor valor em 1 ano - Portal Tela Portugal","robots":{"index":"index","follow":"follow","max-snippet":"max-snippet:-1","max-image-preview":"max-image-preview:large","max-video-preview":"max-video-preview:-1"},"og_locale":"pt_PT","og_type":"article","og_title":"Empr\u00e9stimos \u00e0 habita\u00e7\u00e3o em fevereiro atingem menor valor em 1 ano - Portal Tela Portugal","og_description":"Em fevereiro, os novos empr\u00e9stimos \u00e0 habita\u00e7\u00e3o totalizaram 1.673 milh\u00f5es de euros, o valor mais baixo em 12 meses, com queda de 120 milh\u00f5es face a janeiro. As renegocia\u00e7\u00f5es recuaram para 534 milh\u00f5es de euros em fevereiro, depois de 565 milh\u00f5es em janeiro. O montante total de novos contratos de empr\u00e9stimos a particulares caiu 83 milh\u00f5es, para 2.515 milh\u00f5es de euros. Nos empr\u00e9stimos ao consumo, as novas opera\u00e7\u00f5es subiram para 597 milh\u00f5es de euros, com taxa de juro m\u00e9dia de 9,01%. Para as empresas, as novas opera\u00e7\u00f5es somaram 2.332 milh\u00f5es de euros, acima de 383 milh\u00f5es face a janeiro, com taxa m\u00e9dia de 3,74%.","og_url":"https:\/\/portaltela.pt\/noticias\/2026\/04\/01\/emprestimos-a-habitacao-em-fevereiro-atingem-menor-valor-em-1-ano\/","og_site_name":"Portal Tela Portugal","article_published_time":"2026-04-01T12:47:20+00:00","author":"Telinha","twitter_card":"summary_large_image","twitter_misc":{"Escrito por":"Telinha","Tempo estimado de leitura":"1 minuto"},"schema":{"@context":"https:\/\/schema.org","@graph":[{"@type":"Article","@id":"https:\/\/portaltela.pt\/noticias\/2026\/04\/01\/emprestimos-a-habitacao-em-fevereiro-atingem-menor-valor-em-1-ano\/#article","isPartOf":{"@id":"https:\/\/portaltela.pt\/noticias\/2026\/04\/01\/emprestimos-a-habitacao-em-fevereiro-atingem-menor-valor-em-1-ano\/"},"author":{"name":"Telinha","@id":"https:\/\/portaltela.pt\/#\/schema\/person\/c4278d4a6028830caff9ee44b42d32ed"},"headline":"Empr\u00e9stimos \u00e0 habita\u00e7\u00e3o em fevereiro atingem menor valor em 1 ano","datePublished":"2026-04-01T12:47:20+00:00","mainEntityOfPage":{"@id":"https:\/\/portaltela.pt\/noticias\/2026\/04\/01\/emprestimos-a-habitacao-em-fevereiro-atingem-menor-valor-em-1-ano\/"},"wordCount":215,"image":{"@id":"https:\/\/portaltela.pt\/noticias\/2026\/04\/01\/emprestimos-a-habitacao-em-fevereiro-atingem-menor-valor-em-1-ano\/#primaryimage"},"thumbnailUrl":"https:\/\/portaltela.pt\/s.01k8rhncp4jt1\/2026\/04\/img_1500x1000uu2025-10-24-15-03-52-2243537.jpg","keywords":["cr\u00e9dito","Cr\u00e9dito ao Consumo","economia","empr\u00e9stimos","habita\u00e7\u00e3o","Portugal"],"articleSection":["Economia","Finan\u00e7as"],"inLanguage":"pt-PT"},{"@type":"WebPage","@id":"https:\/\/portaltela.pt\/noticias\/2026\/04\/01\/emprestimos-a-habitacao-em-fevereiro-atingem-menor-valor-em-1-ano\/","url":"https:\/\/portaltela.pt\/noticias\/2026\/04\/01\/emprestimos-a-habitacao-em-fevereiro-atingem-menor-valor-em-1-ano\/","name":"Empr\u00e9stimos \u00e0 habita\u00e7\u00e3o em fevereiro atingem menor valor em 1 ano - Portal Tela Portugal","isPartOf":{"@id":"https:\/\/portaltela.pt\/#website"},"primaryImageOfPage":{"@id":"https:\/\/portaltela.pt\/noticias\/2026\/04\/01\/emprestimos-a-habitacao-em-fevereiro-atingem-menor-valor-em-1-ano\/#primaryimage"},"image":{"@id":"https:\/\/portaltela.pt\/noticias\/2026\/04\/01\/emprestimos-a-habitacao-em-fevereiro-atingem-menor-valor-em-1-ano\/#primaryimage"},"thumbnailUrl":"https:\/\/portaltela.pt\/s.01k8rhncp4jt1\/2026\/04\/img_1500x1000uu2025-10-24-15-03-52-2243537.jpg","datePublished":"2026-04-01T12:47:20+00:00","author":{"@id":"https:\/\/portaltela.pt\/#\/schema\/person\/c4278d4a6028830caff9ee44b42d32ed"},"breadcrumb":{"@id":"https:\/\/portaltela.pt\/noticias\/2026\/04\/01\/emprestimos-a-habitacao-em-fevereiro-atingem-menor-valor-em-1-ano\/#breadcrumb"},"inLanguage":"pt-PT","potentialAction":[{"@type":"ReadAction","target":["https:\/\/portaltela.pt\/noticias\/2026\/04\/01\/emprestimos-a-habitacao-em-fevereiro-atingem-menor-valor-em-1-ano\/"]}]},{"@type":"ImageObject","inLanguage":"pt-PT","@id":"https:\/\/portaltela.pt\/noticias\/2026\/04\/01\/emprestimos-a-habitacao-em-fevereiro-atingem-menor-valor-em-1-ano\/#primaryimage","url":"https:\/\/portaltela.pt\/s.01k8rhncp4jt1\/2026\/04\/img_1500x1000uu2025-10-24-15-03-52-2243537.jpg","contentUrl":"https:\/\/portaltela.pt\/s.01k8rhncp4jt1\/2026\/04\/img_1500x1000uu2025-10-24-15-03-52-2243537.jpg","width":796,"height":448,"caption":"Habita\u00e7\u00e3o em Lisboa"},{"@type":"BreadcrumbList","@id":"https:\/\/portaltela.pt\/noticias\/2026\/04\/01\/emprestimos-a-habitacao-em-fevereiro-atingem-menor-valor-em-1-ano\/#breadcrumb","itemListElement":[{"@type":"ListItem","position":1,"name":"In\u00edcio","item":"https:\/\/portaltela.pt\/"},{"@type":"ListItem","position":2,"name":"Empr\u00e9stimos \u00e0 habita\u00e7\u00e3o em fevereiro atingem menor valor em 1 ano"}]},{"@type":"WebSite","@id":"https:\/\/portaltela.pt\/#website","url":"https:\/\/portaltela.pt\/","name":"Portal Tela Portugal","description":"","potentialAction":[{"@type":"SearchAction","target":{"@type":"EntryPoint","urlTemplate":"https:\/\/portaltela.pt\/?s={search_term_string}"},"query-input":{"@type":"PropertyValueSpecification","valueRequired":true,"valueName":"search_term_string"}}],"inLanguage":"pt-PT"},{"@type":"Person","@id":"https:\/\/portaltela.pt\/#\/schema\/person\/c4278d4a6028830caff9ee44b42d32ed","name":"Telinha","image":{"@type":"ImageObject","inLanguage":"pt-PT","@id":"https:\/\/portaltela.pt\/s.01k8rhncp4jt1\/2025\/11\/talking-bot-125x125.png","url":"https:\/\/portaltela.pt\/s.01k8rhncp4jt1\/2025\/11\/talking-bot-125x125.png","contentUrl":"https:\/\/portaltela.pt\/s.01k8rhncp4jt1\/2025\/11\/talking-bot-125x125.png","caption":"Telinha"},"sameAs":["https:\/\/portaltela.pt\/"],"url":"https:\/\/portaltela.pt\/por\/367410592786\/"}]}},"_links":{"self":[{"href":"https:\/\/portaltela.pt\/api\/wp\/v2\/posts\/429161","targetHints":{"allow":["GET"]}}],"collection":[{"href":"https:\/\/portaltela.pt\/api\/wp\/v2\/posts"}],"about":[{"href":"https:\/\/portaltela.pt\/api\/wp\/v2\/types\/post"}],"author":[{"embeddable":true,"href":"https:\/\/portaltela.pt\/api\/wp\/v2\/users\/2"}],"replies":[{"embeddable":true,"href":"https:\/\/portaltela.pt\/api\/wp\/v2\/comments?post=429161"}],"version-history":[{"count":0,"href":"https:\/\/portaltela.pt\/api\/wp\/v2\/posts\/429161\/revisions"}],"wp:featuredmedia":[{"embeddable":true,"href":"https:\/\/portaltela.pt\/api\/wp\/v2\/media\/429163"}],"wp:attachment":[{"href":"https:\/\/portaltela.pt\/api\/wp\/v2\/media?parent=429161"}],"wp:term":[{"taxonomy":"category","embeddable":true,"href":"https:\/\/portaltela.pt\/api\/wp\/v2\/categories?post=429161"},{"taxonomy":"post_tag","embeddable":true,"href":"https:\/\/portaltela.pt\/api\/wp\/v2\/tags?post=429161"}],"curies":[{"name":"wp","href":"https:\/\/api.w.org\/{rel}","templated":true}]}}