{"id":429155,"date":"2026-04-01T09:32:28","date_gmt":"2026-04-01T12:32:28","guid":{"rendered":"https:\/\/portaltela.pt\/noticias\/2026\/04\/01\/tuk-tuks-em-marcha-lenta-em-sintra-contra-novas-regras-de-estacionamento\/"},"modified":"2026-04-01T09:32:28","modified_gmt":"2026-04-01T12:32:28","slug":"tuk-tuks-em-marcha-lenta-em-sintra-contra-novas-regras-de-estacionamento","status":"publish","type":"post","link":"https:\/\/portaltela.pt\/noticias\/2026\/04\/01\/tuk-tuks-em-marcha-lenta-em-sintra-contra-novas-regras-de-estacionamento\/","title":{"rendered":"Tuk-tuks em marcha lenta em Sintra contra novas regras de estacionamento"},"content":{"rendered":"<p>O tuk-tuk em marcha lenta em Sintra tem in\u00edcio marcado para as 11h00 de quinta-feira junto aos Pa\u00e7os do Concelho. A marcha percorre diversas art\u00e9rias da vila e regressa ao ponto de partida, numa a\u00e7\u00e3o de contesta\u00e7\u00e3o \u00e0s novas regras de estacionamento para estes ve\u00edculos de anima\u00e7\u00e3o tur\u00edstica.<\/p>\n<p>A uniformiza\u00e7\u00e3o das regras surgiu ap\u00f3s altera\u00e7\u00f5es aprovadas pela C\u00e2mara Municipal de Sintra no dia 10 de mar\u00e7o. Est\u00e3o em vigor desde quarta-feira as medidas que revogam zonas de estacionamento exclusivo para ve\u00edculos de anima\u00e7\u00e3o tur\u00edstica com at\u00e9 nove lugares, bem como o regime de sinaliza\u00e7\u00e3o e condicionamento do estacionamento.<\/p>\n<p>A EMES, empresa municipal respons\u00e1vel pelo estacionamento, comunicou que vai disponibilizar aven\u00e7as mensais de 100 euros aos operadores que atuam na vila, permitindo estacionamento em zonas de curta dura\u00e7\u00e3o e no parque Jo\u00e3o de Deus, para uso atrav\u00e9s do Registo Nacional dos Agentes de Anima\u00e7\u00e3o Tur\u00edstica.<\/p>\n<p>A ANCAT contesta o modelo proposto pela EMES, afirmando que os valores s\u00e3o desproporcionados face a outros comerciantes do concelho. A associa\u00e7\u00e3o aponta ainda exig\u00eancias de documenta\u00e7\u00e3o inexistente e restri\u00e7\u00f5es \u00e0 circula\u00e7\u00e3o de viaturas e \u00e0 capta\u00e7\u00e3o de clientes.<\/p>\n<p>A entidade sublinha que as medidas impedem a atividade conforme a legisla\u00e7\u00e3o atual e podem afetar o setor de anima\u00e7\u00e3o tur\u00edstica em Sintra. O protesto pode voltar a ocorrer at\u00e9 15 de abril caso n\u00e3o haja resposta favor\u00e1vel da C\u00e2mara Municipal.<\/p>\n<p>Est\u00e1 marcada uma reuni\u00e3o entre a ANCAT e a vereadora Anabela Macedo, respons\u00e1vel pela Pol\u00edcia e Fiscaliza\u00e7\u00e3o Municipal, para 15 de abril \u00e0s 10h00, para discutir a mat\u00e9ria.<\/p>\n<p>A C\u00e2mara de Sintra, por interm\u00e9dio da EMES, n\u00e3o apresentou coment\u00e1rio direto ao incidente. A EMES limitou-se a dizer que respeita a iniciativa e confia que n\u00e3o colocar\u00e1 em perigo a seguran\u00e7a nem o bem-estar de residentes e visitantes.<\/p>\n","protected":false},"excerpt":{"rendered":"<ul>\n<li>A marcha lenta de tuk-tuk come\u00e7a \u00e0s 11h00 de quinta-feira junto aos Pa\u00e7os do Concelho de Sintra, percorrendo v\u00e1rias art\u00e9rias da vila e regressando ao ponto de partida.<\/li>\n<li>O protesto \u00e9 contra as novas regras de estacionamento para ve\u00edculos de anima\u00e7\u00e3o tur\u00edstica, que entraram em vigor esta quarta-feira em Sintra.<\/li>\n<li>A C\u00e2mara Municipal de Sintra tinha aprovado, a 10 de mar\u00e7o, a revoga\u00e7\u00e3o de zonas de estacionamento exclusivo para tuk-tuk com at\u00e9 nove lugares e o regime de sinaliza\u00e7\u00e3o associada.<\/li>\n<li>A Empresa Municipal de Estacionamento de Sintra (EMES) prop\u00f5e aven\u00e7as mensais de 100 euros aos operadores com Registo Nacional dos Anuentes de Anima\u00e7\u00e3o Tur\u00edstica (RNAAT), permitindo estacionamento em zonas de dura\u00e7\u00e3o limitada e no parque Jo\u00e3o de Deus.<\/li>\n<li>A ANCAT considerou os valores propostos pela EMES desproporcionais, \u201c12 vezes superiores\u201d aos praticados para outros comerciantes; a a\u00e7\u00e3o pode repetir-se at\u00e9 15 de abril, com reuni\u00e3o marcada com a vereadora Anabela Macedo no dia 15 de abril \u00e0s 10:00.<\/li>\n<\/ul>\n","protected":false},"author":2,"featured_media":429156,"comment_status":"closed","ping_status":"closed","sticky":false,"template":"","format":"standard","meta":{"footnotes":""},"categories":[7372,1],"tags":[168,5812,2832,1110,1629,169],"class_list":["post-429155","post","type-post","status-publish","format-standard","has-post-thumbnail","hentry","category-comunidade","category-noticias","tag-administracao-publica","tag-animacao","tag-politica","tag-sintra","tag-transito","tag-turismo"],"yoast_head":"<!-- This site is optimized with the Yoast SEO plugin v27.2 - https:\/\/yoast.com\/product\/yoast-seo-wordpress\/ -->\n<title>Tuk-tuks em marcha lenta em Sintra contra novas regras de estacionamento - Portal Tela Portugal<\/title>\n<meta name=\"robots\" content=\"index, follow, max-snippet:-1, max-image-preview:large, max-video-preview:-1\" \/>\n<meta property=\"og:locale\" content=\"pt_PT\" \/>\n<meta property=\"og:type\" content=\"article\" \/>\n<meta property=\"og:title\" content=\"Tuk-tuks em marcha lenta em Sintra contra novas regras de estacionamento - Portal Tela Portugal\" \/>\n<meta property=\"og:description\" content=\"A marcha lenta de tuk-tuk come\u00e7a \u00e0s 11h00 de quinta-feira junto aos Pa\u00e7os do Concelho de Sintra, percorrendo v\u00e1rias art\u00e9rias da vila e regressando ao ponto de partida. O protesto \u00e9 contra as novas regras de estacionamento para ve\u00edculos de anima\u00e7\u00e3o tur\u00edstica, que entraram em vigor esta quarta-feira em Sintra. A C\u00e2mara Municipal de Sintra tinha aprovado, a 10 de mar\u00e7o, a revoga\u00e7\u00e3o de zonas de estacionamento exclusivo para tuk-tuk com at\u00e9 nove lugares e o regime de sinaliza\u00e7\u00e3o associada. A Empresa Municipal de Estacionamento de Sintra (EMES) prop\u00f5e aven\u00e7as mensais de 100 euros aos operadores com Registo Nacional dos Anuentes de Anima\u00e7\u00e3o Tur\u00edstica (RNAAT), permitindo estacionamento em zonas de dura\u00e7\u00e3o limitada e no parque Jo\u00e3o de Deus. A ANCAT considerou os valores propostos pela EMES desproporcionais, \u201c12 vezes superiores\u201d aos praticados para outros comerciantes; a a\u00e7\u00e3o pode repetir-se at\u00e9 15 de abril, com reuni\u00e3o marcada com a vereadora Anabela Macedo no dia 15 de abril \u00e0s 10:00.\" \/>\n<meta property=\"og:url\" content=\"https:\/\/portaltela.pt\/noticias\/2026\/04\/01\/tuk-tuks-em-marcha-lenta-em-sintra-contra-novas-regras-de-estacionamento\/\" \/>\n<meta property=\"og:site_name\" content=\"Portal Tela Portugal\" \/>\n<meta property=\"article:published_time\" content=\"2026-04-01T12:32:28+00:00\" \/>\n<meta name=\"author\" content=\"Telinha\" \/>\n<meta name=\"twitter:card\" content=\"summary_large_image\" \/>\n<meta name=\"twitter:label1\" content=\"Escrito por\" \/>\n\t<meta name=\"twitter:data1\" content=\"Telinha\" \/>\n\t<meta name=\"twitter:label2\" content=\"Tempo estimado de leitura\" \/>\n\t<meta name=\"twitter:data2\" content=\"2 minutos\" \/>\n<script type=\"application\/ld+json\" class=\"yoast-schema-graph\">{\"@context\":\"https:\/\/schema.org\",\"@graph\":[{\"@type\":\"Article\",\"@id\":\"https:\/\/portaltela.pt\/noticias\/2026\/04\/01\/tuk-tuks-em-marcha-lenta-em-sintra-contra-novas-regras-de-estacionamento\/#article\",\"isPartOf\":{\"@id\":\"https:\/\/portaltela.pt\/noticias\/2026\/04\/01\/tuk-tuks-em-marcha-lenta-em-sintra-contra-novas-regras-de-estacionamento\/\"},\"author\":{\"name\":\"Telinha\",\"@id\":\"https:\/\/portaltela.pt\/#\/schema\/person\/c4278d4a6028830caff9ee44b42d32ed\"},\"headline\":\"Tuk-tuks em marcha lenta em Sintra contra novas regras de estacionamento\",\"datePublished\":\"2026-04-01T12:32:28+00:00\",\"mainEntityOfPage\":{\"@id\":\"https:\/\/portaltela.pt\/noticias\/2026\/04\/01\/tuk-tuks-em-marcha-lenta-em-sintra-contra-novas-regras-de-estacionamento\/\"},\"wordCount\":345,\"image\":{\"@id\":\"https:\/\/portaltela.pt\/noticias\/2026\/04\/01\/tuk-tuks-em-marcha-lenta-em-sintra-contra-novas-regras-de-estacionamento\/#primaryimage\"},\"thumbnailUrl\":\"https:\/\/portaltela.pt\/s.01k8rhncp4jt1\/2026\/04\/img_1280x721uu2019-05-22-19-38-14-854065.jpg\",\"keywords\":[\"administra\u00e7\u00e3o p\u00fablica\",\"anima\u00e7\u00e3o\",\"pol\u00edtica\",\"Sintra\",\"tr\u00e2nsito\",\"turismo\"],\"articleSection\":[\"Comunidade\",\"Not\u00edcias\"],\"inLanguage\":\"pt-PT\"},{\"@type\":\"WebPage\",\"@id\":\"https:\/\/portaltela.pt\/noticias\/2026\/04\/01\/tuk-tuks-em-marcha-lenta-em-sintra-contra-novas-regras-de-estacionamento\/\",\"url\":\"https:\/\/portaltela.pt\/noticias\/2026\/04\/01\/tuk-tuks-em-marcha-lenta-em-sintra-contra-novas-regras-de-estacionamento\/\",\"name\":\"Tuk-tuks em marcha lenta em Sintra contra novas regras de estacionamento - Portal Tela Portugal\",\"isPartOf\":{\"@id\":\"https:\/\/portaltela.pt\/#website\"},\"primaryImageOfPage\":{\"@id\":\"https:\/\/portaltela.pt\/noticias\/2026\/04\/01\/tuk-tuks-em-marcha-lenta-em-sintra-contra-novas-regras-de-estacionamento\/#primaryimage\"},\"image\":{\"@id\":\"https:\/\/portaltela.pt\/noticias\/2026\/04\/01\/tuk-tuks-em-marcha-lenta-em-sintra-contra-novas-regras-de-estacionamento\/#primaryimage\"},\"thumbnailUrl\":\"https:\/\/portaltela.pt\/s.01k8rhncp4jt1\/2026\/04\/img_1280x721uu2019-05-22-19-38-14-854065.jpg\",\"datePublished\":\"2026-04-01T12:32:28+00:00\",\"author\":{\"@id\":\"https:\/\/portaltela.pt\/#\/schema\/person\/c4278d4a6028830caff9ee44b42d32ed\"},\"breadcrumb\":{\"@id\":\"https:\/\/portaltela.pt\/noticias\/2026\/04\/01\/tuk-tuks-em-marcha-lenta-em-sintra-contra-novas-regras-de-estacionamento\/#breadcrumb\"},\"inLanguage\":\"pt-PT\",\"potentialAction\":[{\"@type\":\"ReadAction\",\"target\":[\"https:\/\/portaltela.pt\/noticias\/2026\/04\/01\/tuk-tuks-em-marcha-lenta-em-sintra-contra-novas-regras-de-estacionamento\/\"]}]},{\"@type\":\"ImageObject\",\"inLanguage\":\"pt-PT\",\"@id\":\"https:\/\/portaltela.pt\/noticias\/2026\/04\/01\/tuk-tuks-em-marcha-lenta-em-sintra-contra-novas-regras-de-estacionamento\/#primaryimage\",\"url\":\"https:\/\/portaltela.pt\/s.01k8rhncp4jt1\/2026\/04\/img_1280x721uu2019-05-22-19-38-14-854065.jpg\",\"contentUrl\":\"https:\/\/portaltela.pt\/s.01k8rhncp4jt1\/2026\/04\/img_1280x721uu2019-05-22-19-38-14-854065.jpg\",\"width\":796,\"height\":448,\"caption\":\"Tuk-tuk em Sintra\"},{\"@type\":\"BreadcrumbList\",\"@id\":\"https:\/\/portaltela.pt\/noticias\/2026\/04\/01\/tuk-tuks-em-marcha-lenta-em-sintra-contra-novas-regras-de-estacionamento\/#breadcrumb\",\"itemListElement\":[{\"@type\":\"ListItem\",\"position\":1,\"name\":\"In\u00edcio\",\"item\":\"https:\/\/portaltela.pt\/\"},{\"@type\":\"ListItem\",\"position\":2,\"name\":\"Tuk-tuks em marcha lenta em Sintra contra novas regras de estacionamento\"}]},{\"@type\":\"WebSite\",\"@id\":\"https:\/\/portaltela.pt\/#website\",\"url\":\"https:\/\/portaltela.pt\/\",\"name\":\"Portal Tela Portugal\",\"description\":\"\",\"potentialAction\":[{\"@type\":\"SearchAction\",\"target\":{\"@type\":\"EntryPoint\",\"urlTemplate\":\"https:\/\/portaltela.pt\/?s={search_term_string}\"},\"query-input\":{\"@type\":\"PropertyValueSpecification\",\"valueRequired\":true,\"valueName\":\"search_term_string\"}}],\"inLanguage\":\"pt-PT\"},{\"@type\":\"Person\",\"@id\":\"https:\/\/portaltela.pt\/#\/schema\/person\/c4278d4a6028830caff9ee44b42d32ed\",\"name\":\"Telinha\",\"image\":{\"@type\":\"ImageObject\",\"inLanguage\":\"pt-PT\",\"@id\":\"https:\/\/portaltela.pt\/s.01k8rhncp4jt1\/2025\/11\/talking-bot-125x125.png\",\"url\":\"https:\/\/portaltela.pt\/s.01k8rhncp4jt1\/2025\/11\/talking-bot-125x125.png\",\"contentUrl\":\"https:\/\/portaltela.pt\/s.01k8rhncp4jt1\/2025\/11\/talking-bot-125x125.png\",\"caption\":\"Telinha\"},\"sameAs\":[\"https:\/\/portaltela.pt\/\"],\"url\":\"https:\/\/portaltela.pt\/por\/367410592786\/\"}]}<\/script>\n<!-- \/ Yoast SEO plugin. -->","yoast_head_json":{"title":"Tuk-tuks em marcha lenta em Sintra contra novas regras de estacionamento - Portal Tela Portugal","robots":{"index":"index","follow":"follow","max-snippet":"max-snippet:-1","max-image-preview":"max-image-preview:large","max-video-preview":"max-video-preview:-1"},"og_locale":"pt_PT","og_type":"article","og_title":"Tuk-tuks em marcha lenta em Sintra contra novas regras de estacionamento - Portal Tela Portugal","og_description":"A marcha lenta de tuk-tuk come\u00e7a \u00e0s 11h00 de quinta-feira junto aos Pa\u00e7os do Concelho de Sintra, percorrendo v\u00e1rias art\u00e9rias da vila e regressando ao ponto de partida. O protesto \u00e9 contra as novas regras de estacionamento para ve\u00edculos de anima\u00e7\u00e3o tur\u00edstica, que entraram em vigor esta quarta-feira em Sintra. A C\u00e2mara Municipal de Sintra tinha aprovado, a 10 de mar\u00e7o, a revoga\u00e7\u00e3o de zonas de estacionamento exclusivo para tuk-tuk com at\u00e9 nove lugares e o regime de sinaliza\u00e7\u00e3o associada. A Empresa Municipal de Estacionamento de Sintra (EMES) prop\u00f5e aven\u00e7as mensais de 100 euros aos operadores com Registo Nacional dos Anuentes de Anima\u00e7\u00e3o Tur\u00edstica (RNAAT), permitindo estacionamento em zonas de dura\u00e7\u00e3o limitada e no parque Jo\u00e3o de Deus. A ANCAT considerou os valores propostos pela EMES desproporcionais, \u201c12 vezes superiores\u201d aos praticados para outros comerciantes; a a\u00e7\u00e3o pode repetir-se at\u00e9 15 de abril, com reuni\u00e3o marcada com a vereadora Anabela Macedo no dia 15 de abril \u00e0s 10:00.","og_url":"https:\/\/portaltela.pt\/noticias\/2026\/04\/01\/tuk-tuks-em-marcha-lenta-em-sintra-contra-novas-regras-de-estacionamento\/","og_site_name":"Portal Tela Portugal","article_published_time":"2026-04-01T12:32:28+00:00","author":"Telinha","twitter_card":"summary_large_image","twitter_misc":{"Escrito por":"Telinha","Tempo estimado de leitura":"2 minutos"},"schema":{"@context":"https:\/\/schema.org","@graph":[{"@type":"Article","@id":"https:\/\/portaltela.pt\/noticias\/2026\/04\/01\/tuk-tuks-em-marcha-lenta-em-sintra-contra-novas-regras-de-estacionamento\/#article","isPartOf":{"@id":"https:\/\/portaltela.pt\/noticias\/2026\/04\/01\/tuk-tuks-em-marcha-lenta-em-sintra-contra-novas-regras-de-estacionamento\/"},"author":{"name":"Telinha","@id":"https:\/\/portaltela.pt\/#\/schema\/person\/c4278d4a6028830caff9ee44b42d32ed"},"headline":"Tuk-tuks em marcha lenta em Sintra contra novas regras de estacionamento","datePublished":"2026-04-01T12:32:28+00:00","mainEntityOfPage":{"@id":"https:\/\/portaltela.pt\/noticias\/2026\/04\/01\/tuk-tuks-em-marcha-lenta-em-sintra-contra-novas-regras-de-estacionamento\/"},"wordCount":345,"image":{"@id":"https:\/\/portaltela.pt\/noticias\/2026\/04\/01\/tuk-tuks-em-marcha-lenta-em-sintra-contra-novas-regras-de-estacionamento\/#primaryimage"},"thumbnailUrl":"https:\/\/portaltela.pt\/s.01k8rhncp4jt1\/2026\/04\/img_1280x721uu2019-05-22-19-38-14-854065.jpg","keywords":["administra\u00e7\u00e3o p\u00fablica","anima\u00e7\u00e3o","pol\u00edtica","Sintra","tr\u00e2nsito","turismo"],"articleSection":["Comunidade","Not\u00edcias"],"inLanguage":"pt-PT"},{"@type":"WebPage","@id":"https:\/\/portaltela.pt\/noticias\/2026\/04\/01\/tuk-tuks-em-marcha-lenta-em-sintra-contra-novas-regras-de-estacionamento\/","url":"https:\/\/portaltela.pt\/noticias\/2026\/04\/01\/tuk-tuks-em-marcha-lenta-em-sintra-contra-novas-regras-de-estacionamento\/","name":"Tuk-tuks em marcha lenta em Sintra contra novas regras de estacionamento - Portal Tela Portugal","isPartOf":{"@id":"https:\/\/portaltela.pt\/#website"},"primaryImageOfPage":{"@id":"https:\/\/portaltela.pt\/noticias\/2026\/04\/01\/tuk-tuks-em-marcha-lenta-em-sintra-contra-novas-regras-de-estacionamento\/#primaryimage"},"image":{"@id":"https:\/\/portaltela.pt\/noticias\/2026\/04\/01\/tuk-tuks-em-marcha-lenta-em-sintra-contra-novas-regras-de-estacionamento\/#primaryimage"},"thumbnailUrl":"https:\/\/portaltela.pt\/s.01k8rhncp4jt1\/2026\/04\/img_1280x721uu2019-05-22-19-38-14-854065.jpg","datePublished":"2026-04-01T12:32:28+00:00","author":{"@id":"https:\/\/portaltela.pt\/#\/schema\/person\/c4278d4a6028830caff9ee44b42d32ed"},"breadcrumb":{"@id":"https:\/\/portaltela.pt\/noticias\/2026\/04\/01\/tuk-tuks-em-marcha-lenta-em-sintra-contra-novas-regras-de-estacionamento\/#breadcrumb"},"inLanguage":"pt-PT","potentialAction":[{"@type":"ReadAction","target":["https:\/\/portaltela.pt\/noticias\/2026\/04\/01\/tuk-tuks-em-marcha-lenta-em-sintra-contra-novas-regras-de-estacionamento\/"]}]},{"@type":"ImageObject","inLanguage":"pt-PT","@id":"https:\/\/portaltela.pt\/noticias\/2026\/04\/01\/tuk-tuks-em-marcha-lenta-em-sintra-contra-novas-regras-de-estacionamento\/#primaryimage","url":"https:\/\/portaltela.pt\/s.01k8rhncp4jt1\/2026\/04\/img_1280x721uu2019-05-22-19-38-14-854065.jpg","contentUrl":"https:\/\/portaltela.pt\/s.01k8rhncp4jt1\/2026\/04\/img_1280x721uu2019-05-22-19-38-14-854065.jpg","width":796,"height":448,"caption":"Tuk-tuk em Sintra"},{"@type":"BreadcrumbList","@id":"https:\/\/portaltela.pt\/noticias\/2026\/04\/01\/tuk-tuks-em-marcha-lenta-em-sintra-contra-novas-regras-de-estacionamento\/#breadcrumb","itemListElement":[{"@type":"ListItem","position":1,"name":"In\u00edcio","item":"https:\/\/portaltela.pt\/"},{"@type":"ListItem","position":2,"name":"Tuk-tuks em marcha lenta em Sintra contra novas regras de estacionamento"}]},{"@type":"WebSite","@id":"https:\/\/portaltela.pt\/#website","url":"https:\/\/portaltela.pt\/","name":"Portal Tela Portugal","description":"","potentialAction":[{"@type":"SearchAction","target":{"@type":"EntryPoint","urlTemplate":"https:\/\/portaltela.pt\/?s={search_term_string}"},"query-input":{"@type":"PropertyValueSpecification","valueRequired":true,"valueName":"search_term_string"}}],"inLanguage":"pt-PT"},{"@type":"Person","@id":"https:\/\/portaltela.pt\/#\/schema\/person\/c4278d4a6028830caff9ee44b42d32ed","name":"Telinha","image":{"@type":"ImageObject","inLanguage":"pt-PT","@id":"https:\/\/portaltela.pt\/s.01k8rhncp4jt1\/2025\/11\/talking-bot-125x125.png","url":"https:\/\/portaltela.pt\/s.01k8rhncp4jt1\/2025\/11\/talking-bot-125x125.png","contentUrl":"https:\/\/portaltela.pt\/s.01k8rhncp4jt1\/2025\/11\/talking-bot-125x125.png","caption":"Telinha"},"sameAs":["https:\/\/portaltela.pt\/"],"url":"https:\/\/portaltela.pt\/por\/367410592786\/"}]}},"_links":{"self":[{"href":"https:\/\/portaltela.pt\/api\/wp\/v2\/posts\/429155","targetHints":{"allow":["GET"]}}],"collection":[{"href":"https:\/\/portaltela.pt\/api\/wp\/v2\/posts"}],"about":[{"href":"https:\/\/portaltela.pt\/api\/wp\/v2\/types\/post"}],"author":[{"embeddable":true,"href":"https:\/\/portaltela.pt\/api\/wp\/v2\/users\/2"}],"replies":[{"embeddable":true,"href":"https:\/\/portaltela.pt\/api\/wp\/v2\/comments?post=429155"}],"version-history":[{"count":0,"href":"https:\/\/portaltela.pt\/api\/wp\/v2\/posts\/429155\/revisions"}],"wp:featuredmedia":[{"embeddable":true,"href":"https:\/\/portaltela.pt\/api\/wp\/v2\/media\/429156"}],"wp:attachment":[{"href":"https:\/\/portaltela.pt\/api\/wp\/v2\/media?parent=429155"}],"wp:term":[{"taxonomy":"category","embeddable":true,"href":"https:\/\/portaltela.pt\/api\/wp\/v2\/categories?post=429155"},{"taxonomy":"post_tag","embeddable":true,"href":"https:\/\/portaltela.pt\/api\/wp\/v2\/tags?post=429155"}],"curies":[{"name":"wp","href":"https:\/\/api.w.org\/{rel}","templated":true}]}}