{"id":429139,"date":"2026-04-01T09:32:15","date_gmt":"2026-04-01T12:32:15","guid":{"rendered":"https:\/\/portaltela.pt\/noticias\/2026\/04\/01\/rui-costa-ouvido-no-parlamento-benfica-fm-rejeitada-centralizacao-em-pauta\/"},"modified":"2026-04-01T09:32:15","modified_gmt":"2026-04-01T12:32:15","slug":"rui-costa-ouvido-no-parlamento-benfica-fm-rejeitada-centralizacao-em-pauta","status":"publish","type":"post","link":"https:\/\/portaltela.pt\/noticias\/politica\/2026\/04\/01\/rui-costa-ouvido-no-parlamento-benfica-fm-rejeitada-centralizacao-em-pauta\/","title":{"rendered":"Rui Costa ouvido no Parlamento; Benfica FM rejeitada, centraliza\u00e7\u00e3o em pauta"},"content":{"rendered":"<p>Rui Costa esteve hoje na Assembleia da Rep\u00fablica para um giro pelos v\u00e1rios grupos parlamentares. O tema em foco foi a centraliza\u00e7\u00e3o dos servi\u00e7os e, ainda, a recusa da Benfica FM pela Entidade Reguladora para a Comunica\u00e7\u00e3o Social (ERC). A imprensa desportiva destaca tamb\u00e9m o contexto do processo junto do regulador.<\/p>\n<p>O presidente do Benfica participou na sess\u00e3o parlamentar com o objetivo de esclarecer d\u00favidas sobre o projeto radiof\u00f3nico do grupo Bauer e do Benfica. A ERC n\u00e3o autorizou a altera\u00e7\u00e3o proposta aos servi\u00e7os de Batida FM, que passavam de tem\u00e1tica musical para desportiva informativa. O regulador considerou que a modifica\u00e7\u00e3o n\u00e3o re\u00fane os pressupostos legais.<\/p>\n<p>A decis\u00e3o da ERC, a 25 de mar\u00e7o de 2026, implica n\u00e3o associar esses servi\u00e7os \u00e0 Golo FM (Bombarral) e a identifica\u00e7\u00e3o comum em antena como Benfica FM. A avalia\u00e7\u00e3o aponta que a troca tem\u00e1tica n\u00e3o aumenta a diversidade de oferta nem a pluralidade de conte\u00fados nas \u00e1reas de Amadora, Moita, Cantanhede e Maia. Mant\u00eam-se d\u00favidas sobre a independ\u00eancia editorial.<\/p>\n<p>Jos\u00e9 Gandarez, vice-presidente do Benfica, manifestou-se contra a decis\u00e3o e indicou que o clube vai apresentar recurso. Em declara\u00e7\u00f5es, mencionou ainda a poss\u00edvel avalia\u00e7\u00e3o de participa\u00e7\u00e3o criminal e pediu audi\u00eancias com todos os grupos parlamentares para esclarecer o dossi\u00ea junto dos deputados.<\/p>\n","protected":false},"excerpt":{"rendered":"<ul>\n<li>Rui Costa deslocou-se esta manh\u00e3 \u00e0 Assembleia da Rep\u00fablica para conversar com v\u00e1rios grupos parlamentares sobre o processo de centraliza\u00e7\u00e3o e a rejei\u00e7\u00e3o da Benfica FM pela Entidade Reguladora para a Comunica\u00e7\u00e3o Social (ERC).<\/li>\n<li>A ERC n\u00e3o autorizou o projeto radiof\u00f3nico do grupo Bauer e do Benfica, alegando falta de pressupostos legais para a modifica\u00e7\u00e3o do servi\u00e7o Batida FM (e respetivas esta\u00e7\u00f5es) para uma modalidade desportiva informativa.<\/li>\n<li>A decis\u00e3o da ERC manteve que as altera\u00e7\u00f5es n\u00e3o aumentariam a diversidade da oferta radiof\u00f3nica nas \u00e1reas de Amadora, Moita, Cantanhede e Maia, al\u00e9m de levantar d\u00favidas sobre a independ\u00eancia editorial do conte\u00fado.<\/li>\n<li>O regulador tamb\u00e9m informou que n\u00e3o associou os servi\u00e7os de programas ao grupo Benfica FM, devido \u00e0 participa\u00e7\u00e3o relevante do Sport Lisboa e Benfica na conce\u00e7\u00e3o dos conte\u00fados.<\/li>\n<li>O Benfica reagiu, com Jos\u00e9 Gandarez a anunciar recurso da decis\u00e3o e a ponderar uma poss\u00edvel participa\u00e7\u00e3o criminal, e pediu audi\u00eancias a todos os grupos parlamentares para apresentar o caso.<\/li>\n<\/ul>\n","protected":false},"author":2,"featured_media":429146,"comment_status":"closed","ping_status":"closed","sticky":false,"template":"","format":"standard","meta":{"footnotes":""},"categories":[1,5],"tags":[4211,1946,3972,152,4539,2832],"class_list":["post-429139","post","type-post","status-publish","format-standard","has-post-thumbnail","hentry","category-noticias","category-politica","tag-assembleia-nacional","tag-benfica","tag-benfica-sad","tag-desporto","tag-erc","tag-politica"],"yoast_head":"<!-- This site is optimized with the Yoast SEO plugin v27.2 - https:\/\/yoast.com\/product\/yoast-seo-wordpress\/ -->\n<title>Rui Costa ouvido no Parlamento; Benfica FM rejeitada, centraliza\u00e7\u00e3o em pauta - Portal Tela Portugal<\/title>\n<meta name=\"robots\" content=\"index, follow, max-snippet:-1, max-image-preview:large, max-video-preview:-1\" \/>\n<meta property=\"og:locale\" content=\"pt_PT\" \/>\n<meta property=\"og:type\" content=\"article\" \/>\n<meta property=\"og:title\" content=\"Rui Costa ouvido no Parlamento; Benfica FM rejeitada, centraliza\u00e7\u00e3o em pauta - Portal Tela Portugal\" \/>\n<meta property=\"og:description\" content=\"Rui Costa deslocou-se esta manh\u00e3 \u00e0 Assembleia da Rep\u00fablica para conversar com v\u00e1rios grupos parlamentares sobre o processo de centraliza\u00e7\u00e3o e a rejei\u00e7\u00e3o da Benfica FM pela Entidade Reguladora para a Comunica\u00e7\u00e3o Social (ERC). A ERC n\u00e3o autorizou o projeto radiof\u00f3nico do grupo Bauer e do Benfica, alegando falta de pressupostos legais para a modifica\u00e7\u00e3o do servi\u00e7o Batida FM (e respetivas esta\u00e7\u00f5es) para uma modalidade desportiva informativa. A decis\u00e3o da ERC manteve que as altera\u00e7\u00f5es n\u00e3o aumentariam a diversidade da oferta radiof\u00f3nica nas \u00e1reas de Amadora, Moita, Cantanhede e Maia, al\u00e9m de levantar d\u00favidas sobre a independ\u00eancia editorial do conte\u00fado. O regulador tamb\u00e9m informou que n\u00e3o associou os servi\u00e7os de programas ao grupo Benfica FM, devido \u00e0 participa\u00e7\u00e3o relevante do Sport Lisboa e Benfica na conce\u00e7\u00e3o dos conte\u00fados. O Benfica reagiu, com Jos\u00e9 Gandarez a anunciar recurso da decis\u00e3o e a ponderar uma poss\u00edvel participa\u00e7\u00e3o criminal, e pediu audi\u00eancias a todos os grupos parlamentares para apresentar o caso.\" \/>\n<meta property=\"og:url\" content=\"https:\/\/portaltela.pt\/noticias\/2026\/04\/01\/rui-costa-ouvido-no-parlamento-benfica-fm-rejeitada-centralizacao-em-pauta\/\" \/>\n<meta property=\"og:site_name\" content=\"Portal Tela Portugal\" \/>\n<meta property=\"article:published_time\" content=\"2026-04-01T12:32:15+00:00\" \/>\n<meta name=\"author\" content=\"Telinha\" \/>\n<meta name=\"twitter:card\" content=\"summary_large_image\" \/>\n<meta name=\"twitter:label1\" content=\"Escrito por\" \/>\n\t<meta name=\"twitter:data1\" content=\"Telinha\" \/>\n\t<meta name=\"twitter:label2\" content=\"Tempo estimado de leitura\" \/>\n\t<meta name=\"twitter:data2\" content=\"1 minuto\" \/>\n<script type=\"application\/ld+json\" class=\"yoast-schema-graph\">{\"@context\":\"https:\/\/schema.org\",\"@graph\":[{\"@type\":\"Article\",\"@id\":\"https:\/\/portaltela.pt\/noticias\/2026\/04\/01\/rui-costa-ouvido-no-parlamento-benfica-fm-rejeitada-centralizacao-em-pauta\/#article\",\"isPartOf\":{\"@id\":\"https:\/\/portaltela.pt\/noticias\/2026\/04\/01\/rui-costa-ouvido-no-parlamento-benfica-fm-rejeitada-centralizacao-em-pauta\/\"},\"author\":{\"name\":\"Telinha\",\"@id\":\"https:\/\/portaltela.pt\/#\/schema\/person\/c4278d4a6028830caff9ee44b42d32ed\"},\"headline\":\"Rui Costa ouvido no Parlamento; Benfica FM rejeitada, centraliza\u00e7\u00e3o em pauta\",\"datePublished\":\"2026-04-01T12:32:15+00:00\",\"mainEntityOfPage\":{\"@id\":\"https:\/\/portaltela.pt\/noticias\/2026\/04\/01\/rui-costa-ouvido-no-parlamento-benfica-fm-rejeitada-centralizacao-em-pauta\/\"},\"wordCount\":251,\"image\":{\"@id\":\"https:\/\/portaltela.pt\/noticias\/2026\/04\/01\/rui-costa-ouvido-no-parlamento-benfica-fm-rejeitada-centralizacao-em-pauta\/#primaryimage\"},\"thumbnailUrl\":\"https:\/\/portaltela.pt\/s.01k8rhncp4jt1\/2026\/04\/img_920x518uu2026-01-23-14-32-09-2416839.jpg\",\"keywords\":[\"Assembleia Nacional\",\"Benfica\",\"Benfica SAD\",\"desporto\",\"ERC\",\"pol\u00edtica\"],\"articleSection\":[\"Not\u00edcias\",\"Pol\u00edtica\"],\"inLanguage\":\"pt-PT\"},{\"@type\":\"WebPage\",\"@id\":\"https:\/\/portaltela.pt\/noticias\/2026\/04\/01\/rui-costa-ouvido-no-parlamento-benfica-fm-rejeitada-centralizacao-em-pauta\/\",\"url\":\"https:\/\/portaltela.pt\/noticias\/2026\/04\/01\/rui-costa-ouvido-no-parlamento-benfica-fm-rejeitada-centralizacao-em-pauta\/\",\"name\":\"Rui Costa ouvido no Parlamento; Benfica FM rejeitada, centraliza\u00e7\u00e3o em pauta - Portal Tela Portugal\",\"isPartOf\":{\"@id\":\"https:\/\/portaltela.pt\/#website\"},\"primaryImageOfPage\":{\"@id\":\"https:\/\/portaltela.pt\/noticias\/2026\/04\/01\/rui-costa-ouvido-no-parlamento-benfica-fm-rejeitada-centralizacao-em-pauta\/#primaryimage\"},\"image\":{\"@id\":\"https:\/\/portaltela.pt\/noticias\/2026\/04\/01\/rui-costa-ouvido-no-parlamento-benfica-fm-rejeitada-centralizacao-em-pauta\/#primaryimage\"},\"thumbnailUrl\":\"https:\/\/portaltela.pt\/s.01k8rhncp4jt1\/2026\/04\/img_920x518uu2026-01-23-14-32-09-2416839.jpg\",\"datePublished\":\"2026-04-01T12:32:15+00:00\",\"author\":{\"@id\":\"https:\/\/portaltela.pt\/#\/schema\/person\/c4278d4a6028830caff9ee44b42d32ed\"},\"breadcrumb\":{\"@id\":\"https:\/\/portaltela.pt\/noticias\/2026\/04\/01\/rui-costa-ouvido-no-parlamento-benfica-fm-rejeitada-centralizacao-em-pauta\/#breadcrumb\"},\"inLanguage\":\"pt-PT\",\"potentialAction\":[{\"@type\":\"ReadAction\",\"target\":[\"https:\/\/portaltela.pt\/noticias\/2026\/04\/01\/rui-costa-ouvido-no-parlamento-benfica-fm-rejeitada-centralizacao-em-pauta\/\"]}]},{\"@type\":\"ImageObject\",\"inLanguage\":\"pt-PT\",\"@id\":\"https:\/\/portaltela.pt\/noticias\/2026\/04\/01\/rui-costa-ouvido-no-parlamento-benfica-fm-rejeitada-centralizacao-em-pauta\/#primaryimage\",\"url\":\"https:\/\/portaltela.pt\/s.01k8rhncp4jt1\/2026\/04\/img_920x518uu2026-01-23-14-32-09-2416839.jpg\",\"contentUrl\":\"https:\/\/portaltela.pt\/s.01k8rhncp4jt1\/2026\/04\/img_920x518uu2026-01-23-14-32-09-2416839.jpg\",\"width\":796,\"height\":448,\"caption\":\"Rui Costa\"},{\"@type\":\"BreadcrumbList\",\"@id\":\"https:\/\/portaltela.pt\/noticias\/2026\/04\/01\/rui-costa-ouvido-no-parlamento-benfica-fm-rejeitada-centralizacao-em-pauta\/#breadcrumb\",\"itemListElement\":[{\"@type\":\"ListItem\",\"position\":1,\"name\":\"In\u00edcio\",\"item\":\"https:\/\/portaltela.pt\/\"},{\"@type\":\"ListItem\",\"position\":2,\"name\":\"Rui Costa ouvido no Parlamento; Benfica FM rejeitada, centraliza\u00e7\u00e3o em pauta\"}]},{\"@type\":\"WebSite\",\"@id\":\"https:\/\/portaltela.pt\/#website\",\"url\":\"https:\/\/portaltela.pt\/\",\"name\":\"Portal Tela Portugal\",\"description\":\"\",\"potentialAction\":[{\"@type\":\"SearchAction\",\"target\":{\"@type\":\"EntryPoint\",\"urlTemplate\":\"https:\/\/portaltela.pt\/?s={search_term_string}\"},\"query-input\":{\"@type\":\"PropertyValueSpecification\",\"valueRequired\":true,\"valueName\":\"search_term_string\"}}],\"inLanguage\":\"pt-PT\"},{\"@type\":\"Person\",\"@id\":\"https:\/\/portaltela.pt\/#\/schema\/person\/c4278d4a6028830caff9ee44b42d32ed\",\"name\":\"Telinha\",\"image\":{\"@type\":\"ImageObject\",\"inLanguage\":\"pt-PT\",\"@id\":\"https:\/\/portaltela.pt\/s.01k8rhncp4jt1\/2025\/11\/talking-bot-125x125.png\",\"url\":\"https:\/\/portaltela.pt\/s.01k8rhncp4jt1\/2025\/11\/talking-bot-125x125.png\",\"contentUrl\":\"https:\/\/portaltela.pt\/s.01k8rhncp4jt1\/2025\/11\/talking-bot-125x125.png\",\"caption\":\"Telinha\"},\"sameAs\":[\"https:\/\/portaltela.pt\/\"],\"url\":\"https:\/\/portaltela.pt\/por\/367410592786\/\"}]}<\/script>\n<!-- \/ Yoast SEO plugin. -->","yoast_head_json":{"title":"Rui Costa ouvido no Parlamento; Benfica FM rejeitada, centraliza\u00e7\u00e3o em pauta - Portal Tela Portugal","robots":{"index":"index","follow":"follow","max-snippet":"max-snippet:-1","max-image-preview":"max-image-preview:large","max-video-preview":"max-video-preview:-1"},"og_locale":"pt_PT","og_type":"article","og_title":"Rui Costa ouvido no Parlamento; Benfica FM rejeitada, centraliza\u00e7\u00e3o em pauta - Portal Tela Portugal","og_description":"Rui Costa deslocou-se esta manh\u00e3 \u00e0 Assembleia da Rep\u00fablica para conversar com v\u00e1rios grupos parlamentares sobre o processo de centraliza\u00e7\u00e3o e a rejei\u00e7\u00e3o da Benfica FM pela Entidade Reguladora para a Comunica\u00e7\u00e3o Social (ERC). A ERC n\u00e3o autorizou o projeto radiof\u00f3nico do grupo Bauer e do Benfica, alegando falta de pressupostos legais para a modifica\u00e7\u00e3o do servi\u00e7o Batida FM (e respetivas esta\u00e7\u00f5es) para uma modalidade desportiva informativa. A decis\u00e3o da ERC manteve que as altera\u00e7\u00f5es n\u00e3o aumentariam a diversidade da oferta radiof\u00f3nica nas \u00e1reas de Amadora, Moita, Cantanhede e Maia, al\u00e9m de levantar d\u00favidas sobre a independ\u00eancia editorial do conte\u00fado. O regulador tamb\u00e9m informou que n\u00e3o associou os servi\u00e7os de programas ao grupo Benfica FM, devido \u00e0 participa\u00e7\u00e3o relevante do Sport Lisboa e Benfica na conce\u00e7\u00e3o dos conte\u00fados. O Benfica reagiu, com Jos\u00e9 Gandarez a anunciar recurso da decis\u00e3o e a ponderar uma poss\u00edvel participa\u00e7\u00e3o criminal, e pediu audi\u00eancias a todos os grupos parlamentares para apresentar o caso.","og_url":"https:\/\/portaltela.pt\/noticias\/2026\/04\/01\/rui-costa-ouvido-no-parlamento-benfica-fm-rejeitada-centralizacao-em-pauta\/","og_site_name":"Portal Tela Portugal","article_published_time":"2026-04-01T12:32:15+00:00","author":"Telinha","twitter_card":"summary_large_image","twitter_misc":{"Escrito por":"Telinha","Tempo estimado de leitura":"1 minuto"},"schema":{"@context":"https:\/\/schema.org","@graph":[{"@type":"Article","@id":"https:\/\/portaltela.pt\/noticias\/2026\/04\/01\/rui-costa-ouvido-no-parlamento-benfica-fm-rejeitada-centralizacao-em-pauta\/#article","isPartOf":{"@id":"https:\/\/portaltela.pt\/noticias\/2026\/04\/01\/rui-costa-ouvido-no-parlamento-benfica-fm-rejeitada-centralizacao-em-pauta\/"},"author":{"name":"Telinha","@id":"https:\/\/portaltela.pt\/#\/schema\/person\/c4278d4a6028830caff9ee44b42d32ed"},"headline":"Rui Costa ouvido no Parlamento; Benfica FM rejeitada, centraliza\u00e7\u00e3o em pauta","datePublished":"2026-04-01T12:32:15+00:00","mainEntityOfPage":{"@id":"https:\/\/portaltela.pt\/noticias\/2026\/04\/01\/rui-costa-ouvido-no-parlamento-benfica-fm-rejeitada-centralizacao-em-pauta\/"},"wordCount":251,"image":{"@id":"https:\/\/portaltela.pt\/noticias\/2026\/04\/01\/rui-costa-ouvido-no-parlamento-benfica-fm-rejeitada-centralizacao-em-pauta\/#primaryimage"},"thumbnailUrl":"https:\/\/portaltela.pt\/s.01k8rhncp4jt1\/2026\/04\/img_920x518uu2026-01-23-14-32-09-2416839.jpg","keywords":["Assembleia Nacional","Benfica","Benfica SAD","desporto","ERC","pol\u00edtica"],"articleSection":["Not\u00edcias","Pol\u00edtica"],"inLanguage":"pt-PT"},{"@type":"WebPage","@id":"https:\/\/portaltela.pt\/noticias\/2026\/04\/01\/rui-costa-ouvido-no-parlamento-benfica-fm-rejeitada-centralizacao-em-pauta\/","url":"https:\/\/portaltela.pt\/noticias\/2026\/04\/01\/rui-costa-ouvido-no-parlamento-benfica-fm-rejeitada-centralizacao-em-pauta\/","name":"Rui Costa ouvido no Parlamento; Benfica FM rejeitada, centraliza\u00e7\u00e3o em pauta - Portal Tela Portugal","isPartOf":{"@id":"https:\/\/portaltela.pt\/#website"},"primaryImageOfPage":{"@id":"https:\/\/portaltela.pt\/noticias\/2026\/04\/01\/rui-costa-ouvido-no-parlamento-benfica-fm-rejeitada-centralizacao-em-pauta\/#primaryimage"},"image":{"@id":"https:\/\/portaltela.pt\/noticias\/2026\/04\/01\/rui-costa-ouvido-no-parlamento-benfica-fm-rejeitada-centralizacao-em-pauta\/#primaryimage"},"thumbnailUrl":"https:\/\/portaltela.pt\/s.01k8rhncp4jt1\/2026\/04\/img_920x518uu2026-01-23-14-32-09-2416839.jpg","datePublished":"2026-04-01T12:32:15+00:00","author":{"@id":"https:\/\/portaltela.pt\/#\/schema\/person\/c4278d4a6028830caff9ee44b42d32ed"},"breadcrumb":{"@id":"https:\/\/portaltela.pt\/noticias\/2026\/04\/01\/rui-costa-ouvido-no-parlamento-benfica-fm-rejeitada-centralizacao-em-pauta\/#breadcrumb"},"inLanguage":"pt-PT","potentialAction":[{"@type":"ReadAction","target":["https:\/\/portaltela.pt\/noticias\/2026\/04\/01\/rui-costa-ouvido-no-parlamento-benfica-fm-rejeitada-centralizacao-em-pauta\/"]}]},{"@type":"ImageObject","inLanguage":"pt-PT","@id":"https:\/\/portaltela.pt\/noticias\/2026\/04\/01\/rui-costa-ouvido-no-parlamento-benfica-fm-rejeitada-centralizacao-em-pauta\/#primaryimage","url":"https:\/\/portaltela.pt\/s.01k8rhncp4jt1\/2026\/04\/img_920x518uu2026-01-23-14-32-09-2416839.jpg","contentUrl":"https:\/\/portaltela.pt\/s.01k8rhncp4jt1\/2026\/04\/img_920x518uu2026-01-23-14-32-09-2416839.jpg","width":796,"height":448,"caption":"Rui Costa"},{"@type":"BreadcrumbList","@id":"https:\/\/portaltela.pt\/noticias\/2026\/04\/01\/rui-costa-ouvido-no-parlamento-benfica-fm-rejeitada-centralizacao-em-pauta\/#breadcrumb","itemListElement":[{"@type":"ListItem","position":1,"name":"In\u00edcio","item":"https:\/\/portaltela.pt\/"},{"@type":"ListItem","position":2,"name":"Rui Costa ouvido no Parlamento; Benfica FM rejeitada, centraliza\u00e7\u00e3o em pauta"}]},{"@type":"WebSite","@id":"https:\/\/portaltela.pt\/#website","url":"https:\/\/portaltela.pt\/","name":"Portal Tela Portugal","description":"","potentialAction":[{"@type":"SearchAction","target":{"@type":"EntryPoint","urlTemplate":"https:\/\/portaltela.pt\/?s={search_term_string}"},"query-input":{"@type":"PropertyValueSpecification","valueRequired":true,"valueName":"search_term_string"}}],"inLanguage":"pt-PT"},{"@type":"Person","@id":"https:\/\/portaltela.pt\/#\/schema\/person\/c4278d4a6028830caff9ee44b42d32ed","name":"Telinha","image":{"@type":"ImageObject","inLanguage":"pt-PT","@id":"https:\/\/portaltela.pt\/s.01k8rhncp4jt1\/2025\/11\/talking-bot-125x125.png","url":"https:\/\/portaltela.pt\/s.01k8rhncp4jt1\/2025\/11\/talking-bot-125x125.png","contentUrl":"https:\/\/portaltela.pt\/s.01k8rhncp4jt1\/2025\/11\/talking-bot-125x125.png","caption":"Telinha"},"sameAs":["https:\/\/portaltela.pt\/"],"url":"https:\/\/portaltela.pt\/por\/367410592786\/"}]}},"_links":{"self":[{"href":"https:\/\/portaltela.pt\/api\/wp\/v2\/posts\/429139","targetHints":{"allow":["GET"]}}],"collection":[{"href":"https:\/\/portaltela.pt\/api\/wp\/v2\/posts"}],"about":[{"href":"https:\/\/portaltela.pt\/api\/wp\/v2\/types\/post"}],"author":[{"embeddable":true,"href":"https:\/\/portaltela.pt\/api\/wp\/v2\/users\/2"}],"replies":[{"embeddable":true,"href":"https:\/\/portaltela.pt\/api\/wp\/v2\/comments?post=429139"}],"version-history":[{"count":0,"href":"https:\/\/portaltela.pt\/api\/wp\/v2\/posts\/429139\/revisions"}],"wp:featuredmedia":[{"embeddable":true,"href":"https:\/\/portaltela.pt\/api\/wp\/v2\/media\/429146"}],"wp:attachment":[{"href":"https:\/\/portaltela.pt\/api\/wp\/v2\/media?parent=429139"}],"wp:term":[{"taxonomy":"category","embeddable":true,"href":"https:\/\/portaltela.pt\/api\/wp\/v2\/categories?post=429139"},{"taxonomy":"post_tag","embeddable":true,"href":"https:\/\/portaltela.pt\/api\/wp\/v2\/tags?post=429139"}],"curies":[{"name":"wp","href":"https:\/\/api.w.org\/{rel}","templated":true}]}}