{"id":429131,"date":"2026-04-01T09:32:06","date_gmt":"2026-04-01T12:32:06","guid":{"rendered":"https:\/\/portaltela.pt\/noticias\/2026\/04\/01\/ministro-da-administracao-interna-admite-verao-muito-duro\/"},"modified":"2026-04-01T09:32:06","modified_gmt":"2026-04-01T12:32:06","slug":"ministro-da-administracao-interna-admite-verao-muito-duro","status":"publish","type":"post","link":"https:\/\/portaltela.pt\/noticias\/2026\/04\/01\/ministro-da-administracao-interna-admite-verao-muito-duro\/","title":{"rendered":"Ministro da Administra\u00e7\u00e3o Interna admite ver\u00e3o muito duro"},"content":{"rendered":"<p>O ministro da Administra\u00e7\u00e3o Interna afirmou que o ver\u00e3o ser\u00e1 muito duro em termos de risco de inc\u00eandios florestais e anunciou um modelo de avalia\u00e7\u00e3o para definir zonas de limpeza priorit\u00e1rias. A coloca\u00e7\u00e3o surgiu em Pombal, no distrito de Leiria, durante as comemora\u00e7\u00f5es do 19.\u00ba anivers\u00e1rio da ANEPC.<\/p>\n<p>Lu\u00eds Neves explicou que existe um modelo de avalia\u00e7\u00e3o de risco aplic\u00e1vel \u00e0s zonas mais afetadas, com foco especialmente junto das popula\u00e7\u00f5es mais pequenas. O objetivo \u00e9 orientar as a\u00e7\u00f5es de limpeza durante os pr\u00f3ximos meses.<\/p>\n<p>O governante destacou o trabalho de limpeza das equipas do ICNF e, desde hoje, de estruturas militares nos territ\u00f3rios mais atingidos. Pediu ainda a colabora\u00e7\u00e3o de particulares na limpeza em redor das habita\u00e7\u00f5es para aumentar a preven\u00e7\u00e3o.<\/p>\n<p>As declara\u00e7\u00f5es ocorreram na margem das cerim\u00f3nias oficiais da ANEPC, que visam refor\u00e7ar a prepara\u00e7\u00e3o para a \u00e9poca de maior incid\u00eancia de inc\u00eandios. N\u00e3o foram apresentadas novas medidas adicionais ao conjunto j\u00e1 anunciado.<\/p>\n","protected":false},"excerpt":{"rendered":"<ul>\n<li>O ministro da Administra\u00e7\u00e3o Interna disse que o ver\u00e3o ser\u00e1 muito duro em termos de risco de inc\u00eandios florestais e que ser\u00e1 utilizado um modelo de avalia\u00e7\u00e3o para definir zonas de limpeza priorit\u00e1rias.<\/li>\n<li>O modelo permite identificar \u00e1reas mais afetadas, especialmente junto de popula\u00e7\u00f5es mais pequenas, para orientar as a\u00e7\u00f5es de limpeza nos pr\u00f3ximos meses.<\/li>\n<li>O ministro esteve em Pombal, no distrito de Leiria, uma regi\u00e3o duramente atingida pela depress\u00e3o Kristin, durante as celebra\u00e7\u00f5es do 19.\u00ba anivers\u00e1rio da Autoridade Nacional de Emerg\u00eancia e Prote\u00e7\u00e3o Civil.<\/li>\n<li>Foi destacada a colabora\u00e7\u00e3o das equipas do Instituto da Conserva\u00e7\u00e3o da Natureza e Florestas e, desde hoje, de estruturas militares, com apelo \u00e0 participa\u00e7\u00e3o de particulares nas limpezas em redor das habita\u00e7\u00f5es.<\/li>\n<\/ul>\n","protected":false},"author":2,"featured_media":429132,"comment_status":"closed","ping_status":"closed","sticky":false,"template":"","format":"standard","meta":{"footnotes":""},"categories":[6725,1],"tags":[4340,3142,1438,2617,1385,2075],"class_list":["post-429131","post","type-post","status-publish","format-standard","has-post-thumbnail","hentry","category-meio-ambiente","category-noticias","tag-anepc","tag-icnf","tag-incendio","tag-incendios","tag-leiria","tag-pombal"],"yoast_head":"<!-- This site is optimized with the Yoast SEO plugin v27.2 - https:\/\/yoast.com\/product\/yoast-seo-wordpress\/ -->\n<title>Ministro da Administra\u00e7\u00e3o Interna admite ver\u00e3o muito duro - Portal Tela Portugal<\/title>\n<meta name=\"robots\" content=\"index, follow, max-snippet:-1, max-image-preview:large, max-video-preview:-1\" \/>\n<meta property=\"og:locale\" content=\"pt_PT\" \/>\n<meta property=\"og:type\" content=\"article\" \/>\n<meta property=\"og:title\" content=\"Ministro da Administra\u00e7\u00e3o Interna admite ver\u00e3o muito duro - Portal Tela Portugal\" \/>\n<meta property=\"og:description\" content=\"O ministro da Administra\u00e7\u00e3o Interna disse que o ver\u00e3o ser\u00e1 muito duro em termos de risco de inc\u00eandios florestais e que ser\u00e1 utilizado um modelo de avalia\u00e7\u00e3o para definir zonas de limpeza priorit\u00e1rias. O modelo permite identificar \u00e1reas mais afetadas, especialmente junto de popula\u00e7\u00f5es mais pequenas, para orientar as a\u00e7\u00f5es de limpeza nos pr\u00f3ximos meses. O ministro esteve em Pombal, no distrito de Leiria, uma regi\u00e3o duramente atingida pela depress\u00e3o Kristin, durante as celebra\u00e7\u00f5es do 19.\u00ba anivers\u00e1rio da Autoridade Nacional de Emerg\u00eancia e Prote\u00e7\u00e3o Civil. Foi destacada a colabora\u00e7\u00e3o das equipas do Instituto da Conserva\u00e7\u00e3o da Natureza e Florestas e, desde hoje, de estruturas militares, com apelo \u00e0 participa\u00e7\u00e3o de particulares nas limpezas em redor das habita\u00e7\u00f5es.\" \/>\n<meta property=\"og:url\" content=\"https:\/\/portaltela.pt\/noticias\/2026\/04\/01\/ministro-da-administracao-interna-admite-verao-muito-duro\/\" \/>\n<meta property=\"og:site_name\" content=\"Portal Tela Portugal\" \/>\n<meta property=\"article:published_time\" content=\"2026-04-01T12:32:06+00:00\" \/>\n<meta name=\"author\" content=\"Telinha\" \/>\n<meta name=\"twitter:card\" content=\"summary_large_image\" \/>\n<meta name=\"twitter:label1\" content=\"Escrito por\" \/>\n\t<meta name=\"twitter:data1\" content=\"Telinha\" \/>\n\t<meta name=\"twitter:label2\" content=\"Tempo estimado de leitura\" \/>\n\t<meta name=\"twitter:data2\" content=\"1 minuto\" \/>\n<script type=\"application\/ld+json\" class=\"yoast-schema-graph\">{\"@context\":\"https:\/\/schema.org\",\"@graph\":[{\"@type\":\"Article\",\"@id\":\"https:\/\/portaltela.pt\/noticias\/2026\/04\/01\/ministro-da-administracao-interna-admite-verao-muito-duro\/#article\",\"isPartOf\":{\"@id\":\"https:\/\/portaltela.pt\/noticias\/2026\/04\/01\/ministro-da-administracao-interna-admite-verao-muito-duro\/\"},\"author\":{\"name\":\"Telinha\",\"@id\":\"https:\/\/portaltela.pt\/#\/schema\/person\/c4278d4a6028830caff9ee44b42d32ed\"},\"headline\":\"Ministro da Administra\u00e7\u00e3o Interna admite ver\u00e3o muito duro\",\"datePublished\":\"2026-04-01T12:32:06+00:00\",\"mainEntityOfPage\":{\"@id\":\"https:\/\/portaltela.pt\/noticias\/2026\/04\/01\/ministro-da-administracao-interna-admite-verao-muito-duro\/\"},\"wordCount\":187,\"image\":{\"@id\":\"https:\/\/portaltela.pt\/noticias\/2026\/04\/01\/ministro-da-administracao-interna-admite-verao-muito-duro\/#primaryimage\"},\"thumbnailUrl\":\"https:\/\/portaltela.pt\/s.01k8rhncp4jt1\/2026\/04\/image-30.jpg\",\"keywords\":[\"ANEPC\",\"ICNF\",\"inc\u00eandio\",\"inc\u00eandios\",\"Leiria\",\"Pombal\"],\"articleSection\":[\"Meio Ambiente\",\"Not\u00edcias\"],\"inLanguage\":\"pt-PT\"},{\"@type\":\"WebPage\",\"@id\":\"https:\/\/portaltela.pt\/noticias\/2026\/04\/01\/ministro-da-administracao-interna-admite-verao-muito-duro\/\",\"url\":\"https:\/\/portaltela.pt\/noticias\/2026\/04\/01\/ministro-da-administracao-interna-admite-verao-muito-duro\/\",\"name\":\"Ministro da Administra\u00e7\u00e3o Interna admite ver\u00e3o muito duro - Portal Tela Portugal\",\"isPartOf\":{\"@id\":\"https:\/\/portaltela.pt\/#website\"},\"primaryImageOfPage\":{\"@id\":\"https:\/\/portaltela.pt\/noticias\/2026\/04\/01\/ministro-da-administracao-interna-admite-verao-muito-duro\/#primaryimage\"},\"image\":{\"@id\":\"https:\/\/portaltela.pt\/noticias\/2026\/04\/01\/ministro-da-administracao-interna-admite-verao-muito-duro\/#primaryimage\"},\"thumbnailUrl\":\"https:\/\/portaltela.pt\/s.01k8rhncp4jt1\/2026\/04\/image-30.jpg\",\"datePublished\":\"2026-04-01T12:32:06+00:00\",\"author\":{\"@id\":\"https:\/\/portaltela.pt\/#\/schema\/person\/c4278d4a6028830caff9ee44b42d32ed\"},\"breadcrumb\":{\"@id\":\"https:\/\/portaltela.pt\/noticias\/2026\/04\/01\/ministro-da-administracao-interna-admite-verao-muito-duro\/#breadcrumb\"},\"inLanguage\":\"pt-PT\",\"potentialAction\":[{\"@type\":\"ReadAction\",\"target\":[\"https:\/\/portaltela.pt\/noticias\/2026\/04\/01\/ministro-da-administracao-interna-admite-verao-muito-duro\/\"]}]},{\"@type\":\"ImageObject\",\"inLanguage\":\"pt-PT\",\"@id\":\"https:\/\/portaltela.pt\/noticias\/2026\/04\/01\/ministro-da-administracao-interna-admite-verao-muito-duro\/#primaryimage\",\"url\":\"https:\/\/portaltela.pt\/s.01k8rhncp4jt1\/2026\/04\/image-30.jpg\",\"contentUrl\":\"https:\/\/portaltela.pt\/s.01k8rhncp4jt1\/2026\/04\/image-30.jpg\",\"width\":796,\"height\":448,\"caption\":\"Ministro apelou \u00e0 colabora\u00e7\u00e3o dos particulares nas limpezas em redor das habita\u00e7\u00f5es\"},{\"@type\":\"BreadcrumbList\",\"@id\":\"https:\/\/portaltela.pt\/noticias\/2026\/04\/01\/ministro-da-administracao-interna-admite-verao-muito-duro\/#breadcrumb\",\"itemListElement\":[{\"@type\":\"ListItem\",\"position\":1,\"name\":\"In\u00edcio\",\"item\":\"https:\/\/portaltela.pt\/\"},{\"@type\":\"ListItem\",\"position\":2,\"name\":\"Ministro da Administra\u00e7\u00e3o Interna admite ver\u00e3o muito duro\"}]},{\"@type\":\"WebSite\",\"@id\":\"https:\/\/portaltela.pt\/#website\",\"url\":\"https:\/\/portaltela.pt\/\",\"name\":\"Portal Tela Portugal\",\"description\":\"\",\"potentialAction\":[{\"@type\":\"SearchAction\",\"target\":{\"@type\":\"EntryPoint\",\"urlTemplate\":\"https:\/\/portaltela.pt\/?s={search_term_string}\"},\"query-input\":{\"@type\":\"PropertyValueSpecification\",\"valueRequired\":true,\"valueName\":\"search_term_string\"}}],\"inLanguage\":\"pt-PT\"},{\"@type\":\"Person\",\"@id\":\"https:\/\/portaltela.pt\/#\/schema\/person\/c4278d4a6028830caff9ee44b42d32ed\",\"name\":\"Telinha\",\"image\":{\"@type\":\"ImageObject\",\"inLanguage\":\"pt-PT\",\"@id\":\"https:\/\/portaltela.pt\/s.01k8rhncp4jt1\/2025\/11\/talking-bot-125x125.png\",\"url\":\"https:\/\/portaltela.pt\/s.01k8rhncp4jt1\/2025\/11\/talking-bot-125x125.png\",\"contentUrl\":\"https:\/\/portaltela.pt\/s.01k8rhncp4jt1\/2025\/11\/talking-bot-125x125.png\",\"caption\":\"Telinha\"},\"sameAs\":[\"https:\/\/portaltela.pt\/\"],\"url\":\"https:\/\/portaltela.pt\/por\/367410592786\/\"}]}<\/script>\n<!-- \/ Yoast SEO plugin. -->","yoast_head_json":{"title":"Ministro da Administra\u00e7\u00e3o Interna admite ver\u00e3o muito duro - Portal Tela Portugal","robots":{"index":"index","follow":"follow","max-snippet":"max-snippet:-1","max-image-preview":"max-image-preview:large","max-video-preview":"max-video-preview:-1"},"og_locale":"pt_PT","og_type":"article","og_title":"Ministro da Administra\u00e7\u00e3o Interna admite ver\u00e3o muito duro - Portal Tela Portugal","og_description":"O ministro da Administra\u00e7\u00e3o Interna disse que o ver\u00e3o ser\u00e1 muito duro em termos de risco de inc\u00eandios florestais e que ser\u00e1 utilizado um modelo de avalia\u00e7\u00e3o para definir zonas de limpeza priorit\u00e1rias. O modelo permite identificar \u00e1reas mais afetadas, especialmente junto de popula\u00e7\u00f5es mais pequenas, para orientar as a\u00e7\u00f5es de limpeza nos pr\u00f3ximos meses. O ministro esteve em Pombal, no distrito de Leiria, uma regi\u00e3o duramente atingida pela depress\u00e3o Kristin, durante as celebra\u00e7\u00f5es do 19.\u00ba anivers\u00e1rio da Autoridade Nacional de Emerg\u00eancia e Prote\u00e7\u00e3o Civil. Foi destacada a colabora\u00e7\u00e3o das equipas do Instituto da Conserva\u00e7\u00e3o da Natureza e Florestas e, desde hoje, de estruturas militares, com apelo \u00e0 participa\u00e7\u00e3o de particulares nas limpezas em redor das habita\u00e7\u00f5es.","og_url":"https:\/\/portaltela.pt\/noticias\/2026\/04\/01\/ministro-da-administracao-interna-admite-verao-muito-duro\/","og_site_name":"Portal Tela Portugal","article_published_time":"2026-04-01T12:32:06+00:00","author":"Telinha","twitter_card":"summary_large_image","twitter_misc":{"Escrito por":"Telinha","Tempo estimado de leitura":"1 minuto"},"schema":{"@context":"https:\/\/schema.org","@graph":[{"@type":"Article","@id":"https:\/\/portaltela.pt\/noticias\/2026\/04\/01\/ministro-da-administracao-interna-admite-verao-muito-duro\/#article","isPartOf":{"@id":"https:\/\/portaltela.pt\/noticias\/2026\/04\/01\/ministro-da-administracao-interna-admite-verao-muito-duro\/"},"author":{"name":"Telinha","@id":"https:\/\/portaltela.pt\/#\/schema\/person\/c4278d4a6028830caff9ee44b42d32ed"},"headline":"Ministro da Administra\u00e7\u00e3o Interna admite ver\u00e3o muito duro","datePublished":"2026-04-01T12:32:06+00:00","mainEntityOfPage":{"@id":"https:\/\/portaltela.pt\/noticias\/2026\/04\/01\/ministro-da-administracao-interna-admite-verao-muito-duro\/"},"wordCount":187,"image":{"@id":"https:\/\/portaltela.pt\/noticias\/2026\/04\/01\/ministro-da-administracao-interna-admite-verao-muito-duro\/#primaryimage"},"thumbnailUrl":"https:\/\/portaltela.pt\/s.01k8rhncp4jt1\/2026\/04\/image-30.jpg","keywords":["ANEPC","ICNF","inc\u00eandio","inc\u00eandios","Leiria","Pombal"],"articleSection":["Meio Ambiente","Not\u00edcias"],"inLanguage":"pt-PT"},{"@type":"WebPage","@id":"https:\/\/portaltela.pt\/noticias\/2026\/04\/01\/ministro-da-administracao-interna-admite-verao-muito-duro\/","url":"https:\/\/portaltela.pt\/noticias\/2026\/04\/01\/ministro-da-administracao-interna-admite-verao-muito-duro\/","name":"Ministro da Administra\u00e7\u00e3o Interna admite ver\u00e3o muito duro - Portal Tela Portugal","isPartOf":{"@id":"https:\/\/portaltela.pt\/#website"},"primaryImageOfPage":{"@id":"https:\/\/portaltela.pt\/noticias\/2026\/04\/01\/ministro-da-administracao-interna-admite-verao-muito-duro\/#primaryimage"},"image":{"@id":"https:\/\/portaltela.pt\/noticias\/2026\/04\/01\/ministro-da-administracao-interna-admite-verao-muito-duro\/#primaryimage"},"thumbnailUrl":"https:\/\/portaltela.pt\/s.01k8rhncp4jt1\/2026\/04\/image-30.jpg","datePublished":"2026-04-01T12:32:06+00:00","author":{"@id":"https:\/\/portaltela.pt\/#\/schema\/person\/c4278d4a6028830caff9ee44b42d32ed"},"breadcrumb":{"@id":"https:\/\/portaltela.pt\/noticias\/2026\/04\/01\/ministro-da-administracao-interna-admite-verao-muito-duro\/#breadcrumb"},"inLanguage":"pt-PT","potentialAction":[{"@type":"ReadAction","target":["https:\/\/portaltela.pt\/noticias\/2026\/04\/01\/ministro-da-administracao-interna-admite-verao-muito-duro\/"]}]},{"@type":"ImageObject","inLanguage":"pt-PT","@id":"https:\/\/portaltela.pt\/noticias\/2026\/04\/01\/ministro-da-administracao-interna-admite-verao-muito-duro\/#primaryimage","url":"https:\/\/portaltela.pt\/s.01k8rhncp4jt1\/2026\/04\/image-30.jpg","contentUrl":"https:\/\/portaltela.pt\/s.01k8rhncp4jt1\/2026\/04\/image-30.jpg","width":796,"height":448,"caption":"Ministro apelou \u00e0 colabora\u00e7\u00e3o dos particulares nas limpezas em redor das habita\u00e7\u00f5es"},{"@type":"BreadcrumbList","@id":"https:\/\/portaltela.pt\/noticias\/2026\/04\/01\/ministro-da-administracao-interna-admite-verao-muito-duro\/#breadcrumb","itemListElement":[{"@type":"ListItem","position":1,"name":"In\u00edcio","item":"https:\/\/portaltela.pt\/"},{"@type":"ListItem","position":2,"name":"Ministro da Administra\u00e7\u00e3o Interna admite ver\u00e3o muito duro"}]},{"@type":"WebSite","@id":"https:\/\/portaltela.pt\/#website","url":"https:\/\/portaltela.pt\/","name":"Portal Tela Portugal","description":"","potentialAction":[{"@type":"SearchAction","target":{"@type":"EntryPoint","urlTemplate":"https:\/\/portaltela.pt\/?s={search_term_string}"},"query-input":{"@type":"PropertyValueSpecification","valueRequired":true,"valueName":"search_term_string"}}],"inLanguage":"pt-PT"},{"@type":"Person","@id":"https:\/\/portaltela.pt\/#\/schema\/person\/c4278d4a6028830caff9ee44b42d32ed","name":"Telinha","image":{"@type":"ImageObject","inLanguage":"pt-PT","@id":"https:\/\/portaltela.pt\/s.01k8rhncp4jt1\/2025\/11\/talking-bot-125x125.png","url":"https:\/\/portaltela.pt\/s.01k8rhncp4jt1\/2025\/11\/talking-bot-125x125.png","contentUrl":"https:\/\/portaltela.pt\/s.01k8rhncp4jt1\/2025\/11\/talking-bot-125x125.png","caption":"Telinha"},"sameAs":["https:\/\/portaltela.pt\/"],"url":"https:\/\/portaltela.pt\/por\/367410592786\/"}]}},"_links":{"self":[{"href":"https:\/\/portaltela.pt\/api\/wp\/v2\/posts\/429131","targetHints":{"allow":["GET"]}}],"collection":[{"href":"https:\/\/portaltela.pt\/api\/wp\/v2\/posts"}],"about":[{"href":"https:\/\/portaltela.pt\/api\/wp\/v2\/types\/post"}],"author":[{"embeddable":true,"href":"https:\/\/portaltela.pt\/api\/wp\/v2\/users\/2"}],"replies":[{"embeddable":true,"href":"https:\/\/portaltela.pt\/api\/wp\/v2\/comments?post=429131"}],"version-history":[{"count":0,"href":"https:\/\/portaltela.pt\/api\/wp\/v2\/posts\/429131\/revisions"}],"wp:featuredmedia":[{"embeddable":true,"href":"https:\/\/portaltela.pt\/api\/wp\/v2\/media\/429132"}],"wp:attachment":[{"href":"https:\/\/portaltela.pt\/api\/wp\/v2\/media?parent=429131"}],"wp:term":[{"taxonomy":"category","embeddable":true,"href":"https:\/\/portaltela.pt\/api\/wp\/v2\/categories?post=429131"},{"taxonomy":"post_tag","embeddable":true,"href":"https:\/\/portaltela.pt\/api\/wp\/v2\/tags?post=429131"}],"curies":[{"name":"wp","href":"https:\/\/api.w.org\/{rel}","templated":true}]}}