{"id":429129,"date":"2026-04-01T09:31:58","date_gmt":"2026-04-01T12:31:58","guid":{"rendered":"https:\/\/portaltela.pt\/noticias\/2026\/04\/01\/tuk-tuk-em-marcha-lenta-em-sintra-contra-novas-regras-de-estacionamento\/"},"modified":"2026-04-01T09:31:58","modified_gmt":"2026-04-01T12:31:58","slug":"tuk-tuk-em-marcha-lenta-em-sintra-contra-novas-regras-de-estacionamento","status":"publish","type":"post","link":"https:\/\/portaltela.pt\/sociedade\/2026\/04\/01\/tuk-tuk-em-marcha-lenta-em-sintra-contra-novas-regras-de-estacionamento\/","title":{"rendered":"Tuk-tuk em marcha lenta em Sintra contra novas regras de estacionamento"},"content":{"rendered":"<p>Os condutores de tuk-tuk v\u00e3o realizar uma marcha lenta na quinta-feira, em Sintra, para contestar as novas regras de estacionamento destinadas a estes ve\u00edculos de anima\u00e7\u00e3o tur\u00edstica, que entraram em vigor hoje, informou \u00e0 Lusa uma fonte do setor.<\/p>\n<p>A a\u00e7\u00e3o envolve associa\u00e7\u00f5es de operadores e pilotos de tuk-tuk que trabalham na regi\u00e3o, com o objetivo de expressar contesta\u00e7\u00e3o sem recorrer a a\u00e7\u00f5es de maior for\u00e7a. A marcha ocorre na \u00e1rea urbana de Sintra, onde as restri\u00e7\u00f5es passaram a vigorar.<\/p>\n<p>As novas regras de estacionamento, j\u00e1 em vigor, visam regulamentar a circula\u00e7\u00e3o e o estacionamento destes ve\u00edculos tur\u00edsticos, com foco em facilitar o fluxo na cidade e reduzir incidentes de estacionamento irregular. O setor aguarda contactos oficiais das autoridades para esclarecimentos adicionais e eventual ajustamento de hor\u00e1rios ou zonas permitidas.<\/p>\n<h3>Contexto<\/h3>\n<p>Em termos pr\u00e1ticos, as mudan\u00e7as afetam onde e como os tuk-tuk podem estacionar, bem como a dura\u00e7\u00e3o permitida de estadia em certos zonas. O objetivo, segundo as autoridades locais, \u00e9 melhorar a mobilidade urbana e a conviv\u00eancia com outros meios de transporte.<\/p>\n","protected":false},"excerpt":{"rendered":"<ul>\n<li>Os condutores de tuk-tuk v\u00e3o realizar uma marcha lenta na quinta-feira, em Sintra, para contestar as novas regras de estacionamento para estes ve\u00edculos de anima\u00e7\u00e3o tur\u00edstica.<\/li>\n<li>As regras entraram hoje em vigor.<\/li>\n<li>A informa\u00e7\u00e3o foi confirmada \u00e0 Lusa por uma fonte do setor.<\/li>\n<\/ul>\n","protected":false},"author":2,"featured_media":429130,"comment_status":"closed","ping_status":"closed","sticky":false,"template":"","format":"standard","meta":{"footnotes":""},"categories":[7384,6871],"tags":[7199,2110,3263,1110,169],"class_list":["post-429129","post","type-post","status-publish","format-standard","has-post-thumbnail","hentry","category-curiosidades","category-sociedade","tag-estacionamentos","tag-mobilidade","tag-mobilidade-urbana","tag-sintra","tag-turismo"],"yoast_head":"<!-- This site is optimized with the Yoast SEO plugin v27.2 - https:\/\/yoast.com\/product\/yoast-seo-wordpress\/ -->\n<title>Tuk-tuk em marcha lenta em Sintra contra novas regras de estacionamento - Portal Tela Portugal<\/title>\n<meta name=\"robots\" content=\"index, follow, max-snippet:-1, max-image-preview:large, max-video-preview:-1\" \/>\n<meta property=\"og:locale\" content=\"pt_PT\" \/>\n<meta property=\"og:type\" content=\"article\" \/>\n<meta property=\"og:title\" content=\"Tuk-tuk em marcha lenta em Sintra contra novas regras de estacionamento - Portal Tela Portugal\" \/>\n<meta property=\"og:description\" content=\"Os condutores de tuk-tuk v\u00e3o realizar uma marcha lenta na quinta-feira, em Sintra, para contestar as novas regras de estacionamento para estes ve\u00edculos de anima\u00e7\u00e3o tur\u00edstica. As regras entraram hoje em vigor. A informa\u00e7\u00e3o foi confirmada \u00e0 Lusa por uma fonte do setor.\" \/>\n<meta property=\"og:url\" content=\"https:\/\/portaltela.pt\/noticias\/2026\/04\/01\/tuk-tuk-em-marcha-lenta-em-sintra-contra-novas-regras-de-estacionamento\/\" \/>\n<meta property=\"og:site_name\" content=\"Portal Tela Portugal\" \/>\n<meta property=\"article:published_time\" content=\"2026-04-01T12:31:58+00:00\" \/>\n<meta name=\"author\" content=\"Telinha\" \/>\n<meta name=\"twitter:card\" content=\"summary_large_image\" \/>\n<meta name=\"twitter:label1\" content=\"Escrito por\" \/>\n\t<meta name=\"twitter:data1\" content=\"Telinha\" \/>\n\t<meta name=\"twitter:label2\" content=\"Tempo estimado de leitura\" \/>\n\t<meta name=\"twitter:data2\" content=\"1 minuto\" \/>\n<script type=\"application\/ld+json\" class=\"yoast-schema-graph\">{\"@context\":\"https:\/\/schema.org\",\"@graph\":[{\"@type\":\"Article\",\"@id\":\"https:\/\/portaltela.pt\/noticias\/2026\/04\/01\/tuk-tuk-em-marcha-lenta-em-sintra-contra-novas-regras-de-estacionamento\/#article\",\"isPartOf\":{\"@id\":\"https:\/\/portaltela.pt\/noticias\/2026\/04\/01\/tuk-tuk-em-marcha-lenta-em-sintra-contra-novas-regras-de-estacionamento\/\"},\"author\":{\"name\":\"Telinha\",\"@id\":\"https:\/\/portaltela.pt\/#\/schema\/person\/c4278d4a6028830caff9ee44b42d32ed\"},\"headline\":\"Tuk-tuk em marcha lenta em Sintra contra novas regras de estacionamento\",\"datePublished\":\"2026-04-01T12:31:58+00:00\",\"mainEntityOfPage\":{\"@id\":\"https:\/\/portaltela.pt\/noticias\/2026\/04\/01\/tuk-tuk-em-marcha-lenta-em-sintra-contra-novas-regras-de-estacionamento\/\"},\"wordCount\":201,\"image\":{\"@id\":\"https:\/\/portaltela.pt\/noticias\/2026\/04\/01\/tuk-tuk-em-marcha-lenta-em-sintra-contra-novas-regras-de-estacionamento\/#primaryimage\"},\"thumbnailUrl\":\"https:\/\/portaltela.pt\/s.01k8rhncp4jt1\/2026\/04\/CACHE_780X1200_ANALOG_WATERMARKED_43418844_5245171_19082024114031.jpg\",\"keywords\":[\"estacionamentos\",\"mobilidade\",\"mobilidade urbana\",\"Sintra\",\"turismo\"],\"articleSection\":[\"Curiosidades\",\"Sociedade\"],\"inLanguage\":\"pt-PT\"},{\"@type\":\"WebPage\",\"@id\":\"https:\/\/portaltela.pt\/noticias\/2026\/04\/01\/tuk-tuk-em-marcha-lenta-em-sintra-contra-novas-regras-de-estacionamento\/\",\"url\":\"https:\/\/portaltela.pt\/noticias\/2026\/04\/01\/tuk-tuk-em-marcha-lenta-em-sintra-contra-novas-regras-de-estacionamento\/\",\"name\":\"Tuk-tuk em marcha lenta em Sintra contra novas regras de estacionamento - Portal Tela Portugal\",\"isPartOf\":{\"@id\":\"https:\/\/portaltela.pt\/#website\"},\"primaryImageOfPage\":{\"@id\":\"https:\/\/portaltela.pt\/noticias\/2026\/04\/01\/tuk-tuk-em-marcha-lenta-em-sintra-contra-novas-regras-de-estacionamento\/#primaryimage\"},\"image\":{\"@id\":\"https:\/\/portaltela.pt\/noticias\/2026\/04\/01\/tuk-tuk-em-marcha-lenta-em-sintra-contra-novas-regras-de-estacionamento\/#primaryimage\"},\"thumbnailUrl\":\"https:\/\/portaltela.pt\/s.01k8rhncp4jt1\/2026\/04\/CACHE_780X1200_ANALOG_WATERMARKED_43418844_5245171_19082024114031.jpg\",\"datePublished\":\"2026-04-01T12:31:58+00:00\",\"author\":{\"@id\":\"https:\/\/portaltela.pt\/#\/schema\/person\/c4278d4a6028830caff9ee44b42d32ed\"},\"breadcrumb\":{\"@id\":\"https:\/\/portaltela.pt\/noticias\/2026\/04\/01\/tuk-tuk-em-marcha-lenta-em-sintra-contra-novas-regras-de-estacionamento\/#breadcrumb\"},\"inLanguage\":\"pt-PT\",\"potentialAction\":[{\"@type\":\"ReadAction\",\"target\":[\"https:\/\/portaltela.pt\/noticias\/2026\/04\/01\/tuk-tuk-em-marcha-lenta-em-sintra-contra-novas-regras-de-estacionamento\/\"]}]},{\"@type\":\"ImageObject\",\"inLanguage\":\"pt-PT\",\"@id\":\"https:\/\/portaltela.pt\/noticias\/2026\/04\/01\/tuk-tuk-em-marcha-lenta-em-sintra-contra-novas-regras-de-estacionamento\/#primaryimage\",\"url\":\"https:\/\/portaltela.pt\/s.01k8rhncp4jt1\/2026\/04\/CACHE_780X1200_ANALOG_WATERMARKED_43418844_5245171_19082024114031.jpg\",\"contentUrl\":\"https:\/\/portaltela.pt\/s.01k8rhncp4jt1\/2026\/04\/CACHE_780X1200_ANALOG_WATERMARKED_43418844_5245171_19082024114031.jpg\",\"width\":768,\"height\":512,\"caption\":\"Tuk-tuk em marcha lenta quinta-feira em Sintra contra novas regras de estacionamento\"},{\"@type\":\"BreadcrumbList\",\"@id\":\"https:\/\/portaltela.pt\/noticias\/2026\/04\/01\/tuk-tuk-em-marcha-lenta-em-sintra-contra-novas-regras-de-estacionamento\/#breadcrumb\",\"itemListElement\":[{\"@type\":\"ListItem\",\"position\":1,\"name\":\"In\u00edcio\",\"item\":\"https:\/\/portaltela.pt\/\"},{\"@type\":\"ListItem\",\"position\":2,\"name\":\"Tuk-tuk em marcha lenta em Sintra contra novas regras de estacionamento\"}]},{\"@type\":\"WebSite\",\"@id\":\"https:\/\/portaltela.pt\/#website\",\"url\":\"https:\/\/portaltela.pt\/\",\"name\":\"Portal Tela Portugal\",\"description\":\"\",\"potentialAction\":[{\"@type\":\"SearchAction\",\"target\":{\"@type\":\"EntryPoint\",\"urlTemplate\":\"https:\/\/portaltela.pt\/?s={search_term_string}\"},\"query-input\":{\"@type\":\"PropertyValueSpecification\",\"valueRequired\":true,\"valueName\":\"search_term_string\"}}],\"inLanguage\":\"pt-PT\"},{\"@type\":\"Person\",\"@id\":\"https:\/\/portaltela.pt\/#\/schema\/person\/c4278d4a6028830caff9ee44b42d32ed\",\"name\":\"Telinha\",\"image\":{\"@type\":\"ImageObject\",\"inLanguage\":\"pt-PT\",\"@id\":\"https:\/\/portaltela.pt\/s.01k8rhncp4jt1\/2025\/11\/talking-bot-125x125.png\",\"url\":\"https:\/\/portaltela.pt\/s.01k8rhncp4jt1\/2025\/11\/talking-bot-125x125.png\",\"contentUrl\":\"https:\/\/portaltela.pt\/s.01k8rhncp4jt1\/2025\/11\/talking-bot-125x125.png\",\"caption\":\"Telinha\"},\"sameAs\":[\"https:\/\/portaltela.pt\/\"],\"url\":\"https:\/\/portaltela.pt\/por\/367410592786\/\"}]}<\/script>\n<!-- \/ Yoast SEO plugin. -->","yoast_head_json":{"title":"Tuk-tuk em marcha lenta em Sintra contra novas regras de estacionamento - Portal Tela Portugal","robots":{"index":"index","follow":"follow","max-snippet":"max-snippet:-1","max-image-preview":"max-image-preview:large","max-video-preview":"max-video-preview:-1"},"og_locale":"pt_PT","og_type":"article","og_title":"Tuk-tuk em marcha lenta em Sintra contra novas regras de estacionamento - Portal Tela Portugal","og_description":"Os condutores de tuk-tuk v\u00e3o realizar uma marcha lenta na quinta-feira, em Sintra, para contestar as novas regras de estacionamento para estes ve\u00edculos de anima\u00e7\u00e3o tur\u00edstica. As regras entraram hoje em vigor. A informa\u00e7\u00e3o foi confirmada \u00e0 Lusa por uma fonte do setor.","og_url":"https:\/\/portaltela.pt\/noticias\/2026\/04\/01\/tuk-tuk-em-marcha-lenta-em-sintra-contra-novas-regras-de-estacionamento\/","og_site_name":"Portal Tela Portugal","article_published_time":"2026-04-01T12:31:58+00:00","author":"Telinha","twitter_card":"summary_large_image","twitter_misc":{"Escrito por":"Telinha","Tempo estimado de leitura":"1 minuto"},"schema":{"@context":"https:\/\/schema.org","@graph":[{"@type":"Article","@id":"https:\/\/portaltela.pt\/noticias\/2026\/04\/01\/tuk-tuk-em-marcha-lenta-em-sintra-contra-novas-regras-de-estacionamento\/#article","isPartOf":{"@id":"https:\/\/portaltela.pt\/noticias\/2026\/04\/01\/tuk-tuk-em-marcha-lenta-em-sintra-contra-novas-regras-de-estacionamento\/"},"author":{"name":"Telinha","@id":"https:\/\/portaltela.pt\/#\/schema\/person\/c4278d4a6028830caff9ee44b42d32ed"},"headline":"Tuk-tuk em marcha lenta em Sintra contra novas regras de estacionamento","datePublished":"2026-04-01T12:31:58+00:00","mainEntityOfPage":{"@id":"https:\/\/portaltela.pt\/noticias\/2026\/04\/01\/tuk-tuk-em-marcha-lenta-em-sintra-contra-novas-regras-de-estacionamento\/"},"wordCount":201,"image":{"@id":"https:\/\/portaltela.pt\/noticias\/2026\/04\/01\/tuk-tuk-em-marcha-lenta-em-sintra-contra-novas-regras-de-estacionamento\/#primaryimage"},"thumbnailUrl":"https:\/\/portaltela.pt\/s.01k8rhncp4jt1\/2026\/04\/CACHE_780X1200_ANALOG_WATERMARKED_43418844_5245171_19082024114031.jpg","keywords":["estacionamentos","mobilidade","mobilidade urbana","Sintra","turismo"],"articleSection":["Curiosidades","Sociedade"],"inLanguage":"pt-PT"},{"@type":"WebPage","@id":"https:\/\/portaltela.pt\/noticias\/2026\/04\/01\/tuk-tuk-em-marcha-lenta-em-sintra-contra-novas-regras-de-estacionamento\/","url":"https:\/\/portaltela.pt\/noticias\/2026\/04\/01\/tuk-tuk-em-marcha-lenta-em-sintra-contra-novas-regras-de-estacionamento\/","name":"Tuk-tuk em marcha lenta em Sintra contra novas regras de estacionamento - Portal Tela Portugal","isPartOf":{"@id":"https:\/\/portaltela.pt\/#website"},"primaryImageOfPage":{"@id":"https:\/\/portaltela.pt\/noticias\/2026\/04\/01\/tuk-tuk-em-marcha-lenta-em-sintra-contra-novas-regras-de-estacionamento\/#primaryimage"},"image":{"@id":"https:\/\/portaltela.pt\/noticias\/2026\/04\/01\/tuk-tuk-em-marcha-lenta-em-sintra-contra-novas-regras-de-estacionamento\/#primaryimage"},"thumbnailUrl":"https:\/\/portaltela.pt\/s.01k8rhncp4jt1\/2026\/04\/CACHE_780X1200_ANALOG_WATERMARKED_43418844_5245171_19082024114031.jpg","datePublished":"2026-04-01T12:31:58+00:00","author":{"@id":"https:\/\/portaltela.pt\/#\/schema\/person\/c4278d4a6028830caff9ee44b42d32ed"},"breadcrumb":{"@id":"https:\/\/portaltela.pt\/noticias\/2026\/04\/01\/tuk-tuk-em-marcha-lenta-em-sintra-contra-novas-regras-de-estacionamento\/#breadcrumb"},"inLanguage":"pt-PT","potentialAction":[{"@type":"ReadAction","target":["https:\/\/portaltela.pt\/noticias\/2026\/04\/01\/tuk-tuk-em-marcha-lenta-em-sintra-contra-novas-regras-de-estacionamento\/"]}]},{"@type":"ImageObject","inLanguage":"pt-PT","@id":"https:\/\/portaltela.pt\/noticias\/2026\/04\/01\/tuk-tuk-em-marcha-lenta-em-sintra-contra-novas-regras-de-estacionamento\/#primaryimage","url":"https:\/\/portaltela.pt\/s.01k8rhncp4jt1\/2026\/04\/CACHE_780X1200_ANALOG_WATERMARKED_43418844_5245171_19082024114031.jpg","contentUrl":"https:\/\/portaltela.pt\/s.01k8rhncp4jt1\/2026\/04\/CACHE_780X1200_ANALOG_WATERMARKED_43418844_5245171_19082024114031.jpg","width":768,"height":512,"caption":"Tuk-tuk em marcha lenta quinta-feira em Sintra contra novas regras de estacionamento"},{"@type":"BreadcrumbList","@id":"https:\/\/portaltela.pt\/noticias\/2026\/04\/01\/tuk-tuk-em-marcha-lenta-em-sintra-contra-novas-regras-de-estacionamento\/#breadcrumb","itemListElement":[{"@type":"ListItem","position":1,"name":"In\u00edcio","item":"https:\/\/portaltela.pt\/"},{"@type":"ListItem","position":2,"name":"Tuk-tuk em marcha lenta em Sintra contra novas regras de estacionamento"}]},{"@type":"WebSite","@id":"https:\/\/portaltela.pt\/#website","url":"https:\/\/portaltela.pt\/","name":"Portal Tela Portugal","description":"","potentialAction":[{"@type":"SearchAction","target":{"@type":"EntryPoint","urlTemplate":"https:\/\/portaltela.pt\/?s={search_term_string}"},"query-input":{"@type":"PropertyValueSpecification","valueRequired":true,"valueName":"search_term_string"}}],"inLanguage":"pt-PT"},{"@type":"Person","@id":"https:\/\/portaltela.pt\/#\/schema\/person\/c4278d4a6028830caff9ee44b42d32ed","name":"Telinha","image":{"@type":"ImageObject","inLanguage":"pt-PT","@id":"https:\/\/portaltela.pt\/s.01k8rhncp4jt1\/2025\/11\/talking-bot-125x125.png","url":"https:\/\/portaltela.pt\/s.01k8rhncp4jt1\/2025\/11\/talking-bot-125x125.png","contentUrl":"https:\/\/portaltela.pt\/s.01k8rhncp4jt1\/2025\/11\/talking-bot-125x125.png","caption":"Telinha"},"sameAs":["https:\/\/portaltela.pt\/"],"url":"https:\/\/portaltela.pt\/por\/367410592786\/"}]}},"_links":{"self":[{"href":"https:\/\/portaltela.pt\/api\/wp\/v2\/posts\/429129","targetHints":{"allow":["GET"]}}],"collection":[{"href":"https:\/\/portaltela.pt\/api\/wp\/v2\/posts"}],"about":[{"href":"https:\/\/portaltela.pt\/api\/wp\/v2\/types\/post"}],"author":[{"embeddable":true,"href":"https:\/\/portaltela.pt\/api\/wp\/v2\/users\/2"}],"replies":[{"embeddable":true,"href":"https:\/\/portaltela.pt\/api\/wp\/v2\/comments?post=429129"}],"version-history":[{"count":0,"href":"https:\/\/portaltela.pt\/api\/wp\/v2\/posts\/429129\/revisions"}],"wp:featuredmedia":[{"embeddable":true,"href":"https:\/\/portaltela.pt\/api\/wp\/v2\/media\/429130"}],"wp:attachment":[{"href":"https:\/\/portaltela.pt\/api\/wp\/v2\/media?parent=429129"}],"wp:term":[{"taxonomy":"category","embeddable":true,"href":"https:\/\/portaltela.pt\/api\/wp\/v2\/categories?post=429129"},{"taxonomy":"post_tag","embeddable":true,"href":"https:\/\/portaltela.pt\/api\/wp\/v2\/tags?post=429129"}],"curies":[{"name":"wp","href":"https:\/\/api.w.org\/{rel}","templated":true}]}}