{"id":429101,"date":"2026-04-01T09:07:30","date_gmt":"2026-04-01T12:07:30","guid":{"rendered":"https:\/\/portaltela.pt\/noticias\/2026\/04\/01\/universitario-morre-afogado-numa-represa-em-covilha\/"},"modified":"2026-04-01T09:07:30","modified_gmt":"2026-04-01T12:07:30","slug":"universitario-morre-afogado-numa-represa-em-covilha","status":"publish","type":"post","link":"https:\/\/portaltela.pt\/acidentes\/2026\/04\/01\/universitario-morre-afogado-numa-represa-em-covilha\/","title":{"rendered":"Universit\u00e1rio morre afogado numa represa em Covilh\u00e3"},"content":{"rendered":"<p>Um jovem universit\u00e1rio morreu afogado na ribeira de Corges, na Covilh\u00e3, depois de mergulhar numa pequena albufeira. O incidente ocorreu na \u00e1rea de lazer da zona, quando o jovem decidiu entrar na \u00e1gua.<\/p>\n<p>A albufeira da ribeira \u00e9 um ponto de lazer popular na cidade. O local combina beleza natural com zonas tranquilas, atraindo visitantes consentidos pela paisagem da regi\u00e3o.<\/p>\n<p>As autoridades foram alertadas e deslocaram-se ao local. Bombeiros e a Pol\u00edcia de Seguran\u00e7a P\u00fablica realizaram o resgate, mas a v\u00edtima j\u00e1 apresentava sinais de \u00f3bito.<\/p>\n<h3>Reac\u00e7\u00e3o das autoridades<\/h3>\n<p>As autoridades locais confirmaram o desfecho tr\u00e1gico e asseguraram que as opera\u00e7\u00f5es foram conclu\u00eddas com sucesso. N\u00e3o foram divulgados detalhes adicionais sobre a causa do afogamento.<\/p>\n<h3>Medidas de preven\u00e7\u00e3o<\/h3>\n<p>A prote\u00e7\u00e3o de zonas de lazer aqu\u00e1tico volta a ser alvo de apelidos \u00e0 prud\u00eancia. As autoridades reiteram a necessidade de cumprir as normas de seguran\u00e7a e de n\u00e3o entrar na \u00e1gua sem condi\u00e7\u00f5es adequadas.<\/p>\n","protected":false},"excerpt":{"rendered":"<ul>\n<li>Um jovem universit\u00e1rio morreu afogado na ribeira de Corges, na Covilh\u00e3, ap\u00f3s mergulhar numa pequena albufeira.<\/li>\n<li>A v\u00edtima caminhava na zona antes de entrar na \u00e1gua, onde acabou por se afogar.<\/li>\n<li>A ribeira de Corges \u00e9 uma \u00e1rea de lazer na Covilh\u00e3, com uma albufeira que serve de ponto de recreio.<\/li>\n<li>Bombeiros e Pol\u00edcia de Seguran\u00e7a P\u00fablica estiveram no local para o resgate, mas a v\u00edtima j\u00e1 n\u00e3o apresentava sinais de vida.<\/li>\n<li>As autoridades apelam \u00e0 prud\u00eancia nas zonas de lazer aqu\u00e1tico e \u00e0 observ\u00e2ncia das recomenda\u00e7\u00f5es de seguran\u00e7a.<\/li>\n<\/ul>\n","protected":false},"author":2,"featured_media":429102,"comment_status":"closed","ping_status":"closed","sticky":false,"template":"","format":"standard","meta":{"footnotes":""},"categories":[6849],"tags":[5487,3546,1306,45,3568,250],"class_list":["post-429101","post","type-post","status-publish","format-standard","has-post-thumbnail","hentry","category-acidentes","tag-acidente","tag-afogamento","tag-covilha","tag-meio-ambiente","tag-natureza","tag-seguranca-publica"],"yoast_head":"<!-- This site is optimized with the Yoast SEO plugin v27.2 - https:\/\/yoast.com\/product\/yoast-seo-wordpress\/ -->\n<title>Universit\u00e1rio morre afogado numa represa em Covilh\u00e3 - Portal Tela Portugal<\/title>\n<meta name=\"robots\" content=\"index, follow, max-snippet:-1, max-image-preview:large, max-video-preview:-1\" \/>\n<meta property=\"og:locale\" content=\"pt_PT\" \/>\n<meta property=\"og:type\" content=\"article\" \/>\n<meta property=\"og:title\" content=\"Universit\u00e1rio morre afogado numa represa em Covilh\u00e3 - Portal Tela Portugal\" \/>\n<meta property=\"og:description\" content=\"Um jovem universit\u00e1rio morreu afogado na ribeira de Corges, na Covilh\u00e3, ap\u00f3s mergulhar numa pequena albufeira. A v\u00edtima caminhava na zona antes de entrar na \u00e1gua, onde acabou por se afogar. A ribeira de Corges \u00e9 uma \u00e1rea de lazer na Covilh\u00e3, com uma albufeira que serve de ponto de recreio. Bombeiros e Pol\u00edcia de Seguran\u00e7a P\u00fablica estiveram no local para o resgate, mas a v\u00edtima j\u00e1 n\u00e3o apresentava sinais de vida. As autoridades apelam \u00e0 prud\u00eancia nas zonas de lazer aqu\u00e1tico e \u00e0 observ\u00e2ncia das recomenda\u00e7\u00f5es de seguran\u00e7a.\" \/>\n<meta property=\"og:url\" content=\"https:\/\/portaltela.pt\/noticias\/2026\/04\/01\/universitario-morre-afogado-numa-represa-em-covilha\/\" \/>\n<meta property=\"og:site_name\" content=\"Portal Tela Portugal\" \/>\n<meta property=\"article:published_time\" content=\"2026-04-01T12:07:30+00:00\" \/>\n<meta name=\"author\" content=\"Telinha\" \/>\n<meta name=\"twitter:card\" content=\"summary_large_image\" \/>\n<meta name=\"twitter:label1\" content=\"Escrito por\" \/>\n\t<meta name=\"twitter:data1\" content=\"Telinha\" \/>\n\t<meta name=\"twitter:label2\" content=\"Tempo estimado de leitura\" \/>\n\t<meta name=\"twitter:data2\" content=\"1 minuto\" \/>\n<script type=\"application\/ld+json\" class=\"yoast-schema-graph\">{\"@context\":\"https:\/\/schema.org\",\"@graph\":[{\"@type\":\"Article\",\"@id\":\"https:\/\/portaltela.pt\/noticias\/2026\/04\/01\/universitario-morre-afogado-numa-represa-em-covilha\/#article\",\"isPartOf\":{\"@id\":\"https:\/\/portaltela.pt\/noticias\/2026\/04\/01\/universitario-morre-afogado-numa-represa-em-covilha\/\"},\"author\":{\"name\":\"Telinha\",\"@id\":\"https:\/\/portaltela.pt\/#\/schema\/person\/c4278d4a6028830caff9ee44b42d32ed\"},\"headline\":\"Universit\u00e1rio morre afogado numa represa em Covilh\u00e3\",\"datePublished\":\"2026-04-01T12:07:30+00:00\",\"mainEntityOfPage\":{\"@id\":\"https:\/\/portaltela.pt\/noticias\/2026\/04\/01\/universitario-morre-afogado-numa-represa-em-covilha\/\"},\"wordCount\":177,\"image\":{\"@id\":\"https:\/\/portaltela.pt\/noticias\/2026\/04\/01\/universitario-morre-afogado-numa-represa-em-covilha\/#primaryimage\"},\"thumbnailUrl\":\"https:\/\/portaltela.pt\/s.01k8rhncp4jt1\/2026\/04\/img_1280x722uu2022-09-29-15-18-00-1188683.jpg\",\"keywords\":[\"acidente\",\"afogamento\",\"Covilh\u00e3\",\"meio-ambiente\",\"natureza\",\"seguran\u00e7a p\u00fablica\"],\"articleSection\":[\"Acidentes\"],\"inLanguage\":\"pt-PT\"},{\"@type\":\"WebPage\",\"@id\":\"https:\/\/portaltela.pt\/noticias\/2026\/04\/01\/universitario-morre-afogado-numa-represa-em-covilha\/\",\"url\":\"https:\/\/portaltela.pt\/noticias\/2026\/04\/01\/universitario-morre-afogado-numa-represa-em-covilha\/\",\"name\":\"Universit\u00e1rio morre afogado numa represa em Covilh\u00e3 - Portal Tela Portugal\",\"isPartOf\":{\"@id\":\"https:\/\/portaltela.pt\/#website\"},\"primaryImageOfPage\":{\"@id\":\"https:\/\/portaltela.pt\/noticias\/2026\/04\/01\/universitario-morre-afogado-numa-represa-em-covilha\/#primaryimage\"},\"image\":{\"@id\":\"https:\/\/portaltela.pt\/noticias\/2026\/04\/01\/universitario-morre-afogado-numa-represa-em-covilha\/#primaryimage\"},\"thumbnailUrl\":\"https:\/\/portaltela.pt\/s.01k8rhncp4jt1\/2026\/04\/img_1280x722uu2022-09-29-15-18-00-1188683.jpg\",\"datePublished\":\"2026-04-01T12:07:30+00:00\",\"author\":{\"@id\":\"https:\/\/portaltela.pt\/#\/schema\/person\/c4278d4a6028830caff9ee44b42d32ed\"},\"breadcrumb\":{\"@id\":\"https:\/\/portaltela.pt\/noticias\/2026\/04\/01\/universitario-morre-afogado-numa-represa-em-covilha\/#breadcrumb\"},\"inLanguage\":\"pt-PT\",\"potentialAction\":[{\"@type\":\"ReadAction\",\"target\":[\"https:\/\/portaltela.pt\/noticias\/2026\/04\/01\/universitario-morre-afogado-numa-represa-em-covilha\/\"]}]},{\"@type\":\"ImageObject\",\"inLanguage\":\"pt-PT\",\"@id\":\"https:\/\/portaltela.pt\/noticias\/2026\/04\/01\/universitario-morre-afogado-numa-represa-em-covilha\/#primaryimage\",\"url\":\"https:\/\/portaltela.pt\/s.01k8rhncp4jt1\/2026\/04\/img_1280x722uu2022-09-29-15-18-00-1188683.jpg\",\"contentUrl\":\"https:\/\/portaltela.pt\/s.01k8rhncp4jt1\/2026\/04\/img_1280x722uu2022-09-29-15-18-00-1188683.jpg\",\"width\":796,\"height\":448,\"caption\":\"Imagem do local onde ocorreu o incidente.\"},{\"@type\":\"BreadcrumbList\",\"@id\":\"https:\/\/portaltela.pt\/noticias\/2026\/04\/01\/universitario-morre-afogado-numa-represa-em-covilha\/#breadcrumb\",\"itemListElement\":[{\"@type\":\"ListItem\",\"position\":1,\"name\":\"In\u00edcio\",\"item\":\"https:\/\/portaltela.pt\/\"},{\"@type\":\"ListItem\",\"position\":2,\"name\":\"Universit\u00e1rio morre afogado numa represa em Covilh\u00e3\"}]},{\"@type\":\"WebSite\",\"@id\":\"https:\/\/portaltela.pt\/#website\",\"url\":\"https:\/\/portaltela.pt\/\",\"name\":\"Portal Tela Portugal\",\"description\":\"\",\"potentialAction\":[{\"@type\":\"SearchAction\",\"target\":{\"@type\":\"EntryPoint\",\"urlTemplate\":\"https:\/\/portaltela.pt\/?s={search_term_string}\"},\"query-input\":{\"@type\":\"PropertyValueSpecification\",\"valueRequired\":true,\"valueName\":\"search_term_string\"}}],\"inLanguage\":\"pt-PT\"},{\"@type\":\"Person\",\"@id\":\"https:\/\/portaltela.pt\/#\/schema\/person\/c4278d4a6028830caff9ee44b42d32ed\",\"name\":\"Telinha\",\"image\":{\"@type\":\"ImageObject\",\"inLanguage\":\"pt-PT\",\"@id\":\"https:\/\/portaltela.pt\/s.01k8rhncp4jt1\/2025\/11\/talking-bot-125x125.png\",\"url\":\"https:\/\/portaltela.pt\/s.01k8rhncp4jt1\/2025\/11\/talking-bot-125x125.png\",\"contentUrl\":\"https:\/\/portaltela.pt\/s.01k8rhncp4jt1\/2025\/11\/talking-bot-125x125.png\",\"caption\":\"Telinha\"},\"sameAs\":[\"https:\/\/portaltela.pt\/\"],\"url\":\"https:\/\/portaltela.pt\/por\/367410592786\/\"}]}<\/script>\n<!-- \/ Yoast SEO plugin. -->","yoast_head_json":{"title":"Universit\u00e1rio morre afogado numa represa em Covilh\u00e3 - Portal Tela Portugal","robots":{"index":"index","follow":"follow","max-snippet":"max-snippet:-1","max-image-preview":"max-image-preview:large","max-video-preview":"max-video-preview:-1"},"og_locale":"pt_PT","og_type":"article","og_title":"Universit\u00e1rio morre afogado numa represa em Covilh\u00e3 - Portal Tela Portugal","og_description":"Um jovem universit\u00e1rio morreu afogado na ribeira de Corges, na Covilh\u00e3, ap\u00f3s mergulhar numa pequena albufeira. A v\u00edtima caminhava na zona antes de entrar na \u00e1gua, onde acabou por se afogar. A ribeira de Corges \u00e9 uma \u00e1rea de lazer na Covilh\u00e3, com uma albufeira que serve de ponto de recreio. Bombeiros e Pol\u00edcia de Seguran\u00e7a P\u00fablica estiveram no local para o resgate, mas a v\u00edtima j\u00e1 n\u00e3o apresentava sinais de vida. As autoridades apelam \u00e0 prud\u00eancia nas zonas de lazer aqu\u00e1tico e \u00e0 observ\u00e2ncia das recomenda\u00e7\u00f5es de seguran\u00e7a.","og_url":"https:\/\/portaltela.pt\/noticias\/2026\/04\/01\/universitario-morre-afogado-numa-represa-em-covilha\/","og_site_name":"Portal Tela Portugal","article_published_time":"2026-04-01T12:07:30+00:00","author":"Telinha","twitter_card":"summary_large_image","twitter_misc":{"Escrito por":"Telinha","Tempo estimado de leitura":"1 minuto"},"schema":{"@context":"https:\/\/schema.org","@graph":[{"@type":"Article","@id":"https:\/\/portaltela.pt\/noticias\/2026\/04\/01\/universitario-morre-afogado-numa-represa-em-covilha\/#article","isPartOf":{"@id":"https:\/\/portaltela.pt\/noticias\/2026\/04\/01\/universitario-morre-afogado-numa-represa-em-covilha\/"},"author":{"name":"Telinha","@id":"https:\/\/portaltela.pt\/#\/schema\/person\/c4278d4a6028830caff9ee44b42d32ed"},"headline":"Universit\u00e1rio morre afogado numa represa em Covilh\u00e3","datePublished":"2026-04-01T12:07:30+00:00","mainEntityOfPage":{"@id":"https:\/\/portaltela.pt\/noticias\/2026\/04\/01\/universitario-morre-afogado-numa-represa-em-covilha\/"},"wordCount":177,"image":{"@id":"https:\/\/portaltela.pt\/noticias\/2026\/04\/01\/universitario-morre-afogado-numa-represa-em-covilha\/#primaryimage"},"thumbnailUrl":"https:\/\/portaltela.pt\/s.01k8rhncp4jt1\/2026\/04\/img_1280x722uu2022-09-29-15-18-00-1188683.jpg","keywords":["acidente","afogamento","Covilh\u00e3","meio-ambiente","natureza","seguran\u00e7a p\u00fablica"],"articleSection":["Acidentes"],"inLanguage":"pt-PT"},{"@type":"WebPage","@id":"https:\/\/portaltela.pt\/noticias\/2026\/04\/01\/universitario-morre-afogado-numa-represa-em-covilha\/","url":"https:\/\/portaltela.pt\/noticias\/2026\/04\/01\/universitario-morre-afogado-numa-represa-em-covilha\/","name":"Universit\u00e1rio morre afogado numa represa em Covilh\u00e3 - Portal Tela Portugal","isPartOf":{"@id":"https:\/\/portaltela.pt\/#website"},"primaryImageOfPage":{"@id":"https:\/\/portaltela.pt\/noticias\/2026\/04\/01\/universitario-morre-afogado-numa-represa-em-covilha\/#primaryimage"},"image":{"@id":"https:\/\/portaltela.pt\/noticias\/2026\/04\/01\/universitario-morre-afogado-numa-represa-em-covilha\/#primaryimage"},"thumbnailUrl":"https:\/\/portaltela.pt\/s.01k8rhncp4jt1\/2026\/04\/img_1280x722uu2022-09-29-15-18-00-1188683.jpg","datePublished":"2026-04-01T12:07:30+00:00","author":{"@id":"https:\/\/portaltela.pt\/#\/schema\/person\/c4278d4a6028830caff9ee44b42d32ed"},"breadcrumb":{"@id":"https:\/\/portaltela.pt\/noticias\/2026\/04\/01\/universitario-morre-afogado-numa-represa-em-covilha\/#breadcrumb"},"inLanguage":"pt-PT","potentialAction":[{"@type":"ReadAction","target":["https:\/\/portaltela.pt\/noticias\/2026\/04\/01\/universitario-morre-afogado-numa-represa-em-covilha\/"]}]},{"@type":"ImageObject","inLanguage":"pt-PT","@id":"https:\/\/portaltela.pt\/noticias\/2026\/04\/01\/universitario-morre-afogado-numa-represa-em-covilha\/#primaryimage","url":"https:\/\/portaltela.pt\/s.01k8rhncp4jt1\/2026\/04\/img_1280x722uu2022-09-29-15-18-00-1188683.jpg","contentUrl":"https:\/\/portaltela.pt\/s.01k8rhncp4jt1\/2026\/04\/img_1280x722uu2022-09-29-15-18-00-1188683.jpg","width":796,"height":448,"caption":"Imagem do local onde ocorreu o incidente."},{"@type":"BreadcrumbList","@id":"https:\/\/portaltela.pt\/noticias\/2026\/04\/01\/universitario-morre-afogado-numa-represa-em-covilha\/#breadcrumb","itemListElement":[{"@type":"ListItem","position":1,"name":"In\u00edcio","item":"https:\/\/portaltela.pt\/"},{"@type":"ListItem","position":2,"name":"Universit\u00e1rio morre afogado numa represa em Covilh\u00e3"}]},{"@type":"WebSite","@id":"https:\/\/portaltela.pt\/#website","url":"https:\/\/portaltela.pt\/","name":"Portal Tela Portugal","description":"","potentialAction":[{"@type":"SearchAction","target":{"@type":"EntryPoint","urlTemplate":"https:\/\/portaltela.pt\/?s={search_term_string}"},"query-input":{"@type":"PropertyValueSpecification","valueRequired":true,"valueName":"search_term_string"}}],"inLanguage":"pt-PT"},{"@type":"Person","@id":"https:\/\/portaltela.pt\/#\/schema\/person\/c4278d4a6028830caff9ee44b42d32ed","name":"Telinha","image":{"@type":"ImageObject","inLanguage":"pt-PT","@id":"https:\/\/portaltela.pt\/s.01k8rhncp4jt1\/2025\/11\/talking-bot-125x125.png","url":"https:\/\/portaltela.pt\/s.01k8rhncp4jt1\/2025\/11\/talking-bot-125x125.png","contentUrl":"https:\/\/portaltela.pt\/s.01k8rhncp4jt1\/2025\/11\/talking-bot-125x125.png","caption":"Telinha"},"sameAs":["https:\/\/portaltela.pt\/"],"url":"https:\/\/portaltela.pt\/por\/367410592786\/"}]}},"_links":{"self":[{"href":"https:\/\/portaltela.pt\/api\/wp\/v2\/posts\/429101","targetHints":{"allow":["GET"]}}],"collection":[{"href":"https:\/\/portaltela.pt\/api\/wp\/v2\/posts"}],"about":[{"href":"https:\/\/portaltela.pt\/api\/wp\/v2\/types\/post"}],"author":[{"embeddable":true,"href":"https:\/\/portaltela.pt\/api\/wp\/v2\/users\/2"}],"replies":[{"embeddable":true,"href":"https:\/\/portaltela.pt\/api\/wp\/v2\/comments?post=429101"}],"version-history":[{"count":0,"href":"https:\/\/portaltela.pt\/api\/wp\/v2\/posts\/429101\/revisions"}],"wp:featuredmedia":[{"embeddable":true,"href":"https:\/\/portaltela.pt\/api\/wp\/v2\/media\/429102"}],"wp:attachment":[{"href":"https:\/\/portaltela.pt\/api\/wp\/v2\/media?parent=429101"}],"wp:term":[{"taxonomy":"category","embeddable":true,"href":"https:\/\/portaltela.pt\/api\/wp\/v2\/categories?post=429101"},{"taxonomy":"post_tag","embeddable":true,"href":"https:\/\/portaltela.pt\/api\/wp\/v2\/tags?post=429101"}],"curies":[{"name":"wp","href":"https:\/\/api.w.org\/{rel}","templated":true}]}}