{"id":429099,"date":"2026-04-01T09:03:01","date_gmt":"2026-04-01T12:03:01","guid":{"rendered":"https:\/\/portaltela.pt\/noticias\/2026\/04\/01\/coimbra-estuda-reorganizacao-viaria-na-baixa-para-entrada-do-metrobus\/"},"modified":"2026-04-01T09:03:01","modified_gmt":"2026-04-01T12:03:01","slug":"coimbra-estuda-reorganizacao-viaria-na-baixa-para-entrada-do-metrobus","status":"publish","type":"post","link":"https:\/\/portaltela.pt\/sociedade\/2026\/04\/01\/coimbra-estuda-reorganizacao-viaria-na-baixa-para-entrada-do-metrobus\/","title":{"rendered":"Coimbra estuda reorganiza\u00e7\u00e3o vi\u00e1ria na Baixa para entrada do metrobus"},"content":{"rendered":"<p>A C\u00e2mara de Coimbra encomendou um estudo t\u00e9cnico para redesenhar a circula\u00e7\u00e3o vi\u00e1ria na Baixa, tendo em vista a entrada do metrobus. O trabalho dever\u00e1 analisar cen\u00e1rios que favore\u00e7am o transporte coletivo, com impactos em v\u00e1rias vias da zona hist\u00f3rica.<\/p>\n<p>O contrato, celebrado em meados de mar\u00e7o por 19.600 euros, foi atribu\u00eddo \u00e0 empresa Engimind. O objetivo \u00e9 acompanhar a implementa\u00e7\u00e3o do Sistema de Mobilidade do Mondego (SMM), cuja linha de metrobus dever\u00e1 ficar conclu\u00edda no come\u00e7o de 2027.<\/p>\n<p>Segundo a C\u00e2mara, o estudo abrange o levantamento atualizado de volumes de tr\u00e1fego, o diagn\u00f3stico da rede atual, a simula\u00e7\u00e3o de cen\u00e1rios e a apresenta\u00e7\u00e3o de propostas t\u00e9cnicas de reorganiza\u00e7\u00e3o na Baixa e na envolvente da Casa do Sal. A an\u00e1lise incidir\u00e1 sobre ruas centrais como a da Sofia, a Sarago\u00e7a, a Aveiro e a Ol\u00edmpio Nicolau Rui Fernandes, entre outras.<\/p>\n<p>A mobilidade prevista j\u00e1 fazia parte do projeto original do SMM, mas a C\u00e2mara entende ser necess\u00e1ria uma atualiza\u00e7\u00e3o de dados face ao tempo decorrido. A atualiza\u00e7\u00e3o visa sustentar tecnicamente as decis\u00f5es que ir\u00e3o acompanhar a entrada em funcionamento do sistema.<\/p>\n<h3>\u00c2mbitos da reorganiza\u00e7\u00e3o<\/h3>\n<p>A reorganiza\u00e7\u00e3o dever\u00e1 introduzir prioridade ao transporte p\u00fablico na Rua da Sofia, com ajuste de vias adjacentes e defini\u00e7\u00e3o de percursos alternativos. O objetivo \u00e9 mitigar estrangulamentos sem comprometer o acesso \u00e0 Baixa. O estudo n\u00e3o imp\u00f5e solu\u00e7\u00f5es fechadas, apresentando v\u00e1rias hip\u00f3teses para avalia\u00e7\u00e3o.<\/p>\n<p>O trabalho tamb\u00e9m avaliar\u00e1 o desempenho atual da rotunda da Casa do Sal e do seu entorno, incluindo as mudan\u00e7as j\u00e1 introduzidas no viaduto da Ponte A\u00e7ude, que ganhou uma via adicional no tabuleiro superior do IC2. A an\u00e1lise ter\u00e1 em conta o impacto na circula\u00e7\u00e3o geral da \u00e1rea.<\/p>\n<h3>Metodologia e impactos<\/h3>\n<p>Conforme a C\u00e2mara, ser\u00e3o analisados sentidos de circula\u00e7\u00e3o, interse\u00e7\u00f5es, origens e destinos das desloca\u00e7\u00f5es, bem como potenciais constrangimentos. O estudo dever\u00e1 indicar percursos que mantenham o equil\u00edbrio entre a prioridade ao transporte p\u00fablico e o funcionamento da rede vi\u00e1ria.<\/p>\n","protected":false},"excerpt":{"rendered":"<ul>\n<li>A C\u00e2mara de Coimbra contratou um estudo t\u00e9cnico, por 19.600 euros, para analisar a circula\u00e7\u00e3o na Baixa de Coimbra, no contexto da entrada do metrobus e do Sistema de Mobilidade do Mondego (SMM), com conclus\u00e3o prevista para o in\u00edcio de 2027.<\/li>\n<li>O trabalho, com tr\u00eas meses de execu\u00e7\u00e3o, envolve o levantamento atualizado de volumes de tr\u00e1fego, diagn\u00f3stico da rede vi\u00e1ria atual, simula\u00e7\u00e3o de cen\u00e1rios e apresenta\u00e7\u00e3o de propostas t\u00e9cnicas de reorganiza\u00e7\u00e3o na Baixa e na envolvente da Casa do Sal.<\/li>\n<li>As propostas v\u00e3o incidir na Rua da Sofia, Rua da Sarago\u00e7a, Rua de Aveiro, Rua Ol\u00edmpio Nicolau Rui Fernandes e na envolvente da rotunda da Casa do Sal, conforme indicado pela C\u00e2mara.<\/li>\n<li>A reorganiza\u00e7\u00e3o dever\u00e1, na pr\u00e1tica, privilegiar o transporte coletivo na Rua da Sofia, ajustar vias adjacentes, definir percursos alternativos e mitigar estrangulamentos, sem dificultar o acesso \u00e0 zona.<\/li>\n<li>O estudo tamb\u00e9m avaliar\u00e1 o desempenho da rotunda da Casa do Sal e da envolvente, incluindo altera\u00e7\u00f5es recentes no viaduto da Ponte A\u00e7ude, mapeando origens\/destinos, sentidos de circula\u00e7\u00e3o e potenciais constrangimentos.<\/li>\n<\/ul>\n","protected":false},"author":2,"featured_media":429100,"comment_status":"closed","ping_status":"closed","sticky":false,"template":"","format":"standard","meta":{"footnotes":""},"categories":[6725,6871],"tags":[1070,6317,3263,3148,192,4535],"class_list":["post-429099","post","type-post","status-publish","format-standard","has-post-thumbnail","hentry","category-meio-ambiente","category-sociedade","tag-coimbra","tag-infraestrutura-rodoviaria","tag-mobilidade-urbana","tag-planeamento-urbano","tag-transporte","tag-transporte-publico"],"yoast_head":"<!-- This site is optimized with the Yoast SEO plugin v27.2 - https:\/\/yoast.com\/product\/yoast-seo-wordpress\/ -->\n<title>Coimbra estuda reorganiza\u00e7\u00e3o vi\u00e1ria na Baixa para entrada do metrobus - Portal Tela Portugal<\/title>\n<meta name=\"robots\" content=\"index, follow, max-snippet:-1, max-image-preview:large, max-video-preview:-1\" \/>\n<meta property=\"og:locale\" content=\"pt_PT\" \/>\n<meta property=\"og:type\" content=\"article\" \/>\n<meta property=\"og:title\" content=\"Coimbra estuda reorganiza\u00e7\u00e3o vi\u00e1ria na Baixa para entrada do metrobus - Portal Tela Portugal\" \/>\n<meta property=\"og:description\" content=\"A C\u00e2mara de Coimbra contratou um estudo t\u00e9cnico, por 19.600 euros, para analisar a circula\u00e7\u00e3o na Baixa de Coimbra, no contexto da entrada do metrobus e do Sistema de Mobilidade do Mondego (SMM), com conclus\u00e3o prevista para o in\u00edcio de 2027. O trabalho, com tr\u00eas meses de execu\u00e7\u00e3o, envolve o levantamento atualizado de volumes de tr\u00e1fego, diagn\u00f3stico da rede vi\u00e1ria atual, simula\u00e7\u00e3o de cen\u00e1rios e apresenta\u00e7\u00e3o de propostas t\u00e9cnicas de reorganiza\u00e7\u00e3o na Baixa e na envolvente da Casa do Sal. As propostas v\u00e3o incidir na Rua da Sofia, Rua da Sarago\u00e7a, Rua de Aveiro, Rua Ol\u00edmpio Nicolau Rui Fernandes e na envolvente da rotunda da Casa do Sal, conforme indicado pela C\u00e2mara. A reorganiza\u00e7\u00e3o dever\u00e1, na pr\u00e1tica, privilegiar o transporte coletivo na Rua da Sofia, ajustar vias adjacentes, definir percursos alternativos e mitigar estrangulamentos, sem dificultar o acesso \u00e0 zona. O estudo tamb\u00e9m avaliar\u00e1 o desempenho da rotunda da Casa do Sal e da envolvente, incluindo altera\u00e7\u00f5es recentes no viaduto da Ponte A\u00e7ude, mapeando origens\/destinos, sentidos de circula\u00e7\u00e3o e potenciais constrangimentos.\" \/>\n<meta property=\"og:url\" content=\"https:\/\/portaltela.pt\/noticias\/2026\/04\/01\/coimbra-estuda-reorganizacao-viaria-na-baixa-para-entrada-do-metrobus\/\" \/>\n<meta property=\"og:site_name\" content=\"Portal Tela Portugal\" \/>\n<meta property=\"article:published_time\" content=\"2026-04-01T12:03:01+00:00\" \/>\n<meta name=\"author\" content=\"Telinha\" \/>\n<meta name=\"twitter:card\" content=\"summary_large_image\" \/>\n<meta name=\"twitter:label1\" content=\"Escrito por\" \/>\n\t<meta name=\"twitter:data1\" content=\"Telinha\" \/>\n\t<meta name=\"twitter:label2\" content=\"Tempo estimado de leitura\" \/>\n\t<meta name=\"twitter:data2\" content=\"2 minutos\" \/>\n<script type=\"application\/ld+json\" class=\"yoast-schema-graph\">{\"@context\":\"https:\/\/schema.org\",\"@graph\":[{\"@type\":\"Article\",\"@id\":\"https:\/\/portaltela.pt\/noticias\/2026\/04\/01\/coimbra-estuda-reorganizacao-viaria-na-baixa-para-entrada-do-metrobus\/#article\",\"isPartOf\":{\"@id\":\"https:\/\/portaltela.pt\/noticias\/2026\/04\/01\/coimbra-estuda-reorganizacao-viaria-na-baixa-para-entrada-do-metrobus\/\"},\"author\":{\"name\":\"Telinha\",\"@id\":\"https:\/\/portaltela.pt\/#\/schema\/person\/c4278d4a6028830caff9ee44b42d32ed\"},\"headline\":\"Coimbra estuda reorganiza\u00e7\u00e3o vi\u00e1ria na Baixa para entrada do metrobus\",\"datePublished\":\"2026-04-01T12:03:01+00:00\",\"mainEntityOfPage\":{\"@id\":\"https:\/\/portaltela.pt\/noticias\/2026\/04\/01\/coimbra-estuda-reorganizacao-viaria-na-baixa-para-entrada-do-metrobus\/\"},\"wordCount\":378,\"image\":{\"@id\":\"https:\/\/portaltela.pt\/noticias\/2026\/04\/01\/coimbra-estuda-reorganizacao-viaria-na-baixa-para-entrada-do-metrobus\/#primaryimage\"},\"thumbnailUrl\":\"https:\/\/portaltela.pt\/s.01k8rhncp4jt1\/2026\/04\/img_1500x1000uu2025-12-16-16-52-29-2254757.jpg\",\"keywords\":[\"Coimbra\",\"infraestrutura rodovi\u00e1ria\",\"mobilidade urbana\",\"planeamento urbano\",\"transporte\",\"transporte p\u00fablico\"],\"articleSection\":[\"Meio Ambiente\",\"Sociedade\"],\"inLanguage\":\"pt-PT\"},{\"@type\":\"WebPage\",\"@id\":\"https:\/\/portaltela.pt\/noticias\/2026\/04\/01\/coimbra-estuda-reorganizacao-viaria-na-baixa-para-entrada-do-metrobus\/\",\"url\":\"https:\/\/portaltela.pt\/noticias\/2026\/04\/01\/coimbra-estuda-reorganizacao-viaria-na-baixa-para-entrada-do-metrobus\/\",\"name\":\"Coimbra estuda reorganiza\u00e7\u00e3o vi\u00e1ria na Baixa para entrada do metrobus - Portal Tela Portugal\",\"isPartOf\":{\"@id\":\"https:\/\/portaltela.pt\/#website\"},\"primaryImageOfPage\":{\"@id\":\"https:\/\/portaltela.pt\/noticias\/2026\/04\/01\/coimbra-estuda-reorganizacao-viaria-na-baixa-para-entrada-do-metrobus\/#primaryimage\"},\"image\":{\"@id\":\"https:\/\/portaltela.pt\/noticias\/2026\/04\/01\/coimbra-estuda-reorganizacao-viaria-na-baixa-para-entrada-do-metrobus\/#primaryimage\"},\"thumbnailUrl\":\"https:\/\/portaltela.pt\/s.01k8rhncp4jt1\/2026\/04\/img_1500x1000uu2025-12-16-16-52-29-2254757.jpg\",\"datePublished\":\"2026-04-01T12:03:01+00:00\",\"author\":{\"@id\":\"https:\/\/portaltela.pt\/#\/schema\/person\/c4278d4a6028830caff9ee44b42d32ed\"},\"breadcrumb\":{\"@id\":\"https:\/\/portaltela.pt\/noticias\/2026\/04\/01\/coimbra-estuda-reorganizacao-viaria-na-baixa-para-entrada-do-metrobus\/#breadcrumb\"},\"inLanguage\":\"pt-PT\",\"potentialAction\":[{\"@type\":\"ReadAction\",\"target\":[\"https:\/\/portaltela.pt\/noticias\/2026\/04\/01\/coimbra-estuda-reorganizacao-viaria-na-baixa-para-entrada-do-metrobus\/\"]}]},{\"@type\":\"ImageObject\",\"inLanguage\":\"pt-PT\",\"@id\":\"https:\/\/portaltela.pt\/noticias\/2026\/04\/01\/coimbra-estuda-reorganizacao-viaria-na-baixa-para-entrada-do-metrobus\/#primaryimage\",\"url\":\"https:\/\/portaltela.pt\/s.01k8rhncp4jt1\/2026\/04\/img_1500x1000uu2025-12-16-16-52-29-2254757.jpg\",\"contentUrl\":\"https:\/\/portaltela.pt\/s.01k8rhncp4jt1\/2026\/04\/img_1500x1000uu2025-12-16-16-52-29-2254757.jpg\",\"width\":796,\"height\":448,\"caption\":\"Metrobus, Coimbra\"},{\"@type\":\"BreadcrumbList\",\"@id\":\"https:\/\/portaltela.pt\/noticias\/2026\/04\/01\/coimbra-estuda-reorganizacao-viaria-na-baixa-para-entrada-do-metrobus\/#breadcrumb\",\"itemListElement\":[{\"@type\":\"ListItem\",\"position\":1,\"name\":\"In\u00edcio\",\"item\":\"https:\/\/portaltela.pt\/\"},{\"@type\":\"ListItem\",\"position\":2,\"name\":\"Coimbra estuda reorganiza\u00e7\u00e3o vi\u00e1ria na Baixa para entrada do metrobus\"}]},{\"@type\":\"WebSite\",\"@id\":\"https:\/\/portaltela.pt\/#website\",\"url\":\"https:\/\/portaltela.pt\/\",\"name\":\"Portal Tela Portugal\",\"description\":\"\",\"potentialAction\":[{\"@type\":\"SearchAction\",\"target\":{\"@type\":\"EntryPoint\",\"urlTemplate\":\"https:\/\/portaltela.pt\/?s={search_term_string}\"},\"query-input\":{\"@type\":\"PropertyValueSpecification\",\"valueRequired\":true,\"valueName\":\"search_term_string\"}}],\"inLanguage\":\"pt-PT\"},{\"@type\":\"Person\",\"@id\":\"https:\/\/portaltela.pt\/#\/schema\/person\/c4278d4a6028830caff9ee44b42d32ed\",\"name\":\"Telinha\",\"image\":{\"@type\":\"ImageObject\",\"inLanguage\":\"pt-PT\",\"@id\":\"https:\/\/portaltela.pt\/s.01k8rhncp4jt1\/2025\/11\/talking-bot-125x125.png\",\"url\":\"https:\/\/portaltela.pt\/s.01k8rhncp4jt1\/2025\/11\/talking-bot-125x125.png\",\"contentUrl\":\"https:\/\/portaltela.pt\/s.01k8rhncp4jt1\/2025\/11\/talking-bot-125x125.png\",\"caption\":\"Telinha\"},\"sameAs\":[\"https:\/\/portaltela.pt\/\"],\"url\":\"https:\/\/portaltela.pt\/por\/367410592786\/\"}]}<\/script>\n<!-- \/ Yoast SEO plugin. -->","yoast_head_json":{"title":"Coimbra estuda reorganiza\u00e7\u00e3o vi\u00e1ria na Baixa para entrada do metrobus - Portal Tela Portugal","robots":{"index":"index","follow":"follow","max-snippet":"max-snippet:-1","max-image-preview":"max-image-preview:large","max-video-preview":"max-video-preview:-1"},"og_locale":"pt_PT","og_type":"article","og_title":"Coimbra estuda reorganiza\u00e7\u00e3o vi\u00e1ria na Baixa para entrada do metrobus - Portal Tela Portugal","og_description":"A C\u00e2mara de Coimbra contratou um estudo t\u00e9cnico, por 19.600 euros, para analisar a circula\u00e7\u00e3o na Baixa de Coimbra, no contexto da entrada do metrobus e do Sistema de Mobilidade do Mondego (SMM), com conclus\u00e3o prevista para o in\u00edcio de 2027. O trabalho, com tr\u00eas meses de execu\u00e7\u00e3o, envolve o levantamento atualizado de volumes de tr\u00e1fego, diagn\u00f3stico da rede vi\u00e1ria atual, simula\u00e7\u00e3o de cen\u00e1rios e apresenta\u00e7\u00e3o de propostas t\u00e9cnicas de reorganiza\u00e7\u00e3o na Baixa e na envolvente da Casa do Sal. As propostas v\u00e3o incidir na Rua da Sofia, Rua da Sarago\u00e7a, Rua de Aveiro, Rua Ol\u00edmpio Nicolau Rui Fernandes e na envolvente da rotunda da Casa do Sal, conforme indicado pela C\u00e2mara. A reorganiza\u00e7\u00e3o dever\u00e1, na pr\u00e1tica, privilegiar o transporte coletivo na Rua da Sofia, ajustar vias adjacentes, definir percursos alternativos e mitigar estrangulamentos, sem dificultar o acesso \u00e0 zona. O estudo tamb\u00e9m avaliar\u00e1 o desempenho da rotunda da Casa do Sal e da envolvente, incluindo altera\u00e7\u00f5es recentes no viaduto da Ponte A\u00e7ude, mapeando origens\/destinos, sentidos de circula\u00e7\u00e3o e potenciais constrangimentos.","og_url":"https:\/\/portaltela.pt\/noticias\/2026\/04\/01\/coimbra-estuda-reorganizacao-viaria-na-baixa-para-entrada-do-metrobus\/","og_site_name":"Portal Tela Portugal","article_published_time":"2026-04-01T12:03:01+00:00","author":"Telinha","twitter_card":"summary_large_image","twitter_misc":{"Escrito por":"Telinha","Tempo estimado de leitura":"2 minutos"},"schema":{"@context":"https:\/\/schema.org","@graph":[{"@type":"Article","@id":"https:\/\/portaltela.pt\/noticias\/2026\/04\/01\/coimbra-estuda-reorganizacao-viaria-na-baixa-para-entrada-do-metrobus\/#article","isPartOf":{"@id":"https:\/\/portaltela.pt\/noticias\/2026\/04\/01\/coimbra-estuda-reorganizacao-viaria-na-baixa-para-entrada-do-metrobus\/"},"author":{"name":"Telinha","@id":"https:\/\/portaltela.pt\/#\/schema\/person\/c4278d4a6028830caff9ee44b42d32ed"},"headline":"Coimbra estuda reorganiza\u00e7\u00e3o vi\u00e1ria na Baixa para entrada do metrobus","datePublished":"2026-04-01T12:03:01+00:00","mainEntityOfPage":{"@id":"https:\/\/portaltela.pt\/noticias\/2026\/04\/01\/coimbra-estuda-reorganizacao-viaria-na-baixa-para-entrada-do-metrobus\/"},"wordCount":378,"image":{"@id":"https:\/\/portaltela.pt\/noticias\/2026\/04\/01\/coimbra-estuda-reorganizacao-viaria-na-baixa-para-entrada-do-metrobus\/#primaryimage"},"thumbnailUrl":"https:\/\/portaltela.pt\/s.01k8rhncp4jt1\/2026\/04\/img_1500x1000uu2025-12-16-16-52-29-2254757.jpg","keywords":["Coimbra","infraestrutura rodovi\u00e1ria","mobilidade urbana","planeamento urbano","transporte","transporte p\u00fablico"],"articleSection":["Meio Ambiente","Sociedade"],"inLanguage":"pt-PT"},{"@type":"WebPage","@id":"https:\/\/portaltela.pt\/noticias\/2026\/04\/01\/coimbra-estuda-reorganizacao-viaria-na-baixa-para-entrada-do-metrobus\/","url":"https:\/\/portaltela.pt\/noticias\/2026\/04\/01\/coimbra-estuda-reorganizacao-viaria-na-baixa-para-entrada-do-metrobus\/","name":"Coimbra estuda reorganiza\u00e7\u00e3o vi\u00e1ria na Baixa para entrada do metrobus - Portal Tela Portugal","isPartOf":{"@id":"https:\/\/portaltela.pt\/#website"},"primaryImageOfPage":{"@id":"https:\/\/portaltela.pt\/noticias\/2026\/04\/01\/coimbra-estuda-reorganizacao-viaria-na-baixa-para-entrada-do-metrobus\/#primaryimage"},"image":{"@id":"https:\/\/portaltela.pt\/noticias\/2026\/04\/01\/coimbra-estuda-reorganizacao-viaria-na-baixa-para-entrada-do-metrobus\/#primaryimage"},"thumbnailUrl":"https:\/\/portaltela.pt\/s.01k8rhncp4jt1\/2026\/04\/img_1500x1000uu2025-12-16-16-52-29-2254757.jpg","datePublished":"2026-04-01T12:03:01+00:00","author":{"@id":"https:\/\/portaltela.pt\/#\/schema\/person\/c4278d4a6028830caff9ee44b42d32ed"},"breadcrumb":{"@id":"https:\/\/portaltela.pt\/noticias\/2026\/04\/01\/coimbra-estuda-reorganizacao-viaria-na-baixa-para-entrada-do-metrobus\/#breadcrumb"},"inLanguage":"pt-PT","potentialAction":[{"@type":"ReadAction","target":["https:\/\/portaltela.pt\/noticias\/2026\/04\/01\/coimbra-estuda-reorganizacao-viaria-na-baixa-para-entrada-do-metrobus\/"]}]},{"@type":"ImageObject","inLanguage":"pt-PT","@id":"https:\/\/portaltela.pt\/noticias\/2026\/04\/01\/coimbra-estuda-reorganizacao-viaria-na-baixa-para-entrada-do-metrobus\/#primaryimage","url":"https:\/\/portaltela.pt\/s.01k8rhncp4jt1\/2026\/04\/img_1500x1000uu2025-12-16-16-52-29-2254757.jpg","contentUrl":"https:\/\/portaltela.pt\/s.01k8rhncp4jt1\/2026\/04\/img_1500x1000uu2025-12-16-16-52-29-2254757.jpg","width":796,"height":448,"caption":"Metrobus, Coimbra"},{"@type":"BreadcrumbList","@id":"https:\/\/portaltela.pt\/noticias\/2026\/04\/01\/coimbra-estuda-reorganizacao-viaria-na-baixa-para-entrada-do-metrobus\/#breadcrumb","itemListElement":[{"@type":"ListItem","position":1,"name":"In\u00edcio","item":"https:\/\/portaltela.pt\/"},{"@type":"ListItem","position":2,"name":"Coimbra estuda reorganiza\u00e7\u00e3o vi\u00e1ria na Baixa para entrada do metrobus"}]},{"@type":"WebSite","@id":"https:\/\/portaltela.pt\/#website","url":"https:\/\/portaltela.pt\/","name":"Portal Tela Portugal","description":"","potentialAction":[{"@type":"SearchAction","target":{"@type":"EntryPoint","urlTemplate":"https:\/\/portaltela.pt\/?s={search_term_string}"},"query-input":{"@type":"PropertyValueSpecification","valueRequired":true,"valueName":"search_term_string"}}],"inLanguage":"pt-PT"},{"@type":"Person","@id":"https:\/\/portaltela.pt\/#\/schema\/person\/c4278d4a6028830caff9ee44b42d32ed","name":"Telinha","image":{"@type":"ImageObject","inLanguage":"pt-PT","@id":"https:\/\/portaltela.pt\/s.01k8rhncp4jt1\/2025\/11\/talking-bot-125x125.png","url":"https:\/\/portaltela.pt\/s.01k8rhncp4jt1\/2025\/11\/talking-bot-125x125.png","contentUrl":"https:\/\/portaltela.pt\/s.01k8rhncp4jt1\/2025\/11\/talking-bot-125x125.png","caption":"Telinha"},"sameAs":["https:\/\/portaltela.pt\/"],"url":"https:\/\/portaltela.pt\/por\/367410592786\/"}]}},"_links":{"self":[{"href":"https:\/\/portaltela.pt\/api\/wp\/v2\/posts\/429099","targetHints":{"allow":["GET"]}}],"collection":[{"href":"https:\/\/portaltela.pt\/api\/wp\/v2\/posts"}],"about":[{"href":"https:\/\/portaltela.pt\/api\/wp\/v2\/types\/post"}],"author":[{"embeddable":true,"href":"https:\/\/portaltela.pt\/api\/wp\/v2\/users\/2"}],"replies":[{"embeddable":true,"href":"https:\/\/portaltela.pt\/api\/wp\/v2\/comments?post=429099"}],"version-history":[{"count":0,"href":"https:\/\/portaltela.pt\/api\/wp\/v2\/posts\/429099\/revisions"}],"wp:featuredmedia":[{"embeddable":true,"href":"https:\/\/portaltela.pt\/api\/wp\/v2\/media\/429100"}],"wp:attachment":[{"href":"https:\/\/portaltela.pt\/api\/wp\/v2\/media?parent=429099"}],"wp:term":[{"taxonomy":"category","embeddable":true,"href":"https:\/\/portaltela.pt\/api\/wp\/v2\/categories?post=429099"},{"taxonomy":"post_tag","embeddable":true,"href":"https:\/\/portaltela.pt\/api\/wp\/v2\/tags?post=429099"}],"curies":[{"name":"wp","href":"https:\/\/api.w.org\/{rel}","templated":true}]}}