{"id":429095,"date":"2026-04-01T09:02:53","date_gmt":"2026-04-01T12:02:53","guid":{"rendered":"https:\/\/portaltela.pt\/noticias\/2026\/04\/01\/trump-afirma-que-guerra-com-o-irao-pode-terminar-em-duas-a-tres-semanas\/"},"modified":"2026-04-01T09:02:53","modified_gmt":"2026-04-01T12:02:53","slug":"trump-afirma-que-guerra-com-o-irao-pode-terminar-em-duas-a-tres-semanas","status":"publish","type":"post","link":"https:\/\/portaltela.pt\/guerra\/2026\/04\/01\/trump-afirma-que-guerra-com-o-irao-pode-terminar-em-duas-a-tres-semanas\/","title":{"rendered":"Trump afirma que guerra com o Ir\u00e3o pode terminar em duas a tr\u00eas semanas"},"content":{"rendered":"<p>O presidente dos EUA, Donald Trump, afirmou que a ofensiva contra o Ir\u00e3o poder\u00e1 terminar dentro de duas a tr\u00eas semanas. A declara\u00e7\u00e3o foi feita numa interven\u00e7\u00e3o p\u00fablica na ter\u00e7a-feira.<\/p>\n<p>Trump tamb\u00e9m defendeu que a seguran\u00e7a do Estreito de Ormuz deve ficar a cargo dos pa\u00edses que dependem da rota mar\u00edtima, indicando uma distribui\u00e7\u00e3o de responsabilidade entre as na\u00e7\u00f5es ligadas ao com\u00e9rcio na regi\u00e3o.<\/p>\n<p>Segundo a ag\u00eancia AP, as palavras do presidente surgem num momento de tens\u00f5es entre Washington e Teer\u00e3o, com os Estados Unidos a manter uma postura firme em rela\u00e7\u00e3o ao programa nuclear iraniano.<\/p>\n<p>N\u00e3o houve detalhamento sobre passos operacionais nem sobre poss\u00edveis repercuss\u00f5es regionais, mantendo o foco da comunica\u00e7\u00e3o na rapidez de uma eventual desescalada. AP acompanhou a declara\u00e7\u00e3o.<\/p>\n","protected":false},"excerpt":{"rendered":"<ul>\n<li>O presidente dos EUA, Donald Trump, afirmou que a ofensiva contra o Ir\u00e3o pode terminar dentro de duas a tr\u00eas semanas.<\/li>\n<li>Trump defendeu ainda que a seguran\u00e7a do Estreito de Ormuz deve ficar a cargo dos pa\u00edses que dependem da rota.<\/li>\n<li>A declara\u00e7\u00e3o foi feita nesta ter\u00e7a-feira.<\/li>\n<li>A informa\u00e7\u00e3o foi publicada pela Associated Press (AP).<\/li>\n<\/ul>\n","protected":false},"author":2,"featured_media":429096,"comment_status":"closed","ping_status":"closed","sticky":false,"template":"","format":"standard","meta":{"footnotes":""},"categories":[6790,6804],"tags":[2198,62,5547,3327,466,6778],"class_list":["post-429095","post","type-post","status-publish","format-standard","has-post-thumbnail","hentry","category-conflitos","category-guerra","tag-conflitos-internacionais","tag-guerra","tag-informacao-internacional","tag-iran","tag-organizacao-internacional","tag-programa-nuclear"],"yoast_head":"<!-- This site is optimized with the Yoast SEO plugin v27.2 - https:\/\/yoast.com\/product\/yoast-seo-wordpress\/ -->\n<title>Trump afirma que guerra com o Ir\u00e3o pode terminar em duas a tr\u00eas semanas - Portal Tela Portugal<\/title>\n<meta name=\"robots\" content=\"index, follow, max-snippet:-1, max-image-preview:large, max-video-preview:-1\" \/>\n<meta property=\"og:locale\" content=\"pt_PT\" \/>\n<meta property=\"og:type\" content=\"article\" \/>\n<meta property=\"og:title\" content=\"Trump afirma que guerra com o Ir\u00e3o pode terminar em duas a tr\u00eas semanas - Portal Tela Portugal\" \/>\n<meta property=\"og:description\" content=\"O presidente dos EUA, Donald Trump, afirmou que a ofensiva contra o Ir\u00e3o pode terminar dentro de duas a tr\u00eas semanas. Trump defendeu ainda que a seguran\u00e7a do Estreito de Ormuz deve ficar a cargo dos pa\u00edses que dependem da rota. A declara\u00e7\u00e3o foi feita nesta ter\u00e7a-feira. A informa\u00e7\u00e3o foi publicada pela Associated Press (AP).\" \/>\n<meta property=\"og:url\" content=\"https:\/\/portaltela.pt\/noticias\/2026\/04\/01\/trump-afirma-que-guerra-com-o-irao-pode-terminar-em-duas-a-tres-semanas\/\" \/>\n<meta property=\"og:site_name\" content=\"Portal Tela Portugal\" \/>\n<meta property=\"article:published_time\" content=\"2026-04-01T12:02:53+00:00\" \/>\n<meta name=\"author\" content=\"Telinha\" \/>\n<meta name=\"twitter:card\" content=\"summary_large_image\" \/>\n<meta name=\"twitter:label1\" content=\"Escrito por\" \/>\n\t<meta name=\"twitter:data1\" content=\"Telinha\" \/>\n\t<meta name=\"twitter:label2\" content=\"Tempo estimado de leitura\" \/>\n\t<meta name=\"twitter:data2\" content=\"1 minuto\" \/>\n<script type=\"application\/ld+json\" class=\"yoast-schema-graph\">{\"@context\":\"https:\/\/schema.org\",\"@graph\":[{\"@type\":\"Article\",\"@id\":\"https:\/\/portaltela.pt\/noticias\/2026\/04\/01\/trump-afirma-que-guerra-com-o-irao-pode-terminar-em-duas-a-tres-semanas\/#article\",\"isPartOf\":{\"@id\":\"https:\/\/portaltela.pt\/noticias\/2026\/04\/01\/trump-afirma-que-guerra-com-o-irao-pode-terminar-em-duas-a-tres-semanas\/\"},\"author\":{\"name\":\"Telinha\",\"@id\":\"https:\/\/portaltela.pt\/#\/schema\/person\/c4278d4a6028830caff9ee44b42d32ed\"},\"headline\":\"Trump afirma que guerra com o Ir\u00e3o pode terminar em duas a tr\u00eas semanas\",\"datePublished\":\"2026-04-01T12:02:53+00:00\",\"mainEntityOfPage\":{\"@id\":\"https:\/\/portaltela.pt\/noticias\/2026\/04\/01\/trump-afirma-que-guerra-com-o-irao-pode-terminar-em-duas-a-tres-semanas\/\"},\"wordCount\":161,\"image\":{\"@id\":\"https:\/\/portaltela.pt\/noticias\/2026\/04\/01\/trump-afirma-que-guerra-com-o-irao-pode-terminar-em-duas-a-tres-semanas\/#primaryimage\"},\"thumbnailUrl\":\"https:\/\/portaltela.pt\/s.01k8rhncp4jt1\/2026\/04\/img_1280x722uu2026-04-01-12-37-13-2276016.jpg\",\"keywords\":[\"conflitos internacionais\",\"guerra\",\"informa\u00e7\u00e3o internacional\",\"\u00cdr\u00e1n\",\"organiza\u00e7\u00e3o internacional\",\"Programa nuclear\"],\"articleSection\":[\"Conflitos\",\"Guerra\"],\"inLanguage\":\"pt-PT\"},{\"@type\":\"WebPage\",\"@id\":\"https:\/\/portaltela.pt\/noticias\/2026\/04\/01\/trump-afirma-que-guerra-com-o-irao-pode-terminar-em-duas-a-tres-semanas\/\",\"url\":\"https:\/\/portaltela.pt\/noticias\/2026\/04\/01\/trump-afirma-que-guerra-com-o-irao-pode-terminar-em-duas-a-tres-semanas\/\",\"name\":\"Trump afirma que guerra com o Ir\u00e3o pode terminar em duas a tr\u00eas semanas - Portal Tela Portugal\",\"isPartOf\":{\"@id\":\"https:\/\/portaltela.pt\/#website\"},\"primaryImageOfPage\":{\"@id\":\"https:\/\/portaltela.pt\/noticias\/2026\/04\/01\/trump-afirma-que-guerra-com-o-irao-pode-terminar-em-duas-a-tres-semanas\/#primaryimage\"},\"image\":{\"@id\":\"https:\/\/portaltela.pt\/noticias\/2026\/04\/01\/trump-afirma-que-guerra-com-o-irao-pode-terminar-em-duas-a-tres-semanas\/#primaryimage\"},\"thumbnailUrl\":\"https:\/\/portaltela.pt\/s.01k8rhncp4jt1\/2026\/04\/img_1280x722uu2026-04-01-12-37-13-2276016.jpg\",\"datePublished\":\"2026-04-01T12:02:53+00:00\",\"author\":{\"@id\":\"https:\/\/portaltela.pt\/#\/schema\/person\/c4278d4a6028830caff9ee44b42d32ed\"},\"breadcrumb\":{\"@id\":\"https:\/\/portaltela.pt\/noticias\/2026\/04\/01\/trump-afirma-que-guerra-com-o-irao-pode-terminar-em-duas-a-tres-semanas\/#breadcrumb\"},\"inLanguage\":\"pt-PT\",\"potentialAction\":[{\"@type\":\"ReadAction\",\"target\":[\"https:\/\/portaltela.pt\/noticias\/2026\/04\/01\/trump-afirma-que-guerra-com-o-irao-pode-terminar-em-duas-a-tres-semanas\/\"]}]},{\"@type\":\"ImageObject\",\"inLanguage\":\"pt-PT\",\"@id\":\"https:\/\/portaltela.pt\/noticias\/2026\/04\/01\/trump-afirma-que-guerra-com-o-irao-pode-terminar-em-duas-a-tres-semanas\/#primaryimage\",\"url\":\"https:\/\/portaltela.pt\/s.01k8rhncp4jt1\/2026\/04\/img_1280x722uu2026-04-01-12-37-13-2276016.jpg\",\"contentUrl\":\"https:\/\/portaltela.pt\/s.01k8rhncp4jt1\/2026\/04\/img_1280x722uu2026-04-01-12-37-13-2276016.jpg\",\"width\":796,\"height\":448,\"caption\":\"Imagem relacionada ao conte\u00fado editorial.\"},{\"@type\":\"BreadcrumbList\",\"@id\":\"https:\/\/portaltela.pt\/noticias\/2026\/04\/01\/trump-afirma-que-guerra-com-o-irao-pode-terminar-em-duas-a-tres-semanas\/#breadcrumb\",\"itemListElement\":[{\"@type\":\"ListItem\",\"position\":1,\"name\":\"In\u00edcio\",\"item\":\"https:\/\/portaltela.pt\/\"},{\"@type\":\"ListItem\",\"position\":2,\"name\":\"Trump afirma que guerra com o Ir\u00e3o pode terminar em duas a tr\u00eas semanas\"}]},{\"@type\":\"WebSite\",\"@id\":\"https:\/\/portaltela.pt\/#website\",\"url\":\"https:\/\/portaltela.pt\/\",\"name\":\"Portal Tela Portugal\",\"description\":\"\",\"potentialAction\":[{\"@type\":\"SearchAction\",\"target\":{\"@type\":\"EntryPoint\",\"urlTemplate\":\"https:\/\/portaltela.pt\/?s={search_term_string}\"},\"query-input\":{\"@type\":\"PropertyValueSpecification\",\"valueRequired\":true,\"valueName\":\"search_term_string\"}}],\"inLanguage\":\"pt-PT\"},{\"@type\":\"Person\",\"@id\":\"https:\/\/portaltela.pt\/#\/schema\/person\/c4278d4a6028830caff9ee44b42d32ed\",\"name\":\"Telinha\",\"image\":{\"@type\":\"ImageObject\",\"inLanguage\":\"pt-PT\",\"@id\":\"https:\/\/portaltela.pt\/s.01k8rhncp4jt1\/2025\/11\/talking-bot-125x125.png\",\"url\":\"https:\/\/portaltela.pt\/s.01k8rhncp4jt1\/2025\/11\/talking-bot-125x125.png\",\"contentUrl\":\"https:\/\/portaltela.pt\/s.01k8rhncp4jt1\/2025\/11\/talking-bot-125x125.png\",\"caption\":\"Telinha\"},\"sameAs\":[\"https:\/\/portaltela.pt\/\"],\"url\":\"https:\/\/portaltela.pt\/por\/367410592786\/\"}]}<\/script>\n<!-- \/ Yoast SEO plugin. -->","yoast_head_json":{"title":"Trump afirma que guerra com o Ir\u00e3o pode terminar em duas a tr\u00eas semanas - Portal Tela Portugal","robots":{"index":"index","follow":"follow","max-snippet":"max-snippet:-1","max-image-preview":"max-image-preview:large","max-video-preview":"max-video-preview:-1"},"og_locale":"pt_PT","og_type":"article","og_title":"Trump afirma que guerra com o Ir\u00e3o pode terminar em duas a tr\u00eas semanas - Portal Tela Portugal","og_description":"O presidente dos EUA, Donald Trump, afirmou que a ofensiva contra o Ir\u00e3o pode terminar dentro de duas a tr\u00eas semanas. Trump defendeu ainda que a seguran\u00e7a do Estreito de Ormuz deve ficar a cargo dos pa\u00edses que dependem da rota. A declara\u00e7\u00e3o foi feita nesta ter\u00e7a-feira. A informa\u00e7\u00e3o foi publicada pela Associated Press (AP).","og_url":"https:\/\/portaltela.pt\/noticias\/2026\/04\/01\/trump-afirma-que-guerra-com-o-irao-pode-terminar-em-duas-a-tres-semanas\/","og_site_name":"Portal Tela Portugal","article_published_time":"2026-04-01T12:02:53+00:00","author":"Telinha","twitter_card":"summary_large_image","twitter_misc":{"Escrito por":"Telinha","Tempo estimado de leitura":"1 minuto"},"schema":{"@context":"https:\/\/schema.org","@graph":[{"@type":"Article","@id":"https:\/\/portaltela.pt\/noticias\/2026\/04\/01\/trump-afirma-que-guerra-com-o-irao-pode-terminar-em-duas-a-tres-semanas\/#article","isPartOf":{"@id":"https:\/\/portaltela.pt\/noticias\/2026\/04\/01\/trump-afirma-que-guerra-com-o-irao-pode-terminar-em-duas-a-tres-semanas\/"},"author":{"name":"Telinha","@id":"https:\/\/portaltela.pt\/#\/schema\/person\/c4278d4a6028830caff9ee44b42d32ed"},"headline":"Trump afirma que guerra com o Ir\u00e3o pode terminar em duas a tr\u00eas semanas","datePublished":"2026-04-01T12:02:53+00:00","mainEntityOfPage":{"@id":"https:\/\/portaltela.pt\/noticias\/2026\/04\/01\/trump-afirma-que-guerra-com-o-irao-pode-terminar-em-duas-a-tres-semanas\/"},"wordCount":161,"image":{"@id":"https:\/\/portaltela.pt\/noticias\/2026\/04\/01\/trump-afirma-que-guerra-com-o-irao-pode-terminar-em-duas-a-tres-semanas\/#primaryimage"},"thumbnailUrl":"https:\/\/portaltela.pt\/s.01k8rhncp4jt1\/2026\/04\/img_1280x722uu2026-04-01-12-37-13-2276016.jpg","keywords":["conflitos internacionais","guerra","informa\u00e7\u00e3o internacional","\u00cdr\u00e1n","organiza\u00e7\u00e3o internacional","Programa nuclear"],"articleSection":["Conflitos","Guerra"],"inLanguage":"pt-PT"},{"@type":"WebPage","@id":"https:\/\/portaltela.pt\/noticias\/2026\/04\/01\/trump-afirma-que-guerra-com-o-irao-pode-terminar-em-duas-a-tres-semanas\/","url":"https:\/\/portaltela.pt\/noticias\/2026\/04\/01\/trump-afirma-que-guerra-com-o-irao-pode-terminar-em-duas-a-tres-semanas\/","name":"Trump afirma que guerra com o Ir\u00e3o pode terminar em duas a tr\u00eas semanas - Portal Tela Portugal","isPartOf":{"@id":"https:\/\/portaltela.pt\/#website"},"primaryImageOfPage":{"@id":"https:\/\/portaltela.pt\/noticias\/2026\/04\/01\/trump-afirma-que-guerra-com-o-irao-pode-terminar-em-duas-a-tres-semanas\/#primaryimage"},"image":{"@id":"https:\/\/portaltela.pt\/noticias\/2026\/04\/01\/trump-afirma-que-guerra-com-o-irao-pode-terminar-em-duas-a-tres-semanas\/#primaryimage"},"thumbnailUrl":"https:\/\/portaltela.pt\/s.01k8rhncp4jt1\/2026\/04\/img_1280x722uu2026-04-01-12-37-13-2276016.jpg","datePublished":"2026-04-01T12:02:53+00:00","author":{"@id":"https:\/\/portaltela.pt\/#\/schema\/person\/c4278d4a6028830caff9ee44b42d32ed"},"breadcrumb":{"@id":"https:\/\/portaltela.pt\/noticias\/2026\/04\/01\/trump-afirma-que-guerra-com-o-irao-pode-terminar-em-duas-a-tres-semanas\/#breadcrumb"},"inLanguage":"pt-PT","potentialAction":[{"@type":"ReadAction","target":["https:\/\/portaltela.pt\/noticias\/2026\/04\/01\/trump-afirma-que-guerra-com-o-irao-pode-terminar-em-duas-a-tres-semanas\/"]}]},{"@type":"ImageObject","inLanguage":"pt-PT","@id":"https:\/\/portaltela.pt\/noticias\/2026\/04\/01\/trump-afirma-que-guerra-com-o-irao-pode-terminar-em-duas-a-tres-semanas\/#primaryimage","url":"https:\/\/portaltela.pt\/s.01k8rhncp4jt1\/2026\/04\/img_1280x722uu2026-04-01-12-37-13-2276016.jpg","contentUrl":"https:\/\/portaltela.pt\/s.01k8rhncp4jt1\/2026\/04\/img_1280x722uu2026-04-01-12-37-13-2276016.jpg","width":796,"height":448,"caption":"Imagem relacionada ao conte\u00fado editorial."},{"@type":"BreadcrumbList","@id":"https:\/\/portaltela.pt\/noticias\/2026\/04\/01\/trump-afirma-que-guerra-com-o-irao-pode-terminar-em-duas-a-tres-semanas\/#breadcrumb","itemListElement":[{"@type":"ListItem","position":1,"name":"In\u00edcio","item":"https:\/\/portaltela.pt\/"},{"@type":"ListItem","position":2,"name":"Trump afirma que guerra com o Ir\u00e3o pode terminar em duas a tr\u00eas semanas"}]},{"@type":"WebSite","@id":"https:\/\/portaltela.pt\/#website","url":"https:\/\/portaltela.pt\/","name":"Portal Tela Portugal","description":"","potentialAction":[{"@type":"SearchAction","target":{"@type":"EntryPoint","urlTemplate":"https:\/\/portaltela.pt\/?s={search_term_string}"},"query-input":{"@type":"PropertyValueSpecification","valueRequired":true,"valueName":"search_term_string"}}],"inLanguage":"pt-PT"},{"@type":"Person","@id":"https:\/\/portaltela.pt\/#\/schema\/person\/c4278d4a6028830caff9ee44b42d32ed","name":"Telinha","image":{"@type":"ImageObject","inLanguage":"pt-PT","@id":"https:\/\/portaltela.pt\/s.01k8rhncp4jt1\/2025\/11\/talking-bot-125x125.png","url":"https:\/\/portaltela.pt\/s.01k8rhncp4jt1\/2025\/11\/talking-bot-125x125.png","contentUrl":"https:\/\/portaltela.pt\/s.01k8rhncp4jt1\/2025\/11\/talking-bot-125x125.png","caption":"Telinha"},"sameAs":["https:\/\/portaltela.pt\/"],"url":"https:\/\/portaltela.pt\/por\/367410592786\/"}]}},"_links":{"self":[{"href":"https:\/\/portaltela.pt\/api\/wp\/v2\/posts\/429095","targetHints":{"allow":["GET"]}}],"collection":[{"href":"https:\/\/portaltela.pt\/api\/wp\/v2\/posts"}],"about":[{"href":"https:\/\/portaltela.pt\/api\/wp\/v2\/types\/post"}],"author":[{"embeddable":true,"href":"https:\/\/portaltela.pt\/api\/wp\/v2\/users\/2"}],"replies":[{"embeddable":true,"href":"https:\/\/portaltela.pt\/api\/wp\/v2\/comments?post=429095"}],"version-history":[{"count":0,"href":"https:\/\/portaltela.pt\/api\/wp\/v2\/posts\/429095\/revisions"}],"wp:featuredmedia":[{"embeddable":true,"href":"https:\/\/portaltela.pt\/api\/wp\/v2\/media\/429096"}],"wp:attachment":[{"href":"https:\/\/portaltela.pt\/api\/wp\/v2\/media?parent=429095"}],"wp:term":[{"taxonomy":"category","embeddable":true,"href":"https:\/\/portaltela.pt\/api\/wp\/v2\/categories?post=429095"},{"taxonomy":"post_tag","embeddable":true,"href":"https:\/\/portaltela.pt\/api\/wp\/v2\/tags?post=429095"}],"curies":[{"name":"wp","href":"https:\/\/api.w.org\/{rel}","templated":true}]}}