{"id":429079,"date":"2026-04-01T08:47:05","date_gmt":"2026-04-01T11:47:05","guid":{"rendered":"https:\/\/portaltela.pt\/noticias\/2026\/04\/01\/inscricao-previa-de-uma-hora-para-camioes-circularem-na-vci-entra-em-vigor\/"},"modified":"2026-04-01T08:47:05","modified_gmt":"2026-04-01T11:47:05","slug":"inscricao-previa-de-uma-hora-para-camioes-circularem-na-vci-entra-em-vigor","status":"publish","type":"post","link":"https:\/\/portaltela.pt\/sociedade\/2026\/04\/01\/inscricao-previa-de-uma-hora-para-camioes-circularem-na-vci-entra-em-vigor\/","title":{"rendered":"Inscri\u00e7\u00e3o pr\u00e9via de uma hora para cami\u00f5es circularem na VCI entra em vigor"},"content":{"rendered":"<p>O diploma em discuss\u00e3o prev\u00ea o registo de todos os movimentos de pesados na VCI numa plataforma digital dos munic\u00edpios do Porto e de Gaia. Cada tr\u00e2nsito requereria uma habita\u00e7\u00e3o de circula\u00e7\u00e3o com anteced\u00eancia m\u00e1xima de uma hora.<\/p>\n<p>A proposta surgiu no \u00e2mbito de um projeto de lei que visa limitar o tr\u00e2nsito de cami\u00f5es na VCI, com o objetivo de reduzir congest\u00f5es e aumentar a seguran\u00e7a rodovi\u00e1ria. O registo seria obrigat\u00f3rio para cada movimento.<\/p>\n<h3>Posi\u00e7\u00f5es em Gaia<\/h3>\n<p>A C\u00e2mara de Gaia rejeita a solu\u00e7\u00e3o por considerar burocr\u00e1tica e inadequada para o munic\u00edpio. O vice-presidente Firmino Pereira afirma que Gaia n\u00e3o aderir\u00e1 \u00e0 plataforma e defende que as empresas devem adaptar-se a eventuais proibi\u00e7\u00f5es.<\/p>\n<p>Pereira tamb\u00e9m defende a utiliza\u00e7\u00e3o da A41 (CREP) pelos pesados com origem ou destino em Gaia, salientando que o Porto de Leix\u00f5es justifica exce\u00e7\u00f5es. O autarca argumenta que a medida poderia afectar o tecido empresarial local.<\/p>\n<p>Ainda segundo o vereador, Gaia mant\u00e9m-se dispon\u00edvel para discutir medidas que limitem o tr\u00e1fego, desde que n\u00e3o haja impacto negativo sobre empresas e atividade econ\u00f3mica no concelho.<\/p>\n<h3>Desdobramentos e pr\u00f3ximos passos<\/h3>\n<p>O grupo de trabalho, que inclui Infraestruturas de Portugal, Instituto da Mobilidade e dos Transportes, a \u00c1rea Metropolitana do Porto e os munic\u00edpios do Porto e Gaia, dever\u00e1 ouvir organiza\u00e7\u00f5es representativas do setor.<\/p>\n<p>O objetivo \u00e9 tornar a proposta menos conflituosa e contemplar sugest\u00f5es de quem conhece a din\u00e2mica do transporte de mercadorias, evitando impactos desproporcionados na log\u00edstica portu\u00e1ria e no com\u00e9rcio local.<\/p>\n","protected":false},"excerpt":{"rendered":"<ul>\n<li>O diploma em an\u00e1lise estabelece que todos os movimentos de ve\u00edculos pesados na VCI sejam registados numa plataforma digital dos munic\u00edpios do Porto e de Gaia, com uma autoriza\u00e7\u00e3o pr\u00e9via de circula\u00e7\u00e3o para cada manobra.<\/li>\n<li>A autoriza\u00e7\u00e3o deve ser preenchida e submetida com anteced\u00eancia m\u00e1xima de uma hora.<\/li>\n<li>A C\u00e2mara de Gaia op\u00f5e-se \u00e0 solu\u00e7\u00e3o, considerando-a uma burocracia desnecess\u00e1ria e afirma que n\u00e3o aderir\u00e1 \u00e0 plataforma, defendendo que as empresas de transportes devem cumprir a poss\u00edvel proibi\u00e7\u00e3o.<\/li>\n<li>O vice\u2011presidente Firmino Pereira sugere que os pesados usem a A41 (CREP), que atualmente est\u00e1 isenta de tarifas, admitindo um regime excecional que poderia, pelo menos, abranger Matosinhos por ligar ao Porto de Leix\u00f5es.<\/li>\n<li>O grupo de trabalho entre Infraestruturas de Portugal, Instituto da Mobilidade e dos Transportes, \u00c1rea Metropolitana do Porto e os munic\u00edpios do Porto e de Gaia dever\u00e1 ouvir as organiza\u00e7\u00f5es do setor para tornar a proposta menos conflituosa e mais adequada \u00e0 din\u00e2mica da \u00e1rea.<\/li>\n<\/ul>\n","protected":false},"author":2,"featured_media":429082,"comment_status":"closed","ping_status":"closed","sticky":false,"template":"","format":"standard","meta":{"footnotes":""},"categories":[1,6871],"tags":[3326,1761,961,982,1629,4971],"class_list":["post-429079","post","type-post","status-publish","format-standard","has-post-thumbnail","hentry","category-noticias","category-sociedade","tag-camioes","tag-gaia","tag-logistica","tag-porto","tag-transito","tag-transporte-rodoviario"],"yoast_head":"<!-- This site is optimized with the Yoast SEO plugin v27.2 - https:\/\/yoast.com\/product\/yoast-seo-wordpress\/ -->\n<title>Inscri\u00e7\u00e3o pr\u00e9via de uma hora para cami\u00f5es circularem na VCI entra em vigor - Portal Tela Portugal<\/title>\n<meta name=\"robots\" content=\"index, follow, max-snippet:-1, max-image-preview:large, max-video-preview:-1\" \/>\n<meta property=\"og:locale\" content=\"pt_PT\" \/>\n<meta property=\"og:type\" content=\"article\" \/>\n<meta property=\"og:title\" content=\"Inscri\u00e7\u00e3o pr\u00e9via de uma hora para cami\u00f5es circularem na VCI entra em vigor - Portal Tela Portugal\" \/>\n<meta property=\"og:description\" content=\"O diploma em an\u00e1lise estabelece que todos os movimentos de ve\u00edculos pesados na VCI sejam registados numa plataforma digital dos munic\u00edpios do Porto e de Gaia, com uma autoriza\u00e7\u00e3o pr\u00e9via de circula\u00e7\u00e3o para cada manobra. A autoriza\u00e7\u00e3o deve ser preenchida e submetida com anteced\u00eancia m\u00e1xima de uma hora. A C\u00e2mara de Gaia op\u00f5e-se \u00e0 solu\u00e7\u00e3o, considerando-a uma burocracia desnecess\u00e1ria e afirma que n\u00e3o aderir\u00e1 \u00e0 plataforma, defendendo que as empresas de transportes devem cumprir a poss\u00edvel proibi\u00e7\u00e3o. O vice\u2011presidente Firmino Pereira sugere que os pesados usem a A41 (CREP), que atualmente est\u00e1 isenta de tarifas, admitindo um regime excecional que poderia, pelo menos, abranger Matosinhos por ligar ao Porto de Leix\u00f5es. O grupo de trabalho entre Infraestruturas de Portugal, Instituto da Mobilidade e dos Transportes, \u00c1rea Metropolitana do Porto e os munic\u00edpios do Porto e de Gaia dever\u00e1 ouvir as organiza\u00e7\u00f5es do setor para tornar a proposta menos conflituosa e mais adequada \u00e0 din\u00e2mica da \u00e1rea.\" \/>\n<meta property=\"og:url\" content=\"https:\/\/portaltela.pt\/noticias\/2026\/04\/01\/inscricao-previa-de-uma-hora-para-camioes-circularem-na-vci-entra-em-vigor\/\" \/>\n<meta property=\"og:site_name\" content=\"Portal Tela Portugal\" \/>\n<meta property=\"article:published_time\" content=\"2026-04-01T11:47:05+00:00\" \/>\n<meta name=\"author\" content=\"Telinha\" \/>\n<meta name=\"twitter:card\" content=\"summary_large_image\" \/>\n<meta name=\"twitter:label1\" content=\"Escrito por\" \/>\n\t<meta name=\"twitter:data1\" content=\"Telinha\" \/>\n\t<meta name=\"twitter:label2\" content=\"Tempo estimado de leitura\" \/>\n\t<meta name=\"twitter:data2\" content=\"1 minuto\" \/>\n<script type=\"application\/ld+json\" class=\"yoast-schema-graph\">{\"@context\":\"https:\/\/schema.org\",\"@graph\":[{\"@type\":\"Article\",\"@id\":\"https:\/\/portaltela.pt\/noticias\/2026\/04\/01\/inscricao-previa-de-uma-hora-para-camioes-circularem-na-vci-entra-em-vigor\/#article\",\"isPartOf\":{\"@id\":\"https:\/\/portaltela.pt\/noticias\/2026\/04\/01\/inscricao-previa-de-uma-hora-para-camioes-circularem-na-vci-entra-em-vigor\/\"},\"author\":{\"name\":\"Telinha\",\"@id\":\"https:\/\/portaltela.pt\/#\/schema\/person\/c4278d4a6028830caff9ee44b42d32ed\"},\"headline\":\"Inscri\u00e7\u00e3o pr\u00e9via de uma hora para cami\u00f5es circularem na VCI entra em vigor\",\"datePublished\":\"2026-04-01T11:47:05+00:00\",\"mainEntityOfPage\":{\"@id\":\"https:\/\/portaltela.pt\/noticias\/2026\/04\/01\/inscricao-previa-de-uma-hora-para-camioes-circularem-na-vci-entra-em-vigor\/\"},\"wordCount\":295,\"image\":{\"@id\":\"https:\/\/portaltela.pt\/noticias\/2026\/04\/01\/inscricao-previa-de-uma-hora-para-camioes-circularem-na-vci-entra-em-vigor\/#primaryimage\"},\"thumbnailUrl\":\"https:\/\/portaltela.pt\/s.01k8rhncp4jt1\/2026\/04\/image-27.jpg\",\"keywords\":[\"cami\u00f5es\",\"Gaia\",\"Log\u00edstica\",\"Porto\",\"tr\u00e2nsito\",\"transporte rodovi\u00e1rio\"],\"articleSection\":[\"Not\u00edcias\",\"Sociedade\"],\"inLanguage\":\"pt-PT\"},{\"@type\":\"WebPage\",\"@id\":\"https:\/\/portaltela.pt\/noticias\/2026\/04\/01\/inscricao-previa-de-uma-hora-para-camioes-circularem-na-vci-entra-em-vigor\/\",\"url\":\"https:\/\/portaltela.pt\/noticias\/2026\/04\/01\/inscricao-previa-de-uma-hora-para-camioes-circularem-na-vci-entra-em-vigor\/\",\"name\":\"Inscri\u00e7\u00e3o pr\u00e9via de uma hora para cami\u00f5es circularem na VCI entra em vigor - Portal Tela Portugal\",\"isPartOf\":{\"@id\":\"https:\/\/portaltela.pt\/#website\"},\"primaryImageOfPage\":{\"@id\":\"https:\/\/portaltela.pt\/noticias\/2026\/04\/01\/inscricao-previa-de-uma-hora-para-camioes-circularem-na-vci-entra-em-vigor\/#primaryimage\"},\"image\":{\"@id\":\"https:\/\/portaltela.pt\/noticias\/2026\/04\/01\/inscricao-previa-de-uma-hora-para-camioes-circularem-na-vci-entra-em-vigor\/#primaryimage\"},\"thumbnailUrl\":\"https:\/\/portaltela.pt\/s.01k8rhncp4jt1\/2026\/04\/image-27.jpg\",\"datePublished\":\"2026-04-01T11:47:05+00:00\",\"author\":{\"@id\":\"https:\/\/portaltela.pt\/#\/schema\/person\/c4278d4a6028830caff9ee44b42d32ed\"},\"breadcrumb\":{\"@id\":\"https:\/\/portaltela.pt\/noticias\/2026\/04\/01\/inscricao-previa-de-uma-hora-para-camioes-circularem-na-vci-entra-em-vigor\/#breadcrumb\"},\"inLanguage\":\"pt-PT\",\"potentialAction\":[{\"@type\":\"ReadAction\",\"target\":[\"https:\/\/portaltela.pt\/noticias\/2026\/04\/01\/inscricao-previa-de-uma-hora-para-camioes-circularem-na-vci-entra-em-vigor\/\"]}]},{\"@type\":\"ImageObject\",\"inLanguage\":\"pt-PT\",\"@id\":\"https:\/\/portaltela.pt\/noticias\/2026\/04\/01\/inscricao-previa-de-uma-hora-para-camioes-circularem-na-vci-entra-em-vigor\/#primaryimage\",\"url\":\"https:\/\/portaltela.pt\/s.01k8rhncp4jt1\/2026\/04\/image-27.jpg\",\"contentUrl\":\"https:\/\/portaltela.pt\/s.01k8rhncp4jt1\/2026\/04\/image-27.jpg\",\"width\":796,\"height\":448,\"caption\":\"Est\u00e1 a ser preparada legisla\u00e7\u00e3o para proibir pesados de mercadorias na VCI\"},{\"@type\":\"BreadcrumbList\",\"@id\":\"https:\/\/portaltela.pt\/noticias\/2026\/04\/01\/inscricao-previa-de-uma-hora-para-camioes-circularem-na-vci-entra-em-vigor\/#breadcrumb\",\"itemListElement\":[{\"@type\":\"ListItem\",\"position\":1,\"name\":\"In\u00edcio\",\"item\":\"https:\/\/portaltela.pt\/\"},{\"@type\":\"ListItem\",\"position\":2,\"name\":\"Inscri\u00e7\u00e3o pr\u00e9via de uma hora para cami\u00f5es circularem na VCI entra em vigor\"}]},{\"@type\":\"WebSite\",\"@id\":\"https:\/\/portaltela.pt\/#website\",\"url\":\"https:\/\/portaltela.pt\/\",\"name\":\"Portal Tela Portugal\",\"description\":\"\",\"potentialAction\":[{\"@type\":\"SearchAction\",\"target\":{\"@type\":\"EntryPoint\",\"urlTemplate\":\"https:\/\/portaltela.pt\/?s={search_term_string}\"},\"query-input\":{\"@type\":\"PropertyValueSpecification\",\"valueRequired\":true,\"valueName\":\"search_term_string\"}}],\"inLanguage\":\"pt-PT\"},{\"@type\":\"Person\",\"@id\":\"https:\/\/portaltela.pt\/#\/schema\/person\/c4278d4a6028830caff9ee44b42d32ed\",\"name\":\"Telinha\",\"image\":{\"@type\":\"ImageObject\",\"inLanguage\":\"pt-PT\",\"@id\":\"https:\/\/portaltela.pt\/s.01k8rhncp4jt1\/2025\/11\/talking-bot-125x125.png\",\"url\":\"https:\/\/portaltela.pt\/s.01k8rhncp4jt1\/2025\/11\/talking-bot-125x125.png\",\"contentUrl\":\"https:\/\/portaltela.pt\/s.01k8rhncp4jt1\/2025\/11\/talking-bot-125x125.png\",\"caption\":\"Telinha\"},\"sameAs\":[\"https:\/\/portaltela.pt\/\"],\"url\":\"https:\/\/portaltela.pt\/por\/367410592786\/\"}]}<\/script>\n<!-- \/ Yoast SEO plugin. -->","yoast_head_json":{"title":"Inscri\u00e7\u00e3o pr\u00e9via de uma hora para cami\u00f5es circularem na VCI entra em vigor - Portal Tela Portugal","robots":{"index":"index","follow":"follow","max-snippet":"max-snippet:-1","max-image-preview":"max-image-preview:large","max-video-preview":"max-video-preview:-1"},"og_locale":"pt_PT","og_type":"article","og_title":"Inscri\u00e7\u00e3o pr\u00e9via de uma hora para cami\u00f5es circularem na VCI entra em vigor - Portal Tela Portugal","og_description":"O diploma em an\u00e1lise estabelece que todos os movimentos de ve\u00edculos pesados na VCI sejam registados numa plataforma digital dos munic\u00edpios do Porto e de Gaia, com uma autoriza\u00e7\u00e3o pr\u00e9via de circula\u00e7\u00e3o para cada manobra. A autoriza\u00e7\u00e3o deve ser preenchida e submetida com anteced\u00eancia m\u00e1xima de uma hora. A C\u00e2mara de Gaia op\u00f5e-se \u00e0 solu\u00e7\u00e3o, considerando-a uma burocracia desnecess\u00e1ria e afirma que n\u00e3o aderir\u00e1 \u00e0 plataforma, defendendo que as empresas de transportes devem cumprir a poss\u00edvel proibi\u00e7\u00e3o. O vice\u2011presidente Firmino Pereira sugere que os pesados usem a A41 (CREP), que atualmente est\u00e1 isenta de tarifas, admitindo um regime excecional que poderia, pelo menos, abranger Matosinhos por ligar ao Porto de Leix\u00f5es. O grupo de trabalho entre Infraestruturas de Portugal, Instituto da Mobilidade e dos Transportes, \u00c1rea Metropolitana do Porto e os munic\u00edpios do Porto e de Gaia dever\u00e1 ouvir as organiza\u00e7\u00f5es do setor para tornar a proposta menos conflituosa e mais adequada \u00e0 din\u00e2mica da \u00e1rea.","og_url":"https:\/\/portaltela.pt\/noticias\/2026\/04\/01\/inscricao-previa-de-uma-hora-para-camioes-circularem-na-vci-entra-em-vigor\/","og_site_name":"Portal Tela Portugal","article_published_time":"2026-04-01T11:47:05+00:00","author":"Telinha","twitter_card":"summary_large_image","twitter_misc":{"Escrito por":"Telinha","Tempo estimado de leitura":"1 minuto"},"schema":{"@context":"https:\/\/schema.org","@graph":[{"@type":"Article","@id":"https:\/\/portaltela.pt\/noticias\/2026\/04\/01\/inscricao-previa-de-uma-hora-para-camioes-circularem-na-vci-entra-em-vigor\/#article","isPartOf":{"@id":"https:\/\/portaltela.pt\/noticias\/2026\/04\/01\/inscricao-previa-de-uma-hora-para-camioes-circularem-na-vci-entra-em-vigor\/"},"author":{"name":"Telinha","@id":"https:\/\/portaltela.pt\/#\/schema\/person\/c4278d4a6028830caff9ee44b42d32ed"},"headline":"Inscri\u00e7\u00e3o pr\u00e9via de uma hora para cami\u00f5es circularem na VCI entra em vigor","datePublished":"2026-04-01T11:47:05+00:00","mainEntityOfPage":{"@id":"https:\/\/portaltela.pt\/noticias\/2026\/04\/01\/inscricao-previa-de-uma-hora-para-camioes-circularem-na-vci-entra-em-vigor\/"},"wordCount":295,"image":{"@id":"https:\/\/portaltela.pt\/noticias\/2026\/04\/01\/inscricao-previa-de-uma-hora-para-camioes-circularem-na-vci-entra-em-vigor\/#primaryimage"},"thumbnailUrl":"https:\/\/portaltela.pt\/s.01k8rhncp4jt1\/2026\/04\/image-27.jpg","keywords":["cami\u00f5es","Gaia","Log\u00edstica","Porto","tr\u00e2nsito","transporte rodovi\u00e1rio"],"articleSection":["Not\u00edcias","Sociedade"],"inLanguage":"pt-PT"},{"@type":"WebPage","@id":"https:\/\/portaltela.pt\/noticias\/2026\/04\/01\/inscricao-previa-de-uma-hora-para-camioes-circularem-na-vci-entra-em-vigor\/","url":"https:\/\/portaltela.pt\/noticias\/2026\/04\/01\/inscricao-previa-de-uma-hora-para-camioes-circularem-na-vci-entra-em-vigor\/","name":"Inscri\u00e7\u00e3o pr\u00e9via de uma hora para cami\u00f5es circularem na VCI entra em vigor - Portal Tela Portugal","isPartOf":{"@id":"https:\/\/portaltela.pt\/#website"},"primaryImageOfPage":{"@id":"https:\/\/portaltela.pt\/noticias\/2026\/04\/01\/inscricao-previa-de-uma-hora-para-camioes-circularem-na-vci-entra-em-vigor\/#primaryimage"},"image":{"@id":"https:\/\/portaltela.pt\/noticias\/2026\/04\/01\/inscricao-previa-de-uma-hora-para-camioes-circularem-na-vci-entra-em-vigor\/#primaryimage"},"thumbnailUrl":"https:\/\/portaltela.pt\/s.01k8rhncp4jt1\/2026\/04\/image-27.jpg","datePublished":"2026-04-01T11:47:05+00:00","author":{"@id":"https:\/\/portaltela.pt\/#\/schema\/person\/c4278d4a6028830caff9ee44b42d32ed"},"breadcrumb":{"@id":"https:\/\/portaltela.pt\/noticias\/2026\/04\/01\/inscricao-previa-de-uma-hora-para-camioes-circularem-na-vci-entra-em-vigor\/#breadcrumb"},"inLanguage":"pt-PT","potentialAction":[{"@type":"ReadAction","target":["https:\/\/portaltela.pt\/noticias\/2026\/04\/01\/inscricao-previa-de-uma-hora-para-camioes-circularem-na-vci-entra-em-vigor\/"]}]},{"@type":"ImageObject","inLanguage":"pt-PT","@id":"https:\/\/portaltela.pt\/noticias\/2026\/04\/01\/inscricao-previa-de-uma-hora-para-camioes-circularem-na-vci-entra-em-vigor\/#primaryimage","url":"https:\/\/portaltela.pt\/s.01k8rhncp4jt1\/2026\/04\/image-27.jpg","contentUrl":"https:\/\/portaltela.pt\/s.01k8rhncp4jt1\/2026\/04\/image-27.jpg","width":796,"height":448,"caption":"Est\u00e1 a ser preparada legisla\u00e7\u00e3o para proibir pesados de mercadorias na VCI"},{"@type":"BreadcrumbList","@id":"https:\/\/portaltela.pt\/noticias\/2026\/04\/01\/inscricao-previa-de-uma-hora-para-camioes-circularem-na-vci-entra-em-vigor\/#breadcrumb","itemListElement":[{"@type":"ListItem","position":1,"name":"In\u00edcio","item":"https:\/\/portaltela.pt\/"},{"@type":"ListItem","position":2,"name":"Inscri\u00e7\u00e3o pr\u00e9via de uma hora para cami\u00f5es circularem na VCI entra em vigor"}]},{"@type":"WebSite","@id":"https:\/\/portaltela.pt\/#website","url":"https:\/\/portaltela.pt\/","name":"Portal Tela Portugal","description":"","potentialAction":[{"@type":"SearchAction","target":{"@type":"EntryPoint","urlTemplate":"https:\/\/portaltela.pt\/?s={search_term_string}"},"query-input":{"@type":"PropertyValueSpecification","valueRequired":true,"valueName":"search_term_string"}}],"inLanguage":"pt-PT"},{"@type":"Person","@id":"https:\/\/portaltela.pt\/#\/schema\/person\/c4278d4a6028830caff9ee44b42d32ed","name":"Telinha","image":{"@type":"ImageObject","inLanguage":"pt-PT","@id":"https:\/\/portaltela.pt\/s.01k8rhncp4jt1\/2025\/11\/talking-bot-125x125.png","url":"https:\/\/portaltela.pt\/s.01k8rhncp4jt1\/2025\/11\/talking-bot-125x125.png","contentUrl":"https:\/\/portaltela.pt\/s.01k8rhncp4jt1\/2025\/11\/talking-bot-125x125.png","caption":"Telinha"},"sameAs":["https:\/\/portaltela.pt\/"],"url":"https:\/\/portaltela.pt\/por\/367410592786\/"}]}},"_links":{"self":[{"href":"https:\/\/portaltela.pt\/api\/wp\/v2\/posts\/429079","targetHints":{"allow":["GET"]}}],"collection":[{"href":"https:\/\/portaltela.pt\/api\/wp\/v2\/posts"}],"about":[{"href":"https:\/\/portaltela.pt\/api\/wp\/v2\/types\/post"}],"author":[{"embeddable":true,"href":"https:\/\/portaltela.pt\/api\/wp\/v2\/users\/2"}],"replies":[{"embeddable":true,"href":"https:\/\/portaltela.pt\/api\/wp\/v2\/comments?post=429079"}],"version-history":[{"count":0,"href":"https:\/\/portaltela.pt\/api\/wp\/v2\/posts\/429079\/revisions"}],"wp:featuredmedia":[{"embeddable":true,"href":"https:\/\/portaltela.pt\/api\/wp\/v2\/media\/429082"}],"wp:attachment":[{"href":"https:\/\/portaltela.pt\/api\/wp\/v2\/media?parent=429079"}],"wp:term":[{"taxonomy":"category","embeddable":true,"href":"https:\/\/portaltela.pt\/api\/wp\/v2\/categories?post=429079"},{"taxonomy":"post_tag","embeddable":true,"href":"https:\/\/portaltela.pt\/api\/wp\/v2\/tags?post=429079"}],"curies":[{"name":"wp","href":"https:\/\/api.w.org\/{rel}","templated":true}]}}