{"id":429077,"date":"2026-04-01T08:47:02","date_gmt":"2026-04-01T11:47:02","guid":{"rendered":"https:\/\/portaltela.pt\/noticias\/2026\/04\/01\/londres-anuncia-reuniao-internacional-sobre-reabertura-do-estreito-de-ormuz\/"},"modified":"2026-04-01T08:47:02","modified_gmt":"2026-04-01T11:47:02","slug":"londres-anuncia-reuniao-internacional-sobre-reabertura-do-estreito-de-ormuz","status":"publish","type":"post","link":"https:\/\/portaltela.pt\/noticias\/internacional\/2026\/04\/01\/londres-anuncia-reuniao-internacional-sobre-reabertura-do-estreito-de-ormuz\/","title":{"rendered":"Londres anuncia reuni\u00e3o internacional sobre reabertura do estreito de Ormuz"},"content":{"rendered":"<p>O Reino Unido vai organizar uma reuni\u00e3o internacional para avaliar medidas diplom\u00e1ticas e pol\u00edticas que permitam reabrir a navega\u00e7\u00e3o no estreito de Ormuz. A iniciativa foi anunciada por Keir Starmer, em Londres, durante uma confer\u00eancia de imprensa sobre o M\u00e9dio Oriente. A data, o local exato e o formato n\u00e3o foram especificados.<\/p>\n<p>A reuni\u00e3o ter\u00e1 lugar no final desta semana e ser\u00e1 presidida pela ministra dos Neg\u00f3cios Estrangeiros, Yvette Cooper. O objetivo \u00e9 reunir pa\u00edses que possam contribuir para a passagem segura de navios e para a retomada do transporte de mercadorias essenciais.<\/p>\n<p>35 pa\u00edses, incluindo Portugal, subscreveram uma declara\u00e7\u00e3o a pedir uma morat\u00f3ria de ataques a infraestruturas civis e energ\u00e9ticas e ofereceram-se para contribuir para a seguran\u00e7a da passagem pelo estreito. O objetivo \u00e9 reduzir tens\u00f5es que afetam o custo de vida no Reino Unido.<\/p>\n<h3>Objetivo da reuni\u00e3o e pr\u00f3ximos passos<\/h3>\n<p>A reuni\u00e3o vai avaliar todas as vias diplom\u00e1ticas e pol\u00edticas vi\u00e1veis para restaurar a liberdade de navega\u00e7\u00e3o, proteger navios de carga e mar\u00edtimos e facilitar o transporte de energia.<\/p>\n<p>Ap\u00f3s o encontro, os respons\u00e1veis pelo planeamento militar ser\u00e3o convocados para discutir como mobilizar capacidades e tornar o estreito acess\u00edvel e seguro, no fim dos combates. A lideran\u00e7a clara e a coopera\u00e7\u00e3o internacional s\u00e3o citadas como pe\u00e7as centrais.<\/p>\n<h3>Contexto regional e controlo do estreito<\/h3>\n<p>O Ir\u00e3o, que domina a costa norte do estreito, tem bloqueado uma via crucial para o com\u00e9rcio global de energia. Em resposta aos ataques realizados por Israel e pelos EUA, Teer\u00e3o restringe a passagem a alguns navios-tanque perto da costa.<\/p>\n","protected":false},"excerpt":{"rendered":"<ul>\n<li>O Reino Unido vai organizar uma reuni\u00e3o com l\u00edderes internacionais para avaliar medidas diplom\u00e1ticas e pol\u00edticas para reabrir a navega\u00e7\u00e3o pelo estreito de Ormuz, anunciou o primeiro-ministro Keir Starmer.<\/li>\n<li>A reuni\u00e3o realiza-se no final desta semana e ser\u00e1 presidida pela ministra dos Neg\u00f3cios Estrangeiros, Yvette Cooper.<\/li>\n<li>Starmer disse que 35 pa\u00edses, incluindo Portugal, subscreveram uma declara\u00e7\u00e3o a pedir uma morat\u00f3ria de ataques a infraestruturas civis e energ\u00e9ticas e disponibilidade para contribuir para garantir a passagem segura pelo estreito.<\/li>\n<li>O objetivo \u00e9 avaliar medidas para restaurar a liberdade de navega\u00e7\u00e3o, assegurar a passagem de navios de carga e mar\u00edtimos e retomar o transporte de mercadorias essenciais.<\/li>\n<li>Posteriormente, ser\u00e3o convocados respons\u00e1veis pelo planeamento militar para analisar como mobilizar capacidades e tornar o estreito acess\u00edvel e seguro ap\u00f3s o fim dos combates; o Ir\u00e3o bloqueia parcialmente a via em resposta aos ataques, aumentando a press\u00e3o econ\u00f3mica.<\/li>\n<\/ul>\n","protected":false},"author":2,"featured_media":429078,"comment_status":"closed","ping_status":"closed","sticky":false,"template":"","format":"standard","meta":{"footnotes":""},"categories":[6814,4],"tags":[2198,174,7586,7439,5698,4559],"class_list":["post-429077","post","type-post","status-publish","format-standard","has-post-thumbnail","hentry","category-geopolitica","category-internacional","tag-conflitos-internacionais","tag-energia","tag-internacional","tag-politica-externa","tag-politica-internacional","tag-transporte-internacional"],"yoast_head":"<!-- This site is optimized with the Yoast SEO plugin v27.2 - https:\/\/yoast.com\/product\/yoast-seo-wordpress\/ -->\n<title>Londres anuncia reuni\u00e3o internacional sobre reabertura do estreito de Ormuz - Portal Tela Portugal<\/title>\n<meta name=\"robots\" content=\"index, follow, max-snippet:-1, max-image-preview:large, max-video-preview:-1\" \/>\n<meta property=\"og:locale\" content=\"pt_PT\" \/>\n<meta property=\"og:type\" content=\"article\" \/>\n<meta property=\"og:title\" content=\"Londres anuncia reuni\u00e3o internacional sobre reabertura do estreito de Ormuz - Portal Tela Portugal\" \/>\n<meta property=\"og:description\" content=\"O Reino Unido vai organizar uma reuni\u00e3o com l\u00edderes internacionais para avaliar medidas diplom\u00e1ticas e pol\u00edticas para reabrir a navega\u00e7\u00e3o pelo estreito de Ormuz, anunciou o primeiro-ministro Keir Starmer. A reuni\u00e3o realiza-se no final desta semana e ser\u00e1 presidida pela ministra dos Neg\u00f3cios Estrangeiros, Yvette Cooper. Starmer disse que 35 pa\u00edses, incluindo Portugal, subscreveram uma declara\u00e7\u00e3o a pedir uma morat\u00f3ria de ataques a infraestruturas civis e energ\u00e9ticas e disponibilidade para contribuir para garantir a passagem segura pelo estreito. O objetivo \u00e9 avaliar medidas para restaurar a liberdade de navega\u00e7\u00e3o, assegurar a passagem de navios de carga e mar\u00edtimos e retomar o transporte de mercadorias essenciais. Posteriormente, ser\u00e3o convocados respons\u00e1veis pelo planeamento militar para analisar como mobilizar capacidades e tornar o estreito acess\u00edvel e seguro ap\u00f3s o fim dos combates; o Ir\u00e3o bloqueia parcialmente a via em resposta aos ataques, aumentando a press\u00e3o econ\u00f3mica.\" \/>\n<meta property=\"og:url\" content=\"https:\/\/portaltela.pt\/noticias\/2026\/04\/01\/londres-anuncia-reuniao-internacional-sobre-reabertura-do-estreito-de-ormuz\/\" \/>\n<meta property=\"og:site_name\" content=\"Portal Tela Portugal\" \/>\n<meta property=\"article:published_time\" content=\"2026-04-01T11:47:02+00:00\" \/>\n<meta name=\"author\" content=\"Telinha\" \/>\n<meta name=\"twitter:card\" content=\"summary_large_image\" \/>\n<meta name=\"twitter:label1\" content=\"Escrito por\" \/>\n\t<meta name=\"twitter:data1\" content=\"Telinha\" \/>\n\t<meta name=\"twitter:label2\" content=\"Tempo estimado de leitura\" \/>\n\t<meta name=\"twitter:data2\" content=\"1 minuto\" \/>\n<script type=\"application\/ld+json\" class=\"yoast-schema-graph\">{\"@context\":\"https:\/\/schema.org\",\"@graph\":[{\"@type\":\"Article\",\"@id\":\"https:\/\/portaltela.pt\/noticias\/2026\/04\/01\/londres-anuncia-reuniao-internacional-sobre-reabertura-do-estreito-de-ormuz\/#article\",\"isPartOf\":{\"@id\":\"https:\/\/portaltela.pt\/noticias\/2026\/04\/01\/londres-anuncia-reuniao-internacional-sobre-reabertura-do-estreito-de-ormuz\/\"},\"author\":{\"name\":\"Telinha\",\"@id\":\"https:\/\/portaltela.pt\/#\/schema\/person\/c4278d4a6028830caff9ee44b42d32ed\"},\"headline\":\"Londres anuncia reuni\u00e3o internacional sobre reabertura do estreito de Ormuz\",\"datePublished\":\"2026-04-01T11:47:02+00:00\",\"mainEntityOfPage\":{\"@id\":\"https:\/\/portaltela.pt\/noticias\/2026\/04\/01\/londres-anuncia-reuniao-internacional-sobre-reabertura-do-estreito-de-ormuz\/\"},\"wordCount\":298,\"image\":{\"@id\":\"https:\/\/portaltela.pt\/noticias\/2026\/04\/01\/londres-anuncia-reuniao-internacional-sobre-reabertura-do-estreito-de-ormuz\/#primaryimage\"},\"thumbnailUrl\":\"https:\/\/portaltela.pt\/s.01k8rhncp4jt1\/2026\/04\/image-26.jpg\",\"keywords\":[\"conflitos internacionais\",\"energia\",\"Internacional\",\"pol\u00edtica externa\",\"pol\u00edtica internacional\",\"transporte internacional\"],\"articleSection\":[\"Geopol\u00edtica\",\"Internacional\"],\"inLanguage\":\"pt-PT\"},{\"@type\":\"WebPage\",\"@id\":\"https:\/\/portaltela.pt\/noticias\/2026\/04\/01\/londres-anuncia-reuniao-internacional-sobre-reabertura-do-estreito-de-ormuz\/\",\"url\":\"https:\/\/portaltela.pt\/noticias\/2026\/04\/01\/londres-anuncia-reuniao-internacional-sobre-reabertura-do-estreito-de-ormuz\/\",\"name\":\"Londres anuncia reuni\u00e3o internacional sobre reabertura do estreito de Ormuz - Portal Tela Portugal\",\"isPartOf\":{\"@id\":\"https:\/\/portaltela.pt\/#website\"},\"primaryImageOfPage\":{\"@id\":\"https:\/\/portaltela.pt\/noticias\/2026\/04\/01\/londres-anuncia-reuniao-internacional-sobre-reabertura-do-estreito-de-ormuz\/#primaryimage\"},\"image\":{\"@id\":\"https:\/\/portaltela.pt\/noticias\/2026\/04\/01\/londres-anuncia-reuniao-internacional-sobre-reabertura-do-estreito-de-ormuz\/#primaryimage\"},\"thumbnailUrl\":\"https:\/\/portaltela.pt\/s.01k8rhncp4jt1\/2026\/04\/image-26.jpg\",\"datePublished\":\"2026-04-01T11:47:02+00:00\",\"author\":{\"@id\":\"https:\/\/portaltela.pt\/#\/schema\/person\/c4278d4a6028830caff9ee44b42d32ed\"},\"breadcrumb\":{\"@id\":\"https:\/\/portaltela.pt\/noticias\/2026\/04\/01\/londres-anuncia-reuniao-internacional-sobre-reabertura-do-estreito-de-ormuz\/#breadcrumb\"},\"inLanguage\":\"pt-PT\",\"potentialAction\":[{\"@type\":\"ReadAction\",\"target\":[\"https:\/\/portaltela.pt\/noticias\/2026\/04\/01\/londres-anuncia-reuniao-internacional-sobre-reabertura-do-estreito-de-ormuz\/\"]}]},{\"@type\":\"ImageObject\",\"inLanguage\":\"pt-PT\",\"@id\":\"https:\/\/portaltela.pt\/noticias\/2026\/04\/01\/londres-anuncia-reuniao-internacional-sobre-reabertura-do-estreito-de-ormuz\/#primaryimage\",\"url\":\"https:\/\/portaltela.pt\/s.01k8rhncp4jt1\/2026\/04\/image-26.jpg\",\"contentUrl\":\"https:\/\/portaltela.pt\/s.01k8rhncp4jt1\/2026\/04\/image-26.jpg\",\"width\":796,\"height\":448,\"caption\":\"O primeiro-ministro brit\u00e2nico, Keir Starmer\"},{\"@type\":\"BreadcrumbList\",\"@id\":\"https:\/\/portaltela.pt\/noticias\/2026\/04\/01\/londres-anuncia-reuniao-internacional-sobre-reabertura-do-estreito-de-ormuz\/#breadcrumb\",\"itemListElement\":[{\"@type\":\"ListItem\",\"position\":1,\"name\":\"In\u00edcio\",\"item\":\"https:\/\/portaltela.pt\/\"},{\"@type\":\"ListItem\",\"position\":2,\"name\":\"Londres anuncia reuni\u00e3o internacional sobre reabertura do estreito de Ormuz\"}]},{\"@type\":\"WebSite\",\"@id\":\"https:\/\/portaltela.pt\/#website\",\"url\":\"https:\/\/portaltela.pt\/\",\"name\":\"Portal Tela Portugal\",\"description\":\"\",\"potentialAction\":[{\"@type\":\"SearchAction\",\"target\":{\"@type\":\"EntryPoint\",\"urlTemplate\":\"https:\/\/portaltela.pt\/?s={search_term_string}\"},\"query-input\":{\"@type\":\"PropertyValueSpecification\",\"valueRequired\":true,\"valueName\":\"search_term_string\"}}],\"inLanguage\":\"pt-PT\"},{\"@type\":\"Person\",\"@id\":\"https:\/\/portaltela.pt\/#\/schema\/person\/c4278d4a6028830caff9ee44b42d32ed\",\"name\":\"Telinha\",\"image\":{\"@type\":\"ImageObject\",\"inLanguage\":\"pt-PT\",\"@id\":\"https:\/\/portaltela.pt\/s.01k8rhncp4jt1\/2025\/11\/talking-bot-125x125.png\",\"url\":\"https:\/\/portaltela.pt\/s.01k8rhncp4jt1\/2025\/11\/talking-bot-125x125.png\",\"contentUrl\":\"https:\/\/portaltela.pt\/s.01k8rhncp4jt1\/2025\/11\/talking-bot-125x125.png\",\"caption\":\"Telinha\"},\"sameAs\":[\"https:\/\/portaltela.pt\/\"],\"url\":\"https:\/\/portaltela.pt\/por\/367410592786\/\"}]}<\/script>\n<!-- \/ Yoast SEO plugin. -->","yoast_head_json":{"title":"Londres anuncia reuni\u00e3o internacional sobre reabertura do estreito de Ormuz - Portal Tela Portugal","robots":{"index":"index","follow":"follow","max-snippet":"max-snippet:-1","max-image-preview":"max-image-preview:large","max-video-preview":"max-video-preview:-1"},"og_locale":"pt_PT","og_type":"article","og_title":"Londres anuncia reuni\u00e3o internacional sobre reabertura do estreito de Ormuz - Portal Tela Portugal","og_description":"O Reino Unido vai organizar uma reuni\u00e3o com l\u00edderes internacionais para avaliar medidas diplom\u00e1ticas e pol\u00edticas para reabrir a navega\u00e7\u00e3o pelo estreito de Ormuz, anunciou o primeiro-ministro Keir Starmer. A reuni\u00e3o realiza-se no final desta semana e ser\u00e1 presidida pela ministra dos Neg\u00f3cios Estrangeiros, Yvette Cooper. Starmer disse que 35 pa\u00edses, incluindo Portugal, subscreveram uma declara\u00e7\u00e3o a pedir uma morat\u00f3ria de ataques a infraestruturas civis e energ\u00e9ticas e disponibilidade para contribuir para garantir a passagem segura pelo estreito. O objetivo \u00e9 avaliar medidas para restaurar a liberdade de navega\u00e7\u00e3o, assegurar a passagem de navios de carga e mar\u00edtimos e retomar o transporte de mercadorias essenciais. Posteriormente, ser\u00e3o convocados respons\u00e1veis pelo planeamento militar para analisar como mobilizar capacidades e tornar o estreito acess\u00edvel e seguro ap\u00f3s o fim dos combates; o Ir\u00e3o bloqueia parcialmente a via em resposta aos ataques, aumentando a press\u00e3o econ\u00f3mica.","og_url":"https:\/\/portaltela.pt\/noticias\/2026\/04\/01\/londres-anuncia-reuniao-internacional-sobre-reabertura-do-estreito-de-ormuz\/","og_site_name":"Portal Tela Portugal","article_published_time":"2026-04-01T11:47:02+00:00","author":"Telinha","twitter_card":"summary_large_image","twitter_misc":{"Escrito por":"Telinha","Tempo estimado de leitura":"1 minuto"},"schema":{"@context":"https:\/\/schema.org","@graph":[{"@type":"Article","@id":"https:\/\/portaltela.pt\/noticias\/2026\/04\/01\/londres-anuncia-reuniao-internacional-sobre-reabertura-do-estreito-de-ormuz\/#article","isPartOf":{"@id":"https:\/\/portaltela.pt\/noticias\/2026\/04\/01\/londres-anuncia-reuniao-internacional-sobre-reabertura-do-estreito-de-ormuz\/"},"author":{"name":"Telinha","@id":"https:\/\/portaltela.pt\/#\/schema\/person\/c4278d4a6028830caff9ee44b42d32ed"},"headline":"Londres anuncia reuni\u00e3o internacional sobre reabertura do estreito de Ormuz","datePublished":"2026-04-01T11:47:02+00:00","mainEntityOfPage":{"@id":"https:\/\/portaltela.pt\/noticias\/2026\/04\/01\/londres-anuncia-reuniao-internacional-sobre-reabertura-do-estreito-de-ormuz\/"},"wordCount":298,"image":{"@id":"https:\/\/portaltela.pt\/noticias\/2026\/04\/01\/londres-anuncia-reuniao-internacional-sobre-reabertura-do-estreito-de-ormuz\/#primaryimage"},"thumbnailUrl":"https:\/\/portaltela.pt\/s.01k8rhncp4jt1\/2026\/04\/image-26.jpg","keywords":["conflitos internacionais","energia","Internacional","pol\u00edtica externa","pol\u00edtica internacional","transporte internacional"],"articleSection":["Geopol\u00edtica","Internacional"],"inLanguage":"pt-PT"},{"@type":"WebPage","@id":"https:\/\/portaltela.pt\/noticias\/2026\/04\/01\/londres-anuncia-reuniao-internacional-sobre-reabertura-do-estreito-de-ormuz\/","url":"https:\/\/portaltela.pt\/noticias\/2026\/04\/01\/londres-anuncia-reuniao-internacional-sobre-reabertura-do-estreito-de-ormuz\/","name":"Londres anuncia reuni\u00e3o internacional sobre reabertura do estreito de Ormuz - Portal Tela Portugal","isPartOf":{"@id":"https:\/\/portaltela.pt\/#website"},"primaryImageOfPage":{"@id":"https:\/\/portaltela.pt\/noticias\/2026\/04\/01\/londres-anuncia-reuniao-internacional-sobre-reabertura-do-estreito-de-ormuz\/#primaryimage"},"image":{"@id":"https:\/\/portaltela.pt\/noticias\/2026\/04\/01\/londres-anuncia-reuniao-internacional-sobre-reabertura-do-estreito-de-ormuz\/#primaryimage"},"thumbnailUrl":"https:\/\/portaltela.pt\/s.01k8rhncp4jt1\/2026\/04\/image-26.jpg","datePublished":"2026-04-01T11:47:02+00:00","author":{"@id":"https:\/\/portaltela.pt\/#\/schema\/person\/c4278d4a6028830caff9ee44b42d32ed"},"breadcrumb":{"@id":"https:\/\/portaltela.pt\/noticias\/2026\/04\/01\/londres-anuncia-reuniao-internacional-sobre-reabertura-do-estreito-de-ormuz\/#breadcrumb"},"inLanguage":"pt-PT","potentialAction":[{"@type":"ReadAction","target":["https:\/\/portaltela.pt\/noticias\/2026\/04\/01\/londres-anuncia-reuniao-internacional-sobre-reabertura-do-estreito-de-ormuz\/"]}]},{"@type":"ImageObject","inLanguage":"pt-PT","@id":"https:\/\/portaltela.pt\/noticias\/2026\/04\/01\/londres-anuncia-reuniao-internacional-sobre-reabertura-do-estreito-de-ormuz\/#primaryimage","url":"https:\/\/portaltela.pt\/s.01k8rhncp4jt1\/2026\/04\/image-26.jpg","contentUrl":"https:\/\/portaltela.pt\/s.01k8rhncp4jt1\/2026\/04\/image-26.jpg","width":796,"height":448,"caption":"O primeiro-ministro brit\u00e2nico, Keir Starmer"},{"@type":"BreadcrumbList","@id":"https:\/\/portaltela.pt\/noticias\/2026\/04\/01\/londres-anuncia-reuniao-internacional-sobre-reabertura-do-estreito-de-ormuz\/#breadcrumb","itemListElement":[{"@type":"ListItem","position":1,"name":"In\u00edcio","item":"https:\/\/portaltela.pt\/"},{"@type":"ListItem","position":2,"name":"Londres anuncia reuni\u00e3o internacional sobre reabertura do estreito de Ormuz"}]},{"@type":"WebSite","@id":"https:\/\/portaltela.pt\/#website","url":"https:\/\/portaltela.pt\/","name":"Portal Tela Portugal","description":"","potentialAction":[{"@type":"SearchAction","target":{"@type":"EntryPoint","urlTemplate":"https:\/\/portaltela.pt\/?s={search_term_string}"},"query-input":{"@type":"PropertyValueSpecification","valueRequired":true,"valueName":"search_term_string"}}],"inLanguage":"pt-PT"},{"@type":"Person","@id":"https:\/\/portaltela.pt\/#\/schema\/person\/c4278d4a6028830caff9ee44b42d32ed","name":"Telinha","image":{"@type":"ImageObject","inLanguage":"pt-PT","@id":"https:\/\/portaltela.pt\/s.01k8rhncp4jt1\/2025\/11\/talking-bot-125x125.png","url":"https:\/\/portaltela.pt\/s.01k8rhncp4jt1\/2025\/11\/talking-bot-125x125.png","contentUrl":"https:\/\/portaltela.pt\/s.01k8rhncp4jt1\/2025\/11\/talking-bot-125x125.png","caption":"Telinha"},"sameAs":["https:\/\/portaltela.pt\/"],"url":"https:\/\/portaltela.pt\/por\/367410592786\/"}]}},"_links":{"self":[{"href":"https:\/\/portaltela.pt\/api\/wp\/v2\/posts\/429077","targetHints":{"allow":["GET"]}}],"collection":[{"href":"https:\/\/portaltela.pt\/api\/wp\/v2\/posts"}],"about":[{"href":"https:\/\/portaltela.pt\/api\/wp\/v2\/types\/post"}],"author":[{"embeddable":true,"href":"https:\/\/portaltela.pt\/api\/wp\/v2\/users\/2"}],"replies":[{"embeddable":true,"href":"https:\/\/portaltela.pt\/api\/wp\/v2\/comments?post=429077"}],"version-history":[{"count":0,"href":"https:\/\/portaltela.pt\/api\/wp\/v2\/posts\/429077\/revisions"}],"wp:featuredmedia":[{"embeddable":true,"href":"https:\/\/portaltela.pt\/api\/wp\/v2\/media\/429078"}],"wp:attachment":[{"href":"https:\/\/portaltela.pt\/api\/wp\/v2\/media?parent=429077"}],"wp:term":[{"taxonomy":"category","embeddable":true,"href":"https:\/\/portaltela.pt\/api\/wp\/v2\/categories?post=429077"},{"taxonomy":"post_tag","embeddable":true,"href":"https:\/\/portaltela.pt\/api\/wp\/v2\/tags?post=429077"}],"curies":[{"name":"wp","href":"https:\/\/api.w.org\/{rel}","templated":true}]}}