{"id":429059,"date":"2026-04-01T08:46:37","date_gmt":"2026-04-01T11:46:37","guid":{"rendered":"https:\/\/portaltela.pt\/noticias\/2026\/04\/01\/gaia-recusa-plataforma-de-registo-de-pesados-para-circular-na-vci\/"},"modified":"2026-04-01T08:46:37","modified_gmt":"2026-04-01T11:46:37","slug":"gaia-recusa-plataforma-de-registo-de-pesados-para-circular-na-vci","status":"publish","type":"post","link":"https:\/\/portaltela.pt\/noticias\/politica\/2026\/04\/01\/gaia-recusa-plataforma-de-registo-de-pesados-para-circular-na-vci\/","title":{"rendered":"Gaia recusa plataforma de registo de pesados para circular na VCI"},"content":{"rendered":"<p>O vice-presidente da C\u00e2mara de Gaia anunciou a recusa de ades\u00e3o a uma plataforma de registo de pesados para circular na Via de Cintura Interna (VCI). A posi\u00e7\u00e3o mant\u00e9m-se mesmo com apoio \u00e0 proibi\u00e7\u00e3o de circula\u00e7\u00e3o desses ve\u00edculos na via.<\/p>\n<p>Firmino Pereira, que gere os pelouros do Equipamento P\u00fablico e Espa\u00e7o P\u00fablico, explicou a discord\u00e2ncia relativamente ao rascunho do diploma que regula a circula\u00e7\u00e3o na VCI do Porto. O texto prev\u00ea registo de todos os movimentos numa plataforma comum dos munic\u00edpios do Porto e Gaia.<\/p>\n<p>De acordo com o edil, o documento, que n\u00e3o \u00e9 p\u00fablico, indica que a circula\u00e7\u00e3o deve ser autorizada com anteced\u00eancia m\u00ednima de uma hora por meio de preenchimento de formul\u00e1rio. Gaia manifesta oposi\u00e7\u00e3o a esse regime de registo para os pesados.<\/p>\n<p>A C\u00e2mara de Gaia mant\u00e9m a posi\u00e7\u00e3o de proibir a circula\u00e7\u00e3o de pesados na VCI, independentemente de eventuais plataformas de registo. O objetivo, segundo o munic\u00edpio, \u00e9 reduzir impactos no tr\u00e1fego e na seguran\u00e7a rodovi\u00e1ria da regi\u00e3o.<\/p>\n<p>Ainda sem data de ado\u00e7\u00e3o, o diploma encontra-se em fase de elabora\u00e7\u00e3o, com participa\u00e7\u00e3o de v\u00e1rias autarquias da \u00e1rea metropolitana. O munic\u00edpio de Gaia n\u00e3o confirmou eventuais altera\u00e7\u00f5es \u00e0 sua posi\u00e7\u00e3o.<\/p>\n","protected":false},"excerpt":{"rendered":"<ul>\n<li>O vice-presidente da C\u00e2mara de Gaia rejeitou adotar uma plataforma de registo de pesados de mercadorias para circular na Via de Cintura Interna (VCI).<\/li>\n<li>Mant\u00e9m-se favor\u00e1vel \u00e0 proibi\u00e7\u00e3o de circula\u00e7\u00e3o desses ve\u00edculos na VCI.<\/li>\n<li>Firmino Pereira, que gere Equipamentos P\u00fablicos e Espa\u00e7o P\u00fablico, discorda do rascunho do diploma que prev\u00ea registo numa plataforma digital dos munic\u00edpios do Porto e Gaia.<\/li>\n<li>O rascunho aponta que cada movimento precisa de habilita\u00e7\u00e3o de circula\u00e7\u00e3o obtida com anteced\u00eancia m\u00ednima de uma hora, via preenchimento de formul\u00e1rio.<\/li>\n<\/ul>\n","protected":false},"author":2,"featured_media":429060,"comment_status":"closed","ping_status":"closed","sticky":false,"template":"","format":"standard","meta":{"footnotes":""},"categories":[1,5],"tags":[5228,1761,4508,982,2761,1629],"class_list":["post-429059","post","type-post","status-publish","format-standard","has-post-thumbnail","hentry","category-noticias","category-politica","tag-area-metropolitana-de-porto","tag-gaia","tag-infraestruturas-rodoviarias","tag-porto","tag-seguranca-rodoviaria","tag-transito"],"yoast_head":"<!-- This site is optimized with the Yoast SEO plugin v27.2 - https:\/\/yoast.com\/product\/yoast-seo-wordpress\/ -->\n<title>Gaia recusa plataforma de registo de pesados para circular na VCI - Portal Tela Portugal<\/title>\n<meta name=\"robots\" content=\"index, follow, max-snippet:-1, max-image-preview:large, max-video-preview:-1\" \/>\n<meta property=\"og:locale\" content=\"pt_PT\" \/>\n<meta property=\"og:type\" content=\"article\" \/>\n<meta property=\"og:title\" content=\"Gaia recusa plataforma de registo de pesados para circular na VCI - Portal Tela Portugal\" \/>\n<meta property=\"og:description\" content=\"O vice-presidente da C\u00e2mara de Gaia rejeitou adotar uma plataforma de registo de pesados de mercadorias para circular na Via de Cintura Interna (VCI). Mant\u00e9m-se favor\u00e1vel \u00e0 proibi\u00e7\u00e3o de circula\u00e7\u00e3o desses ve\u00edculos na VCI. Firmino Pereira, que gere Equipamentos P\u00fablicos e Espa\u00e7o P\u00fablico, discorda do rascunho do diploma que prev\u00ea registo numa plataforma digital dos munic\u00edpios do Porto e Gaia. O rascunho aponta que cada movimento precisa de habilita\u00e7\u00e3o de circula\u00e7\u00e3o obtida com anteced\u00eancia m\u00ednima de uma hora, via preenchimento de formul\u00e1rio.\" \/>\n<meta property=\"og:url\" content=\"https:\/\/portaltela.pt\/noticias\/2026\/04\/01\/gaia-recusa-plataforma-de-registo-de-pesados-para-circular-na-vci\/\" \/>\n<meta property=\"og:site_name\" content=\"Portal Tela Portugal\" \/>\n<meta property=\"article:published_time\" content=\"2026-04-01T11:46:37+00:00\" \/>\n<meta name=\"author\" content=\"Telinha\" \/>\n<meta name=\"twitter:card\" content=\"summary_large_image\" \/>\n<meta name=\"twitter:label1\" content=\"Escrito por\" \/>\n\t<meta name=\"twitter:data1\" content=\"Telinha\" \/>\n\t<meta name=\"twitter:label2\" content=\"Tempo estimado de leitura\" \/>\n\t<meta name=\"twitter:data2\" content=\"1 minuto\" \/>\n<script type=\"application\/ld+json\" class=\"yoast-schema-graph\">{\"@context\":\"https:\/\/schema.org\",\"@graph\":[{\"@type\":\"Article\",\"@id\":\"https:\/\/portaltela.pt\/noticias\/2026\/04\/01\/gaia-recusa-plataforma-de-registo-de-pesados-para-circular-na-vci\/#article\",\"isPartOf\":{\"@id\":\"https:\/\/portaltela.pt\/noticias\/2026\/04\/01\/gaia-recusa-plataforma-de-registo-de-pesados-para-circular-na-vci\/\"},\"author\":{\"name\":\"Telinha\",\"@id\":\"https:\/\/portaltela.pt\/#\/schema\/person\/c4278d4a6028830caff9ee44b42d32ed\"},\"headline\":\"Gaia recusa plataforma de registo de pesados para circular na VCI\",\"datePublished\":\"2026-04-01T11:46:37+00:00\",\"mainEntityOfPage\":{\"@id\":\"https:\/\/portaltela.pt\/noticias\/2026\/04\/01\/gaia-recusa-plataforma-de-registo-de-pesados-para-circular-na-vci\/\"},\"wordCount\":238,\"image\":{\"@id\":\"https:\/\/portaltela.pt\/noticias\/2026\/04\/01\/gaia-recusa-plataforma-de-registo-de-pesados-para-circular-na-vci\/#primaryimage\"},\"thumbnailUrl\":\"https:\/\/portaltela.pt\/s.01k8rhncp4jt1\/2026\/04\/img_1500x1000uu2024-11-21-17-14-47-2178669.jpg\",\"keywords\":[\"\u00c1rea Metropolitana de Porto\",\"Gaia\",\"infraestruturas rodovi\u00e1rias\",\"Porto\",\"seguran\u00e7a rodovi\u00e1ria\",\"tr\u00e2nsito\"],\"articleSection\":[\"Not\u00edcias\",\"Pol\u00edtica\"],\"inLanguage\":\"pt-PT\"},{\"@type\":\"WebPage\",\"@id\":\"https:\/\/portaltela.pt\/noticias\/2026\/04\/01\/gaia-recusa-plataforma-de-registo-de-pesados-para-circular-na-vci\/\",\"url\":\"https:\/\/portaltela.pt\/noticias\/2026\/04\/01\/gaia-recusa-plataforma-de-registo-de-pesados-para-circular-na-vci\/\",\"name\":\"Gaia recusa plataforma de registo de pesados para circular na VCI - Portal Tela Portugal\",\"isPartOf\":{\"@id\":\"https:\/\/portaltela.pt\/#website\"},\"primaryImageOfPage\":{\"@id\":\"https:\/\/portaltela.pt\/noticias\/2026\/04\/01\/gaia-recusa-plataforma-de-registo-de-pesados-para-circular-na-vci\/#primaryimage\"},\"image\":{\"@id\":\"https:\/\/portaltela.pt\/noticias\/2026\/04\/01\/gaia-recusa-plataforma-de-registo-de-pesados-para-circular-na-vci\/#primaryimage\"},\"thumbnailUrl\":\"https:\/\/portaltela.pt\/s.01k8rhncp4jt1\/2026\/04\/img_1500x1000uu2024-11-21-17-14-47-2178669.jpg\",\"datePublished\":\"2026-04-01T11:46:37+00:00\",\"author\":{\"@id\":\"https:\/\/portaltela.pt\/#\/schema\/person\/c4278d4a6028830caff9ee44b42d32ed\"},\"breadcrumb\":{\"@id\":\"https:\/\/portaltela.pt\/noticias\/2026\/04\/01\/gaia-recusa-plataforma-de-registo-de-pesados-para-circular-na-vci\/#breadcrumb\"},\"inLanguage\":\"pt-PT\",\"potentialAction\":[{\"@type\":\"ReadAction\",\"target\":[\"https:\/\/portaltela.pt\/noticias\/2026\/04\/01\/gaia-recusa-plataforma-de-registo-de-pesados-para-circular-na-vci\/\"]}]},{\"@type\":\"ImageObject\",\"inLanguage\":\"pt-PT\",\"@id\":\"https:\/\/portaltela.pt\/noticias\/2026\/04\/01\/gaia-recusa-plataforma-de-registo-de-pesados-para-circular-na-vci\/#primaryimage\",\"url\":\"https:\/\/portaltela.pt\/s.01k8rhncp4jt1\/2026\/04\/img_1500x1000uu2024-11-21-17-14-47-2178669.jpg\",\"contentUrl\":\"https:\/\/portaltela.pt\/s.01k8rhncp4jt1\/2026\/04\/img_1500x1000uu2024-11-21-17-14-47-2178669.jpg\",\"width\":796,\"height\":448,\"caption\":\"Tr\u00e2nsito na VCI\"},{\"@type\":\"BreadcrumbList\",\"@id\":\"https:\/\/portaltela.pt\/noticias\/2026\/04\/01\/gaia-recusa-plataforma-de-registo-de-pesados-para-circular-na-vci\/#breadcrumb\",\"itemListElement\":[{\"@type\":\"ListItem\",\"position\":1,\"name\":\"In\u00edcio\",\"item\":\"https:\/\/portaltela.pt\/\"},{\"@type\":\"ListItem\",\"position\":2,\"name\":\"Gaia recusa plataforma de registo de pesados para circular na VCI\"}]},{\"@type\":\"WebSite\",\"@id\":\"https:\/\/portaltela.pt\/#website\",\"url\":\"https:\/\/portaltela.pt\/\",\"name\":\"Portal Tela Portugal\",\"description\":\"\",\"potentialAction\":[{\"@type\":\"SearchAction\",\"target\":{\"@type\":\"EntryPoint\",\"urlTemplate\":\"https:\/\/portaltela.pt\/?s={search_term_string}\"},\"query-input\":{\"@type\":\"PropertyValueSpecification\",\"valueRequired\":true,\"valueName\":\"search_term_string\"}}],\"inLanguage\":\"pt-PT\"},{\"@type\":\"Person\",\"@id\":\"https:\/\/portaltela.pt\/#\/schema\/person\/c4278d4a6028830caff9ee44b42d32ed\",\"name\":\"Telinha\",\"image\":{\"@type\":\"ImageObject\",\"inLanguage\":\"pt-PT\",\"@id\":\"https:\/\/portaltela.pt\/s.01k8rhncp4jt1\/2025\/11\/talking-bot-125x125.png\",\"url\":\"https:\/\/portaltela.pt\/s.01k8rhncp4jt1\/2025\/11\/talking-bot-125x125.png\",\"contentUrl\":\"https:\/\/portaltela.pt\/s.01k8rhncp4jt1\/2025\/11\/talking-bot-125x125.png\",\"caption\":\"Telinha\"},\"sameAs\":[\"https:\/\/portaltela.pt\/\"],\"url\":\"https:\/\/portaltela.pt\/por\/367410592786\/\"}]}<\/script>\n<!-- \/ Yoast SEO plugin. -->","yoast_head_json":{"title":"Gaia recusa plataforma de registo de pesados para circular na VCI - Portal Tela Portugal","robots":{"index":"index","follow":"follow","max-snippet":"max-snippet:-1","max-image-preview":"max-image-preview:large","max-video-preview":"max-video-preview:-1"},"og_locale":"pt_PT","og_type":"article","og_title":"Gaia recusa plataforma de registo de pesados para circular na VCI - Portal Tela Portugal","og_description":"O vice-presidente da C\u00e2mara de Gaia rejeitou adotar uma plataforma de registo de pesados de mercadorias para circular na Via de Cintura Interna (VCI). Mant\u00e9m-se favor\u00e1vel \u00e0 proibi\u00e7\u00e3o de circula\u00e7\u00e3o desses ve\u00edculos na VCI. Firmino Pereira, que gere Equipamentos P\u00fablicos e Espa\u00e7o P\u00fablico, discorda do rascunho do diploma que prev\u00ea registo numa plataforma digital dos munic\u00edpios do Porto e Gaia. O rascunho aponta que cada movimento precisa de habilita\u00e7\u00e3o de circula\u00e7\u00e3o obtida com anteced\u00eancia m\u00ednima de uma hora, via preenchimento de formul\u00e1rio.","og_url":"https:\/\/portaltela.pt\/noticias\/2026\/04\/01\/gaia-recusa-plataforma-de-registo-de-pesados-para-circular-na-vci\/","og_site_name":"Portal Tela Portugal","article_published_time":"2026-04-01T11:46:37+00:00","author":"Telinha","twitter_card":"summary_large_image","twitter_misc":{"Escrito por":"Telinha","Tempo estimado de leitura":"1 minuto"},"schema":{"@context":"https:\/\/schema.org","@graph":[{"@type":"Article","@id":"https:\/\/portaltela.pt\/noticias\/2026\/04\/01\/gaia-recusa-plataforma-de-registo-de-pesados-para-circular-na-vci\/#article","isPartOf":{"@id":"https:\/\/portaltela.pt\/noticias\/2026\/04\/01\/gaia-recusa-plataforma-de-registo-de-pesados-para-circular-na-vci\/"},"author":{"name":"Telinha","@id":"https:\/\/portaltela.pt\/#\/schema\/person\/c4278d4a6028830caff9ee44b42d32ed"},"headline":"Gaia recusa plataforma de registo de pesados para circular na VCI","datePublished":"2026-04-01T11:46:37+00:00","mainEntityOfPage":{"@id":"https:\/\/portaltela.pt\/noticias\/2026\/04\/01\/gaia-recusa-plataforma-de-registo-de-pesados-para-circular-na-vci\/"},"wordCount":238,"image":{"@id":"https:\/\/portaltela.pt\/noticias\/2026\/04\/01\/gaia-recusa-plataforma-de-registo-de-pesados-para-circular-na-vci\/#primaryimage"},"thumbnailUrl":"https:\/\/portaltela.pt\/s.01k8rhncp4jt1\/2026\/04\/img_1500x1000uu2024-11-21-17-14-47-2178669.jpg","keywords":["\u00c1rea Metropolitana de Porto","Gaia","infraestruturas rodovi\u00e1rias","Porto","seguran\u00e7a rodovi\u00e1ria","tr\u00e2nsito"],"articleSection":["Not\u00edcias","Pol\u00edtica"],"inLanguage":"pt-PT"},{"@type":"WebPage","@id":"https:\/\/portaltela.pt\/noticias\/2026\/04\/01\/gaia-recusa-plataforma-de-registo-de-pesados-para-circular-na-vci\/","url":"https:\/\/portaltela.pt\/noticias\/2026\/04\/01\/gaia-recusa-plataforma-de-registo-de-pesados-para-circular-na-vci\/","name":"Gaia recusa plataforma de registo de pesados para circular na VCI - Portal Tela Portugal","isPartOf":{"@id":"https:\/\/portaltela.pt\/#website"},"primaryImageOfPage":{"@id":"https:\/\/portaltela.pt\/noticias\/2026\/04\/01\/gaia-recusa-plataforma-de-registo-de-pesados-para-circular-na-vci\/#primaryimage"},"image":{"@id":"https:\/\/portaltela.pt\/noticias\/2026\/04\/01\/gaia-recusa-plataforma-de-registo-de-pesados-para-circular-na-vci\/#primaryimage"},"thumbnailUrl":"https:\/\/portaltela.pt\/s.01k8rhncp4jt1\/2026\/04\/img_1500x1000uu2024-11-21-17-14-47-2178669.jpg","datePublished":"2026-04-01T11:46:37+00:00","author":{"@id":"https:\/\/portaltela.pt\/#\/schema\/person\/c4278d4a6028830caff9ee44b42d32ed"},"breadcrumb":{"@id":"https:\/\/portaltela.pt\/noticias\/2026\/04\/01\/gaia-recusa-plataforma-de-registo-de-pesados-para-circular-na-vci\/#breadcrumb"},"inLanguage":"pt-PT","potentialAction":[{"@type":"ReadAction","target":["https:\/\/portaltela.pt\/noticias\/2026\/04\/01\/gaia-recusa-plataforma-de-registo-de-pesados-para-circular-na-vci\/"]}]},{"@type":"ImageObject","inLanguage":"pt-PT","@id":"https:\/\/portaltela.pt\/noticias\/2026\/04\/01\/gaia-recusa-plataforma-de-registo-de-pesados-para-circular-na-vci\/#primaryimage","url":"https:\/\/portaltela.pt\/s.01k8rhncp4jt1\/2026\/04\/img_1500x1000uu2024-11-21-17-14-47-2178669.jpg","contentUrl":"https:\/\/portaltela.pt\/s.01k8rhncp4jt1\/2026\/04\/img_1500x1000uu2024-11-21-17-14-47-2178669.jpg","width":796,"height":448,"caption":"Tr\u00e2nsito na VCI"},{"@type":"BreadcrumbList","@id":"https:\/\/portaltela.pt\/noticias\/2026\/04\/01\/gaia-recusa-plataforma-de-registo-de-pesados-para-circular-na-vci\/#breadcrumb","itemListElement":[{"@type":"ListItem","position":1,"name":"In\u00edcio","item":"https:\/\/portaltela.pt\/"},{"@type":"ListItem","position":2,"name":"Gaia recusa plataforma de registo de pesados para circular na VCI"}]},{"@type":"WebSite","@id":"https:\/\/portaltela.pt\/#website","url":"https:\/\/portaltela.pt\/","name":"Portal Tela Portugal","description":"","potentialAction":[{"@type":"SearchAction","target":{"@type":"EntryPoint","urlTemplate":"https:\/\/portaltela.pt\/?s={search_term_string}"},"query-input":{"@type":"PropertyValueSpecification","valueRequired":true,"valueName":"search_term_string"}}],"inLanguage":"pt-PT"},{"@type":"Person","@id":"https:\/\/portaltela.pt\/#\/schema\/person\/c4278d4a6028830caff9ee44b42d32ed","name":"Telinha","image":{"@type":"ImageObject","inLanguage":"pt-PT","@id":"https:\/\/portaltela.pt\/s.01k8rhncp4jt1\/2025\/11\/talking-bot-125x125.png","url":"https:\/\/portaltela.pt\/s.01k8rhncp4jt1\/2025\/11\/talking-bot-125x125.png","contentUrl":"https:\/\/portaltela.pt\/s.01k8rhncp4jt1\/2025\/11\/talking-bot-125x125.png","caption":"Telinha"},"sameAs":["https:\/\/portaltela.pt\/"],"url":"https:\/\/portaltela.pt\/por\/367410592786\/"}]}},"_links":{"self":[{"href":"https:\/\/portaltela.pt\/api\/wp\/v2\/posts\/429059","targetHints":{"allow":["GET"]}}],"collection":[{"href":"https:\/\/portaltela.pt\/api\/wp\/v2\/posts"}],"about":[{"href":"https:\/\/portaltela.pt\/api\/wp\/v2\/types\/post"}],"author":[{"embeddable":true,"href":"https:\/\/portaltela.pt\/api\/wp\/v2\/users\/2"}],"replies":[{"embeddable":true,"href":"https:\/\/portaltela.pt\/api\/wp\/v2\/comments?post=429059"}],"version-history":[{"count":0,"href":"https:\/\/portaltela.pt\/api\/wp\/v2\/posts\/429059\/revisions"}],"wp:featuredmedia":[{"embeddable":true,"href":"https:\/\/portaltela.pt\/api\/wp\/v2\/media\/429060"}],"wp:attachment":[{"href":"https:\/\/portaltela.pt\/api\/wp\/v2\/media?parent=429059"}],"wp:term":[{"taxonomy":"category","embeddable":true,"href":"https:\/\/portaltela.pt\/api\/wp\/v2\/categories?post=429059"},{"taxonomy":"post_tag","embeddable":true,"href":"https:\/\/portaltela.pt\/api\/wp\/v2\/tags?post=429059"}],"curies":[{"name":"wp","href":"https:\/\/api.w.org\/{rel}","templated":true}]}}