{"id":429041,"date":"2026-04-01T08:32:08","date_gmt":"2026-04-01T11:32:08","guid":{"rendered":"https:\/\/portaltela.pt\/noticias\/2026\/04\/01\/a-tristeza-no-rosto-de-yamal-apos-jogo-marcado-por-canticos-islamofobicos\/"},"modified":"2026-04-01T08:32:08","modified_gmt":"2026-04-01T11:32:08","slug":"a-tristeza-no-rosto-de-yamal-apos-jogo-marcado-por-canticos-islamofobicos","status":"publish","type":"post","link":"https:\/\/portaltela.pt\/desporto\/futebol\/2026\/04\/01\/a-tristeza-no-rosto-de-yamal-apos-jogo-marcado-por-canticos-islamofobicos\/","title":{"rendered":"A tristeza no rosto de Yamal ap\u00f3s jogo marcado por c\u00e2nticos islamof\u00f3bicos"},"content":{"rendered":"<p>Durante um encontro particular de prepara\u00e7\u00e3o para o Mundial\u20192026, a Espanha empatou 0-0 com o Egito, num jogo disputado em territ\u00f3rio espanhol. O encontro teve um ambiente de treino, sem consequ\u00eancias oficiais.<\/p>\n<p>Ao longo da partida, alguns adeptos presentes entoaram c\u00e2nticos xen\u00f3fobos, incluindo a express\u00e3o \u201cquem n\u00e3o salta \u00e9 mu\u00e7ulmano\u201d, ap\u00f3s j\u00e1 terem assobiado o hino do Egito na cerim\u00f3nia de apresenta\u00e7\u00e3o. O epis\u00f3dio ocorreu antes do apito inicial e voltou a aparecer durante o jogo.<\/p>\n<h3>Incidente xen\u00f3fobo durante o encontro<\/h3>\n<p>No final do encontro, o extremo espanhol Lamine Yamal, de ascend\u00eancia marroquina, mostrou sinais de tristeza ao abandonar o relvado, segundo imagens captadas no recinto. Yamal \u00e9 uma das refer\u00eancias do futebol espanhol atual e tem sido alvo de aten\u00e7\u00f5es pela sua identidade multicultural.<\/p>\n","protected":false},"excerpt":{"rendered":"<ul>\n<li>Espanha empatou 0-0 com o Egito num jogo de prepara\u00e7\u00e3o para o Mundial de 2026.<\/li>\n<li>Durante a partida, houve c\u00e2nticos xen\u00f3fobos por parte de adeptos locais, incluindo o phrase &#8220;quem n\u00e3o salta \u00e9 mu\u00e7ulmano&#8221;, ap\u00f3s assobios ao hino eg\u00edpcio.<\/li>\n<li>O incidente ocorreu na cerim\u00f3nia protocolar, antes do apito inicial.<\/li>\n<li>Lamine Yamal, com ascend\u00eancia marroquina, demonstrou tristeza ao sair do relvado.<\/li>\n<li>O acontecimento marca o epis\u00f3dio de xenofobia vivenciado no encontro entre as sele\u00e7\u00f5es.<\/li>\n<\/ul>\n","protected":false},"author":2,"featured_media":429046,"comment_status":"closed","ping_status":"closed","sticky":false,"template":"","format":"standard","meta":{"footnotes":""},"categories":[21,24],"tags":[1695,32,2794,2934,6032,3700],"class_list":["post-429041","post","type-post","status-publish","format-standard","has-post-thumbnail","hentry","category-desporto","category-futebol","tag-discriminacao","tag-futebol","tag-lamine-yamal","tag-multiculturalidade","tag-racismo","tag-xenofobos"],"yoast_head":"<!-- This site is optimized with the Yoast SEO plugin v27.2 - https:\/\/yoast.com\/product\/yoast-seo-wordpress\/ -->\n<title>A tristeza no rosto de Yamal ap\u00f3s jogo marcado por c\u00e2nticos islamof\u00f3bicos - Portal Tela Portugal<\/title>\n<meta name=\"robots\" content=\"index, follow, max-snippet:-1, max-image-preview:large, max-video-preview:-1\" \/>\n<meta property=\"og:locale\" content=\"pt_PT\" \/>\n<meta property=\"og:type\" content=\"article\" \/>\n<meta property=\"og:title\" content=\"A tristeza no rosto de Yamal ap\u00f3s jogo marcado por c\u00e2nticos islamof\u00f3bicos - Portal Tela Portugal\" \/>\n<meta property=\"og:description\" content=\"Espanha empatou 0-0 com o Egito num jogo de prepara\u00e7\u00e3o para o Mundial de 2026. Durante a partida, houve c\u00e2nticos xen\u00f3fobos por parte de adeptos locais, incluindo o phrase &quot;quem n\u00e3o salta \u00e9 mu\u00e7ulmano&quot;, ap\u00f3s assobios ao hino eg\u00edpcio. O incidente ocorreu na cerim\u00f3nia protocolar, antes do apito inicial. Lamine Yamal, com ascend\u00eancia marroquina, demonstrou tristeza ao sair do relvado. O acontecimento marca o epis\u00f3dio de xenofobia vivenciado no encontro entre as sele\u00e7\u00f5es.\" \/>\n<meta property=\"og:url\" content=\"https:\/\/portaltela.pt\/noticias\/2026\/04\/01\/a-tristeza-no-rosto-de-yamal-apos-jogo-marcado-por-canticos-islamofobicos\/\" \/>\n<meta property=\"og:site_name\" content=\"Portal Tela Portugal\" \/>\n<meta property=\"article:published_time\" content=\"2026-04-01T11:32:08+00:00\" \/>\n<meta name=\"author\" content=\"Telinha\" \/>\n<meta name=\"twitter:card\" content=\"summary_large_image\" \/>\n<meta name=\"twitter:label1\" content=\"Escrito por\" \/>\n\t<meta name=\"twitter:data1\" content=\"Telinha\" \/>\n\t<meta name=\"twitter:label2\" content=\"Tempo estimado de leitura\" \/>\n\t<meta name=\"twitter:data2\" content=\"1 minuto\" \/>\n<script type=\"application\/ld+json\" class=\"yoast-schema-graph\">{\"@context\":\"https:\/\/schema.org\",\"@graph\":[{\"@type\":\"Article\",\"@id\":\"https:\/\/portaltela.pt\/noticias\/2026\/04\/01\/a-tristeza-no-rosto-de-yamal-apos-jogo-marcado-por-canticos-islamofobicos\/#article\",\"isPartOf\":{\"@id\":\"https:\/\/portaltela.pt\/noticias\/2026\/04\/01\/a-tristeza-no-rosto-de-yamal-apos-jogo-marcado-por-canticos-islamofobicos\/\"},\"author\":{\"name\":\"Telinha\",\"@id\":\"https:\/\/portaltela.pt\/#\/schema\/person\/c4278d4a6028830caff9ee44b42d32ed\"},\"headline\":\"A tristeza no rosto de Yamal ap\u00f3s jogo marcado por c\u00e2nticos islamof\u00f3bicos\",\"datePublished\":\"2026-04-01T11:32:08+00:00\",\"mainEntityOfPage\":{\"@id\":\"https:\/\/portaltela.pt\/noticias\/2026\/04\/01\/a-tristeza-no-rosto-de-yamal-apos-jogo-marcado-por-canticos-islamofobicos\/\"},\"wordCount\":154,\"image\":{\"@id\":\"https:\/\/portaltela.pt\/noticias\/2026\/04\/01\/a-tristeza-no-rosto-de-yamal-apos-jogo-marcado-por-canticos-islamofobicos\/#primaryimage\"},\"thumbnailUrl\":\"https:\/\/portaltela.pt\/s.01k8rhncp4jt1\/2026\/04\/img_1200x721uu2026-04-01-12-20-32-2430457.jpg\",\"keywords\":[\"discrimina\u00e7\u00e3o\",\"futebol\",\"Lamine Yamal\",\"multiculturalidade\",\"racismo\",\"xen\u00f3fobos\"],\"articleSection\":[\"Desporto\",\"Futebol\"],\"inLanguage\":\"pt-PT\"},{\"@type\":\"WebPage\",\"@id\":\"https:\/\/portaltela.pt\/noticias\/2026\/04\/01\/a-tristeza-no-rosto-de-yamal-apos-jogo-marcado-por-canticos-islamofobicos\/\",\"url\":\"https:\/\/portaltela.pt\/noticias\/2026\/04\/01\/a-tristeza-no-rosto-de-yamal-apos-jogo-marcado-por-canticos-islamofobicos\/\",\"name\":\"A tristeza no rosto de Yamal ap\u00f3s jogo marcado por c\u00e2nticos islamof\u00f3bicos - Portal Tela Portugal\",\"isPartOf\":{\"@id\":\"https:\/\/portaltela.pt\/#website\"},\"primaryImageOfPage\":{\"@id\":\"https:\/\/portaltela.pt\/noticias\/2026\/04\/01\/a-tristeza-no-rosto-de-yamal-apos-jogo-marcado-por-canticos-islamofobicos\/#primaryimage\"},\"image\":{\"@id\":\"https:\/\/portaltela.pt\/noticias\/2026\/04\/01\/a-tristeza-no-rosto-de-yamal-apos-jogo-marcado-por-canticos-islamofobicos\/#primaryimage\"},\"thumbnailUrl\":\"https:\/\/portaltela.pt\/s.01k8rhncp4jt1\/2026\/04\/img_1200x721uu2026-04-01-12-20-32-2430457.jpg\",\"datePublished\":\"2026-04-01T11:32:08+00:00\",\"author\":{\"@id\":\"https:\/\/portaltela.pt\/#\/schema\/person\/c4278d4a6028830caff9ee44b42d32ed\"},\"breadcrumb\":{\"@id\":\"https:\/\/portaltela.pt\/noticias\/2026\/04\/01\/a-tristeza-no-rosto-de-yamal-apos-jogo-marcado-por-canticos-islamofobicos\/#breadcrumb\"},\"inLanguage\":\"pt-PT\",\"potentialAction\":[{\"@type\":\"ReadAction\",\"target\":[\"https:\/\/portaltela.pt\/noticias\/2026\/04\/01\/a-tristeza-no-rosto-de-yamal-apos-jogo-marcado-por-canticos-islamofobicos\/\"]}]},{\"@type\":\"ImageObject\",\"inLanguage\":\"pt-PT\",\"@id\":\"https:\/\/portaltela.pt\/noticias\/2026\/04\/01\/a-tristeza-no-rosto-de-yamal-apos-jogo-marcado-por-canticos-islamofobicos\/#primaryimage\",\"url\":\"https:\/\/portaltela.pt\/s.01k8rhncp4jt1\/2026\/04\/img_1200x721uu2026-04-01-12-20-32-2430457.jpg\",\"contentUrl\":\"https:\/\/portaltela.pt\/s.01k8rhncp4jt1\/2026\/04\/img_1200x721uu2026-04-01-12-20-32-2430457.jpg\",\"width\":796,\"height\":448,\"caption\":\"A tristeza na cara de Yamal \u00e0 sa\u00edda do relvado ap\u00f3s jogo marcado por c\u00e2nticos islamof\u00f3bicos\"},{\"@type\":\"BreadcrumbList\",\"@id\":\"https:\/\/portaltela.pt\/noticias\/2026\/04\/01\/a-tristeza-no-rosto-de-yamal-apos-jogo-marcado-por-canticos-islamofobicos\/#breadcrumb\",\"itemListElement\":[{\"@type\":\"ListItem\",\"position\":1,\"name\":\"In\u00edcio\",\"item\":\"https:\/\/portaltela.pt\/\"},{\"@type\":\"ListItem\",\"position\":2,\"name\":\"A tristeza no rosto de Yamal ap\u00f3s jogo marcado por c\u00e2nticos islamof\u00f3bicos\"}]},{\"@type\":\"WebSite\",\"@id\":\"https:\/\/portaltela.pt\/#website\",\"url\":\"https:\/\/portaltela.pt\/\",\"name\":\"Portal Tela Portugal\",\"description\":\"\",\"potentialAction\":[{\"@type\":\"SearchAction\",\"target\":{\"@type\":\"EntryPoint\",\"urlTemplate\":\"https:\/\/portaltela.pt\/?s={search_term_string}\"},\"query-input\":{\"@type\":\"PropertyValueSpecification\",\"valueRequired\":true,\"valueName\":\"search_term_string\"}}],\"inLanguage\":\"pt-PT\"},{\"@type\":\"Person\",\"@id\":\"https:\/\/portaltela.pt\/#\/schema\/person\/c4278d4a6028830caff9ee44b42d32ed\",\"name\":\"Telinha\",\"image\":{\"@type\":\"ImageObject\",\"inLanguage\":\"pt-PT\",\"@id\":\"https:\/\/portaltela.pt\/s.01k8rhncp4jt1\/2025\/11\/talking-bot-125x125.png\",\"url\":\"https:\/\/portaltela.pt\/s.01k8rhncp4jt1\/2025\/11\/talking-bot-125x125.png\",\"contentUrl\":\"https:\/\/portaltela.pt\/s.01k8rhncp4jt1\/2025\/11\/talking-bot-125x125.png\",\"caption\":\"Telinha\"},\"sameAs\":[\"https:\/\/portaltela.pt\/\"],\"url\":\"https:\/\/portaltela.pt\/por\/367410592786\/\"}]}<\/script>\n<!-- \/ Yoast SEO plugin. -->","yoast_head_json":{"title":"A tristeza no rosto de Yamal ap\u00f3s jogo marcado por c\u00e2nticos islamof\u00f3bicos - Portal Tela Portugal","robots":{"index":"index","follow":"follow","max-snippet":"max-snippet:-1","max-image-preview":"max-image-preview:large","max-video-preview":"max-video-preview:-1"},"og_locale":"pt_PT","og_type":"article","og_title":"A tristeza no rosto de Yamal ap\u00f3s jogo marcado por c\u00e2nticos islamof\u00f3bicos - Portal Tela Portugal","og_description":"Espanha empatou 0-0 com o Egito num jogo de prepara\u00e7\u00e3o para o Mundial de 2026. Durante a partida, houve c\u00e2nticos xen\u00f3fobos por parte de adeptos locais, incluindo o phrase \"quem n\u00e3o salta \u00e9 mu\u00e7ulmano\", ap\u00f3s assobios ao hino eg\u00edpcio. O incidente ocorreu na cerim\u00f3nia protocolar, antes do apito inicial. Lamine Yamal, com ascend\u00eancia marroquina, demonstrou tristeza ao sair do relvado. O acontecimento marca o epis\u00f3dio de xenofobia vivenciado no encontro entre as sele\u00e7\u00f5es.","og_url":"https:\/\/portaltela.pt\/noticias\/2026\/04\/01\/a-tristeza-no-rosto-de-yamal-apos-jogo-marcado-por-canticos-islamofobicos\/","og_site_name":"Portal Tela Portugal","article_published_time":"2026-04-01T11:32:08+00:00","author":"Telinha","twitter_card":"summary_large_image","twitter_misc":{"Escrito por":"Telinha","Tempo estimado de leitura":"1 minuto"},"schema":{"@context":"https:\/\/schema.org","@graph":[{"@type":"Article","@id":"https:\/\/portaltela.pt\/noticias\/2026\/04\/01\/a-tristeza-no-rosto-de-yamal-apos-jogo-marcado-por-canticos-islamofobicos\/#article","isPartOf":{"@id":"https:\/\/portaltela.pt\/noticias\/2026\/04\/01\/a-tristeza-no-rosto-de-yamal-apos-jogo-marcado-por-canticos-islamofobicos\/"},"author":{"name":"Telinha","@id":"https:\/\/portaltela.pt\/#\/schema\/person\/c4278d4a6028830caff9ee44b42d32ed"},"headline":"A tristeza no rosto de Yamal ap\u00f3s jogo marcado por c\u00e2nticos islamof\u00f3bicos","datePublished":"2026-04-01T11:32:08+00:00","mainEntityOfPage":{"@id":"https:\/\/portaltela.pt\/noticias\/2026\/04\/01\/a-tristeza-no-rosto-de-yamal-apos-jogo-marcado-por-canticos-islamofobicos\/"},"wordCount":154,"image":{"@id":"https:\/\/portaltela.pt\/noticias\/2026\/04\/01\/a-tristeza-no-rosto-de-yamal-apos-jogo-marcado-por-canticos-islamofobicos\/#primaryimage"},"thumbnailUrl":"https:\/\/portaltela.pt\/s.01k8rhncp4jt1\/2026\/04\/img_1200x721uu2026-04-01-12-20-32-2430457.jpg","keywords":["discrimina\u00e7\u00e3o","futebol","Lamine Yamal","multiculturalidade","racismo","xen\u00f3fobos"],"articleSection":["Desporto","Futebol"],"inLanguage":"pt-PT"},{"@type":"WebPage","@id":"https:\/\/portaltela.pt\/noticias\/2026\/04\/01\/a-tristeza-no-rosto-de-yamal-apos-jogo-marcado-por-canticos-islamofobicos\/","url":"https:\/\/portaltela.pt\/noticias\/2026\/04\/01\/a-tristeza-no-rosto-de-yamal-apos-jogo-marcado-por-canticos-islamofobicos\/","name":"A tristeza no rosto de Yamal ap\u00f3s jogo marcado por c\u00e2nticos islamof\u00f3bicos - Portal Tela Portugal","isPartOf":{"@id":"https:\/\/portaltela.pt\/#website"},"primaryImageOfPage":{"@id":"https:\/\/portaltela.pt\/noticias\/2026\/04\/01\/a-tristeza-no-rosto-de-yamal-apos-jogo-marcado-por-canticos-islamofobicos\/#primaryimage"},"image":{"@id":"https:\/\/portaltela.pt\/noticias\/2026\/04\/01\/a-tristeza-no-rosto-de-yamal-apos-jogo-marcado-por-canticos-islamofobicos\/#primaryimage"},"thumbnailUrl":"https:\/\/portaltela.pt\/s.01k8rhncp4jt1\/2026\/04\/img_1200x721uu2026-04-01-12-20-32-2430457.jpg","datePublished":"2026-04-01T11:32:08+00:00","author":{"@id":"https:\/\/portaltela.pt\/#\/schema\/person\/c4278d4a6028830caff9ee44b42d32ed"},"breadcrumb":{"@id":"https:\/\/portaltela.pt\/noticias\/2026\/04\/01\/a-tristeza-no-rosto-de-yamal-apos-jogo-marcado-por-canticos-islamofobicos\/#breadcrumb"},"inLanguage":"pt-PT","potentialAction":[{"@type":"ReadAction","target":["https:\/\/portaltela.pt\/noticias\/2026\/04\/01\/a-tristeza-no-rosto-de-yamal-apos-jogo-marcado-por-canticos-islamofobicos\/"]}]},{"@type":"ImageObject","inLanguage":"pt-PT","@id":"https:\/\/portaltela.pt\/noticias\/2026\/04\/01\/a-tristeza-no-rosto-de-yamal-apos-jogo-marcado-por-canticos-islamofobicos\/#primaryimage","url":"https:\/\/portaltela.pt\/s.01k8rhncp4jt1\/2026\/04\/img_1200x721uu2026-04-01-12-20-32-2430457.jpg","contentUrl":"https:\/\/portaltela.pt\/s.01k8rhncp4jt1\/2026\/04\/img_1200x721uu2026-04-01-12-20-32-2430457.jpg","width":796,"height":448,"caption":"A tristeza na cara de Yamal \u00e0 sa\u00edda do relvado ap\u00f3s jogo marcado por c\u00e2nticos islamof\u00f3bicos"},{"@type":"BreadcrumbList","@id":"https:\/\/portaltela.pt\/noticias\/2026\/04\/01\/a-tristeza-no-rosto-de-yamal-apos-jogo-marcado-por-canticos-islamofobicos\/#breadcrumb","itemListElement":[{"@type":"ListItem","position":1,"name":"In\u00edcio","item":"https:\/\/portaltela.pt\/"},{"@type":"ListItem","position":2,"name":"A tristeza no rosto de Yamal ap\u00f3s jogo marcado por c\u00e2nticos islamof\u00f3bicos"}]},{"@type":"WebSite","@id":"https:\/\/portaltela.pt\/#website","url":"https:\/\/portaltela.pt\/","name":"Portal Tela Portugal","description":"","potentialAction":[{"@type":"SearchAction","target":{"@type":"EntryPoint","urlTemplate":"https:\/\/portaltela.pt\/?s={search_term_string}"},"query-input":{"@type":"PropertyValueSpecification","valueRequired":true,"valueName":"search_term_string"}}],"inLanguage":"pt-PT"},{"@type":"Person","@id":"https:\/\/portaltela.pt\/#\/schema\/person\/c4278d4a6028830caff9ee44b42d32ed","name":"Telinha","image":{"@type":"ImageObject","inLanguage":"pt-PT","@id":"https:\/\/portaltela.pt\/s.01k8rhncp4jt1\/2025\/11\/talking-bot-125x125.png","url":"https:\/\/portaltela.pt\/s.01k8rhncp4jt1\/2025\/11\/talking-bot-125x125.png","contentUrl":"https:\/\/portaltela.pt\/s.01k8rhncp4jt1\/2025\/11\/talking-bot-125x125.png","caption":"Telinha"},"sameAs":["https:\/\/portaltela.pt\/"],"url":"https:\/\/portaltela.pt\/por\/367410592786\/"}]}},"_links":{"self":[{"href":"https:\/\/portaltela.pt\/api\/wp\/v2\/posts\/429041","targetHints":{"allow":["GET"]}}],"collection":[{"href":"https:\/\/portaltela.pt\/api\/wp\/v2\/posts"}],"about":[{"href":"https:\/\/portaltela.pt\/api\/wp\/v2\/types\/post"}],"author":[{"embeddable":true,"href":"https:\/\/portaltela.pt\/api\/wp\/v2\/users\/2"}],"replies":[{"embeddable":true,"href":"https:\/\/portaltela.pt\/api\/wp\/v2\/comments?post=429041"}],"version-history":[{"count":0,"href":"https:\/\/portaltela.pt\/api\/wp\/v2\/posts\/429041\/revisions"}],"wp:featuredmedia":[{"embeddable":true,"href":"https:\/\/portaltela.pt\/api\/wp\/v2\/media\/429046"}],"wp:attachment":[{"href":"https:\/\/portaltela.pt\/api\/wp\/v2\/media?parent=429041"}],"wp:term":[{"taxonomy":"category","embeddable":true,"href":"https:\/\/portaltela.pt\/api\/wp\/v2\/categories?post=429041"},{"taxonomy":"post_tag","embeddable":true,"href":"https:\/\/portaltela.pt\/api\/wp\/v2\/tags?post=429041"}],"curies":[{"name":"wp","href":"https:\/\/api.w.org\/{rel}","templated":true}]}}