{"id":429040,"date":"2026-04-01T08:32:09","date_gmt":"2026-04-01T11:32:09","guid":{"rendered":"https:\/\/portaltela.pt\/noticias\/2026\/04\/01\/presidente-sirio-nega-ter-pedido-retorno-de-80-de-sirios-na-alemanha\/"},"modified":"2026-04-01T08:32:09","modified_gmt":"2026-04-01T11:32:09","slug":"presidente-sirio-nega-ter-pedido-retorno-de-80-de-sirios-na-alemanha","status":"publish","type":"post","link":"https:\/\/portaltela.pt\/geopolitica\/2026\/04\/01\/presidente-sirio-nega-ter-pedido-retorno-de-80-de-sirios-na-alemanha\/","title":{"rendered":"Presidente s\u00edrio nega ter pedido retorno de 80% de s\u00edrios na Alemanha"},"content":{"rendered":"<p>Ahmed al-Sharaa clarificou, em Londres, que n\u00e3o manifestou a inten\u00e7\u00e3o de ver 80% dos s\u00edrios na Alemanha regressarem \u00e0 S\u00edria. A afirma\u00e7\u00e3o foi atribu\u00edda por erro ao presidente interino s\u00edrio durante a visita a Berlim, onde o tema central foi o regresso de imigrantes s\u00edrios.<\/p>\n<p>Durante a passagem por Berlim, o chanceler alem\u00e3o Friedrich Merz tinha indicado que, a longo prazo, cerca de 80% dos s\u00edrios na Alemanha poderiam regressar ao pa\u00eds. Al-Sharaa explicou depois, em Londres, que esse valor n\u00e3o correspondia ao seu desejo nem ao de eventuais pol\u00edticas s\u00edrias. A comunica\u00e7\u00e3o inicial gerou confus\u00e3o entre as autoridades.<\/p>\n<p>Ainda em Berlim, a Al-Jazeera reportou que Al-Sharaa n\u00e3o apoiava que s\u00edrios bem integrados nessa di\u00e1spora desistissem das suas vidas na Alemanha. O presidente interino sublinhou que muitos s\u00edrios formaram carreiras e estudaram em universidades alem\u00e3s, defendendo que o conhecimento adquirido possa beneficiar a S\u00edria se investirem no seu pa\u00eds.<\/p>\n<h3>Contexto na Alemanha<\/h3>\n<p>Dados da Ag\u00eancia Federal de Emprego indicam que aproximadamente 320 mil s\u00edrios est\u00e3o hoje empregados na Alemanha, com 266 mil sujeitos a contribui\u00e7\u00f5es para a seguran\u00e7a social. A popula\u00e7\u00e3o s\u00edria tamb\u00e9m recebeu benef\u00edcios de cidadania, com 518 mil cidad\u00e3os reconhecidos at\u00e9 agosto de 2024, incluindo 353 mil ativos e 165 mil crian\u00e7as e jovens.<\/p>\n<p>No entanto, esses n\u00fameros coexistem com press\u00f5es de integra\u00e7\u00e3o e com a exist\u00eancia de apoio ao rendimento b\u00e1sico para muitos migrantes s\u00edrios. Segundo o relat\u00f3rio oficial, 21,5% dos suspeitos de infra\u00e7\u00f5es penais em 2024 eram s\u00edrios, face a uma refer\u00eancia de crime que gerou debates p\u00fablicos no pa\u00eds.<\/p>\n<h3>Repercuss\u00f5es entre refugiados<\/h3>\n<p>A not\u00edcia sobre a possibilidade de regresso de 80% causou inquieta\u00e7\u00e3o entre muitos s\u00edrios na Alemanha, que temem altera\u00e7\u00f5es no estatuto migrat\u00f3rio ou mudan\u00e7as no reconhecimento de la\u00e7os permanentes com o pa\u00eds de ado\u00e7\u00e3o. Trabalhadores, estudantes e novos residentes expressaram preocupa\u00e7\u00f5es sobre o futuro de suas vidas no pa\u00eds.<\/p>\n","protected":false},"excerpt":{"rendered":"<ul>\n<li>O presidente s\u00edrio interino Ahmed al-Sharaa esclareceu, em Londres, que n\u00e3o defendeu que 80% dos s\u00edrios na Alemanha regressem ao pa\u00eds; a ideia ter\u00e1 sido do chanceler Friedrich Merz durante a visita a Berlim.<\/li>\n<li>Merz afirmou que, a longo prazo, nos pr\u00f3ximos tr\u00eas anos, cerca de 80% dos s\u00edrios na Alemanha deveriam regressar, posi\u00e7\u00e3o que Al-Sharaa rejeita.<\/li>\n<li>O presidente s\u00edrio disse que n\u00e3o apoia que s\u00edrios bem integrados na Alemanha abandonem as suas carreiras; afirmou que muitos estudaram em universidades alem\u00e3s e trabalham em empresas locais.<\/li>\n<li>Dados da Ag\u00eancia Federal de Emprego indicam que 320.000 s\u00edrios est\u00e3o empregados na Alemanha, 266.100 contribuem para a seguran\u00e7a social; muitos recebem o apoio ao rendimento b\u00e1sico que substitui o subs\u00eddio de cidadania.<\/li>\n<li>Em agosto de 2024, 518.000 s\u00edrios receberam subs\u00eddios de cidadania (353.000 em idade ativa e 165.000 menores de 15 anos); s\u00edrios representavam 21,5% dos suspeitos de infra\u00e7\u00f5es penais, com maior incid\u00eancia em crimes violentos.<\/li>\n<\/ul>\n","protected":false},"author":2,"featured_media":429045,"comment_status":"closed","ping_status":"closed","sticky":false,"template":"","format":"standard","meta":{"footnotes":""},"categories":[6814],"tags":[1603,712,1456,6691,7439,2066],"class_list":["post-429040","post","type-post","status-publish","format-standard","has-post-thumbnail","hentry","category-geopolitica","tag-alemanha","tag-imigracao","tag-migracao","tag-migracao-internacional","tag-politica-externa","tag-siria"],"yoast_head":"<!-- This site is optimized with the Yoast SEO plugin v27.2 - https:\/\/yoast.com\/product\/yoast-seo-wordpress\/ -->\n<title>Presidente s\u00edrio nega ter pedido retorno de 80% de s\u00edrios na Alemanha - Portal Tela Portugal<\/title>\n<meta name=\"robots\" content=\"index, follow, max-snippet:-1, max-image-preview:large, max-video-preview:-1\" \/>\n<meta property=\"og:locale\" content=\"pt_PT\" \/>\n<meta property=\"og:type\" content=\"article\" \/>\n<meta property=\"og:title\" content=\"Presidente s\u00edrio nega ter pedido retorno de 80% de s\u00edrios na Alemanha - Portal Tela Portugal\" \/>\n<meta property=\"og:description\" content=\"O presidente s\u00edrio interino Ahmed al-Sharaa esclareceu, em Londres, que n\u00e3o defendeu que 80% dos s\u00edrios na Alemanha regressem ao pa\u00eds; a ideia ter\u00e1 sido do chanceler Friedrich Merz durante a visita a Berlim. Merz afirmou que, a longo prazo, nos pr\u00f3ximos tr\u00eas anos, cerca de 80% dos s\u00edrios na Alemanha deveriam regressar, posi\u00e7\u00e3o que Al-Sharaa rejeita. O presidente s\u00edrio disse que n\u00e3o apoia que s\u00edrios bem integrados na Alemanha abandonem as suas carreiras; afirmou que muitos estudaram em universidades alem\u00e3s e trabalham em empresas locais. Dados da Ag\u00eancia Federal de Emprego indicam que 320.000 s\u00edrios est\u00e3o empregados na Alemanha, 266.100 contribuem para a seguran\u00e7a social; muitos recebem o apoio ao rendimento b\u00e1sico que substitui o subs\u00eddio de cidadania. Em agosto de 2024, 518.000 s\u00edrios receberam subs\u00eddios de cidadania (353.000 em idade ativa e 165.000 menores de 15 anos); s\u00edrios representavam 21,5% dos suspeitos de infra\u00e7\u00f5es penais, com maior incid\u00eancia em crimes violentos.\" \/>\n<meta property=\"og:url\" content=\"https:\/\/portaltela.pt\/noticias\/2026\/04\/01\/presidente-sirio-nega-ter-pedido-retorno-de-80-de-sirios-na-alemanha\/\" \/>\n<meta property=\"og:site_name\" content=\"Portal Tela Portugal\" \/>\n<meta property=\"article:published_time\" content=\"2026-04-01T11:32:09+00:00\" \/>\n<meta name=\"author\" content=\"Telinha\" \/>\n<meta name=\"twitter:card\" content=\"summary_large_image\" \/>\n<meta name=\"twitter:label1\" content=\"Escrito por\" \/>\n\t<meta name=\"twitter:data1\" content=\"Telinha\" \/>\n\t<meta name=\"twitter:label2\" content=\"Tempo estimado de leitura\" \/>\n\t<meta name=\"twitter:data2\" content=\"2 minutos\" \/>\n<script type=\"application\/ld+json\" class=\"yoast-schema-graph\">{\"@context\":\"https:\/\/schema.org\",\"@graph\":[{\"@type\":\"Article\",\"@id\":\"https:\/\/portaltela.pt\/noticias\/2026\/04\/01\/presidente-sirio-nega-ter-pedido-retorno-de-80-de-sirios-na-alemanha\/#article\",\"isPartOf\":{\"@id\":\"https:\/\/portaltela.pt\/noticias\/2026\/04\/01\/presidente-sirio-nega-ter-pedido-retorno-de-80-de-sirios-na-alemanha\/\"},\"author\":{\"name\":\"Telinha\",\"@id\":\"https:\/\/portaltela.pt\/#\/schema\/person\/c4278d4a6028830caff9ee44b42d32ed\"},\"headline\":\"Presidente s\u00edrio nega ter pedido retorno de 80% de s\u00edrios na Alemanha\",\"datePublished\":\"2026-04-01T11:32:09+00:00\",\"mainEntityOfPage\":{\"@id\":\"https:\/\/portaltela.pt\/noticias\/2026\/04\/01\/presidente-sirio-nega-ter-pedido-retorno-de-80-de-sirios-na-alemanha\/\"},\"wordCount\":365,\"image\":{\"@id\":\"https:\/\/portaltela.pt\/noticias\/2026\/04\/01\/presidente-sirio-nega-ter-pedido-retorno-de-80-de-sirios-na-alemanha\/#primaryimage\"},\"thumbnailUrl\":\"https:\/\/portaltela.pt\/s.01k8rhncp4jt1\/2026\/04\/1536x864_cmsv2_1b176e3e-8ad1-50ca-ade7-abf3108ac063-9706342.jpg\",\"keywords\":[\"Alemanha\",\"imigra\u00e7\u00e3o\",\"migra\u00e7\u00e3o\",\"migra\u00e7\u00e3o internacional\",\"pol\u00edtica externa\",\"S\u00edria\"],\"articleSection\":[\"Geopol\u00edtica\"],\"inLanguage\":\"pt-PT\"},{\"@type\":\"WebPage\",\"@id\":\"https:\/\/portaltela.pt\/noticias\/2026\/04\/01\/presidente-sirio-nega-ter-pedido-retorno-de-80-de-sirios-na-alemanha\/\",\"url\":\"https:\/\/portaltela.pt\/noticias\/2026\/04\/01\/presidente-sirio-nega-ter-pedido-retorno-de-80-de-sirios-na-alemanha\/\",\"name\":\"Presidente s\u00edrio nega ter pedido retorno de 80% de s\u00edrios na Alemanha - Portal Tela Portugal\",\"isPartOf\":{\"@id\":\"https:\/\/portaltela.pt\/#website\"},\"primaryImageOfPage\":{\"@id\":\"https:\/\/portaltela.pt\/noticias\/2026\/04\/01\/presidente-sirio-nega-ter-pedido-retorno-de-80-de-sirios-na-alemanha\/#primaryimage\"},\"image\":{\"@id\":\"https:\/\/portaltela.pt\/noticias\/2026\/04\/01\/presidente-sirio-nega-ter-pedido-retorno-de-80-de-sirios-na-alemanha\/#primaryimage\"},\"thumbnailUrl\":\"https:\/\/portaltela.pt\/s.01k8rhncp4jt1\/2026\/04\/1536x864_cmsv2_1b176e3e-8ad1-50ca-ade7-abf3108ac063-9706342.jpg\",\"datePublished\":\"2026-04-01T11:32:09+00:00\",\"author\":{\"@id\":\"https:\/\/portaltela.pt\/#\/schema\/person\/c4278d4a6028830caff9ee44b42d32ed\"},\"breadcrumb\":{\"@id\":\"https:\/\/portaltela.pt\/noticias\/2026\/04\/01\/presidente-sirio-nega-ter-pedido-retorno-de-80-de-sirios-na-alemanha\/#breadcrumb\"},\"inLanguage\":\"pt-PT\",\"potentialAction\":[{\"@type\":\"ReadAction\",\"target\":[\"https:\/\/portaltela.pt\/noticias\/2026\/04\/01\/presidente-sirio-nega-ter-pedido-retorno-de-80-de-sirios-na-alemanha\/\"]}]},{\"@type\":\"ImageObject\",\"inLanguage\":\"pt-PT\",\"@id\":\"https:\/\/portaltela.pt\/noticias\/2026\/04\/01\/presidente-sirio-nega-ter-pedido-retorno-de-80-de-sirios-na-alemanha\/#primaryimage\",\"url\":\"https:\/\/portaltela.pt\/s.01k8rhncp4jt1\/2026\/04\/1536x864_cmsv2_1b176e3e-8ad1-50ca-ade7-abf3108ac063-9706342.jpg\",\"contentUrl\":\"https:\/\/portaltela.pt\/s.01k8rhncp4jt1\/2026\/04\/1536x864_cmsv2_1b176e3e-8ad1-50ca-ade7-abf3108ac063-9706342.jpg\",\"width\":796,\"height\":448,\"caption\":\"O chanceler alem\u00e3o Friedrich Merz (\u00e0 esquerda) recebe Ahmed al-Sharaa, presidente do governo de transi\u00e7\u00e3o s\u00edrio\"},{\"@type\":\"BreadcrumbList\",\"@id\":\"https:\/\/portaltela.pt\/noticias\/2026\/04\/01\/presidente-sirio-nega-ter-pedido-retorno-de-80-de-sirios-na-alemanha\/#breadcrumb\",\"itemListElement\":[{\"@type\":\"ListItem\",\"position\":1,\"name\":\"In\u00edcio\",\"item\":\"https:\/\/portaltela.pt\/\"},{\"@type\":\"ListItem\",\"position\":2,\"name\":\"Presidente s\u00edrio nega ter pedido retorno de 80% de s\u00edrios na Alemanha\"}]},{\"@type\":\"WebSite\",\"@id\":\"https:\/\/portaltela.pt\/#website\",\"url\":\"https:\/\/portaltela.pt\/\",\"name\":\"Portal Tela Portugal\",\"description\":\"\",\"potentialAction\":[{\"@type\":\"SearchAction\",\"target\":{\"@type\":\"EntryPoint\",\"urlTemplate\":\"https:\/\/portaltela.pt\/?s={search_term_string}\"},\"query-input\":{\"@type\":\"PropertyValueSpecification\",\"valueRequired\":true,\"valueName\":\"search_term_string\"}}],\"inLanguage\":\"pt-PT\"},{\"@type\":\"Person\",\"@id\":\"https:\/\/portaltela.pt\/#\/schema\/person\/c4278d4a6028830caff9ee44b42d32ed\",\"name\":\"Telinha\",\"image\":{\"@type\":\"ImageObject\",\"inLanguage\":\"pt-PT\",\"@id\":\"https:\/\/portaltela.pt\/s.01k8rhncp4jt1\/2025\/11\/talking-bot-125x125.png\",\"url\":\"https:\/\/portaltela.pt\/s.01k8rhncp4jt1\/2025\/11\/talking-bot-125x125.png\",\"contentUrl\":\"https:\/\/portaltela.pt\/s.01k8rhncp4jt1\/2025\/11\/talking-bot-125x125.png\",\"caption\":\"Telinha\"},\"sameAs\":[\"https:\/\/portaltela.pt\/\"],\"url\":\"https:\/\/portaltela.pt\/por\/367410592786\/\"}]}<\/script>\n<!-- \/ Yoast SEO plugin. -->","yoast_head_json":{"title":"Presidente s\u00edrio nega ter pedido retorno de 80% de s\u00edrios na Alemanha - Portal Tela Portugal","robots":{"index":"index","follow":"follow","max-snippet":"max-snippet:-1","max-image-preview":"max-image-preview:large","max-video-preview":"max-video-preview:-1"},"og_locale":"pt_PT","og_type":"article","og_title":"Presidente s\u00edrio nega ter pedido retorno de 80% de s\u00edrios na Alemanha - Portal Tela Portugal","og_description":"O presidente s\u00edrio interino Ahmed al-Sharaa esclareceu, em Londres, que n\u00e3o defendeu que 80% dos s\u00edrios na Alemanha regressem ao pa\u00eds; a ideia ter\u00e1 sido do chanceler Friedrich Merz durante a visita a Berlim. Merz afirmou que, a longo prazo, nos pr\u00f3ximos tr\u00eas anos, cerca de 80% dos s\u00edrios na Alemanha deveriam regressar, posi\u00e7\u00e3o que Al-Sharaa rejeita. O presidente s\u00edrio disse que n\u00e3o apoia que s\u00edrios bem integrados na Alemanha abandonem as suas carreiras; afirmou que muitos estudaram em universidades alem\u00e3s e trabalham em empresas locais. Dados da Ag\u00eancia Federal de Emprego indicam que 320.000 s\u00edrios est\u00e3o empregados na Alemanha, 266.100 contribuem para a seguran\u00e7a social; muitos recebem o apoio ao rendimento b\u00e1sico que substitui o subs\u00eddio de cidadania. Em agosto de 2024, 518.000 s\u00edrios receberam subs\u00eddios de cidadania (353.000 em idade ativa e 165.000 menores de 15 anos); s\u00edrios representavam 21,5% dos suspeitos de infra\u00e7\u00f5es penais, com maior incid\u00eancia em crimes violentos.","og_url":"https:\/\/portaltela.pt\/noticias\/2026\/04\/01\/presidente-sirio-nega-ter-pedido-retorno-de-80-de-sirios-na-alemanha\/","og_site_name":"Portal Tela Portugal","article_published_time":"2026-04-01T11:32:09+00:00","author":"Telinha","twitter_card":"summary_large_image","twitter_misc":{"Escrito por":"Telinha","Tempo estimado de leitura":"2 minutos"},"schema":{"@context":"https:\/\/schema.org","@graph":[{"@type":"Article","@id":"https:\/\/portaltela.pt\/noticias\/2026\/04\/01\/presidente-sirio-nega-ter-pedido-retorno-de-80-de-sirios-na-alemanha\/#article","isPartOf":{"@id":"https:\/\/portaltela.pt\/noticias\/2026\/04\/01\/presidente-sirio-nega-ter-pedido-retorno-de-80-de-sirios-na-alemanha\/"},"author":{"name":"Telinha","@id":"https:\/\/portaltela.pt\/#\/schema\/person\/c4278d4a6028830caff9ee44b42d32ed"},"headline":"Presidente s\u00edrio nega ter pedido retorno de 80% de s\u00edrios na Alemanha","datePublished":"2026-04-01T11:32:09+00:00","mainEntityOfPage":{"@id":"https:\/\/portaltela.pt\/noticias\/2026\/04\/01\/presidente-sirio-nega-ter-pedido-retorno-de-80-de-sirios-na-alemanha\/"},"wordCount":365,"image":{"@id":"https:\/\/portaltela.pt\/noticias\/2026\/04\/01\/presidente-sirio-nega-ter-pedido-retorno-de-80-de-sirios-na-alemanha\/#primaryimage"},"thumbnailUrl":"https:\/\/portaltela.pt\/s.01k8rhncp4jt1\/2026\/04\/1536x864_cmsv2_1b176e3e-8ad1-50ca-ade7-abf3108ac063-9706342.jpg","keywords":["Alemanha","imigra\u00e7\u00e3o","migra\u00e7\u00e3o","migra\u00e7\u00e3o internacional","pol\u00edtica externa","S\u00edria"],"articleSection":["Geopol\u00edtica"],"inLanguage":"pt-PT"},{"@type":"WebPage","@id":"https:\/\/portaltela.pt\/noticias\/2026\/04\/01\/presidente-sirio-nega-ter-pedido-retorno-de-80-de-sirios-na-alemanha\/","url":"https:\/\/portaltela.pt\/noticias\/2026\/04\/01\/presidente-sirio-nega-ter-pedido-retorno-de-80-de-sirios-na-alemanha\/","name":"Presidente s\u00edrio nega ter pedido retorno de 80% de s\u00edrios na Alemanha - Portal Tela Portugal","isPartOf":{"@id":"https:\/\/portaltela.pt\/#website"},"primaryImageOfPage":{"@id":"https:\/\/portaltela.pt\/noticias\/2026\/04\/01\/presidente-sirio-nega-ter-pedido-retorno-de-80-de-sirios-na-alemanha\/#primaryimage"},"image":{"@id":"https:\/\/portaltela.pt\/noticias\/2026\/04\/01\/presidente-sirio-nega-ter-pedido-retorno-de-80-de-sirios-na-alemanha\/#primaryimage"},"thumbnailUrl":"https:\/\/portaltela.pt\/s.01k8rhncp4jt1\/2026\/04\/1536x864_cmsv2_1b176e3e-8ad1-50ca-ade7-abf3108ac063-9706342.jpg","datePublished":"2026-04-01T11:32:09+00:00","author":{"@id":"https:\/\/portaltela.pt\/#\/schema\/person\/c4278d4a6028830caff9ee44b42d32ed"},"breadcrumb":{"@id":"https:\/\/portaltela.pt\/noticias\/2026\/04\/01\/presidente-sirio-nega-ter-pedido-retorno-de-80-de-sirios-na-alemanha\/#breadcrumb"},"inLanguage":"pt-PT","potentialAction":[{"@type":"ReadAction","target":["https:\/\/portaltela.pt\/noticias\/2026\/04\/01\/presidente-sirio-nega-ter-pedido-retorno-de-80-de-sirios-na-alemanha\/"]}]},{"@type":"ImageObject","inLanguage":"pt-PT","@id":"https:\/\/portaltela.pt\/noticias\/2026\/04\/01\/presidente-sirio-nega-ter-pedido-retorno-de-80-de-sirios-na-alemanha\/#primaryimage","url":"https:\/\/portaltela.pt\/s.01k8rhncp4jt1\/2026\/04\/1536x864_cmsv2_1b176e3e-8ad1-50ca-ade7-abf3108ac063-9706342.jpg","contentUrl":"https:\/\/portaltela.pt\/s.01k8rhncp4jt1\/2026\/04\/1536x864_cmsv2_1b176e3e-8ad1-50ca-ade7-abf3108ac063-9706342.jpg","width":796,"height":448,"caption":"O chanceler alem\u00e3o Friedrich Merz (\u00e0 esquerda) recebe Ahmed al-Sharaa, presidente do governo de transi\u00e7\u00e3o s\u00edrio"},{"@type":"BreadcrumbList","@id":"https:\/\/portaltela.pt\/noticias\/2026\/04\/01\/presidente-sirio-nega-ter-pedido-retorno-de-80-de-sirios-na-alemanha\/#breadcrumb","itemListElement":[{"@type":"ListItem","position":1,"name":"In\u00edcio","item":"https:\/\/portaltela.pt\/"},{"@type":"ListItem","position":2,"name":"Presidente s\u00edrio nega ter pedido retorno de 80% de s\u00edrios na Alemanha"}]},{"@type":"WebSite","@id":"https:\/\/portaltela.pt\/#website","url":"https:\/\/portaltela.pt\/","name":"Portal Tela Portugal","description":"","potentialAction":[{"@type":"SearchAction","target":{"@type":"EntryPoint","urlTemplate":"https:\/\/portaltela.pt\/?s={search_term_string}"},"query-input":{"@type":"PropertyValueSpecification","valueRequired":true,"valueName":"search_term_string"}}],"inLanguage":"pt-PT"},{"@type":"Person","@id":"https:\/\/portaltela.pt\/#\/schema\/person\/c4278d4a6028830caff9ee44b42d32ed","name":"Telinha","image":{"@type":"ImageObject","inLanguage":"pt-PT","@id":"https:\/\/portaltela.pt\/s.01k8rhncp4jt1\/2025\/11\/talking-bot-125x125.png","url":"https:\/\/portaltela.pt\/s.01k8rhncp4jt1\/2025\/11\/talking-bot-125x125.png","contentUrl":"https:\/\/portaltela.pt\/s.01k8rhncp4jt1\/2025\/11\/talking-bot-125x125.png","caption":"Telinha"},"sameAs":["https:\/\/portaltela.pt\/"],"url":"https:\/\/portaltela.pt\/por\/367410592786\/"}]}},"_links":{"self":[{"href":"https:\/\/portaltela.pt\/api\/wp\/v2\/posts\/429040","targetHints":{"allow":["GET"]}}],"collection":[{"href":"https:\/\/portaltela.pt\/api\/wp\/v2\/posts"}],"about":[{"href":"https:\/\/portaltela.pt\/api\/wp\/v2\/types\/post"}],"author":[{"embeddable":true,"href":"https:\/\/portaltela.pt\/api\/wp\/v2\/users\/2"}],"replies":[{"embeddable":true,"href":"https:\/\/portaltela.pt\/api\/wp\/v2\/comments?post=429040"}],"version-history":[{"count":0,"href":"https:\/\/portaltela.pt\/api\/wp\/v2\/posts\/429040\/revisions"}],"wp:featuredmedia":[{"embeddable":true,"href":"https:\/\/portaltela.pt\/api\/wp\/v2\/media\/429045"}],"wp:attachment":[{"href":"https:\/\/portaltela.pt\/api\/wp\/v2\/media?parent=429040"}],"wp:term":[{"taxonomy":"category","embeddable":true,"href":"https:\/\/portaltela.pt\/api\/wp\/v2\/categories?post=429040"},{"taxonomy":"post_tag","embeddable":true,"href":"https:\/\/portaltela.pt\/api\/wp\/v2\/tags?post=429040"}],"curies":[{"name":"wp","href":"https:\/\/api.w.org\/{rel}","templated":true}]}}