{"id":429032,"date":"2026-04-01T08:32:04","date_gmt":"2026-04-01T11:32:04","guid":{"rendered":"https:\/\/portaltela.pt\/noticias\/2026\/04\/01\/reforma-de-centeno-foi-acordo-mutuo-sem-despedimento-ou-favorecimento\/"},"modified":"2026-04-01T08:32:04","modified_gmt":"2026-04-01T11:32:04","slug":"reforma-de-centeno-foi-acordo-mutuo-sem-despedimento-ou-favorecimento","status":"publish","type":"post","link":"https:\/\/portaltela.pt\/noticias\/economia\/2026\/04\/01\/reforma-de-centeno-foi-acordo-mutuo-sem-despedimento-ou-favorecimento\/","title":{"rendered":"Reforma de Centeno foi acordo m\u00fatuo, sem despedimento ou favorecimento"},"content":{"rendered":"<p>O Banco de Portugal e o ex-governador M\u00e1rio Centeno chegaram a acordo para a sua reforma antecipada, segundo afirma\u00e7\u00f5es de \u00c1lvaro Santos Pereira durante uma audi\u00e7\u00e3o no parlamento. O processo seguiu regras unit\u00e1rias do sector banc\u00e1rio e negocia\u00e7\u00e3o com sindicatos, mantendo a defini\u00e7\u00e3o de que n\u00e3o houve despedimento nem favorecimento.<\/p>\n<p>Santos Pereira explicou que o acordo foi m\u00fatuo e enquadrado por regras do banco. A reforma baseou-se na relev\u00e2ncia das fun\u00e7\u00f5es ocupadas por Centeno e na carreira contributiva, incluindo per\u00edodos em que o antigo governador esteve em fun\u00e7\u00f5es p\u00fablicas.<\/p>\n<p>Foi atribu\u00edda uma pens\u00e3o com taxa de substitui\u00e7\u00e3o de 72%, inferior \u00e0 m\u00e9dia de 78% de outros trabalhadores do BdP, revelou o ex-ministro. O c\u00e1lculo considerou o tempo de servi\u00e7o p\u00fablico e as contribui\u00e7\u00f5es para regimes de pens\u00f5es.<\/p>\n<p>O atual governador do BdP defendeu que ser consultor n\u00e3o \u00e9 uma carreira do banco central. A fun\u00e7\u00e3o est\u00e1 reservada a quadros que regressam \u00e0 institui\u00e7\u00e3o com tarefas associadas \u00e0 administra\u00e7\u00e3o, ap\u00f3s terem estado no Conselho de Administra\u00e7\u00e3o ou em cargos de topo.<\/p>\n<p>Quando Santos Pereira assumiu, havia oito consultores de administra\u00e7\u00e3o, ainda que uma j\u00e1 tivesse a reforma planejada. At\u00e9 hoje foi encontrada solu\u00e7\u00e3o para cinco dos sete consultores ativos, incluindo Centeno.<\/p>\n<h3>Estrutura de consultores de administra\u00e7\u00e3o<\/h3>\n<p>O respons\u00e1vel prop\u00f5e mudan\u00e7as no regime dos consultores. A natureza da fun\u00e7\u00e3o n\u00e3o justificaria os custos associados, segundo ele, defendendo crit\u00e9rios de redu\u00e7\u00e3o de encargos. O objetivo \u00e9 tornar o regime mais alinhado com a fun\u00e7\u00e3o exercida pelo banco.<\/p>\n<p>Para o futuro, Santos Pereira sugere dois caminhos ap\u00f3s a conclus\u00e3o do v\u00ednculo como conselheiro: reintegra\u00e7\u00e3o numa fun\u00e7\u00e3o de gest\u00e3o ou dire\u00e7\u00e3o concreta, ou continuidade profissional fora do banco ap\u00f3s o per\u00edodo de \u201ccooling off\u201d previsto.<\/p>\n","protected":false},"excerpt":{"rendered":"<ul>\n<li>O ex-governador do Banco de Portugal, M\u00e1rio Centeno, reformou-se de forma antecipada em acordo m\u00fatuo, sem despedimento nem favoritismo.<\/li>\n<li>\u00c1lvaro Santos Pereira afirmou que o processo seguiu regras definidas pelo banco e negociadas com os sindicatos.<\/li>\n<li>A pens\u00e3o atribu\u00edda tem uma taxa de substitui\u00e7\u00e3o de 72%, abaixo da m\u00e9dia de 78% dos trabalhadores do BdP.<\/li>\n<li>Centeno foi consultor de administra\u00e7\u00e3o ap\u00f3s deixar fun\u00e7\u00f5es de topo; o regime atual para consultores est\u00e1 a ser reformulado.<\/li>\n<li>J\u00e1 foi encontrada solu\u00e7\u00e3o para cinco dos sete consultores ativos; o objetivo \u00e9 revisar o regime e definir caminhos ap\u00f3s o termo do per\u00edodo de \u201ccooling off\u201d.<\/li>\n<\/ul>\n","protected":false},"author":2,"featured_media":429034,"comment_status":"closed","ping_status":"closed","sticky":false,"template":"","format":"standard","meta":{"footnotes":""},"categories":[2,6850],"tags":[168,4365,28,6180,36],"class_list":["post-429032","post","type-post","status-publish","format-standard","has-post-thumbnail","hentry","category-economia","category-financas","tag-administracao-publica","tag-banco-de-portugal","tag-economia","tag-pensoes","tag-reforma"],"yoast_head":"<!-- This site is optimized with the Yoast SEO plugin v27.2 - https:\/\/yoast.com\/product\/yoast-seo-wordpress\/ -->\n<title>Reforma de Centeno foi acordo m\u00fatuo, sem despedimento ou favorecimento - Portal Tela Portugal<\/title>\n<meta name=\"robots\" content=\"index, follow, max-snippet:-1, max-image-preview:large, max-video-preview:-1\" \/>\n<meta property=\"og:locale\" content=\"pt_PT\" \/>\n<meta property=\"og:type\" content=\"article\" \/>\n<meta property=\"og:title\" content=\"Reforma de Centeno foi acordo m\u00fatuo, sem despedimento ou favorecimento - Portal Tela Portugal\" \/>\n<meta property=\"og:description\" content=\"O ex-governador do Banco de Portugal, M\u00e1rio Centeno, reformou-se de forma antecipada em acordo m\u00fatuo, sem despedimento nem favoritismo. \u00c1lvaro Santos Pereira afirmou que o processo seguiu regras definidas pelo banco e negociadas com os sindicatos. A pens\u00e3o atribu\u00edda tem uma taxa de substitui\u00e7\u00e3o de 72%, abaixo da m\u00e9dia de 78% dos trabalhadores do BdP. Centeno foi consultor de administra\u00e7\u00e3o ap\u00f3s deixar fun\u00e7\u00f5es de topo; o regime atual para consultores est\u00e1 a ser reformulado. J\u00e1 foi encontrada solu\u00e7\u00e3o para cinco dos sete consultores ativos; o objetivo \u00e9 revisar o regime e definir caminhos ap\u00f3s o termo do per\u00edodo de \u201ccooling off\u201d.\" \/>\n<meta property=\"og:url\" content=\"https:\/\/portaltela.pt\/noticias\/2026\/04\/01\/reforma-de-centeno-foi-acordo-mutuo-sem-despedimento-ou-favorecimento\/\" \/>\n<meta property=\"og:site_name\" content=\"Portal Tela Portugal\" \/>\n<meta property=\"article:published_time\" content=\"2026-04-01T11:32:04+00:00\" \/>\n<meta name=\"author\" content=\"Telinha\" \/>\n<meta name=\"twitter:card\" content=\"summary_large_image\" \/>\n<meta name=\"twitter:label1\" content=\"Escrito por\" \/>\n\t<meta name=\"twitter:data1\" content=\"Telinha\" \/>\n\t<meta name=\"twitter:label2\" content=\"Tempo estimado de leitura\" \/>\n\t<meta name=\"twitter:data2\" content=\"2 minutos\" \/>\n<script type=\"application\/ld+json\" class=\"yoast-schema-graph\">{\"@context\":\"https:\/\/schema.org\",\"@graph\":[{\"@type\":\"Article\",\"@id\":\"https:\/\/portaltela.pt\/noticias\/2026\/04\/01\/reforma-de-centeno-foi-acordo-mutuo-sem-despedimento-ou-favorecimento\/#article\",\"isPartOf\":{\"@id\":\"https:\/\/portaltela.pt\/noticias\/2026\/04\/01\/reforma-de-centeno-foi-acordo-mutuo-sem-despedimento-ou-favorecimento\/\"},\"author\":{\"name\":\"Telinha\",\"@id\":\"https:\/\/portaltela.pt\/#\/schema\/person\/c4278d4a6028830caff9ee44b42d32ed\"},\"headline\":\"Reforma de Centeno foi acordo m\u00fatuo, sem despedimento ou favorecimento\",\"datePublished\":\"2026-04-01T11:32:04+00:00\",\"mainEntityOfPage\":{\"@id\":\"https:\/\/portaltela.pt\/noticias\/2026\/04\/01\/reforma-de-centeno-foi-acordo-mutuo-sem-despedimento-ou-favorecimento\/\"},\"wordCount\":333,\"image\":{\"@id\":\"https:\/\/portaltela.pt\/noticias\/2026\/04\/01\/reforma-de-centeno-foi-acordo-mutuo-sem-despedimento-ou-favorecimento\/#primaryimage\"},\"thumbnailUrl\":\"https:\/\/portaltela.pt\/s.01k8rhncp4jt1\/2026\/04\/image-23.jpg\",\"keywords\":[\"administra\u00e7\u00e3o p\u00fablica\",\"Banco de Portugal\",\"economia\",\"pens\u00f5es\",\"reforma\"],\"articleSection\":[\"Economia\",\"Finan\u00e7as\"],\"inLanguage\":\"pt-PT\"},{\"@type\":\"WebPage\",\"@id\":\"https:\/\/portaltela.pt\/noticias\/2026\/04\/01\/reforma-de-centeno-foi-acordo-mutuo-sem-despedimento-ou-favorecimento\/\",\"url\":\"https:\/\/portaltela.pt\/noticias\/2026\/04\/01\/reforma-de-centeno-foi-acordo-mutuo-sem-despedimento-ou-favorecimento\/\",\"name\":\"Reforma de Centeno foi acordo m\u00fatuo, sem despedimento ou favorecimento - Portal Tela Portugal\",\"isPartOf\":{\"@id\":\"https:\/\/portaltela.pt\/#website\"},\"primaryImageOfPage\":{\"@id\":\"https:\/\/portaltela.pt\/noticias\/2026\/04\/01\/reforma-de-centeno-foi-acordo-mutuo-sem-despedimento-ou-favorecimento\/#primaryimage\"},\"image\":{\"@id\":\"https:\/\/portaltela.pt\/noticias\/2026\/04\/01\/reforma-de-centeno-foi-acordo-mutuo-sem-despedimento-ou-favorecimento\/#primaryimage\"},\"thumbnailUrl\":\"https:\/\/portaltela.pt\/s.01k8rhncp4jt1\/2026\/04\/image-23.jpg\",\"datePublished\":\"2026-04-01T11:32:04+00:00\",\"author\":{\"@id\":\"https:\/\/portaltela.pt\/#\/schema\/person\/c4278d4a6028830caff9ee44b42d32ed\"},\"breadcrumb\":{\"@id\":\"https:\/\/portaltela.pt\/noticias\/2026\/04\/01\/reforma-de-centeno-foi-acordo-mutuo-sem-despedimento-ou-favorecimento\/#breadcrumb\"},\"inLanguage\":\"pt-PT\",\"potentialAction\":[{\"@type\":\"ReadAction\",\"target\":[\"https:\/\/portaltela.pt\/noticias\/2026\/04\/01\/reforma-de-centeno-foi-acordo-mutuo-sem-despedimento-ou-favorecimento\/\"]}]},{\"@type\":\"ImageObject\",\"inLanguage\":\"pt-PT\",\"@id\":\"https:\/\/portaltela.pt\/noticias\/2026\/04\/01\/reforma-de-centeno-foi-acordo-mutuo-sem-despedimento-ou-favorecimento\/#primaryimage\",\"url\":\"https:\/\/portaltela.pt\/s.01k8rhncp4jt1\/2026\/04\/image-23.jpg\",\"contentUrl\":\"https:\/\/portaltela.pt\/s.01k8rhncp4jt1\/2026\/04\/image-23.jpg\",\"width\":796,\"height\":448,\"caption\":\"O ex-governador do Banco de Portugal, M\u00e1rio Centeno\"},{\"@type\":\"BreadcrumbList\",\"@id\":\"https:\/\/portaltela.pt\/noticias\/2026\/04\/01\/reforma-de-centeno-foi-acordo-mutuo-sem-despedimento-ou-favorecimento\/#breadcrumb\",\"itemListElement\":[{\"@type\":\"ListItem\",\"position\":1,\"name\":\"In\u00edcio\",\"item\":\"https:\/\/portaltela.pt\/\"},{\"@type\":\"ListItem\",\"position\":2,\"name\":\"Reforma de Centeno foi acordo m\u00fatuo, sem despedimento ou favorecimento\"}]},{\"@type\":\"WebSite\",\"@id\":\"https:\/\/portaltela.pt\/#website\",\"url\":\"https:\/\/portaltela.pt\/\",\"name\":\"Portal Tela Portugal\",\"description\":\"\",\"potentialAction\":[{\"@type\":\"SearchAction\",\"target\":{\"@type\":\"EntryPoint\",\"urlTemplate\":\"https:\/\/portaltela.pt\/?s={search_term_string}\"},\"query-input\":{\"@type\":\"PropertyValueSpecification\",\"valueRequired\":true,\"valueName\":\"search_term_string\"}}],\"inLanguage\":\"pt-PT\"},{\"@type\":\"Person\",\"@id\":\"https:\/\/portaltela.pt\/#\/schema\/person\/c4278d4a6028830caff9ee44b42d32ed\",\"name\":\"Telinha\",\"image\":{\"@type\":\"ImageObject\",\"inLanguage\":\"pt-PT\",\"@id\":\"https:\/\/portaltela.pt\/s.01k8rhncp4jt1\/2025\/11\/talking-bot-125x125.png\",\"url\":\"https:\/\/portaltela.pt\/s.01k8rhncp4jt1\/2025\/11\/talking-bot-125x125.png\",\"contentUrl\":\"https:\/\/portaltela.pt\/s.01k8rhncp4jt1\/2025\/11\/talking-bot-125x125.png\",\"caption\":\"Telinha\"},\"sameAs\":[\"https:\/\/portaltela.pt\/\"],\"url\":\"https:\/\/portaltela.pt\/por\/367410592786\/\"}]}<\/script>\n<!-- \/ Yoast SEO plugin. -->","yoast_head_json":{"title":"Reforma de Centeno foi acordo m\u00fatuo, sem despedimento ou favorecimento - Portal Tela Portugal","robots":{"index":"index","follow":"follow","max-snippet":"max-snippet:-1","max-image-preview":"max-image-preview:large","max-video-preview":"max-video-preview:-1"},"og_locale":"pt_PT","og_type":"article","og_title":"Reforma de Centeno foi acordo m\u00fatuo, sem despedimento ou favorecimento - Portal Tela Portugal","og_description":"O ex-governador do Banco de Portugal, M\u00e1rio Centeno, reformou-se de forma antecipada em acordo m\u00fatuo, sem despedimento nem favoritismo. \u00c1lvaro Santos Pereira afirmou que o processo seguiu regras definidas pelo banco e negociadas com os sindicatos. A pens\u00e3o atribu\u00edda tem uma taxa de substitui\u00e7\u00e3o de 72%, abaixo da m\u00e9dia de 78% dos trabalhadores do BdP. Centeno foi consultor de administra\u00e7\u00e3o ap\u00f3s deixar fun\u00e7\u00f5es de topo; o regime atual para consultores est\u00e1 a ser reformulado. J\u00e1 foi encontrada solu\u00e7\u00e3o para cinco dos sete consultores ativos; o objetivo \u00e9 revisar o regime e definir caminhos ap\u00f3s o termo do per\u00edodo de \u201ccooling off\u201d.","og_url":"https:\/\/portaltela.pt\/noticias\/2026\/04\/01\/reforma-de-centeno-foi-acordo-mutuo-sem-despedimento-ou-favorecimento\/","og_site_name":"Portal Tela Portugal","article_published_time":"2026-04-01T11:32:04+00:00","author":"Telinha","twitter_card":"summary_large_image","twitter_misc":{"Escrito por":"Telinha","Tempo estimado de leitura":"2 minutos"},"schema":{"@context":"https:\/\/schema.org","@graph":[{"@type":"Article","@id":"https:\/\/portaltela.pt\/noticias\/2026\/04\/01\/reforma-de-centeno-foi-acordo-mutuo-sem-despedimento-ou-favorecimento\/#article","isPartOf":{"@id":"https:\/\/portaltela.pt\/noticias\/2026\/04\/01\/reforma-de-centeno-foi-acordo-mutuo-sem-despedimento-ou-favorecimento\/"},"author":{"name":"Telinha","@id":"https:\/\/portaltela.pt\/#\/schema\/person\/c4278d4a6028830caff9ee44b42d32ed"},"headline":"Reforma de Centeno foi acordo m\u00fatuo, sem despedimento ou favorecimento","datePublished":"2026-04-01T11:32:04+00:00","mainEntityOfPage":{"@id":"https:\/\/portaltela.pt\/noticias\/2026\/04\/01\/reforma-de-centeno-foi-acordo-mutuo-sem-despedimento-ou-favorecimento\/"},"wordCount":333,"image":{"@id":"https:\/\/portaltela.pt\/noticias\/2026\/04\/01\/reforma-de-centeno-foi-acordo-mutuo-sem-despedimento-ou-favorecimento\/#primaryimage"},"thumbnailUrl":"https:\/\/portaltela.pt\/s.01k8rhncp4jt1\/2026\/04\/image-23.jpg","keywords":["administra\u00e7\u00e3o p\u00fablica","Banco de Portugal","economia","pens\u00f5es","reforma"],"articleSection":["Economia","Finan\u00e7as"],"inLanguage":"pt-PT"},{"@type":"WebPage","@id":"https:\/\/portaltela.pt\/noticias\/2026\/04\/01\/reforma-de-centeno-foi-acordo-mutuo-sem-despedimento-ou-favorecimento\/","url":"https:\/\/portaltela.pt\/noticias\/2026\/04\/01\/reforma-de-centeno-foi-acordo-mutuo-sem-despedimento-ou-favorecimento\/","name":"Reforma de Centeno foi acordo m\u00fatuo, sem despedimento ou favorecimento - Portal Tela Portugal","isPartOf":{"@id":"https:\/\/portaltela.pt\/#website"},"primaryImageOfPage":{"@id":"https:\/\/portaltela.pt\/noticias\/2026\/04\/01\/reforma-de-centeno-foi-acordo-mutuo-sem-despedimento-ou-favorecimento\/#primaryimage"},"image":{"@id":"https:\/\/portaltela.pt\/noticias\/2026\/04\/01\/reforma-de-centeno-foi-acordo-mutuo-sem-despedimento-ou-favorecimento\/#primaryimage"},"thumbnailUrl":"https:\/\/portaltela.pt\/s.01k8rhncp4jt1\/2026\/04\/image-23.jpg","datePublished":"2026-04-01T11:32:04+00:00","author":{"@id":"https:\/\/portaltela.pt\/#\/schema\/person\/c4278d4a6028830caff9ee44b42d32ed"},"breadcrumb":{"@id":"https:\/\/portaltela.pt\/noticias\/2026\/04\/01\/reforma-de-centeno-foi-acordo-mutuo-sem-despedimento-ou-favorecimento\/#breadcrumb"},"inLanguage":"pt-PT","potentialAction":[{"@type":"ReadAction","target":["https:\/\/portaltela.pt\/noticias\/2026\/04\/01\/reforma-de-centeno-foi-acordo-mutuo-sem-despedimento-ou-favorecimento\/"]}]},{"@type":"ImageObject","inLanguage":"pt-PT","@id":"https:\/\/portaltela.pt\/noticias\/2026\/04\/01\/reforma-de-centeno-foi-acordo-mutuo-sem-despedimento-ou-favorecimento\/#primaryimage","url":"https:\/\/portaltela.pt\/s.01k8rhncp4jt1\/2026\/04\/image-23.jpg","contentUrl":"https:\/\/portaltela.pt\/s.01k8rhncp4jt1\/2026\/04\/image-23.jpg","width":796,"height":448,"caption":"O ex-governador do Banco de Portugal, M\u00e1rio Centeno"},{"@type":"BreadcrumbList","@id":"https:\/\/portaltela.pt\/noticias\/2026\/04\/01\/reforma-de-centeno-foi-acordo-mutuo-sem-despedimento-ou-favorecimento\/#breadcrumb","itemListElement":[{"@type":"ListItem","position":1,"name":"In\u00edcio","item":"https:\/\/portaltela.pt\/"},{"@type":"ListItem","position":2,"name":"Reforma de Centeno foi acordo m\u00fatuo, sem despedimento ou favorecimento"}]},{"@type":"WebSite","@id":"https:\/\/portaltela.pt\/#website","url":"https:\/\/portaltela.pt\/","name":"Portal Tela Portugal","description":"","potentialAction":[{"@type":"SearchAction","target":{"@type":"EntryPoint","urlTemplate":"https:\/\/portaltela.pt\/?s={search_term_string}"},"query-input":{"@type":"PropertyValueSpecification","valueRequired":true,"valueName":"search_term_string"}}],"inLanguage":"pt-PT"},{"@type":"Person","@id":"https:\/\/portaltela.pt\/#\/schema\/person\/c4278d4a6028830caff9ee44b42d32ed","name":"Telinha","image":{"@type":"ImageObject","inLanguage":"pt-PT","@id":"https:\/\/portaltela.pt\/s.01k8rhncp4jt1\/2025\/11\/talking-bot-125x125.png","url":"https:\/\/portaltela.pt\/s.01k8rhncp4jt1\/2025\/11\/talking-bot-125x125.png","contentUrl":"https:\/\/portaltela.pt\/s.01k8rhncp4jt1\/2025\/11\/talking-bot-125x125.png","caption":"Telinha"},"sameAs":["https:\/\/portaltela.pt\/"],"url":"https:\/\/portaltela.pt\/por\/367410592786\/"}]}},"_links":{"self":[{"href":"https:\/\/portaltela.pt\/api\/wp\/v2\/posts\/429032","targetHints":{"allow":["GET"]}}],"collection":[{"href":"https:\/\/portaltela.pt\/api\/wp\/v2\/posts"}],"about":[{"href":"https:\/\/portaltela.pt\/api\/wp\/v2\/types\/post"}],"author":[{"embeddable":true,"href":"https:\/\/portaltela.pt\/api\/wp\/v2\/users\/2"}],"replies":[{"embeddable":true,"href":"https:\/\/portaltela.pt\/api\/wp\/v2\/comments?post=429032"}],"version-history":[{"count":0,"href":"https:\/\/portaltela.pt\/api\/wp\/v2\/posts\/429032\/revisions"}],"wp:featuredmedia":[{"embeddable":true,"href":"https:\/\/portaltela.pt\/api\/wp\/v2\/media\/429034"}],"wp:attachment":[{"href":"https:\/\/portaltela.pt\/api\/wp\/v2\/media?parent=429032"}],"wp:term":[{"taxonomy":"category","embeddable":true,"href":"https:\/\/portaltela.pt\/api\/wp\/v2\/categories?post=429032"},{"taxonomy":"post_tag","embeddable":true,"href":"https:\/\/portaltela.pt\/api\/wp\/v2\/tags?post=429032"}],"curies":[{"name":"wp","href":"https:\/\/api.w.org\/{rel}","templated":true}]}}