{"id":429031,"date":"2026-04-01T08:32:03","date_gmt":"2026-04-01T11:32:03","guid":{"rendered":"https:\/\/portaltela.pt\/noticias\/2026\/04\/01\/leitao-amaro-afirma-que-lei-da-nacionalidade-foi-discutida-com-lusofonos\/"},"modified":"2026-04-01T08:32:03","modified_gmt":"2026-04-01T11:32:03","slug":"leitao-amaro-afirma-que-lei-da-nacionalidade-foi-discutida-com-lusofonos","status":"publish","type":"post","link":"https:\/\/portaltela.pt\/noticias\/politica\/2026\/04\/01\/leitao-amaro-afirma-que-lei-da-nacionalidade-foi-discutida-com-lusofonos\/","title":{"rendered":"Leit\u00e3o Amaro afirma que Lei da Nacionalidade foi discutida com lus\u00f3fonos"},"content":{"rendered":"<p>A Assembleia da Rep\u00fablica vai reapreciar nesta quarta-feira os decretos que visam alterar a Lei da Nacionalidade e o C\u00f3digo Penal. A aprecia\u00e7\u00e3o ocorre num contexto de controv\u00e9rsia e de decis\u00e3o do Tribunal Constitucional sobre a constitucionalidade de normas dos diplomas.<\/p>\n<p>O ministro da Presid\u00eancia, Ant\u00f3nio Leit\u00e3o Amaro, disse aos jornalistas que a proposta de Lei da Nacionalidade foi amplamente debatida com os pa\u00edses lus\u00f3fonos, que entenderam a import\u00e2ncia da medida para Portugal. A declara\u00e7\u00e3o ocorreu \u00e0 margem da comemora\u00e7\u00e3o do 30.\u00ba anivers\u00e1rio da RTP \u00c1frica, em Lisboa.<\/p>\n<p>Leit\u00e3o Amaro sublinhou que a lei \u00e9 desejada pelos portugueses e que a conversa com os parceiros lus\u00f3fonos revelou compreens\u00e3o sobre a necessidade de uma liga\u00e7\u00e3o mais robusta com o pa\u00eds. O governante acrescentou que as altera\u00e7\u00f5es visam tornar a aquisi\u00e7\u00e3o de nacionalidade mais exigente.<\/p>\n<p>Aproximadamente, o TC j\u00e1 tinha abatido v\u00e1rias normas dos diplomas em dezembro do ano anterior, ap\u00f3s pedidos de fiscaliza\u00e7\u00e3o preventiva por parte de 50 deputados do PS. O Governo PSD\/CDS-PP procurou corrigir falhas identificadas pelo TC, em di\u00e1logo com o Parlamento.<\/p>\n<p>O decreto conjunto, aprovado em outubro de 2025, previa altera\u00e7\u00f5es \u00e0 Lei da Nacionalidade e ao C\u00f3digo Penal que incluem a perda de nacionalidade como pena acess\u00f3ria. O objetivo \u00e9 refor\u00e7ar a liga\u00e7\u00e3o entre o cidad\u00e3o e o pa\u00eds, segundo o Governo.<\/p>\n<h3>Contexto constitucional<\/h3>\n<p>O Parlamento j\u00e1 aprovou os diplomas em 28 de outubro de 2025, com 157 votos a favor de uma coliga\u00e7\u00e3o de PSD, Chega, IL, CDS-PP e JPP, e 64 contr\u00e1rios de PS, Livre, PCP, BE e PAN. A nova legislatura precisa agora de votos para a aprova\u00e7\u00e3o final.<\/p>\n","protected":false},"excerpt":{"rendered":"<ul>\n<li>A Assembleia da Rep\u00fablica reaprecia, nesta quarta-feira, os decretos que alteram a Lei da Nacionalidade e o C\u00f3digo Penal, ap\u00f3s o TC ter declaradas inconstitucionais v\u00e1rias normas.<\/li>\n<li>O ministro da Presid\u00eancia, Ant\u00f3nio Leit\u00e3o Amaro, disse que a Lei da Nacionalidade foi amplamente discutida com os pa\u00edses lus\u00f3fonos, que entenderam a import\u00e2ncia da medida.<\/li>\n<li>A proposta visa tornar mais exigente a obten\u00e7\u00e3o da nacionalidade, exigindo uma liga\u00e7\u00e3o mais efetiva com o pa\u00eds.<\/li>\n<li>O TC identificou pontos a corrigir e entrou em contacto com o Parlamento para ultrapassar esses aspetos, segundo o ministro.<\/li>\n<li>Os diplomas foram aprovados em 28 de outubro de 2025, com 157 votos a favor (PSD, Chega, Iniciativa Liberal, CDS-PP e JPP) e 64 contra (PS, Livre, PCP, BE e PAN); a decis\u00e3o sobre a aprova\u00e7\u00e3o final depende dos partidos.<\/li>\n<\/ul>\n","protected":false},"author":2,"featured_media":429033,"comment_status":"closed","ping_status":"closed","sticky":false,"template":"","format":"standard","meta":{"footnotes":""},"categories":[1,5],"tags":[6637,4057,6337,5539,1014,6208],"class_list":["post-429031","post","type-post","status-publish","format-standard","has-post-thumbnail","hentry","category-noticias","category-politica","tag-cidadaos","tag-constituicao","tag-direito","tag-lei","tag-portugal","tag-tribunais"],"yoast_head":"<!-- This site is optimized with the Yoast SEO plugin v27.2 - https:\/\/yoast.com\/product\/yoast-seo-wordpress\/ -->\n<title>Leit\u00e3o Amaro afirma que Lei da Nacionalidade foi discutida com lus\u00f3fonos - Portal Tela Portugal<\/title>\n<meta name=\"robots\" content=\"index, follow, max-snippet:-1, max-image-preview:large, max-video-preview:-1\" \/>\n<meta property=\"og:locale\" content=\"pt_PT\" \/>\n<meta property=\"og:type\" content=\"article\" \/>\n<meta property=\"og:title\" content=\"Leit\u00e3o Amaro afirma que Lei da Nacionalidade foi discutida com lus\u00f3fonos - Portal Tela Portugal\" \/>\n<meta property=\"og:description\" content=\"A Assembleia da Rep\u00fablica reaprecia, nesta quarta-feira, os decretos que alteram a Lei da Nacionalidade e o C\u00f3digo Penal, ap\u00f3s o TC ter declaradas inconstitucionais v\u00e1rias normas. O ministro da Presid\u00eancia, Ant\u00f3nio Leit\u00e3o Amaro, disse que a Lei da Nacionalidade foi amplamente discutida com os pa\u00edses lus\u00f3fonos, que entenderam a import\u00e2ncia da medida. A proposta visa tornar mais exigente a obten\u00e7\u00e3o da nacionalidade, exigindo uma liga\u00e7\u00e3o mais efetiva com o pa\u00eds. O TC identificou pontos a corrigir e entrou em contacto com o Parlamento para ultrapassar esses aspetos, segundo o ministro. Os diplomas foram aprovados em 28 de outubro de 2025, com 157 votos a favor (PSD, Chega, Iniciativa Liberal, CDS-PP e JPP) e 64 contra (PS, Livre, PCP, BE e PAN); a decis\u00e3o sobre a aprova\u00e7\u00e3o final depende dos partidos.\" \/>\n<meta property=\"og:url\" content=\"https:\/\/portaltela.pt\/noticias\/2026\/04\/01\/leitao-amaro-afirma-que-lei-da-nacionalidade-foi-discutida-com-lusofonos\/\" \/>\n<meta property=\"og:site_name\" content=\"Portal Tela Portugal\" \/>\n<meta property=\"article:published_time\" content=\"2026-04-01T11:32:03+00:00\" \/>\n<meta name=\"author\" content=\"Telinha\" \/>\n<meta name=\"twitter:card\" content=\"summary_large_image\" \/>\n<meta name=\"twitter:label1\" content=\"Escrito por\" \/>\n\t<meta name=\"twitter:data1\" content=\"Telinha\" \/>\n\t<meta name=\"twitter:label2\" content=\"Tempo estimado de leitura\" \/>\n\t<meta name=\"twitter:data2\" content=\"1 minuto\" \/>\n<script type=\"application\/ld+json\" class=\"yoast-schema-graph\">{\"@context\":\"https:\/\/schema.org\",\"@graph\":[{\"@type\":\"Article\",\"@id\":\"https:\/\/portaltela.pt\/noticias\/2026\/04\/01\/leitao-amaro-afirma-que-lei-da-nacionalidade-foi-discutida-com-lusofonos\/#article\",\"isPartOf\":{\"@id\":\"https:\/\/portaltela.pt\/noticias\/2026\/04\/01\/leitao-amaro-afirma-que-lei-da-nacionalidade-foi-discutida-com-lusofonos\/\"},\"author\":{\"name\":\"Telinha\",\"@id\":\"https:\/\/portaltela.pt\/#\/schema\/person\/c4278d4a6028830caff9ee44b42d32ed\"},\"headline\":\"Leit\u00e3o Amaro afirma que Lei da Nacionalidade foi discutida com lus\u00f3fonos\",\"datePublished\":\"2026-04-01T11:32:03+00:00\",\"mainEntityOfPage\":{\"@id\":\"https:\/\/portaltela.pt\/noticias\/2026\/04\/01\/leitao-amaro-afirma-que-lei-da-nacionalidade-foi-discutida-com-lusofonos\/\"},\"wordCount\":304,\"image\":{\"@id\":\"https:\/\/portaltela.pt\/noticias\/2026\/04\/01\/leitao-amaro-afirma-que-lei-da-nacionalidade-foi-discutida-com-lusofonos\/#primaryimage\"},\"thumbnailUrl\":\"https:\/\/portaltela.pt\/s.01k8rhncp4jt1\/2026\/04\/2078512.jpg\",\"keywords\":[\"cidad\u00e3os\",\"constitui\u00e7\u00e3o\",\"direito\",\"lei\",\"Portugal\",\"Tribunais\"],\"articleSection\":[\"Not\u00edcias\",\"Pol\u00edtica\"],\"inLanguage\":\"pt-PT\"},{\"@type\":\"WebPage\",\"@id\":\"https:\/\/portaltela.pt\/noticias\/2026\/04\/01\/leitao-amaro-afirma-que-lei-da-nacionalidade-foi-discutida-com-lusofonos\/\",\"url\":\"https:\/\/portaltela.pt\/noticias\/2026\/04\/01\/leitao-amaro-afirma-que-lei-da-nacionalidade-foi-discutida-com-lusofonos\/\",\"name\":\"Leit\u00e3o Amaro afirma que Lei da Nacionalidade foi discutida com lus\u00f3fonos - Portal Tela Portugal\",\"isPartOf\":{\"@id\":\"https:\/\/portaltela.pt\/#website\"},\"primaryImageOfPage\":{\"@id\":\"https:\/\/portaltela.pt\/noticias\/2026\/04\/01\/leitao-amaro-afirma-que-lei-da-nacionalidade-foi-discutida-com-lusofonos\/#primaryimage\"},\"image\":{\"@id\":\"https:\/\/portaltela.pt\/noticias\/2026\/04\/01\/leitao-amaro-afirma-que-lei-da-nacionalidade-foi-discutida-com-lusofonos\/#primaryimage\"},\"thumbnailUrl\":\"https:\/\/portaltela.pt\/s.01k8rhncp4jt1\/2026\/04\/2078512.jpg\",\"datePublished\":\"2026-04-01T11:32:03+00:00\",\"author\":{\"@id\":\"https:\/\/portaltela.pt\/#\/schema\/person\/c4278d4a6028830caff9ee44b42d32ed\"},\"breadcrumb\":{\"@id\":\"https:\/\/portaltela.pt\/noticias\/2026\/04\/01\/leitao-amaro-afirma-que-lei-da-nacionalidade-foi-discutida-com-lusofonos\/#breadcrumb\"},\"inLanguage\":\"pt-PT\",\"potentialAction\":[{\"@type\":\"ReadAction\",\"target\":[\"https:\/\/portaltela.pt\/noticias\/2026\/04\/01\/leitao-amaro-afirma-que-lei-da-nacionalidade-foi-discutida-com-lusofonos\/\"]}]},{\"@type\":\"ImageObject\",\"inLanguage\":\"pt-PT\",\"@id\":\"https:\/\/portaltela.pt\/noticias\/2026\/04\/01\/leitao-amaro-afirma-que-lei-da-nacionalidade-foi-discutida-com-lusofonos\/#primaryimage\",\"url\":\"https:\/\/portaltela.pt\/s.01k8rhncp4jt1\/2026\/04\/2078512.jpg\",\"contentUrl\":\"https:\/\/portaltela.pt\/s.01k8rhncp4jt1\/2026\/04\/2078512.jpg\",\"width\":796,\"height\":448,\"caption\":\"O ministro da Presid\u00eancia, Ant\u00f3nio Leit\u00e3o Amaro, esteve esta manh\u00e3 na Gulbenkian\"},{\"@type\":\"BreadcrumbList\",\"@id\":\"https:\/\/portaltela.pt\/noticias\/2026\/04\/01\/leitao-amaro-afirma-que-lei-da-nacionalidade-foi-discutida-com-lusofonos\/#breadcrumb\",\"itemListElement\":[{\"@type\":\"ListItem\",\"position\":1,\"name\":\"In\u00edcio\",\"item\":\"https:\/\/portaltela.pt\/\"},{\"@type\":\"ListItem\",\"position\":2,\"name\":\"Leit\u00e3o Amaro afirma que Lei da Nacionalidade foi discutida com lus\u00f3fonos\"}]},{\"@type\":\"WebSite\",\"@id\":\"https:\/\/portaltela.pt\/#website\",\"url\":\"https:\/\/portaltela.pt\/\",\"name\":\"Portal Tela Portugal\",\"description\":\"\",\"potentialAction\":[{\"@type\":\"SearchAction\",\"target\":{\"@type\":\"EntryPoint\",\"urlTemplate\":\"https:\/\/portaltela.pt\/?s={search_term_string}\"},\"query-input\":{\"@type\":\"PropertyValueSpecification\",\"valueRequired\":true,\"valueName\":\"search_term_string\"}}],\"inLanguage\":\"pt-PT\"},{\"@type\":\"Person\",\"@id\":\"https:\/\/portaltela.pt\/#\/schema\/person\/c4278d4a6028830caff9ee44b42d32ed\",\"name\":\"Telinha\",\"image\":{\"@type\":\"ImageObject\",\"inLanguage\":\"pt-PT\",\"@id\":\"https:\/\/portaltela.pt\/s.01k8rhncp4jt1\/2025\/11\/talking-bot-125x125.png\",\"url\":\"https:\/\/portaltela.pt\/s.01k8rhncp4jt1\/2025\/11\/talking-bot-125x125.png\",\"contentUrl\":\"https:\/\/portaltela.pt\/s.01k8rhncp4jt1\/2025\/11\/talking-bot-125x125.png\",\"caption\":\"Telinha\"},\"sameAs\":[\"https:\/\/portaltela.pt\/\"],\"url\":\"https:\/\/portaltela.pt\/por\/367410592786\/\"}]}<\/script>\n<!-- \/ Yoast SEO plugin. -->","yoast_head_json":{"title":"Leit\u00e3o Amaro afirma que Lei da Nacionalidade foi discutida com lus\u00f3fonos - Portal Tela Portugal","robots":{"index":"index","follow":"follow","max-snippet":"max-snippet:-1","max-image-preview":"max-image-preview:large","max-video-preview":"max-video-preview:-1"},"og_locale":"pt_PT","og_type":"article","og_title":"Leit\u00e3o Amaro afirma que Lei da Nacionalidade foi discutida com lus\u00f3fonos - Portal Tela Portugal","og_description":"A Assembleia da Rep\u00fablica reaprecia, nesta quarta-feira, os decretos que alteram a Lei da Nacionalidade e o C\u00f3digo Penal, ap\u00f3s o TC ter declaradas inconstitucionais v\u00e1rias normas. O ministro da Presid\u00eancia, Ant\u00f3nio Leit\u00e3o Amaro, disse que a Lei da Nacionalidade foi amplamente discutida com os pa\u00edses lus\u00f3fonos, que entenderam a import\u00e2ncia da medida. A proposta visa tornar mais exigente a obten\u00e7\u00e3o da nacionalidade, exigindo uma liga\u00e7\u00e3o mais efetiva com o pa\u00eds. O TC identificou pontos a corrigir e entrou em contacto com o Parlamento para ultrapassar esses aspetos, segundo o ministro. Os diplomas foram aprovados em 28 de outubro de 2025, com 157 votos a favor (PSD, Chega, Iniciativa Liberal, CDS-PP e JPP) e 64 contra (PS, Livre, PCP, BE e PAN); a decis\u00e3o sobre a aprova\u00e7\u00e3o final depende dos partidos.","og_url":"https:\/\/portaltela.pt\/noticias\/2026\/04\/01\/leitao-amaro-afirma-que-lei-da-nacionalidade-foi-discutida-com-lusofonos\/","og_site_name":"Portal Tela Portugal","article_published_time":"2026-04-01T11:32:03+00:00","author":"Telinha","twitter_card":"summary_large_image","twitter_misc":{"Escrito por":"Telinha","Tempo estimado de leitura":"1 minuto"},"schema":{"@context":"https:\/\/schema.org","@graph":[{"@type":"Article","@id":"https:\/\/portaltela.pt\/noticias\/2026\/04\/01\/leitao-amaro-afirma-que-lei-da-nacionalidade-foi-discutida-com-lusofonos\/#article","isPartOf":{"@id":"https:\/\/portaltela.pt\/noticias\/2026\/04\/01\/leitao-amaro-afirma-que-lei-da-nacionalidade-foi-discutida-com-lusofonos\/"},"author":{"name":"Telinha","@id":"https:\/\/portaltela.pt\/#\/schema\/person\/c4278d4a6028830caff9ee44b42d32ed"},"headline":"Leit\u00e3o Amaro afirma que Lei da Nacionalidade foi discutida com lus\u00f3fonos","datePublished":"2026-04-01T11:32:03+00:00","mainEntityOfPage":{"@id":"https:\/\/portaltela.pt\/noticias\/2026\/04\/01\/leitao-amaro-afirma-que-lei-da-nacionalidade-foi-discutida-com-lusofonos\/"},"wordCount":304,"image":{"@id":"https:\/\/portaltela.pt\/noticias\/2026\/04\/01\/leitao-amaro-afirma-que-lei-da-nacionalidade-foi-discutida-com-lusofonos\/#primaryimage"},"thumbnailUrl":"https:\/\/portaltela.pt\/s.01k8rhncp4jt1\/2026\/04\/2078512.jpg","keywords":["cidad\u00e3os","constitui\u00e7\u00e3o","direito","lei","Portugal","Tribunais"],"articleSection":["Not\u00edcias","Pol\u00edtica"],"inLanguage":"pt-PT"},{"@type":"WebPage","@id":"https:\/\/portaltela.pt\/noticias\/2026\/04\/01\/leitao-amaro-afirma-que-lei-da-nacionalidade-foi-discutida-com-lusofonos\/","url":"https:\/\/portaltela.pt\/noticias\/2026\/04\/01\/leitao-amaro-afirma-que-lei-da-nacionalidade-foi-discutida-com-lusofonos\/","name":"Leit\u00e3o Amaro afirma que Lei da Nacionalidade foi discutida com lus\u00f3fonos - Portal Tela Portugal","isPartOf":{"@id":"https:\/\/portaltela.pt\/#website"},"primaryImageOfPage":{"@id":"https:\/\/portaltela.pt\/noticias\/2026\/04\/01\/leitao-amaro-afirma-que-lei-da-nacionalidade-foi-discutida-com-lusofonos\/#primaryimage"},"image":{"@id":"https:\/\/portaltela.pt\/noticias\/2026\/04\/01\/leitao-amaro-afirma-que-lei-da-nacionalidade-foi-discutida-com-lusofonos\/#primaryimage"},"thumbnailUrl":"https:\/\/portaltela.pt\/s.01k8rhncp4jt1\/2026\/04\/2078512.jpg","datePublished":"2026-04-01T11:32:03+00:00","author":{"@id":"https:\/\/portaltela.pt\/#\/schema\/person\/c4278d4a6028830caff9ee44b42d32ed"},"breadcrumb":{"@id":"https:\/\/portaltela.pt\/noticias\/2026\/04\/01\/leitao-amaro-afirma-que-lei-da-nacionalidade-foi-discutida-com-lusofonos\/#breadcrumb"},"inLanguage":"pt-PT","potentialAction":[{"@type":"ReadAction","target":["https:\/\/portaltela.pt\/noticias\/2026\/04\/01\/leitao-amaro-afirma-que-lei-da-nacionalidade-foi-discutida-com-lusofonos\/"]}]},{"@type":"ImageObject","inLanguage":"pt-PT","@id":"https:\/\/portaltela.pt\/noticias\/2026\/04\/01\/leitao-amaro-afirma-que-lei-da-nacionalidade-foi-discutida-com-lusofonos\/#primaryimage","url":"https:\/\/portaltela.pt\/s.01k8rhncp4jt1\/2026\/04\/2078512.jpg","contentUrl":"https:\/\/portaltela.pt\/s.01k8rhncp4jt1\/2026\/04\/2078512.jpg","width":796,"height":448,"caption":"O ministro da Presid\u00eancia, Ant\u00f3nio Leit\u00e3o Amaro, esteve esta manh\u00e3 na Gulbenkian"},{"@type":"BreadcrumbList","@id":"https:\/\/portaltela.pt\/noticias\/2026\/04\/01\/leitao-amaro-afirma-que-lei-da-nacionalidade-foi-discutida-com-lusofonos\/#breadcrumb","itemListElement":[{"@type":"ListItem","position":1,"name":"In\u00edcio","item":"https:\/\/portaltela.pt\/"},{"@type":"ListItem","position":2,"name":"Leit\u00e3o Amaro afirma que Lei da Nacionalidade foi discutida com lus\u00f3fonos"}]},{"@type":"WebSite","@id":"https:\/\/portaltela.pt\/#website","url":"https:\/\/portaltela.pt\/","name":"Portal Tela Portugal","description":"","potentialAction":[{"@type":"SearchAction","target":{"@type":"EntryPoint","urlTemplate":"https:\/\/portaltela.pt\/?s={search_term_string}"},"query-input":{"@type":"PropertyValueSpecification","valueRequired":true,"valueName":"search_term_string"}}],"inLanguage":"pt-PT"},{"@type":"Person","@id":"https:\/\/portaltela.pt\/#\/schema\/person\/c4278d4a6028830caff9ee44b42d32ed","name":"Telinha","image":{"@type":"ImageObject","inLanguage":"pt-PT","@id":"https:\/\/portaltela.pt\/s.01k8rhncp4jt1\/2025\/11\/talking-bot-125x125.png","url":"https:\/\/portaltela.pt\/s.01k8rhncp4jt1\/2025\/11\/talking-bot-125x125.png","contentUrl":"https:\/\/portaltela.pt\/s.01k8rhncp4jt1\/2025\/11\/talking-bot-125x125.png","caption":"Telinha"},"sameAs":["https:\/\/portaltela.pt\/"],"url":"https:\/\/portaltela.pt\/por\/367410592786\/"}]}},"_links":{"self":[{"href":"https:\/\/portaltela.pt\/api\/wp\/v2\/posts\/429031","targetHints":{"allow":["GET"]}}],"collection":[{"href":"https:\/\/portaltela.pt\/api\/wp\/v2\/posts"}],"about":[{"href":"https:\/\/portaltela.pt\/api\/wp\/v2\/types\/post"}],"author":[{"embeddable":true,"href":"https:\/\/portaltela.pt\/api\/wp\/v2\/users\/2"}],"replies":[{"embeddable":true,"href":"https:\/\/portaltela.pt\/api\/wp\/v2\/comments?post=429031"}],"version-history":[{"count":0,"href":"https:\/\/portaltela.pt\/api\/wp\/v2\/posts\/429031\/revisions"}],"wp:featuredmedia":[{"embeddable":true,"href":"https:\/\/portaltela.pt\/api\/wp\/v2\/media\/429033"}],"wp:attachment":[{"href":"https:\/\/portaltela.pt\/api\/wp\/v2\/media?parent=429031"}],"wp:term":[{"taxonomy":"category","embeddable":true,"href":"https:\/\/portaltela.pt\/api\/wp\/v2\/categories?post=429031"},{"taxonomy":"post_tag","embeddable":true,"href":"https:\/\/portaltela.pt\/api\/wp\/v2\/tags?post=429031"}],"curies":[{"name":"wp","href":"https:\/\/api.w.org\/{rel}","templated":true}]}}