{"id":429029,"date":"2026-04-01T08:17:48","date_gmt":"2026-04-01T11:17:48","guid":{"rendered":"https:\/\/portaltela.pt\/noticias\/2026\/04\/01\/agenda-de-abril-mes-dedicado-a-convivio-cinema-livros-e-liberdade\/"},"modified":"2026-04-01T08:17:48","modified_gmt":"2026-04-01T11:17:48","slug":"agenda-de-abril-mes-dedicado-a-convivio-cinema-livros-e-liberdade","status":"publish","type":"post","link":"https:\/\/portaltela.pt\/noticias\/2026\/04\/01\/agenda-de-abril-mes-dedicado-a-convivio-cinema-livros-e-liberdade\/","title":{"rendered":"Agenda de abril: m\u00eas dedicado a conv\u00edvio, cinema, livros e liberdade"},"content":{"rendered":"<p>O m\u00eas de abril chega com uma programa\u00e7\u00e3o rica em conv\u00edvio, cultura e celebra\u00e7\u00e3o. Entre op\u00e7\u00f5es para fam\u00edlias e apreciadores, h\u00e1 cinema, gastronomia, oficinas e atividades liter\u00e1rias em v\u00e1rias cidades. O foco \u00e9 oferecer experi\u00eancias de lazer, aprendizado e liberdade de express\u00e3o.<\/p>\n<p>Quase todo o pa\u00eds recebe eventos dedicados \u00e0 P\u00e1scoa, ao cinema e \u00e0 cultura japonesa, com iniciativas que privilegiam o espa\u00e7o p\u00fablico, a hist\u00f3ria local e a rela\u00e7\u00e3o com a Ria de Aveiro. A agenda envolve adem\u00e1s sess\u00f5es ao vivo, exposi\u00e7\u00f5es e festivais gastron\u00f3micos.<\/p>\n<h3>Vila do Conde: Mercado de P\u00e1scoa Encantado<\/h3>\n<p>At\u00e9 12 de abril, Vila do Conde recebe o Mercado de P\u00e1scoa Encantado, com cerca de 20 expositores e pra\u00e7a de restaura\u00e7\u00e3o. O Jardim J\u00falio Gra\u00e7a fica decorado para a Primavera, com atra\u00e7\u00f5es para crian\u00e7as e uma ca\u00e7a aos ovos.<\/p>\n<p>A Casa de Ch\u00e1 do Coelho, carross\u00e9is e oficinas integram a oferta, al\u00e9m de a\u00e7\u00f5es l\u00fadicas que incentivam o com\u00e9rcio local. A recolha de carimbos nas lojas aderentes habilita a oferta final na bilheteira.<\/p>\n<p>No ateli\u00ea Ajudantes da Natureza, as fam\u00edlias participam em atividades que explicam de forma pr\u00e1tica como proteger a biodiversidade e os ecossistemas urbanos.<\/p>\n<h3>Cinema em Caldas da Rainha: iNTERVALOS<\/h3>\n<p>De 16 a 18 de abril, o Centro Cultural e de Congressos acolhe a segunda edi\u00e7\u00e3o do iNTERVALOS &#8211; Encontro e Mostra de Cinema. O foco \u00e9 o cinema portugu\u00eas, com di\u00e1logos entre obras e realizadores.<\/p>\n<p>Sess\u00f5es conjuntas, intituladas em di\u00e1logo com, ligam filmes de diferentes cineastas e espectadores. Este ano destaca-se a obra de Manuela Serra e O Movimento das Coisas. Cada sess\u00e3o custa 2 euros.<\/p>\n<h3>Oficinas de cultura japonesa, em Lisboa<\/h3>\n<p>No Museu do Oriente, em abril, participam tr\u00eas atividades sobre a cultura japonesa. Em 11 de abril, oficina de okiagari-koboshi, com figuras de papel washi. Tamb\u00e9m h\u00e1 um ateli\u00ea de tecelagem em papel no mesmo dia.<\/p>\n<p>No dia 18, realiza-se um workshop de Riichi Mahjong, com partidas orientadas pelo Grupo de Mahjong de Lisboa. Inscri\u00e7\u00f5es em foriente.pt.<\/p>\n<h3>Vamos aos Cricos, em \u00cdlhavo<\/h3>\n<p>O festival gastron\u00f3mico Vamos aos Cricos decorre de 3 de abril a 3 de maio, reunindo 15 restaurantes e petisqueiras da regi\u00e3o. O card\u00e1pio inclui am\u00eaijoas, chocos, berbig\u00e3o e mexilh\u00e3o com vistas \u00e0 promo\u00e7\u00e3o local.<\/p>\n<p>Pela primeira vez, ocorre a Festa do Choco entre 9 e 12 de abril, numa tenda no Jardim Henriqueta Maia. A lista de restaurantes participantes est\u00e1 dispon\u00edvel no site oficial de \u00cdlhavo.<\/p>\n<h3>Gaia: Port Wine Celebration<\/h3>\n<p>No dia 23 de abril, o The Yeatman promove o Port Wine Celebration, com harmoniza\u00e7\u00f5es, m\u00fasica ao vivo e uma masterclass. A vig\u00eancia \u00e9 entre as 19h e as 23h; o bilhete custa 140 euros, e a masterclass, 190 euros.<\/p>\n<p>Reservas podem ser feitas no site do hotel, com detalhamento das casas de vinho do Porto presentes e dos formatos de prova.<\/p>\n<h3>Castelo de S\u00e3o Jorge: aventura pela liberdade<\/h3>\n<p>A 25 de abril, o Castelo de S\u00e3o Jorge organiza uma atividade para fam\u00edlias, associando a Revolu\u00e7\u00e3o dos Cravos \u00e0 hist\u00f3ria do monumento. Um mapa guia a passagem por muros e torres, com provas sobre liberdade e democracia.<\/p>\n<p>A sess\u00e3o inicia \u00e0s 11h, dura cerca de 75 minutos e \u00e9 inclu\u00edda no bilhete, mediante marca\u00e7\u00e3o em castelodesaojorge.pt.<\/p>\n<h3>LeV &#8211; Literatura em Viagem, Matosinhos<\/h3>\n<p>De 10 a 19 de abril, o LeV celebra 20 anos na Biblioteca Florbela Espanca. O festival oferece conversas, debates, apresenta\u00e7\u00f5es e atividades infantis, com figuras como Hugo Van Der Ding, Mia Couto e Jung Chang.<\/p>\n<p>As sess\u00f5es s\u00e3o gratuitas e visam reflectir sobre pol\u00edtica, sociedade e cultura, articulando a leitura com temas atuais. O programa est\u00e1 dispon\u00edvel no site da C\u00e2mara de Matosinhos.<\/p>\n<h3>Bordar a liberdade na Invicta<\/h3>\n<p>No Dia da Liberdade, o Estendal da Flor promove um workshop de bordar um cravo em 3D, no Studio Sparks. A atividade decorre entre as 10h e as 13h, destina-se a partir dos oito anos e tem custo de 35 euros.<\/p>\n<p>As inscri\u00e7\u00f5es podem ser feitas via Instagram do Estendal da Flor, incluindo material, bolo, ch\u00e1 e caf\u00e9.<\/p>\n","protected":false},"excerpt":{"rendered":"<ul>\n<li>Em Vila do Conde, at\u00e9 12 de abril decorre o Mercado de P\u00e1scoa Encantado no Jardim J\u00falio Gra\u00e7a, com atividades para fam\u00edlias e uma ca\u00e7a aos ovos que envolve carimbos nas lojas aderentes.<\/li>\n<li>De 16 a 18 de abril, o iNTERVALOS &#8211; Encontro e Mostra de Cinema realiza-se nas Caldas da Rainha, com sess\u00f5es em di\u00e1logo entre cineastas e p\u00fablico, destacando a obra de Manuela Serra; bilhetes a dois euros.<\/li>\n<li>Em Lisboa, o Museu do Oriente promove tr\u00eas oficinas em abril, incluindo o okiagari-koboshi (amuleto de papel) no dia 11, tecelagem em papel e, no dia 18, um workshop de Riichi Mahjong com o Grupo de Mahjong de Lisboa; inscri\u00e7\u00f5es em foriente.pt.<\/li>\n<li>Em \u00cdlhavo, o festival Vamos aos Cricos! decorre de 3 de abril a 3 de maio, reunindo 15 restaurantes com pratos da Ria de Aveiro; a Festa do Choco acontece entre 9 e 12 de abril, numa tenda no Jardim Henriqueta Maia.<\/li>\n<li>Em Gaia, a 23 de abril realiza-se o Port Wine Celebration no The Yeatman, com degusta\u00e7\u00f5es, m\u00fasica ao vivo e uma masterclass de enologia, com bilhetes de 140 euros (190 euros para a masterclass).<\/li>\n<\/ul>\n","protected":false},"author":2,"featured_media":429030,"comment_status":"closed","ping_status":"closed","sticky":false,"template":"","format":"standard","meta":{"footnotes":""},"categories":[7375,1],"tags":[112,145,1761,106,169,1546],"class_list":["post-429029","post","type-post","status-publish","format-standard","has-post-thumbnail","hentry","category-cultura","category-noticias","tag-cinema","tag-cultura","tag-gaia","tag-literatura","tag-turismo","tag-vila-do-conde"],"yoast_head":"<!-- This site is optimized with the Yoast SEO plugin v27.2 - https:\/\/yoast.com\/product\/yoast-seo-wordpress\/ -->\n<title>Agenda de abril: m\u00eas dedicado a conv\u00edvio, cinema, livros e liberdade - Portal Tela Portugal<\/title>\n<meta name=\"robots\" content=\"index, follow, max-snippet:-1, max-image-preview:large, max-video-preview:-1\" \/>\n<meta property=\"og:locale\" content=\"pt_PT\" \/>\n<meta property=\"og:type\" content=\"article\" \/>\n<meta property=\"og:title\" content=\"Agenda de abril: m\u00eas dedicado a conv\u00edvio, cinema, livros e liberdade - Portal Tela Portugal\" \/>\n<meta property=\"og:description\" content=\"Em Vila do Conde, at\u00e9 12 de abril decorre o Mercado de P\u00e1scoa Encantado no Jardim J\u00falio Gra\u00e7a, com atividades para fam\u00edlias e uma ca\u00e7a aos ovos que envolve carimbos nas lojas aderentes. De 16 a 18 de abril, o iNTERVALOS - Encontro e Mostra de Cinema realiza-se nas Caldas da Rainha, com sess\u00f5es em di\u00e1logo entre cineastas e p\u00fablico, destacando a obra de Manuela Serra; bilhetes a dois euros. Em Lisboa, o Museu do Oriente promove tr\u00eas oficinas em abril, incluindo o okiagari-koboshi (amuleto de papel) no dia 11, tecelagem em papel e, no dia 18, um workshop de Riichi Mahjong com o Grupo de Mahjong de Lisboa; inscri\u00e7\u00f5es em foriente.pt. Em \u00cdlhavo, o festival Vamos aos Cricos! decorre de 3 de abril a 3 de maio, reunindo 15 restaurantes com pratos da Ria de Aveiro; a Festa do Choco acontece entre 9 e 12 de abril, numa tenda no Jardim Henriqueta Maia. Em Gaia, a 23 de abril realiza-se o Port Wine Celebration no The Yeatman, com degusta\u00e7\u00f5es, m\u00fasica ao vivo e uma masterclass de enologia, com bilhetes de 140 euros (190 euros para a masterclass).\" \/>\n<meta property=\"og:url\" content=\"https:\/\/portaltela.pt\/noticias\/2026\/04\/01\/agenda-de-abril-mes-dedicado-a-convivio-cinema-livros-e-liberdade\/\" \/>\n<meta property=\"og:site_name\" content=\"Portal Tela Portugal\" \/>\n<meta property=\"article:published_time\" content=\"2026-04-01T11:17:48+00:00\" \/>\n<meta name=\"author\" content=\"Telinha\" \/>\n<meta name=\"twitter:card\" content=\"summary_large_image\" \/>\n<meta name=\"twitter:label1\" content=\"Escrito por\" \/>\n\t<meta name=\"twitter:data1\" content=\"Telinha\" \/>\n\t<meta name=\"twitter:label2\" content=\"Tempo estimado de leitura\" \/>\n\t<meta name=\"twitter:data2\" content=\"4 minutos\" \/>\n<script type=\"application\/ld+json\" class=\"yoast-schema-graph\">{\"@context\":\"https:\/\/schema.org\",\"@graph\":[{\"@type\":\"Article\",\"@id\":\"https:\/\/portaltela.pt\/noticias\/2026\/04\/01\/agenda-de-abril-mes-dedicado-a-convivio-cinema-livros-e-liberdade\/#article\",\"isPartOf\":{\"@id\":\"https:\/\/portaltela.pt\/noticias\/2026\/04\/01\/agenda-de-abril-mes-dedicado-a-convivio-cinema-livros-e-liberdade\/\"},\"author\":{\"name\":\"Telinha\",\"@id\":\"https:\/\/portaltela.pt\/#\/schema\/person\/c4278d4a6028830caff9ee44b42d32ed\"},\"headline\":\"Agenda de abril: m\u00eas dedicado a conv\u00edvio, cinema, livros e liberdade\",\"datePublished\":\"2026-04-01T11:17:48+00:00\",\"mainEntityOfPage\":{\"@id\":\"https:\/\/portaltela.pt\/noticias\/2026\/04\/01\/agenda-de-abril-mes-dedicado-a-convivio-cinema-livros-e-liberdade\/\"},\"wordCount\":718,\"image\":{\"@id\":\"https:\/\/portaltela.pt\/noticias\/2026\/04\/01\/agenda-de-abril-mes-dedicado-a-convivio-cinema-livros-e-liberdade\/#primaryimage\"},\"thumbnailUrl\":\"https:\/\/portaltela.pt\/s.01k8rhncp4jt1\/2026\/04\/2a31d1a1-86f8-46e3-bff3-6f5bf1c61dc1_1200x675.jpg\",\"keywords\":[\"cinema\",\"cultura\",\"Gaia\",\"literatura\",\"turismo\",\"Vila do Conde\"],\"articleSection\":[\"Cultura\",\"Not\u00edcias\"],\"inLanguage\":\"pt-PT\"},{\"@type\":\"WebPage\",\"@id\":\"https:\/\/portaltela.pt\/noticias\/2026\/04\/01\/agenda-de-abril-mes-dedicado-a-convivio-cinema-livros-e-liberdade\/\",\"url\":\"https:\/\/portaltela.pt\/noticias\/2026\/04\/01\/agenda-de-abril-mes-dedicado-a-convivio-cinema-livros-e-liberdade\/\",\"name\":\"Agenda de abril: m\u00eas dedicado a conv\u00edvio, cinema, livros e liberdade - Portal Tela Portugal\",\"isPartOf\":{\"@id\":\"https:\/\/portaltela.pt\/#website\"},\"primaryImageOfPage\":{\"@id\":\"https:\/\/portaltela.pt\/noticias\/2026\/04\/01\/agenda-de-abril-mes-dedicado-a-convivio-cinema-livros-e-liberdade\/#primaryimage\"},\"image\":{\"@id\":\"https:\/\/portaltela.pt\/noticias\/2026\/04\/01\/agenda-de-abril-mes-dedicado-a-convivio-cinema-livros-e-liberdade\/#primaryimage\"},\"thumbnailUrl\":\"https:\/\/portaltela.pt\/s.01k8rhncp4jt1\/2026\/04\/2a31d1a1-86f8-46e3-bff3-6f5bf1c61dc1_1200x675.jpg\",\"datePublished\":\"2026-04-01T11:17:48+00:00\",\"author\":{\"@id\":\"https:\/\/portaltela.pt\/#\/schema\/person\/c4278d4a6028830caff9ee44b42d32ed\"},\"breadcrumb\":{\"@id\":\"https:\/\/portaltela.pt\/noticias\/2026\/04\/01\/agenda-de-abril-mes-dedicado-a-convivio-cinema-livros-e-liberdade\/#breadcrumb\"},\"inLanguage\":\"pt-PT\",\"potentialAction\":[{\"@type\":\"ReadAction\",\"target\":[\"https:\/\/portaltela.pt\/noticias\/2026\/04\/01\/agenda-de-abril-mes-dedicado-a-convivio-cinema-livros-e-liberdade\/\"]}]},{\"@type\":\"ImageObject\",\"inLanguage\":\"pt-PT\",\"@id\":\"https:\/\/portaltela.pt\/noticias\/2026\/04\/01\/agenda-de-abril-mes-dedicado-a-convivio-cinema-livros-e-liberdade\/#primaryimage\",\"url\":\"https:\/\/portaltela.pt\/s.01k8rhncp4jt1\/2026\/04\/2a31d1a1-86f8-46e3-bff3-6f5bf1c61dc1_1200x675.jpg\",\"contentUrl\":\"https:\/\/portaltela.pt\/s.01k8rhncp4jt1\/2026\/04\/2a31d1a1-86f8-46e3-bff3-6f5bf1c61dc1_1200x675.jpg\",\"width\":796,\"height\":448,\"caption\":\"Photo\"},{\"@type\":\"BreadcrumbList\",\"@id\":\"https:\/\/portaltela.pt\/noticias\/2026\/04\/01\/agenda-de-abril-mes-dedicado-a-convivio-cinema-livros-e-liberdade\/#breadcrumb\",\"itemListElement\":[{\"@type\":\"ListItem\",\"position\":1,\"name\":\"In\u00edcio\",\"item\":\"https:\/\/portaltela.pt\/\"},{\"@type\":\"ListItem\",\"position\":2,\"name\":\"Agenda de abril: m\u00eas dedicado a conv\u00edvio, cinema, livros e liberdade\"}]},{\"@type\":\"WebSite\",\"@id\":\"https:\/\/portaltela.pt\/#website\",\"url\":\"https:\/\/portaltela.pt\/\",\"name\":\"Portal Tela Portugal\",\"description\":\"\",\"potentialAction\":[{\"@type\":\"SearchAction\",\"target\":{\"@type\":\"EntryPoint\",\"urlTemplate\":\"https:\/\/portaltela.pt\/?s={search_term_string}\"},\"query-input\":{\"@type\":\"PropertyValueSpecification\",\"valueRequired\":true,\"valueName\":\"search_term_string\"}}],\"inLanguage\":\"pt-PT\"},{\"@type\":\"Person\",\"@id\":\"https:\/\/portaltela.pt\/#\/schema\/person\/c4278d4a6028830caff9ee44b42d32ed\",\"name\":\"Telinha\",\"image\":{\"@type\":\"ImageObject\",\"inLanguage\":\"pt-PT\",\"@id\":\"https:\/\/portaltela.pt\/s.01k8rhncp4jt1\/2025\/11\/talking-bot-125x125.png\",\"url\":\"https:\/\/portaltela.pt\/s.01k8rhncp4jt1\/2025\/11\/talking-bot-125x125.png\",\"contentUrl\":\"https:\/\/portaltela.pt\/s.01k8rhncp4jt1\/2025\/11\/talking-bot-125x125.png\",\"caption\":\"Telinha\"},\"sameAs\":[\"https:\/\/portaltela.pt\/\"],\"url\":\"https:\/\/portaltela.pt\/por\/367410592786\/\"}]}<\/script>\n<!-- \/ Yoast SEO plugin. -->","yoast_head_json":{"title":"Agenda de abril: m\u00eas dedicado a conv\u00edvio, cinema, livros e liberdade - Portal Tela Portugal","robots":{"index":"index","follow":"follow","max-snippet":"max-snippet:-1","max-image-preview":"max-image-preview:large","max-video-preview":"max-video-preview:-1"},"og_locale":"pt_PT","og_type":"article","og_title":"Agenda de abril: m\u00eas dedicado a conv\u00edvio, cinema, livros e liberdade - Portal Tela Portugal","og_description":"Em Vila do Conde, at\u00e9 12 de abril decorre o Mercado de P\u00e1scoa Encantado no Jardim J\u00falio Gra\u00e7a, com atividades para fam\u00edlias e uma ca\u00e7a aos ovos que envolve carimbos nas lojas aderentes. De 16 a 18 de abril, o iNTERVALOS - Encontro e Mostra de Cinema realiza-se nas Caldas da Rainha, com sess\u00f5es em di\u00e1logo entre cineastas e p\u00fablico, destacando a obra de Manuela Serra; bilhetes a dois euros. Em Lisboa, o Museu do Oriente promove tr\u00eas oficinas em abril, incluindo o okiagari-koboshi (amuleto de papel) no dia 11, tecelagem em papel e, no dia 18, um workshop de Riichi Mahjong com o Grupo de Mahjong de Lisboa; inscri\u00e7\u00f5es em foriente.pt. Em \u00cdlhavo, o festival Vamos aos Cricos! decorre de 3 de abril a 3 de maio, reunindo 15 restaurantes com pratos da Ria de Aveiro; a Festa do Choco acontece entre 9 e 12 de abril, numa tenda no Jardim Henriqueta Maia. Em Gaia, a 23 de abril realiza-se o Port Wine Celebration no The Yeatman, com degusta\u00e7\u00f5es, m\u00fasica ao vivo e uma masterclass de enologia, com bilhetes de 140 euros (190 euros para a masterclass).","og_url":"https:\/\/portaltela.pt\/noticias\/2026\/04\/01\/agenda-de-abril-mes-dedicado-a-convivio-cinema-livros-e-liberdade\/","og_site_name":"Portal Tela Portugal","article_published_time":"2026-04-01T11:17:48+00:00","author":"Telinha","twitter_card":"summary_large_image","twitter_misc":{"Escrito por":"Telinha","Tempo estimado de leitura":"4 minutos"},"schema":{"@context":"https:\/\/schema.org","@graph":[{"@type":"Article","@id":"https:\/\/portaltela.pt\/noticias\/2026\/04\/01\/agenda-de-abril-mes-dedicado-a-convivio-cinema-livros-e-liberdade\/#article","isPartOf":{"@id":"https:\/\/portaltela.pt\/noticias\/2026\/04\/01\/agenda-de-abril-mes-dedicado-a-convivio-cinema-livros-e-liberdade\/"},"author":{"name":"Telinha","@id":"https:\/\/portaltela.pt\/#\/schema\/person\/c4278d4a6028830caff9ee44b42d32ed"},"headline":"Agenda de abril: m\u00eas dedicado a conv\u00edvio, cinema, livros e liberdade","datePublished":"2026-04-01T11:17:48+00:00","mainEntityOfPage":{"@id":"https:\/\/portaltela.pt\/noticias\/2026\/04\/01\/agenda-de-abril-mes-dedicado-a-convivio-cinema-livros-e-liberdade\/"},"wordCount":718,"image":{"@id":"https:\/\/portaltela.pt\/noticias\/2026\/04\/01\/agenda-de-abril-mes-dedicado-a-convivio-cinema-livros-e-liberdade\/#primaryimage"},"thumbnailUrl":"https:\/\/portaltela.pt\/s.01k8rhncp4jt1\/2026\/04\/2a31d1a1-86f8-46e3-bff3-6f5bf1c61dc1_1200x675.jpg","keywords":["cinema","cultura","Gaia","literatura","turismo","Vila do Conde"],"articleSection":["Cultura","Not\u00edcias"],"inLanguage":"pt-PT"},{"@type":"WebPage","@id":"https:\/\/portaltela.pt\/noticias\/2026\/04\/01\/agenda-de-abril-mes-dedicado-a-convivio-cinema-livros-e-liberdade\/","url":"https:\/\/portaltela.pt\/noticias\/2026\/04\/01\/agenda-de-abril-mes-dedicado-a-convivio-cinema-livros-e-liberdade\/","name":"Agenda de abril: m\u00eas dedicado a conv\u00edvio, cinema, livros e liberdade - Portal Tela Portugal","isPartOf":{"@id":"https:\/\/portaltela.pt\/#website"},"primaryImageOfPage":{"@id":"https:\/\/portaltela.pt\/noticias\/2026\/04\/01\/agenda-de-abril-mes-dedicado-a-convivio-cinema-livros-e-liberdade\/#primaryimage"},"image":{"@id":"https:\/\/portaltela.pt\/noticias\/2026\/04\/01\/agenda-de-abril-mes-dedicado-a-convivio-cinema-livros-e-liberdade\/#primaryimage"},"thumbnailUrl":"https:\/\/portaltela.pt\/s.01k8rhncp4jt1\/2026\/04\/2a31d1a1-86f8-46e3-bff3-6f5bf1c61dc1_1200x675.jpg","datePublished":"2026-04-01T11:17:48+00:00","author":{"@id":"https:\/\/portaltela.pt\/#\/schema\/person\/c4278d4a6028830caff9ee44b42d32ed"},"breadcrumb":{"@id":"https:\/\/portaltela.pt\/noticias\/2026\/04\/01\/agenda-de-abril-mes-dedicado-a-convivio-cinema-livros-e-liberdade\/#breadcrumb"},"inLanguage":"pt-PT","potentialAction":[{"@type":"ReadAction","target":["https:\/\/portaltela.pt\/noticias\/2026\/04\/01\/agenda-de-abril-mes-dedicado-a-convivio-cinema-livros-e-liberdade\/"]}]},{"@type":"ImageObject","inLanguage":"pt-PT","@id":"https:\/\/portaltela.pt\/noticias\/2026\/04\/01\/agenda-de-abril-mes-dedicado-a-convivio-cinema-livros-e-liberdade\/#primaryimage","url":"https:\/\/portaltela.pt\/s.01k8rhncp4jt1\/2026\/04\/2a31d1a1-86f8-46e3-bff3-6f5bf1c61dc1_1200x675.jpg","contentUrl":"https:\/\/portaltela.pt\/s.01k8rhncp4jt1\/2026\/04\/2a31d1a1-86f8-46e3-bff3-6f5bf1c61dc1_1200x675.jpg","width":796,"height":448,"caption":"Photo"},{"@type":"BreadcrumbList","@id":"https:\/\/portaltela.pt\/noticias\/2026\/04\/01\/agenda-de-abril-mes-dedicado-a-convivio-cinema-livros-e-liberdade\/#breadcrumb","itemListElement":[{"@type":"ListItem","position":1,"name":"In\u00edcio","item":"https:\/\/portaltela.pt\/"},{"@type":"ListItem","position":2,"name":"Agenda de abril: m\u00eas dedicado a conv\u00edvio, cinema, livros e liberdade"}]},{"@type":"WebSite","@id":"https:\/\/portaltela.pt\/#website","url":"https:\/\/portaltela.pt\/","name":"Portal Tela Portugal","description":"","potentialAction":[{"@type":"SearchAction","target":{"@type":"EntryPoint","urlTemplate":"https:\/\/portaltela.pt\/?s={search_term_string}"},"query-input":{"@type":"PropertyValueSpecification","valueRequired":true,"valueName":"search_term_string"}}],"inLanguage":"pt-PT"},{"@type":"Person","@id":"https:\/\/portaltela.pt\/#\/schema\/person\/c4278d4a6028830caff9ee44b42d32ed","name":"Telinha","image":{"@type":"ImageObject","inLanguage":"pt-PT","@id":"https:\/\/portaltela.pt\/s.01k8rhncp4jt1\/2025\/11\/talking-bot-125x125.png","url":"https:\/\/portaltela.pt\/s.01k8rhncp4jt1\/2025\/11\/talking-bot-125x125.png","contentUrl":"https:\/\/portaltela.pt\/s.01k8rhncp4jt1\/2025\/11\/talking-bot-125x125.png","caption":"Telinha"},"sameAs":["https:\/\/portaltela.pt\/"],"url":"https:\/\/portaltela.pt\/por\/367410592786\/"}]}},"_links":{"self":[{"href":"https:\/\/portaltela.pt\/api\/wp\/v2\/posts\/429029","targetHints":{"allow":["GET"]}}],"collection":[{"href":"https:\/\/portaltela.pt\/api\/wp\/v2\/posts"}],"about":[{"href":"https:\/\/portaltela.pt\/api\/wp\/v2\/types\/post"}],"author":[{"embeddable":true,"href":"https:\/\/portaltela.pt\/api\/wp\/v2\/users\/2"}],"replies":[{"embeddable":true,"href":"https:\/\/portaltela.pt\/api\/wp\/v2\/comments?post=429029"}],"version-history":[{"count":0,"href":"https:\/\/portaltela.pt\/api\/wp\/v2\/posts\/429029\/revisions"}],"wp:featuredmedia":[{"embeddable":true,"href":"https:\/\/portaltela.pt\/api\/wp\/v2\/media\/429030"}],"wp:attachment":[{"href":"https:\/\/portaltela.pt\/api\/wp\/v2\/media?parent=429029"}],"wp:term":[{"taxonomy":"category","embeddable":true,"href":"https:\/\/portaltela.pt\/api\/wp\/v2\/categories?post=429029"},{"taxonomy":"post_tag","embeddable":true,"href":"https:\/\/portaltela.pt\/api\/wp\/v2\/tags?post=429029"}],"curies":[{"name":"wp","href":"https:\/\/api.w.org\/{rel}","templated":true}]}}