{"id":429027,"date":"2026-04-01T08:17:33","date_gmt":"2026-04-01T11:17:33","guid":{"rendered":"https:\/\/portaltela.pt\/noticias\/2026\/04\/01\/medidas-tutelares-educativas-cresceram-215\/"},"modified":"2026-04-01T08:17:33","modified_gmt":"2026-04-01T11:17:33","slug":"medidas-tutelares-educativas-cresceram-215","status":"publish","type":"post","link":"https:\/\/portaltela.pt\/noticias\/2026\/04\/01\/medidas-tutelares-educativas-cresceram-215\/","title":{"rendered":"Medidas tutelares educativas cresceram 21,5%"},"content":{"rendered":"<p>O Relat\u00f3rio Anual de Seguran\u00e7a Interna (RASI) 2025 revela que as medidas tutelares educativas cresceram 21,5% face a 2024. Ao final de 2025, 156 jovens estavam internados em centros educativos, mais cinco que no final de 2024. A delinqu\u00eancia juvenil diminuiu 1,3%.<\/p>\n<p>Ao longo de 2025 foram criadas e\/ou aplicadas 3740 medidas tutelares educativo, para 2962 jovens. O crescimento das medidas de internamento foi de 14,3%, totalizando 335 casos. Os dados indicam um aumento generalizado de interven\u00e7\u00e3o educativa.<\/p>\n<p>No \u00faltimo dia de 2025, estavam em execu\u00e7\u00e3o 1538 medidas tutelar educativa, relativas a 1328 jovens. Destas, 156 correspondem a internamento. O g\u00e9nero masculino representa 82,3% dos internados, e 71,8% tinham entre 16 e 20 anos. Est\u00e3o registados 485 crimes entre estes jovens.<\/p>\n<h3>Estrutura das medidas e impacto<\/h3>\n<p>Entre as medidas aplicadas, 1048 resultaram na suspens\u00e3o de processos na fase extrajudicial, com regras a cumprir. Seguiram-se 1007 encargos de acompanhamento educativo e 925 obriga\u00e7\u00f5es, al\u00e9m de 352 presta\u00e7\u00f5es econ\u00f3micas ou tarefas comunit\u00e1rias.<\/p>\n<p>A percentagem de internamentos face ao total de medidas situou-se em 8,96%, com 335 casos acumulados. Em 31 de Dezembro, 156 jovens estavam internados, incluindo 12 casos de abuso sexual de menores e outros 12 por crimes contra a liberdade sexual.<\/p>\n<p>A maioria dos internamentos incidiu em tribunais da Grande Lisboa (59%). A taxa de ocupa\u00e7\u00e3o dos centros educativos era de 91,8%, com regime semi-aberto em 54,5% dos casos. Cinco entre os dados apontam para crimes contra pessoas e contra o patrim\u00f3nio.<\/p>\n","protected":false},"excerpt":{"rendered":"<ul>\n<li>No final de 2025 havia 156 jovens internados em centros educativos, sendo 82,3% do sexo masculino e 71,8% com 16 a 20 anos.<\/li>\n<li>Foram registadas 3.740 medidas tutelares educativas em execu\u00e7\u00e3o, para 2.962 jovens, o que corresponde a um aumento de 21,5% face a 2024.<\/li>\n<li>Os internamentos aumentaram 14,3%, totalizando 335 casos; \u00e0 31 de dezembro estavam 156 jovens sob esta medida.<\/li>\n<li>Destas medidas, 1.048 resultaram na suspens\u00e3o de processos, 1.007 implicaram acompanhamento educativo, 925 obriga\u00e7\u00f5es impostas e 352 presta\u00e7\u00f5es econ\u00f3micas ou tarefas \u00e0 comunidade.<\/li>\n<li>Jovens estrangeiros representaram 9% dos internados, com origens predominantes no Brasil, Cabo Verde e Angola; 59% dos internamentos decorreram de tribunais da Grande Lisboa e a ocupa\u00e7\u00e3o dos centros \u00e9 de 91,8% (regime semi-aberto em 54,5%).<\/li>\n<\/ul>\n","protected":false},"author":2,"featured_media":429028,"comment_status":"closed","ping_status":"closed","sticky":false,"template":"","format":"standard","meta":{"footnotes":""},"categories":[6815,1],"tags":[177,3450,163,4023,2844,814],"class_list":["post-429027","post","type-post","status-publish","format-standard","has-post-thumbnail","hentry","category-justica","category-noticias","tag-crimes","tag-delinquencia","tag-educacao","tag-grande-lisboa","tag-jovens","tag-patrimonio"],"yoast_head":"<!-- This site is optimized with the Yoast SEO plugin v27.2 - https:\/\/yoast.com\/product\/yoast-seo-wordpress\/ -->\n<title>Medidas tutelares educativas cresceram 21,5% - Portal Tela Portugal<\/title>\n<meta name=\"robots\" content=\"index, follow, max-snippet:-1, max-image-preview:large, max-video-preview:-1\" \/>\n<meta property=\"og:locale\" content=\"pt_PT\" \/>\n<meta property=\"og:type\" content=\"article\" \/>\n<meta property=\"og:title\" content=\"Medidas tutelares educativas cresceram 21,5% - Portal Tela Portugal\" \/>\n<meta property=\"og:description\" content=\"No final de 2025 havia 156 jovens internados em centros educativos, sendo 82,3% do sexo masculino e 71,8% com 16 a 20 anos. Foram registadas 3.740 medidas tutelares educativas em execu\u00e7\u00e3o, para 2.962 jovens, o que corresponde a um aumento de 21,5% face a 2024. Os internamentos aumentaram 14,3%, totalizando 335 casos; \u00e0 31 de dezembro estavam 156 jovens sob esta medida. Destas medidas, 1.048 resultaram na suspens\u00e3o de processos, 1.007 implicaram acompanhamento educativo, 925 obriga\u00e7\u00f5es impostas e 352 presta\u00e7\u00f5es econ\u00f3micas ou tarefas \u00e0 comunidade. Jovens estrangeiros representaram 9% dos internados, com origens predominantes no Brasil, Cabo Verde e Angola; 59% dos internamentos decorreram de tribunais da Grande Lisboa e a ocupa\u00e7\u00e3o dos centros \u00e9 de 91,8% (regime semi-aberto em 54,5%).\" \/>\n<meta property=\"og:url\" content=\"https:\/\/portaltela.pt\/noticias\/2026\/04\/01\/medidas-tutelares-educativas-cresceram-215\/\" \/>\n<meta property=\"og:site_name\" content=\"Portal Tela Portugal\" \/>\n<meta property=\"article:published_time\" content=\"2026-04-01T11:17:33+00:00\" \/>\n<meta name=\"author\" content=\"Telinha\" \/>\n<meta name=\"twitter:card\" content=\"summary_large_image\" \/>\n<meta name=\"twitter:label1\" content=\"Escrito por\" \/>\n\t<meta name=\"twitter:data1\" content=\"Telinha\" \/>\n\t<meta name=\"twitter:label2\" content=\"Tempo estimado de leitura\" \/>\n\t<meta name=\"twitter:data2\" content=\"1 minuto\" \/>\n<script type=\"application\/ld+json\" class=\"yoast-schema-graph\">{\"@context\":\"https:\/\/schema.org\",\"@graph\":[{\"@type\":\"Article\",\"@id\":\"https:\/\/portaltela.pt\/noticias\/2026\/04\/01\/medidas-tutelares-educativas-cresceram-215\/#article\",\"isPartOf\":{\"@id\":\"https:\/\/portaltela.pt\/noticias\/2026\/04\/01\/medidas-tutelares-educativas-cresceram-215\/\"},\"author\":{\"name\":\"Telinha\",\"@id\":\"https:\/\/portaltela.pt\/#\/schema\/person\/c4278d4a6028830caff9ee44b42d32ed\"},\"headline\":\"Medidas tutelares educativas cresceram 21,5%\",\"datePublished\":\"2026-04-01T11:17:33+00:00\",\"mainEntityOfPage\":{\"@id\":\"https:\/\/portaltela.pt\/noticias\/2026\/04\/01\/medidas-tutelares-educativas-cresceram-215\/\"},\"wordCount\":228,\"image\":{\"@id\":\"https:\/\/portaltela.pt\/noticias\/2026\/04\/01\/medidas-tutelares-educativas-cresceram-215\/#primaryimage\"},\"thumbnailUrl\":\"https:\/\/portaltela.pt\/s.01k8rhncp4jt1\/2026\/04\/2078499.jpg\",\"keywords\":[\"crimes\",\"delinqu\u00eancia\",\"educa\u00e7\u00e3o\",\"Grande Lisboa\",\"jovens\",\"patrim\u00f3nio\"],\"articleSection\":[\"Justi\u00e7a\",\"Not\u00edcias\"],\"inLanguage\":\"pt-PT\"},{\"@type\":\"WebPage\",\"@id\":\"https:\/\/portaltela.pt\/noticias\/2026\/04\/01\/medidas-tutelares-educativas-cresceram-215\/\",\"url\":\"https:\/\/portaltela.pt\/noticias\/2026\/04\/01\/medidas-tutelares-educativas-cresceram-215\/\",\"name\":\"Medidas tutelares educativas cresceram 21,5% - Portal Tela Portugal\",\"isPartOf\":{\"@id\":\"https:\/\/portaltela.pt\/#website\"},\"primaryImageOfPage\":{\"@id\":\"https:\/\/portaltela.pt\/noticias\/2026\/04\/01\/medidas-tutelares-educativas-cresceram-215\/#primaryimage\"},\"image\":{\"@id\":\"https:\/\/portaltela.pt\/noticias\/2026\/04\/01\/medidas-tutelares-educativas-cresceram-215\/#primaryimage\"},\"thumbnailUrl\":\"https:\/\/portaltela.pt\/s.01k8rhncp4jt1\/2026\/04\/2078499.jpg\",\"datePublished\":\"2026-04-01T11:17:33+00:00\",\"author\":{\"@id\":\"https:\/\/portaltela.pt\/#\/schema\/person\/c4278d4a6028830caff9ee44b42d32ed\"},\"breadcrumb\":{\"@id\":\"https:\/\/portaltela.pt\/noticias\/2026\/04\/01\/medidas-tutelares-educativas-cresceram-215\/#breadcrumb\"},\"inLanguage\":\"pt-PT\",\"potentialAction\":[{\"@type\":\"ReadAction\",\"target\":[\"https:\/\/portaltela.pt\/noticias\/2026\/04\/01\/medidas-tutelares-educativas-cresceram-215\/\"]}]},{\"@type\":\"ImageObject\",\"inLanguage\":\"pt-PT\",\"@id\":\"https:\/\/portaltela.pt\/noticias\/2026\/04\/01\/medidas-tutelares-educativas-cresceram-215\/#primaryimage\",\"url\":\"https:\/\/portaltela.pt\/s.01k8rhncp4jt1\/2026\/04\/2078499.jpg\",\"contentUrl\":\"https:\/\/portaltela.pt\/s.01k8rhncp4jt1\/2026\/04\/2078499.jpg\",\"width\":796,\"height\":448,\"caption\":\"No centro educativo Santo Ant\u00f3nio, no Porto, havia 23 jovens internados, a 31 de Dezembro de 2025\"},{\"@type\":\"BreadcrumbList\",\"@id\":\"https:\/\/portaltela.pt\/noticias\/2026\/04\/01\/medidas-tutelares-educativas-cresceram-215\/#breadcrumb\",\"itemListElement\":[{\"@type\":\"ListItem\",\"position\":1,\"name\":\"In\u00edcio\",\"item\":\"https:\/\/portaltela.pt\/\"},{\"@type\":\"ListItem\",\"position\":2,\"name\":\"Medidas tutelares educativas cresceram 21,5%\"}]},{\"@type\":\"WebSite\",\"@id\":\"https:\/\/portaltela.pt\/#website\",\"url\":\"https:\/\/portaltela.pt\/\",\"name\":\"Portal Tela Portugal\",\"description\":\"\",\"potentialAction\":[{\"@type\":\"SearchAction\",\"target\":{\"@type\":\"EntryPoint\",\"urlTemplate\":\"https:\/\/portaltela.pt\/?s={search_term_string}\"},\"query-input\":{\"@type\":\"PropertyValueSpecification\",\"valueRequired\":true,\"valueName\":\"search_term_string\"}}],\"inLanguage\":\"pt-PT\"},{\"@type\":\"Person\",\"@id\":\"https:\/\/portaltela.pt\/#\/schema\/person\/c4278d4a6028830caff9ee44b42d32ed\",\"name\":\"Telinha\",\"image\":{\"@type\":\"ImageObject\",\"inLanguage\":\"pt-PT\",\"@id\":\"https:\/\/portaltela.pt\/s.01k8rhncp4jt1\/2025\/11\/talking-bot-125x125.png\",\"url\":\"https:\/\/portaltela.pt\/s.01k8rhncp4jt1\/2025\/11\/talking-bot-125x125.png\",\"contentUrl\":\"https:\/\/portaltela.pt\/s.01k8rhncp4jt1\/2025\/11\/talking-bot-125x125.png\",\"caption\":\"Telinha\"},\"sameAs\":[\"https:\/\/portaltela.pt\/\"],\"url\":\"https:\/\/portaltela.pt\/por\/367410592786\/\"}]}<\/script>\n<!-- \/ Yoast SEO plugin. -->","yoast_head_json":{"title":"Medidas tutelares educativas cresceram 21,5% - Portal Tela Portugal","robots":{"index":"index","follow":"follow","max-snippet":"max-snippet:-1","max-image-preview":"max-image-preview:large","max-video-preview":"max-video-preview:-1"},"og_locale":"pt_PT","og_type":"article","og_title":"Medidas tutelares educativas cresceram 21,5% - Portal Tela Portugal","og_description":"No final de 2025 havia 156 jovens internados em centros educativos, sendo 82,3% do sexo masculino e 71,8% com 16 a 20 anos. Foram registadas 3.740 medidas tutelares educativas em execu\u00e7\u00e3o, para 2.962 jovens, o que corresponde a um aumento de 21,5% face a 2024. Os internamentos aumentaram 14,3%, totalizando 335 casos; \u00e0 31 de dezembro estavam 156 jovens sob esta medida. Destas medidas, 1.048 resultaram na suspens\u00e3o de processos, 1.007 implicaram acompanhamento educativo, 925 obriga\u00e7\u00f5es impostas e 352 presta\u00e7\u00f5es econ\u00f3micas ou tarefas \u00e0 comunidade. Jovens estrangeiros representaram 9% dos internados, com origens predominantes no Brasil, Cabo Verde e Angola; 59% dos internamentos decorreram de tribunais da Grande Lisboa e a ocupa\u00e7\u00e3o dos centros \u00e9 de 91,8% (regime semi-aberto em 54,5%).","og_url":"https:\/\/portaltela.pt\/noticias\/2026\/04\/01\/medidas-tutelares-educativas-cresceram-215\/","og_site_name":"Portal Tela Portugal","article_published_time":"2026-04-01T11:17:33+00:00","author":"Telinha","twitter_card":"summary_large_image","twitter_misc":{"Escrito por":"Telinha","Tempo estimado de leitura":"1 minuto"},"schema":{"@context":"https:\/\/schema.org","@graph":[{"@type":"Article","@id":"https:\/\/portaltela.pt\/noticias\/2026\/04\/01\/medidas-tutelares-educativas-cresceram-215\/#article","isPartOf":{"@id":"https:\/\/portaltela.pt\/noticias\/2026\/04\/01\/medidas-tutelares-educativas-cresceram-215\/"},"author":{"name":"Telinha","@id":"https:\/\/portaltela.pt\/#\/schema\/person\/c4278d4a6028830caff9ee44b42d32ed"},"headline":"Medidas tutelares educativas cresceram 21,5%","datePublished":"2026-04-01T11:17:33+00:00","mainEntityOfPage":{"@id":"https:\/\/portaltela.pt\/noticias\/2026\/04\/01\/medidas-tutelares-educativas-cresceram-215\/"},"wordCount":228,"image":{"@id":"https:\/\/portaltela.pt\/noticias\/2026\/04\/01\/medidas-tutelares-educativas-cresceram-215\/#primaryimage"},"thumbnailUrl":"https:\/\/portaltela.pt\/s.01k8rhncp4jt1\/2026\/04\/2078499.jpg","keywords":["crimes","delinqu\u00eancia","educa\u00e7\u00e3o","Grande Lisboa","jovens","patrim\u00f3nio"],"articleSection":["Justi\u00e7a","Not\u00edcias"],"inLanguage":"pt-PT"},{"@type":"WebPage","@id":"https:\/\/portaltela.pt\/noticias\/2026\/04\/01\/medidas-tutelares-educativas-cresceram-215\/","url":"https:\/\/portaltela.pt\/noticias\/2026\/04\/01\/medidas-tutelares-educativas-cresceram-215\/","name":"Medidas tutelares educativas cresceram 21,5% - Portal Tela Portugal","isPartOf":{"@id":"https:\/\/portaltela.pt\/#website"},"primaryImageOfPage":{"@id":"https:\/\/portaltela.pt\/noticias\/2026\/04\/01\/medidas-tutelares-educativas-cresceram-215\/#primaryimage"},"image":{"@id":"https:\/\/portaltela.pt\/noticias\/2026\/04\/01\/medidas-tutelares-educativas-cresceram-215\/#primaryimage"},"thumbnailUrl":"https:\/\/portaltela.pt\/s.01k8rhncp4jt1\/2026\/04\/2078499.jpg","datePublished":"2026-04-01T11:17:33+00:00","author":{"@id":"https:\/\/portaltela.pt\/#\/schema\/person\/c4278d4a6028830caff9ee44b42d32ed"},"breadcrumb":{"@id":"https:\/\/portaltela.pt\/noticias\/2026\/04\/01\/medidas-tutelares-educativas-cresceram-215\/#breadcrumb"},"inLanguage":"pt-PT","potentialAction":[{"@type":"ReadAction","target":["https:\/\/portaltela.pt\/noticias\/2026\/04\/01\/medidas-tutelares-educativas-cresceram-215\/"]}]},{"@type":"ImageObject","inLanguage":"pt-PT","@id":"https:\/\/portaltela.pt\/noticias\/2026\/04\/01\/medidas-tutelares-educativas-cresceram-215\/#primaryimage","url":"https:\/\/portaltela.pt\/s.01k8rhncp4jt1\/2026\/04\/2078499.jpg","contentUrl":"https:\/\/portaltela.pt\/s.01k8rhncp4jt1\/2026\/04\/2078499.jpg","width":796,"height":448,"caption":"No centro educativo Santo Ant\u00f3nio, no Porto, havia 23 jovens internados, a 31 de Dezembro de 2025"},{"@type":"BreadcrumbList","@id":"https:\/\/portaltela.pt\/noticias\/2026\/04\/01\/medidas-tutelares-educativas-cresceram-215\/#breadcrumb","itemListElement":[{"@type":"ListItem","position":1,"name":"In\u00edcio","item":"https:\/\/portaltela.pt\/"},{"@type":"ListItem","position":2,"name":"Medidas tutelares educativas cresceram 21,5%"}]},{"@type":"WebSite","@id":"https:\/\/portaltela.pt\/#website","url":"https:\/\/portaltela.pt\/","name":"Portal Tela Portugal","description":"","potentialAction":[{"@type":"SearchAction","target":{"@type":"EntryPoint","urlTemplate":"https:\/\/portaltela.pt\/?s={search_term_string}"},"query-input":{"@type":"PropertyValueSpecification","valueRequired":true,"valueName":"search_term_string"}}],"inLanguage":"pt-PT"},{"@type":"Person","@id":"https:\/\/portaltela.pt\/#\/schema\/person\/c4278d4a6028830caff9ee44b42d32ed","name":"Telinha","image":{"@type":"ImageObject","inLanguage":"pt-PT","@id":"https:\/\/portaltela.pt\/s.01k8rhncp4jt1\/2025\/11\/talking-bot-125x125.png","url":"https:\/\/portaltela.pt\/s.01k8rhncp4jt1\/2025\/11\/talking-bot-125x125.png","contentUrl":"https:\/\/portaltela.pt\/s.01k8rhncp4jt1\/2025\/11\/talking-bot-125x125.png","caption":"Telinha"},"sameAs":["https:\/\/portaltela.pt\/"],"url":"https:\/\/portaltela.pt\/por\/367410592786\/"}]}},"_links":{"self":[{"href":"https:\/\/portaltela.pt\/api\/wp\/v2\/posts\/429027","targetHints":{"allow":["GET"]}}],"collection":[{"href":"https:\/\/portaltela.pt\/api\/wp\/v2\/posts"}],"about":[{"href":"https:\/\/portaltela.pt\/api\/wp\/v2\/types\/post"}],"author":[{"embeddable":true,"href":"https:\/\/portaltela.pt\/api\/wp\/v2\/users\/2"}],"replies":[{"embeddable":true,"href":"https:\/\/portaltela.pt\/api\/wp\/v2\/comments?post=429027"}],"version-history":[{"count":0,"href":"https:\/\/portaltela.pt\/api\/wp\/v2\/posts\/429027\/revisions"}],"wp:featuredmedia":[{"embeddable":true,"href":"https:\/\/portaltela.pt\/api\/wp\/v2\/media\/429028"}],"wp:attachment":[{"href":"https:\/\/portaltela.pt\/api\/wp\/v2\/media?parent=429027"}],"wp:term":[{"taxonomy":"category","embeddable":true,"href":"https:\/\/portaltela.pt\/api\/wp\/v2\/categories?post=429027"},{"taxonomy":"post_tag","embeddable":true,"href":"https:\/\/portaltela.pt\/api\/wp\/v2\/tags?post=429027"}],"curies":[{"name":"wp","href":"https:\/\/api.w.org\/{rel}","templated":true}]}}