{"id":429003,"date":"2026-04-01T08:02:50","date_gmt":"2026-04-01T11:02:50","guid":{"rendered":"https:\/\/portaltela.pt\/noticias\/2026\/04\/01\/jogo-espanha-egito-marcado-por-canticos-anti-muculmanos\/"},"modified":"2026-04-01T08:02:50","modified_gmt":"2026-04-01T11:02:50","slug":"jogo-espanha-egito-marcado-por-canticos-anti-muculmanos","status":"publish","type":"post","link":"https:\/\/portaltela.pt\/desporto\/copa-do-mundo\/2026\/04\/01\/jogo-espanha-egito-marcado-por-canticos-anti-muculmanos\/","title":{"rendered":"Jogo Espanha-Egito marcado por c\u00e2nticos anti-mu\u00e7ulmanos"},"content":{"rendered":"<p>No primeiro jogo em Barcelona em quatro anos, com casa cheia, a Espanha n\u00e3o conseguiu vencer a sele\u00e7\u00e3o africana do Egito. A partida terminou sem desfecho favor\u00e1vel aos espanh\u00f3is, que viram os eg\u00edpcios terminar o jogo com um jogador a menos ap\u00f3s a expuls\u00e3o de Hamdi Fathy.<\/p>\n<p>Durante o encontro, elementos do p\u00fablico cantaram c\u00e2nticos xen\u00f3fobos e islamof\u00f3bicos, incluindo a mensagem &#8220;quem n\u00e3o salta \u00e9 mu\u00e7ulmano&#8221;, logo ap\u00f3s terem assobiado o hino do Egito. A atitude gerou rep\u00fadio entre partes da assist\u00eancia.<\/p>\n<p>Indigna\u00e7\u00e3o tamb\u00e9m se fez ouvir entre os adeptos presentes, levando a Federa\u00e7\u00e3o Espanhola de Futebol (RFEF) a emitir comunicado de condena\u00e7\u00e3o dos atos. Lamine Yamal, jogador do Barcelona e da sele\u00e7\u00e3o espanhola, \u00e9 mu\u00e7ulmano e foi um dos mais visados pela press\u00e3o.<\/p>\n<h3>Contexto no Mundial 2026<\/h3>\n<p>A Espanha integra o Grupo H do Mundial 2026, juntamente com Uruguai, Arg\u00e9lia, Ar\u00e1bia Saudita e Cabo Verde. O Uruguai empatou 0-0 com a Arg\u00e9lia em Turim, enquanto a Ar\u00e1bia Saudita perdeu com a S\u00e9rvia (2-1). Cabo Verde \u00e9 um estreante na edi\u00e7\u00e3o.<\/p>\n","protected":false},"excerpt":{"rendered":"<ul>\n<li>O jogo entre Espanha e Egito, em Barcelona, foi o primeiro a decorrer na cidade em quatro anos e teve casa cheia.<\/li>\n<li>A Espanha, campe\u00e3 europeia, n\u00e3o conseguiu vencer o Egito, que terminou o encontro com um jogador a mais ap\u00f3s expuls\u00e3o de Hamdi Fathy.<\/li>\n<li>Durante a partida, alguns adeptos entoaram c\u00e2nticos xen\u00f3fobos e islamof\u00f3bicos, ap\u00f3s assobios ao hino eg\u00edpcio.<\/li>\n<li>A Federa\u00e7\u00e3o Espanhola de Futebol (RFEF) condenou os atos e a indigna\u00e7\u00e3o de parte do p\u00fablico foi manifestada.<\/li>\n<li>Lamine Yamal, estrela espanhola do Barcelona, \u00e9 mu\u00e7ulmano, tema que foi alvo de refer\u00eancia durante o encontro.<\/li>\n<li>A Espanha integra o Grupo H do Mundial de 2026, acompanhado por Uruguai, Arg\u00e9lia, Ar\u00e1bia Saudita e Cabo Verde.<\/li>\n<\/ul>\n","protected":false},"author":2,"featured_media":429004,"comment_status":"closed","ping_status":"closed","sticky":false,"template":"","format":"standard","meta":{"footnotes":""},"categories":[6695,21],"tags":[2031,32,3338,7685,2857,3700],"class_list":["post-429003","post","type-post","status-publish","format-standard","has-post-thumbnail","hentry","category-copa-do-mundo","category-desporto","tag-espanha","tag-futebol","tag-futebol-internacional","tag-islamofobos","tag-protestos","tag-xenofobos"],"yoast_head":"<!-- This site is optimized with the Yoast SEO plugin v27.2 - https:\/\/yoast.com\/product\/yoast-seo-wordpress\/ -->\n<title>Jogo Espanha-Egito marcado por c\u00e2nticos anti-mu\u00e7ulmanos - Portal Tela Portugal<\/title>\n<meta name=\"robots\" content=\"index, follow, max-snippet:-1, max-image-preview:large, max-video-preview:-1\" \/>\n<meta property=\"og:locale\" content=\"pt_PT\" \/>\n<meta property=\"og:type\" content=\"article\" \/>\n<meta property=\"og:title\" content=\"Jogo Espanha-Egito marcado por c\u00e2nticos anti-mu\u00e7ulmanos - Portal Tela Portugal\" \/>\n<meta property=\"og:description\" content=\"O jogo entre Espanha e Egito, em Barcelona, foi o primeiro a decorrer na cidade em quatro anos e teve casa cheia. A Espanha, campe\u00e3 europeia, n\u00e3o conseguiu vencer o Egito, que terminou o encontro com um jogador a mais ap\u00f3s expuls\u00e3o de Hamdi Fathy. Durante a partida, alguns adeptos entoaram c\u00e2nticos xen\u00f3fobos e islamof\u00f3bicos, ap\u00f3s assobios ao hino eg\u00edpcio. A Federa\u00e7\u00e3o Espanhola de Futebol (RFEF) condenou os atos e a indigna\u00e7\u00e3o de parte do p\u00fablico foi manifestada. Lamine Yamal, estrela espanhola do Barcelona, \u00e9 mu\u00e7ulmano, tema que foi alvo de refer\u00eancia durante o encontro. A Espanha integra o Grupo H do Mundial de 2026, acompanhado por Uruguai, Arg\u00e9lia, Ar\u00e1bia Saudita e Cabo Verde.\" \/>\n<meta property=\"og:url\" content=\"https:\/\/portaltela.pt\/noticias\/2026\/04\/01\/jogo-espanha-egito-marcado-por-canticos-anti-muculmanos\/\" \/>\n<meta property=\"og:site_name\" content=\"Portal Tela Portugal\" \/>\n<meta property=\"article:published_time\" content=\"2026-04-01T11:02:50+00:00\" \/>\n<meta name=\"author\" content=\"Telinha\" \/>\n<meta name=\"twitter:card\" content=\"summary_large_image\" \/>\n<meta name=\"twitter:label1\" content=\"Escrito por\" \/>\n\t<meta name=\"twitter:data1\" content=\"Telinha\" \/>\n\t<meta name=\"twitter:label2\" content=\"Tempo estimado de leitura\" \/>\n\t<meta name=\"twitter:data2\" content=\"1 minuto\" \/>\n<script type=\"application\/ld+json\" class=\"yoast-schema-graph\">{\"@context\":\"https:\/\/schema.org\",\"@graph\":[{\"@type\":\"Article\",\"@id\":\"https:\/\/portaltela.pt\/noticias\/2026\/04\/01\/jogo-espanha-egito-marcado-por-canticos-anti-muculmanos\/#article\",\"isPartOf\":{\"@id\":\"https:\/\/portaltela.pt\/noticias\/2026\/04\/01\/jogo-espanha-egito-marcado-por-canticos-anti-muculmanos\/\"},\"author\":{\"name\":\"Telinha\",\"@id\":\"https:\/\/portaltela.pt\/#\/schema\/person\/c4278d4a6028830caff9ee44b42d32ed\"},\"headline\":\"Jogo Espanha-Egito marcado por c\u00e2nticos anti-mu\u00e7ulmanos\",\"datePublished\":\"2026-04-01T11:02:50+00:00\",\"mainEntityOfPage\":{\"@id\":\"https:\/\/portaltela.pt\/noticias\/2026\/04\/01\/jogo-espanha-egito-marcado-por-canticos-anti-muculmanos\/\"},\"wordCount\":203,\"image\":{\"@id\":\"https:\/\/portaltela.pt\/noticias\/2026\/04\/01\/jogo-espanha-egito-marcado-por-canticos-anti-muculmanos\/#primaryimage\"},\"thumbnailUrl\":\"https:\/\/portaltela.pt\/s.01k8rhncp4jt1\/2026\/04\/image-1.webp\",\"keywords\":[\"Espanha\",\"futebol\",\"futebol internacional\",\"islam\u00f3fobos\",\"protestos\",\"xen\u00f3fobos\"],\"articleSection\":[\"Copa do Mundo\",\"Desporto\"],\"inLanguage\":\"pt-PT\"},{\"@type\":\"WebPage\",\"@id\":\"https:\/\/portaltela.pt\/noticias\/2026\/04\/01\/jogo-espanha-egito-marcado-por-canticos-anti-muculmanos\/\",\"url\":\"https:\/\/portaltela.pt\/noticias\/2026\/04\/01\/jogo-espanha-egito-marcado-por-canticos-anti-muculmanos\/\",\"name\":\"Jogo Espanha-Egito marcado por c\u00e2nticos anti-mu\u00e7ulmanos - Portal Tela Portugal\",\"isPartOf\":{\"@id\":\"https:\/\/portaltela.pt\/#website\"},\"primaryImageOfPage\":{\"@id\":\"https:\/\/portaltela.pt\/noticias\/2026\/04\/01\/jogo-espanha-egito-marcado-por-canticos-anti-muculmanos\/#primaryimage\"},\"image\":{\"@id\":\"https:\/\/portaltela.pt\/noticias\/2026\/04\/01\/jogo-espanha-egito-marcado-por-canticos-anti-muculmanos\/#primaryimage\"},\"thumbnailUrl\":\"https:\/\/portaltela.pt\/s.01k8rhncp4jt1\/2026\/04\/image-1.webp\",\"datePublished\":\"2026-04-01T11:02:50+00:00\",\"author\":{\"@id\":\"https:\/\/portaltela.pt\/#\/schema\/person\/c4278d4a6028830caff9ee44b42d32ed\"},\"breadcrumb\":{\"@id\":\"https:\/\/portaltela.pt\/noticias\/2026\/04\/01\/jogo-espanha-egito-marcado-por-canticos-anti-muculmanos\/#breadcrumb\"},\"inLanguage\":\"pt-PT\",\"potentialAction\":[{\"@type\":\"ReadAction\",\"target\":[\"https:\/\/portaltela.pt\/noticias\/2026\/04\/01\/jogo-espanha-egito-marcado-por-canticos-anti-muculmanos\/\"]}]},{\"@type\":\"ImageObject\",\"inLanguage\":\"pt-PT\",\"@id\":\"https:\/\/portaltela.pt\/noticias\/2026\/04\/01\/jogo-espanha-egito-marcado-por-canticos-anti-muculmanos\/#primaryimage\",\"url\":\"https:\/\/portaltela.pt\/s.01k8rhncp4jt1\/2026\/04\/image-1.webp\",\"contentUrl\":\"https:\/\/portaltela.pt\/s.01k8rhncp4jt1\/2026\/04\/image-1.webp\",\"width\":1200,\"height\":800,\"caption\":\"Lamine Yamal, estrela da Espanha e do Barcelona, \u00e9 mu\u00e7ulmano\"},{\"@type\":\"BreadcrumbList\",\"@id\":\"https:\/\/portaltela.pt\/noticias\/2026\/04\/01\/jogo-espanha-egito-marcado-por-canticos-anti-muculmanos\/#breadcrumb\",\"itemListElement\":[{\"@type\":\"ListItem\",\"position\":1,\"name\":\"In\u00edcio\",\"item\":\"https:\/\/portaltela.pt\/\"},{\"@type\":\"ListItem\",\"position\":2,\"name\":\"Jogo Espanha-Egito marcado por c\u00e2nticos anti-mu\u00e7ulmanos\"}]},{\"@type\":\"WebSite\",\"@id\":\"https:\/\/portaltela.pt\/#website\",\"url\":\"https:\/\/portaltela.pt\/\",\"name\":\"Portal Tela Portugal\",\"description\":\"\",\"potentialAction\":[{\"@type\":\"SearchAction\",\"target\":{\"@type\":\"EntryPoint\",\"urlTemplate\":\"https:\/\/portaltela.pt\/?s={search_term_string}\"},\"query-input\":{\"@type\":\"PropertyValueSpecification\",\"valueRequired\":true,\"valueName\":\"search_term_string\"}}],\"inLanguage\":\"pt-PT\"},{\"@type\":\"Person\",\"@id\":\"https:\/\/portaltela.pt\/#\/schema\/person\/c4278d4a6028830caff9ee44b42d32ed\",\"name\":\"Telinha\",\"image\":{\"@type\":\"ImageObject\",\"inLanguage\":\"pt-PT\",\"@id\":\"https:\/\/portaltela.pt\/s.01k8rhncp4jt1\/2025\/11\/talking-bot-125x125.png\",\"url\":\"https:\/\/portaltela.pt\/s.01k8rhncp4jt1\/2025\/11\/talking-bot-125x125.png\",\"contentUrl\":\"https:\/\/portaltela.pt\/s.01k8rhncp4jt1\/2025\/11\/talking-bot-125x125.png\",\"caption\":\"Telinha\"},\"sameAs\":[\"https:\/\/portaltela.pt\/\"],\"url\":\"https:\/\/portaltela.pt\/por\/367410592786\/\"}]}<\/script>\n<!-- \/ Yoast SEO plugin. -->","yoast_head_json":{"title":"Jogo Espanha-Egito marcado por c\u00e2nticos anti-mu\u00e7ulmanos - Portal Tela Portugal","robots":{"index":"index","follow":"follow","max-snippet":"max-snippet:-1","max-image-preview":"max-image-preview:large","max-video-preview":"max-video-preview:-1"},"og_locale":"pt_PT","og_type":"article","og_title":"Jogo Espanha-Egito marcado por c\u00e2nticos anti-mu\u00e7ulmanos - Portal Tela Portugal","og_description":"O jogo entre Espanha e Egito, em Barcelona, foi o primeiro a decorrer na cidade em quatro anos e teve casa cheia. A Espanha, campe\u00e3 europeia, n\u00e3o conseguiu vencer o Egito, que terminou o encontro com um jogador a mais ap\u00f3s expuls\u00e3o de Hamdi Fathy. Durante a partida, alguns adeptos entoaram c\u00e2nticos xen\u00f3fobos e islamof\u00f3bicos, ap\u00f3s assobios ao hino eg\u00edpcio. A Federa\u00e7\u00e3o Espanhola de Futebol (RFEF) condenou os atos e a indigna\u00e7\u00e3o de parte do p\u00fablico foi manifestada. Lamine Yamal, estrela espanhola do Barcelona, \u00e9 mu\u00e7ulmano, tema que foi alvo de refer\u00eancia durante o encontro. A Espanha integra o Grupo H do Mundial de 2026, acompanhado por Uruguai, Arg\u00e9lia, Ar\u00e1bia Saudita e Cabo Verde.","og_url":"https:\/\/portaltela.pt\/noticias\/2026\/04\/01\/jogo-espanha-egito-marcado-por-canticos-anti-muculmanos\/","og_site_name":"Portal Tela Portugal","article_published_time":"2026-04-01T11:02:50+00:00","author":"Telinha","twitter_card":"summary_large_image","twitter_misc":{"Escrito por":"Telinha","Tempo estimado de leitura":"1 minuto"},"schema":{"@context":"https:\/\/schema.org","@graph":[{"@type":"Article","@id":"https:\/\/portaltela.pt\/noticias\/2026\/04\/01\/jogo-espanha-egito-marcado-por-canticos-anti-muculmanos\/#article","isPartOf":{"@id":"https:\/\/portaltela.pt\/noticias\/2026\/04\/01\/jogo-espanha-egito-marcado-por-canticos-anti-muculmanos\/"},"author":{"name":"Telinha","@id":"https:\/\/portaltela.pt\/#\/schema\/person\/c4278d4a6028830caff9ee44b42d32ed"},"headline":"Jogo Espanha-Egito marcado por c\u00e2nticos anti-mu\u00e7ulmanos","datePublished":"2026-04-01T11:02:50+00:00","mainEntityOfPage":{"@id":"https:\/\/portaltela.pt\/noticias\/2026\/04\/01\/jogo-espanha-egito-marcado-por-canticos-anti-muculmanos\/"},"wordCount":203,"image":{"@id":"https:\/\/portaltela.pt\/noticias\/2026\/04\/01\/jogo-espanha-egito-marcado-por-canticos-anti-muculmanos\/#primaryimage"},"thumbnailUrl":"https:\/\/portaltela.pt\/s.01k8rhncp4jt1\/2026\/04\/image-1.webp","keywords":["Espanha","futebol","futebol internacional","islam\u00f3fobos","protestos","xen\u00f3fobos"],"articleSection":["Copa do Mundo","Desporto"],"inLanguage":"pt-PT"},{"@type":"WebPage","@id":"https:\/\/portaltela.pt\/noticias\/2026\/04\/01\/jogo-espanha-egito-marcado-por-canticos-anti-muculmanos\/","url":"https:\/\/portaltela.pt\/noticias\/2026\/04\/01\/jogo-espanha-egito-marcado-por-canticos-anti-muculmanos\/","name":"Jogo Espanha-Egito marcado por c\u00e2nticos anti-mu\u00e7ulmanos - Portal Tela Portugal","isPartOf":{"@id":"https:\/\/portaltela.pt\/#website"},"primaryImageOfPage":{"@id":"https:\/\/portaltela.pt\/noticias\/2026\/04\/01\/jogo-espanha-egito-marcado-por-canticos-anti-muculmanos\/#primaryimage"},"image":{"@id":"https:\/\/portaltela.pt\/noticias\/2026\/04\/01\/jogo-espanha-egito-marcado-por-canticos-anti-muculmanos\/#primaryimage"},"thumbnailUrl":"https:\/\/portaltela.pt\/s.01k8rhncp4jt1\/2026\/04\/image-1.webp","datePublished":"2026-04-01T11:02:50+00:00","author":{"@id":"https:\/\/portaltela.pt\/#\/schema\/person\/c4278d4a6028830caff9ee44b42d32ed"},"breadcrumb":{"@id":"https:\/\/portaltela.pt\/noticias\/2026\/04\/01\/jogo-espanha-egito-marcado-por-canticos-anti-muculmanos\/#breadcrumb"},"inLanguage":"pt-PT","potentialAction":[{"@type":"ReadAction","target":["https:\/\/portaltela.pt\/noticias\/2026\/04\/01\/jogo-espanha-egito-marcado-por-canticos-anti-muculmanos\/"]}]},{"@type":"ImageObject","inLanguage":"pt-PT","@id":"https:\/\/portaltela.pt\/noticias\/2026\/04\/01\/jogo-espanha-egito-marcado-por-canticos-anti-muculmanos\/#primaryimage","url":"https:\/\/portaltela.pt\/s.01k8rhncp4jt1\/2026\/04\/image-1.webp","contentUrl":"https:\/\/portaltela.pt\/s.01k8rhncp4jt1\/2026\/04\/image-1.webp","width":1200,"height":800,"caption":"Lamine Yamal, estrela da Espanha e do Barcelona, \u00e9 mu\u00e7ulmano"},{"@type":"BreadcrumbList","@id":"https:\/\/portaltela.pt\/noticias\/2026\/04\/01\/jogo-espanha-egito-marcado-por-canticos-anti-muculmanos\/#breadcrumb","itemListElement":[{"@type":"ListItem","position":1,"name":"In\u00edcio","item":"https:\/\/portaltela.pt\/"},{"@type":"ListItem","position":2,"name":"Jogo Espanha-Egito marcado por c\u00e2nticos anti-mu\u00e7ulmanos"}]},{"@type":"WebSite","@id":"https:\/\/portaltela.pt\/#website","url":"https:\/\/portaltela.pt\/","name":"Portal Tela Portugal","description":"","potentialAction":[{"@type":"SearchAction","target":{"@type":"EntryPoint","urlTemplate":"https:\/\/portaltela.pt\/?s={search_term_string}"},"query-input":{"@type":"PropertyValueSpecification","valueRequired":true,"valueName":"search_term_string"}}],"inLanguage":"pt-PT"},{"@type":"Person","@id":"https:\/\/portaltela.pt\/#\/schema\/person\/c4278d4a6028830caff9ee44b42d32ed","name":"Telinha","image":{"@type":"ImageObject","inLanguage":"pt-PT","@id":"https:\/\/portaltela.pt\/s.01k8rhncp4jt1\/2025\/11\/talking-bot-125x125.png","url":"https:\/\/portaltela.pt\/s.01k8rhncp4jt1\/2025\/11\/talking-bot-125x125.png","contentUrl":"https:\/\/portaltela.pt\/s.01k8rhncp4jt1\/2025\/11\/talking-bot-125x125.png","caption":"Telinha"},"sameAs":["https:\/\/portaltela.pt\/"],"url":"https:\/\/portaltela.pt\/por\/367410592786\/"}]}},"_links":{"self":[{"href":"https:\/\/portaltela.pt\/api\/wp\/v2\/posts\/429003","targetHints":{"allow":["GET"]}}],"collection":[{"href":"https:\/\/portaltela.pt\/api\/wp\/v2\/posts"}],"about":[{"href":"https:\/\/portaltela.pt\/api\/wp\/v2\/types\/post"}],"author":[{"embeddable":true,"href":"https:\/\/portaltela.pt\/api\/wp\/v2\/users\/2"}],"replies":[{"embeddable":true,"href":"https:\/\/portaltela.pt\/api\/wp\/v2\/comments?post=429003"}],"version-history":[{"count":0,"href":"https:\/\/portaltela.pt\/api\/wp\/v2\/posts\/429003\/revisions"}],"wp:featuredmedia":[{"embeddable":true,"href":"https:\/\/portaltela.pt\/api\/wp\/v2\/media\/429004"}],"wp:attachment":[{"href":"https:\/\/portaltela.pt\/api\/wp\/v2\/media?parent=429003"}],"wp:term":[{"taxonomy":"category","embeddable":true,"href":"https:\/\/portaltela.pt\/api\/wp\/v2\/categories?post=429003"},{"taxonomy":"post_tag","embeddable":true,"href":"https:\/\/portaltela.pt\/api\/wp\/v2\/tags?post=429003"}],"curies":[{"name":"wp","href":"https:\/\/api.w.org\/{rel}","templated":true}]}}