{"id":428999,"date":"2026-04-01T08:02:39","date_gmt":"2026-04-01T11:02:39","guid":{"rendered":"https:\/\/portaltela.pt\/noticias\/2026\/04\/01\/now-cresce-461-em-marco-mes-de-conflito-no-irao\/"},"modified":"2026-04-01T08:02:39","modified_gmt":"2026-04-01T11:02:39","slug":"now-cresce-461-em-marco-mes-de-conflito-no-irao","status":"publish","type":"post","link":"https:\/\/portaltela.pt\/guerra\/2026\/04\/01\/now-cresce-461-em-marco-mes-de-conflito-no-irao\/","title":{"rendered":"NOW cresce 46,1% em mar\u00e7o, m\u00eas de conflito no Ir\u00e3o"},"content":{"rendered":"<p>O canal NOW registou em mar\u00e7o um novo crescimento de dois d\u00edgitos, ao acelerar para 46,1% face ao mesmo m\u00eas de 2024. A cobertura manteve-se centrada no conflito no Ir\u00e3o, com foco nos movimentos militares e nas consequ\u00eancias econ\u00f3micas da disputa.<\/p>\n<p>Em termos de audi\u00eancia, o NOW atingiu um share m\u00e9dio mensal de 1,9%, acima dos 1,3% de igual per\u00edodo, segundo a medi\u00e7\u00e3o da GFK. A audi\u00eancia m\u00e9dia por minuto situou-se nos 43 mil espectadores, correspondente a um aumento de 44,8% face a mar\u00e7o do ano anterior.<\/p>\n<p>O envio editorial incluiu o envio especial do jornalista Alfredo Leite, que esteve a maior parte do m\u00eas na fronteira entre o Iraque e o Ir\u00e3o e, posteriormente, no sul do L\u00edbano, contribuindo com a cobertura de um enviado-especial portugu\u00eas para o conflito.<\/p>\n<h3>Cobertura e enquadramento<\/h3>\n<p>O NOW continua a emitir na posi\u00e7\u00e3o 9 entre as plataformas de cabo, mantendo-se como fonte de informa\u00e7\u00e3o sobre o conflito. A linha editorial privilegiada \u00e9 o acompanhamento dos movimentos militares e as repercuss\u00f5es econ\u00f3micas associadas.<\/p>\n<h3>Contexto de audi\u00eancia<\/h3>\n<p>As leituras de audi\u00eancia s\u00e3o feitas pela empresa GFK, com dados de share e audi\u00eancia por minuto usados para avaliar o alcance do canal durante o m\u00eas em an\u00e1lise. Esses n\u00fameros refletem a atua\u00e7\u00e3o do NOW na cobertura de um tema com grande atualidade.<\/p>\n","protected":false},"excerpt":{"rendered":"<ul>\n<li>Em mar\u00e7o, o canal NOW cresceu a dois d\u00edgitos, com share m\u00e9dio de 1,9 por cento, face a 1,3 por cento no ano anterior.<\/li>\n<li>A audi\u00eancia m\u00e9dia por minuto foi de quarenta e tr\u00eas mil espectadores, um aumento de quarenta e quatro v\u00edrgula oito por cento face ao mesmo m\u00eas do ano anterior.<\/li>\n<li>O m\u00eas coincidiu com a guerra no Ir\u00e3o, com a emiss\u00e3o centrada no acompanhamento de movimentos militares e nas implica\u00e7\u00f5es econ\u00f3micas da disputa.<\/li>\n<li>O jornalista Alfredo Leite acompanhou a fronteira entre o Iraque e o Ir\u00e3o e, depois, o sul do L\u00edbano, contribuindo para a melhor cobertura de um enviado-especial portugu\u00eas ao conflito.<\/li>\n<li>O NOW \u00e9 emitido na posi\u00e7\u00e3o nove de todas as plataformas de cabo; as audi\u00eancias s\u00e3o medidas pela GFK.<\/li>\n<\/ul>\n","protected":false},"author":2,"featured_media":429000,"comment_status":"closed","ping_status":"closed","sticky":false,"template":"","format":"standard","meta":{"footnotes":""},"categories":[6804],"tags":[2792,5547,3153,6634,6635,6014],"class_list":["post-428999","post","type-post","status-publish","format-standard","has-post-thumbnail","hentry","category-guerra","tag-conflito-internacional","tag-informacao-internacional","tag-ira","tag-iraque","tag-libano","tag-noticias-internacionais"],"yoast_head":"<!-- This site is optimized with the Yoast SEO plugin v27.2 - https:\/\/yoast.com\/product\/yoast-seo-wordpress\/ -->\n<title>NOW cresce 46,1% em mar\u00e7o, m\u00eas de conflito no Ir\u00e3o - Portal Tela Portugal<\/title>\n<meta name=\"robots\" content=\"index, follow, max-snippet:-1, max-image-preview:large, max-video-preview:-1\" \/>\n<meta property=\"og:locale\" content=\"pt_PT\" \/>\n<meta property=\"og:type\" content=\"article\" \/>\n<meta property=\"og:title\" content=\"NOW cresce 46,1% em mar\u00e7o, m\u00eas de conflito no Ir\u00e3o - Portal Tela Portugal\" \/>\n<meta property=\"og:description\" content=\"Em mar\u00e7o, o canal NOW cresceu a dois d\u00edgitos, com share m\u00e9dio de 1,9 por cento, face a 1,3 por cento no ano anterior. A audi\u00eancia m\u00e9dia por minuto foi de quarenta e tr\u00eas mil espectadores, um aumento de quarenta e quatro v\u00edrgula oito por cento face ao mesmo m\u00eas do ano anterior. O m\u00eas coincidiu com a guerra no Ir\u00e3o, com a emiss\u00e3o centrada no acompanhamento de movimentos militares e nas implica\u00e7\u00f5es econ\u00f3micas da disputa. O jornalista Alfredo Leite acompanhou a fronteira entre o Iraque e o Ir\u00e3o e, depois, o sul do L\u00edbano, contribuindo para a melhor cobertura de um enviado-especial portugu\u00eas ao conflito. O NOW \u00e9 emitido na posi\u00e7\u00e3o nove de todas as plataformas de cabo; as audi\u00eancias s\u00e3o medidas pela GFK.\" \/>\n<meta property=\"og:url\" content=\"https:\/\/portaltela.pt\/noticias\/2026\/04\/01\/now-cresce-461-em-marco-mes-de-conflito-no-irao\/\" \/>\n<meta property=\"og:site_name\" content=\"Portal Tela Portugal\" \/>\n<meta property=\"article:published_time\" content=\"2026-04-01T11:02:39+00:00\" \/>\n<meta name=\"author\" content=\"Telinha\" \/>\n<meta name=\"twitter:card\" content=\"summary_large_image\" \/>\n<meta name=\"twitter:label1\" content=\"Escrito por\" \/>\n\t<meta name=\"twitter:data1\" content=\"Telinha\" \/>\n\t<meta name=\"twitter:label2\" content=\"Tempo estimado de leitura\" \/>\n\t<meta name=\"twitter:data2\" content=\"1 minuto\" \/>\n<script type=\"application\/ld+json\" class=\"yoast-schema-graph\">{\"@context\":\"https:\/\/schema.org\",\"@graph\":[{\"@type\":\"Article\",\"@id\":\"https:\/\/portaltela.pt\/noticias\/2026\/04\/01\/now-cresce-461-em-marco-mes-de-conflito-no-irao\/#article\",\"isPartOf\":{\"@id\":\"https:\/\/portaltela.pt\/noticias\/2026\/04\/01\/now-cresce-461-em-marco-mes-de-conflito-no-irao\/\"},\"author\":{\"name\":\"Telinha\",\"@id\":\"https:\/\/portaltela.pt\/#\/schema\/person\/c4278d4a6028830caff9ee44b42d32ed\"},\"headline\":\"NOW cresce 46,1% em mar\u00e7o, m\u00eas de conflito no Ir\u00e3o\",\"datePublished\":\"2026-04-01T11:02:39+00:00\",\"mainEntityOfPage\":{\"@id\":\"https:\/\/portaltela.pt\/noticias\/2026\/04\/01\/now-cresce-461-em-marco-mes-de-conflito-no-irao\/\"},\"wordCount\":249,\"image\":{\"@id\":\"https:\/\/portaltela.pt\/noticias\/2026\/04\/01\/now-cresce-461-em-marco-mes-de-conflito-no-irao\/#primaryimage\"},\"thumbnailUrl\":\"https:\/\/portaltela.pt\/s.01k8rhncp4jt1\/2026\/04\/img_1500x1000uu2026-04-01-11-52-25-2276010.jpg\",\"keywords\":[\"conflito internacional\",\"informa\u00e7\u00e3o internacional\",\"Ir\u00e3\",\"Iraque\",\"L\u00edbano\",\"not\u00edcias internacionais\"],\"articleSection\":[\"Guerra\"],\"inLanguage\":\"pt-PT\"},{\"@type\":\"WebPage\",\"@id\":\"https:\/\/portaltela.pt\/noticias\/2026\/04\/01\/now-cresce-461-em-marco-mes-de-conflito-no-irao\/\",\"url\":\"https:\/\/portaltela.pt\/noticias\/2026\/04\/01\/now-cresce-461-em-marco-mes-de-conflito-no-irao\/\",\"name\":\"NOW cresce 46,1% em mar\u00e7o, m\u00eas de conflito no Ir\u00e3o - Portal Tela Portugal\",\"isPartOf\":{\"@id\":\"https:\/\/portaltela.pt\/#website\"},\"primaryImageOfPage\":{\"@id\":\"https:\/\/portaltela.pt\/noticias\/2026\/04\/01\/now-cresce-461-em-marco-mes-de-conflito-no-irao\/#primaryimage\"},\"image\":{\"@id\":\"https:\/\/portaltela.pt\/noticias\/2026\/04\/01\/now-cresce-461-em-marco-mes-de-conflito-no-irao\/#primaryimage\"},\"thumbnailUrl\":\"https:\/\/portaltela.pt\/s.01k8rhncp4jt1\/2026\/04\/img_1500x1000uu2026-04-01-11-52-25-2276010.jpg\",\"datePublished\":\"2026-04-01T11:02:39+00:00\",\"author\":{\"@id\":\"https:\/\/portaltela.pt\/#\/schema\/person\/c4278d4a6028830caff9ee44b42d32ed\"},\"breadcrumb\":{\"@id\":\"https:\/\/portaltela.pt\/noticias\/2026\/04\/01\/now-cresce-461-em-marco-mes-de-conflito-no-irao\/#breadcrumb\"},\"inLanguage\":\"pt-PT\",\"potentialAction\":[{\"@type\":\"ReadAction\",\"target\":[\"https:\/\/portaltela.pt\/noticias\/2026\/04\/01\/now-cresce-461-em-marco-mes-de-conflito-no-irao\/\"]}]},{\"@type\":\"ImageObject\",\"inLanguage\":\"pt-PT\",\"@id\":\"https:\/\/portaltela.pt\/noticias\/2026\/04\/01\/now-cresce-461-em-marco-mes-de-conflito-no-irao\/#primaryimage\",\"url\":\"https:\/\/portaltela.pt\/s.01k8rhncp4jt1\/2026\/04\/img_1500x1000uu2026-04-01-11-52-25-2276010.jpg\",\"contentUrl\":\"https:\/\/portaltela.pt\/s.01k8rhncp4jt1\/2026\/04\/img_1500x1000uu2026-04-01-11-52-25-2276010.jpg\",\"width\":796,\"height\":448,\"caption\":\"Alfredo Leite\"},{\"@type\":\"BreadcrumbList\",\"@id\":\"https:\/\/portaltela.pt\/noticias\/2026\/04\/01\/now-cresce-461-em-marco-mes-de-conflito-no-irao\/#breadcrumb\",\"itemListElement\":[{\"@type\":\"ListItem\",\"position\":1,\"name\":\"In\u00edcio\",\"item\":\"https:\/\/portaltela.pt\/\"},{\"@type\":\"ListItem\",\"position\":2,\"name\":\"NOW cresce 46,1% em mar\u00e7o, m\u00eas de conflito no Ir\u00e3o\"}]},{\"@type\":\"WebSite\",\"@id\":\"https:\/\/portaltela.pt\/#website\",\"url\":\"https:\/\/portaltela.pt\/\",\"name\":\"Portal Tela Portugal\",\"description\":\"\",\"potentialAction\":[{\"@type\":\"SearchAction\",\"target\":{\"@type\":\"EntryPoint\",\"urlTemplate\":\"https:\/\/portaltela.pt\/?s={search_term_string}\"},\"query-input\":{\"@type\":\"PropertyValueSpecification\",\"valueRequired\":true,\"valueName\":\"search_term_string\"}}],\"inLanguage\":\"pt-PT\"},{\"@type\":\"Person\",\"@id\":\"https:\/\/portaltela.pt\/#\/schema\/person\/c4278d4a6028830caff9ee44b42d32ed\",\"name\":\"Telinha\",\"image\":{\"@type\":\"ImageObject\",\"inLanguage\":\"pt-PT\",\"@id\":\"https:\/\/portaltela.pt\/s.01k8rhncp4jt1\/2025\/11\/talking-bot-125x125.png\",\"url\":\"https:\/\/portaltela.pt\/s.01k8rhncp4jt1\/2025\/11\/talking-bot-125x125.png\",\"contentUrl\":\"https:\/\/portaltela.pt\/s.01k8rhncp4jt1\/2025\/11\/talking-bot-125x125.png\",\"caption\":\"Telinha\"},\"sameAs\":[\"https:\/\/portaltela.pt\/\"],\"url\":\"https:\/\/portaltela.pt\/por\/367410592786\/\"}]}<\/script>\n<!-- \/ Yoast SEO plugin. -->","yoast_head_json":{"title":"NOW cresce 46,1% em mar\u00e7o, m\u00eas de conflito no Ir\u00e3o - Portal Tela Portugal","robots":{"index":"index","follow":"follow","max-snippet":"max-snippet:-1","max-image-preview":"max-image-preview:large","max-video-preview":"max-video-preview:-1"},"og_locale":"pt_PT","og_type":"article","og_title":"NOW cresce 46,1% em mar\u00e7o, m\u00eas de conflito no Ir\u00e3o - Portal Tela Portugal","og_description":"Em mar\u00e7o, o canal NOW cresceu a dois d\u00edgitos, com share m\u00e9dio de 1,9 por cento, face a 1,3 por cento no ano anterior. A audi\u00eancia m\u00e9dia por minuto foi de quarenta e tr\u00eas mil espectadores, um aumento de quarenta e quatro v\u00edrgula oito por cento face ao mesmo m\u00eas do ano anterior. O m\u00eas coincidiu com a guerra no Ir\u00e3o, com a emiss\u00e3o centrada no acompanhamento de movimentos militares e nas implica\u00e7\u00f5es econ\u00f3micas da disputa. O jornalista Alfredo Leite acompanhou a fronteira entre o Iraque e o Ir\u00e3o e, depois, o sul do L\u00edbano, contribuindo para a melhor cobertura de um enviado-especial portugu\u00eas ao conflito. O NOW \u00e9 emitido na posi\u00e7\u00e3o nove de todas as plataformas de cabo; as audi\u00eancias s\u00e3o medidas pela GFK.","og_url":"https:\/\/portaltela.pt\/noticias\/2026\/04\/01\/now-cresce-461-em-marco-mes-de-conflito-no-irao\/","og_site_name":"Portal Tela Portugal","article_published_time":"2026-04-01T11:02:39+00:00","author":"Telinha","twitter_card":"summary_large_image","twitter_misc":{"Escrito por":"Telinha","Tempo estimado de leitura":"1 minuto"},"schema":{"@context":"https:\/\/schema.org","@graph":[{"@type":"Article","@id":"https:\/\/portaltela.pt\/noticias\/2026\/04\/01\/now-cresce-461-em-marco-mes-de-conflito-no-irao\/#article","isPartOf":{"@id":"https:\/\/portaltela.pt\/noticias\/2026\/04\/01\/now-cresce-461-em-marco-mes-de-conflito-no-irao\/"},"author":{"name":"Telinha","@id":"https:\/\/portaltela.pt\/#\/schema\/person\/c4278d4a6028830caff9ee44b42d32ed"},"headline":"NOW cresce 46,1% em mar\u00e7o, m\u00eas de conflito no Ir\u00e3o","datePublished":"2026-04-01T11:02:39+00:00","mainEntityOfPage":{"@id":"https:\/\/portaltela.pt\/noticias\/2026\/04\/01\/now-cresce-461-em-marco-mes-de-conflito-no-irao\/"},"wordCount":249,"image":{"@id":"https:\/\/portaltela.pt\/noticias\/2026\/04\/01\/now-cresce-461-em-marco-mes-de-conflito-no-irao\/#primaryimage"},"thumbnailUrl":"https:\/\/portaltela.pt\/s.01k8rhncp4jt1\/2026\/04\/img_1500x1000uu2026-04-01-11-52-25-2276010.jpg","keywords":["conflito internacional","informa\u00e7\u00e3o internacional","Ir\u00e3","Iraque","L\u00edbano","not\u00edcias internacionais"],"articleSection":["Guerra"],"inLanguage":"pt-PT"},{"@type":"WebPage","@id":"https:\/\/portaltela.pt\/noticias\/2026\/04\/01\/now-cresce-461-em-marco-mes-de-conflito-no-irao\/","url":"https:\/\/portaltela.pt\/noticias\/2026\/04\/01\/now-cresce-461-em-marco-mes-de-conflito-no-irao\/","name":"NOW cresce 46,1% em mar\u00e7o, m\u00eas de conflito no Ir\u00e3o - Portal Tela Portugal","isPartOf":{"@id":"https:\/\/portaltela.pt\/#website"},"primaryImageOfPage":{"@id":"https:\/\/portaltela.pt\/noticias\/2026\/04\/01\/now-cresce-461-em-marco-mes-de-conflito-no-irao\/#primaryimage"},"image":{"@id":"https:\/\/portaltela.pt\/noticias\/2026\/04\/01\/now-cresce-461-em-marco-mes-de-conflito-no-irao\/#primaryimage"},"thumbnailUrl":"https:\/\/portaltela.pt\/s.01k8rhncp4jt1\/2026\/04\/img_1500x1000uu2026-04-01-11-52-25-2276010.jpg","datePublished":"2026-04-01T11:02:39+00:00","author":{"@id":"https:\/\/portaltela.pt\/#\/schema\/person\/c4278d4a6028830caff9ee44b42d32ed"},"breadcrumb":{"@id":"https:\/\/portaltela.pt\/noticias\/2026\/04\/01\/now-cresce-461-em-marco-mes-de-conflito-no-irao\/#breadcrumb"},"inLanguage":"pt-PT","potentialAction":[{"@type":"ReadAction","target":["https:\/\/portaltela.pt\/noticias\/2026\/04\/01\/now-cresce-461-em-marco-mes-de-conflito-no-irao\/"]}]},{"@type":"ImageObject","inLanguage":"pt-PT","@id":"https:\/\/portaltela.pt\/noticias\/2026\/04\/01\/now-cresce-461-em-marco-mes-de-conflito-no-irao\/#primaryimage","url":"https:\/\/portaltela.pt\/s.01k8rhncp4jt1\/2026\/04\/img_1500x1000uu2026-04-01-11-52-25-2276010.jpg","contentUrl":"https:\/\/portaltela.pt\/s.01k8rhncp4jt1\/2026\/04\/img_1500x1000uu2026-04-01-11-52-25-2276010.jpg","width":796,"height":448,"caption":"Alfredo Leite"},{"@type":"BreadcrumbList","@id":"https:\/\/portaltela.pt\/noticias\/2026\/04\/01\/now-cresce-461-em-marco-mes-de-conflito-no-irao\/#breadcrumb","itemListElement":[{"@type":"ListItem","position":1,"name":"In\u00edcio","item":"https:\/\/portaltela.pt\/"},{"@type":"ListItem","position":2,"name":"NOW cresce 46,1% em mar\u00e7o, m\u00eas de conflito no Ir\u00e3o"}]},{"@type":"WebSite","@id":"https:\/\/portaltela.pt\/#website","url":"https:\/\/portaltela.pt\/","name":"Portal Tela Portugal","description":"","potentialAction":[{"@type":"SearchAction","target":{"@type":"EntryPoint","urlTemplate":"https:\/\/portaltela.pt\/?s={search_term_string}"},"query-input":{"@type":"PropertyValueSpecification","valueRequired":true,"valueName":"search_term_string"}}],"inLanguage":"pt-PT"},{"@type":"Person","@id":"https:\/\/portaltela.pt\/#\/schema\/person\/c4278d4a6028830caff9ee44b42d32ed","name":"Telinha","image":{"@type":"ImageObject","inLanguage":"pt-PT","@id":"https:\/\/portaltela.pt\/s.01k8rhncp4jt1\/2025\/11\/talking-bot-125x125.png","url":"https:\/\/portaltela.pt\/s.01k8rhncp4jt1\/2025\/11\/talking-bot-125x125.png","contentUrl":"https:\/\/portaltela.pt\/s.01k8rhncp4jt1\/2025\/11\/talking-bot-125x125.png","caption":"Telinha"},"sameAs":["https:\/\/portaltela.pt\/"],"url":"https:\/\/portaltela.pt\/por\/367410592786\/"}]}},"_links":{"self":[{"href":"https:\/\/portaltela.pt\/api\/wp\/v2\/posts\/428999","targetHints":{"allow":["GET"]}}],"collection":[{"href":"https:\/\/portaltela.pt\/api\/wp\/v2\/posts"}],"about":[{"href":"https:\/\/portaltela.pt\/api\/wp\/v2\/types\/post"}],"author":[{"embeddable":true,"href":"https:\/\/portaltela.pt\/api\/wp\/v2\/users\/2"}],"replies":[{"embeddable":true,"href":"https:\/\/portaltela.pt\/api\/wp\/v2\/comments?post=428999"}],"version-history":[{"count":0,"href":"https:\/\/portaltela.pt\/api\/wp\/v2\/posts\/428999\/revisions"}],"wp:featuredmedia":[{"embeddable":true,"href":"https:\/\/portaltela.pt\/api\/wp\/v2\/media\/429000"}],"wp:attachment":[{"href":"https:\/\/portaltela.pt\/api\/wp\/v2\/media?parent=428999"}],"wp:term":[{"taxonomy":"category","embeddable":true,"href":"https:\/\/portaltela.pt\/api\/wp\/v2\/categories?post=428999"},{"taxonomy":"post_tag","embeddable":true,"href":"https:\/\/portaltela.pt\/api\/wp\/v2\/tags?post=428999"}],"curies":[{"name":"wp","href":"https:\/\/api.w.org\/{rel}","templated":true}]}}