{"id":428991,"date":"2026-04-01T08:02:33","date_gmt":"2026-04-01T11:02:33","guid":{"rendered":"https:\/\/portaltela.pt\/noticias\/2026\/04\/01\/arte-urbana-no-porto-transforma-a-cidade-num-museu-vivo-a-ceu-aberto\/"},"modified":"2026-04-01T08:02:33","modified_gmt":"2026-04-01T11:02:33","slug":"arte-urbana-no-porto-transforma-a-cidade-num-museu-vivo-a-ceu-aberto","status":"publish","type":"post","link":"https:\/\/portaltela.pt\/noticias\/2026\/04\/01\/arte-urbana-no-porto-transforma-a-cidade-num-museu-vivo-a-ceu-aberto\/","title":{"rendered":"Arte urbana no Porto transforma a cidade num museu vivo a c\u00e9u aberto"},"content":{"rendered":"<p>O Porto celebra 12 anos de Programa de Arte Urbana, que transforma a cidade num museu vivo ao ar livre. A iniciativa agrega v\u00e1rias est\u00e9ticas e comunidades, ligando mem\u00f3ria local a interven\u00e7\u00f5es contempor\u00e2neas. A cidade ganha dinamismo e visibilidade cultural.<\/p>\n<p>V\u00e1rios artistas, residentes e visitantes contribuem para o programa, que se tornou um motor de cria\u00e7\u00e3o p\u00fablica. O objetivo \u00e9 ocupar o espa\u00e7o p\u00fablico com express\u00e3o art\u00edstica, refor\u00e7ando a identidade da cidade e o di\u00e1logo com os cidad\u00e3os.<\/p>\n<p>O programa surgiu em 2014, explica Tiago Andrade, respons\u00e1vel pelo programa e diretor de entretenimento da \u00c1gora. A cidade era marcada por limita\u00e7\u00f5es culturais e pela necessidade de novas formas de express\u00e3o. O crescimento \u00e9 visto como resposta a esse contexto.<\/p>\n<h3>Origem e mudan\u00e7as na pol\u00edtica cultural<\/h3>\n<p>Antes, o governo anterior de Rui Rio n\u00e3o era favor\u00e1vel \u00e0 arte urbana, tendo criado uma brigada anti-graffiti. Esta estrutura apagava interven\u00e7\u00f5es n\u00e3o autorizadas, o que dificultava o desenvolvimento de projetos no espa\u00e7o p\u00fablico.<\/p>\n<h3>Impacto na cidade e na comunidade<\/h3>\n<p>Hoje, a arte de rua confere \u00e0 zona central e aos bairros uma vitalidade acrescida. Artistas locais e internacionais participam, promovendo visitas e debates que aproximam comunidades. O Programa de Arte Urbana mant\u00e9m-se como refer\u00eancia na cidade.<\/p>\n","protected":false},"excerpt":{"rendered":"<ul>\n<li>O Programa de Arte Urbana do Porto completa doze anos e continua a crescer, ligando v\u00e1rias est\u00e9ticas, comunidades e mem\u00f3ria.<\/li>\n<li>V\u00e1rios artistas, portuenses e n\u00e3o s\u00f3, t\u00eam tornado a cidade mais viva e din\u00e2mica.<\/li>\n<li>O programa arrancou em dois mil e quatorze, numa altura em que a cidade enfrentava necessidade de espa\u00e7o p\u00fablico e de novas formas de express\u00e3o cultural.<\/li>\n<li>O executivo anterior, liderado por Rui Rio, criou a brigada anti-graffiti, que apagava manifesta\u00e7\u00f5es de street art n\u00e3o autorizadas.<\/li>\n<li>O respons\u00e1vel pelo programa \u00e9 Tiago Andrade, diretor de entretenimento da \u00c1gora.<\/li>\n<\/ul>\n","protected":false},"author":2,"featured_media":428996,"comment_status":"closed","ping_status":"closed","sticky":false,"template":"","format":"standard","meta":{"footnotes":""},"categories":[7375,1],"tags":[70,3035,145,1697,982,6126],"class_list":["post-428991","post","type-post","status-publish","format-standard","has-post-thumbnail","hentry","category-cultura","category-noticias","tag-arte","tag-comunidade","tag-cultura","tag-espaco-publico","tag-porto","tag-publico"],"yoast_head":"<!-- This site is optimized with the Yoast SEO plugin v27.2 - https:\/\/yoast.com\/product\/yoast-seo-wordpress\/ -->\n<title>Arte urbana no Porto transforma a cidade num museu vivo a c\u00e9u aberto - Portal Tela Portugal<\/title>\n<meta name=\"robots\" content=\"index, follow, max-snippet:-1, max-image-preview:large, max-video-preview:-1\" \/>\n<meta property=\"og:locale\" content=\"pt_PT\" \/>\n<meta property=\"og:type\" content=\"article\" \/>\n<meta property=\"og:title\" content=\"Arte urbana no Porto transforma a cidade num museu vivo a c\u00e9u aberto - Portal Tela Portugal\" \/>\n<meta property=\"og:description\" content=\"O Programa de Arte Urbana do Porto completa doze anos e continua a crescer, ligando v\u00e1rias est\u00e9ticas, comunidades e mem\u00f3ria. V\u00e1rios artistas, portuenses e n\u00e3o s\u00f3, t\u00eam tornado a cidade mais viva e din\u00e2mica. O programa arrancou em dois mil e quatorze, numa altura em que a cidade enfrentava necessidade de espa\u00e7o p\u00fablico e de novas formas de express\u00e3o cultural. O executivo anterior, liderado por Rui Rio, criou a brigada anti-graffiti, que apagava manifesta\u00e7\u00f5es de street art n\u00e3o autorizadas. O respons\u00e1vel pelo programa \u00e9 Tiago Andrade, diretor de entretenimento da \u00c1gora.\" \/>\n<meta property=\"og:url\" content=\"https:\/\/portaltela.pt\/noticias\/2026\/04\/01\/arte-urbana-no-porto-transforma-a-cidade-num-museu-vivo-a-ceu-aberto\/\" \/>\n<meta property=\"og:site_name\" content=\"Portal Tela Portugal\" \/>\n<meta property=\"article:published_time\" content=\"2026-04-01T11:02:33+00:00\" \/>\n<meta name=\"author\" content=\"Telinha\" \/>\n<meta name=\"twitter:card\" content=\"summary_large_image\" \/>\n<meta name=\"twitter:label1\" content=\"Escrito por\" \/>\n\t<meta name=\"twitter:data1\" content=\"Telinha\" \/>\n\t<meta name=\"twitter:label2\" content=\"Tempo estimado de leitura\" \/>\n\t<meta name=\"twitter:data2\" content=\"1 minuto\" \/>\n<script type=\"application\/ld+json\" class=\"yoast-schema-graph\">{\"@context\":\"https:\/\/schema.org\",\"@graph\":[{\"@type\":\"Article\",\"@id\":\"https:\/\/portaltela.pt\/noticias\/2026\/04\/01\/arte-urbana-no-porto-transforma-a-cidade-num-museu-vivo-a-ceu-aberto\/#article\",\"isPartOf\":{\"@id\":\"https:\/\/portaltela.pt\/noticias\/2026\/04\/01\/arte-urbana-no-porto-transforma-a-cidade-num-museu-vivo-a-ceu-aberto\/\"},\"author\":{\"name\":\"Telinha\",\"@id\":\"https:\/\/portaltela.pt\/#\/schema\/person\/c4278d4a6028830caff9ee44b42d32ed\"},\"headline\":\"Arte urbana no Porto transforma a cidade num museu vivo a c\u00e9u aberto\",\"datePublished\":\"2026-04-01T11:02:33+00:00\",\"mainEntityOfPage\":{\"@id\":\"https:\/\/portaltela.pt\/noticias\/2026\/04\/01\/arte-urbana-no-porto-transforma-a-cidade-num-museu-vivo-a-ceu-aberto\/\"},\"wordCount\":238,\"image\":{\"@id\":\"https:\/\/portaltela.pt\/noticias\/2026\/04\/01\/arte-urbana-no-porto-transforma-a-cidade-num-museu-vivo-a-ceu-aberto\/#primaryimage\"},\"thumbnailUrl\":\"https:\/\/portaltela.pt\/s.01k8rhncp4jt1\/2026\/04\/image-19.jpg\",\"keywords\":[\"arte\",\"comunidade\",\"cultura\",\"Espa\u00e7o P\u00fablico\",\"Porto\",\"p\u00fablico\"],\"articleSection\":[\"Cultura\",\"Not\u00edcias\"],\"inLanguage\":\"pt-PT\"},{\"@type\":\"WebPage\",\"@id\":\"https:\/\/portaltela.pt\/noticias\/2026\/04\/01\/arte-urbana-no-porto-transforma-a-cidade-num-museu-vivo-a-ceu-aberto\/\",\"url\":\"https:\/\/portaltela.pt\/noticias\/2026\/04\/01\/arte-urbana-no-porto-transforma-a-cidade-num-museu-vivo-a-ceu-aberto\/\",\"name\":\"Arte urbana no Porto transforma a cidade num museu vivo a c\u00e9u aberto - Portal Tela Portugal\",\"isPartOf\":{\"@id\":\"https:\/\/portaltela.pt\/#website\"},\"primaryImageOfPage\":{\"@id\":\"https:\/\/portaltela.pt\/noticias\/2026\/04\/01\/arte-urbana-no-porto-transforma-a-cidade-num-museu-vivo-a-ceu-aberto\/#primaryimage\"},\"image\":{\"@id\":\"https:\/\/portaltela.pt\/noticias\/2026\/04\/01\/arte-urbana-no-porto-transforma-a-cidade-num-museu-vivo-a-ceu-aberto\/#primaryimage\"},\"thumbnailUrl\":\"https:\/\/portaltela.pt\/s.01k8rhncp4jt1\/2026\/04\/image-19.jpg\",\"datePublished\":\"2026-04-01T11:02:33+00:00\",\"author\":{\"@id\":\"https:\/\/portaltela.pt\/#\/schema\/person\/c4278d4a6028830caff9ee44b42d32ed\"},\"breadcrumb\":{\"@id\":\"https:\/\/portaltela.pt\/noticias\/2026\/04\/01\/arte-urbana-no-porto-transforma-a-cidade-num-museu-vivo-a-ceu-aberto\/#breadcrumb\"},\"inLanguage\":\"pt-PT\",\"potentialAction\":[{\"@type\":\"ReadAction\",\"target\":[\"https:\/\/portaltela.pt\/noticias\/2026\/04\/01\/arte-urbana-no-porto-transforma-a-cidade-num-museu-vivo-a-ceu-aberto\/\"]}]},{\"@type\":\"ImageObject\",\"inLanguage\":\"pt-PT\",\"@id\":\"https:\/\/portaltela.pt\/noticias\/2026\/04\/01\/arte-urbana-no-porto-transforma-a-cidade-num-museu-vivo-a-ceu-aberto\/#primaryimage\",\"url\":\"https:\/\/portaltela.pt\/s.01k8rhncp4jt1\/2026\/04\/image-19.jpg\",\"contentUrl\":\"https:\/\/portaltela.pt\/s.01k8rhncp4jt1\/2026\/04\/image-19.jpg\",\"width\":796,\"height\":448,\"caption\":\"Mural Persp\u00e9ntico, na Rua Afonso Martins Alho, do artista galego Liqen\"},{\"@type\":\"BreadcrumbList\",\"@id\":\"https:\/\/portaltela.pt\/noticias\/2026\/04\/01\/arte-urbana-no-porto-transforma-a-cidade-num-museu-vivo-a-ceu-aberto\/#breadcrumb\",\"itemListElement\":[{\"@type\":\"ListItem\",\"position\":1,\"name\":\"In\u00edcio\",\"item\":\"https:\/\/portaltela.pt\/\"},{\"@type\":\"ListItem\",\"position\":2,\"name\":\"Arte urbana no Porto transforma a cidade num museu vivo a c\u00e9u aberto\"}]},{\"@type\":\"WebSite\",\"@id\":\"https:\/\/portaltela.pt\/#website\",\"url\":\"https:\/\/portaltela.pt\/\",\"name\":\"Portal Tela Portugal\",\"description\":\"\",\"potentialAction\":[{\"@type\":\"SearchAction\",\"target\":{\"@type\":\"EntryPoint\",\"urlTemplate\":\"https:\/\/portaltela.pt\/?s={search_term_string}\"},\"query-input\":{\"@type\":\"PropertyValueSpecification\",\"valueRequired\":true,\"valueName\":\"search_term_string\"}}],\"inLanguage\":\"pt-PT\"},{\"@type\":\"Person\",\"@id\":\"https:\/\/portaltela.pt\/#\/schema\/person\/c4278d4a6028830caff9ee44b42d32ed\",\"name\":\"Telinha\",\"image\":{\"@type\":\"ImageObject\",\"inLanguage\":\"pt-PT\",\"@id\":\"https:\/\/portaltela.pt\/s.01k8rhncp4jt1\/2025\/11\/talking-bot-125x125.png\",\"url\":\"https:\/\/portaltela.pt\/s.01k8rhncp4jt1\/2025\/11\/talking-bot-125x125.png\",\"contentUrl\":\"https:\/\/portaltela.pt\/s.01k8rhncp4jt1\/2025\/11\/talking-bot-125x125.png\",\"caption\":\"Telinha\"},\"sameAs\":[\"https:\/\/portaltela.pt\/\"],\"url\":\"https:\/\/portaltela.pt\/por\/367410592786\/\"}]}<\/script>\n<!-- \/ Yoast SEO plugin. -->","yoast_head_json":{"title":"Arte urbana no Porto transforma a cidade num museu vivo a c\u00e9u aberto - Portal Tela Portugal","robots":{"index":"index","follow":"follow","max-snippet":"max-snippet:-1","max-image-preview":"max-image-preview:large","max-video-preview":"max-video-preview:-1"},"og_locale":"pt_PT","og_type":"article","og_title":"Arte urbana no Porto transforma a cidade num museu vivo a c\u00e9u aberto - Portal Tela Portugal","og_description":"O Programa de Arte Urbana do Porto completa doze anos e continua a crescer, ligando v\u00e1rias est\u00e9ticas, comunidades e mem\u00f3ria. V\u00e1rios artistas, portuenses e n\u00e3o s\u00f3, t\u00eam tornado a cidade mais viva e din\u00e2mica. O programa arrancou em dois mil e quatorze, numa altura em que a cidade enfrentava necessidade de espa\u00e7o p\u00fablico e de novas formas de express\u00e3o cultural. O executivo anterior, liderado por Rui Rio, criou a brigada anti-graffiti, que apagava manifesta\u00e7\u00f5es de street art n\u00e3o autorizadas. O respons\u00e1vel pelo programa \u00e9 Tiago Andrade, diretor de entretenimento da \u00c1gora.","og_url":"https:\/\/portaltela.pt\/noticias\/2026\/04\/01\/arte-urbana-no-porto-transforma-a-cidade-num-museu-vivo-a-ceu-aberto\/","og_site_name":"Portal Tela Portugal","article_published_time":"2026-04-01T11:02:33+00:00","author":"Telinha","twitter_card":"summary_large_image","twitter_misc":{"Escrito por":"Telinha","Tempo estimado de leitura":"1 minuto"},"schema":{"@context":"https:\/\/schema.org","@graph":[{"@type":"Article","@id":"https:\/\/portaltela.pt\/noticias\/2026\/04\/01\/arte-urbana-no-porto-transforma-a-cidade-num-museu-vivo-a-ceu-aberto\/#article","isPartOf":{"@id":"https:\/\/portaltela.pt\/noticias\/2026\/04\/01\/arte-urbana-no-porto-transforma-a-cidade-num-museu-vivo-a-ceu-aberto\/"},"author":{"name":"Telinha","@id":"https:\/\/portaltela.pt\/#\/schema\/person\/c4278d4a6028830caff9ee44b42d32ed"},"headline":"Arte urbana no Porto transforma a cidade num museu vivo a c\u00e9u aberto","datePublished":"2026-04-01T11:02:33+00:00","mainEntityOfPage":{"@id":"https:\/\/portaltela.pt\/noticias\/2026\/04\/01\/arte-urbana-no-porto-transforma-a-cidade-num-museu-vivo-a-ceu-aberto\/"},"wordCount":238,"image":{"@id":"https:\/\/portaltela.pt\/noticias\/2026\/04\/01\/arte-urbana-no-porto-transforma-a-cidade-num-museu-vivo-a-ceu-aberto\/#primaryimage"},"thumbnailUrl":"https:\/\/portaltela.pt\/s.01k8rhncp4jt1\/2026\/04\/image-19.jpg","keywords":["arte","comunidade","cultura","Espa\u00e7o P\u00fablico","Porto","p\u00fablico"],"articleSection":["Cultura","Not\u00edcias"],"inLanguage":"pt-PT"},{"@type":"WebPage","@id":"https:\/\/portaltela.pt\/noticias\/2026\/04\/01\/arte-urbana-no-porto-transforma-a-cidade-num-museu-vivo-a-ceu-aberto\/","url":"https:\/\/portaltela.pt\/noticias\/2026\/04\/01\/arte-urbana-no-porto-transforma-a-cidade-num-museu-vivo-a-ceu-aberto\/","name":"Arte urbana no Porto transforma a cidade num museu vivo a c\u00e9u aberto - Portal Tela Portugal","isPartOf":{"@id":"https:\/\/portaltela.pt\/#website"},"primaryImageOfPage":{"@id":"https:\/\/portaltela.pt\/noticias\/2026\/04\/01\/arte-urbana-no-porto-transforma-a-cidade-num-museu-vivo-a-ceu-aberto\/#primaryimage"},"image":{"@id":"https:\/\/portaltela.pt\/noticias\/2026\/04\/01\/arte-urbana-no-porto-transforma-a-cidade-num-museu-vivo-a-ceu-aberto\/#primaryimage"},"thumbnailUrl":"https:\/\/portaltela.pt\/s.01k8rhncp4jt1\/2026\/04\/image-19.jpg","datePublished":"2026-04-01T11:02:33+00:00","author":{"@id":"https:\/\/portaltela.pt\/#\/schema\/person\/c4278d4a6028830caff9ee44b42d32ed"},"breadcrumb":{"@id":"https:\/\/portaltela.pt\/noticias\/2026\/04\/01\/arte-urbana-no-porto-transforma-a-cidade-num-museu-vivo-a-ceu-aberto\/#breadcrumb"},"inLanguage":"pt-PT","potentialAction":[{"@type":"ReadAction","target":["https:\/\/portaltela.pt\/noticias\/2026\/04\/01\/arte-urbana-no-porto-transforma-a-cidade-num-museu-vivo-a-ceu-aberto\/"]}]},{"@type":"ImageObject","inLanguage":"pt-PT","@id":"https:\/\/portaltela.pt\/noticias\/2026\/04\/01\/arte-urbana-no-porto-transforma-a-cidade-num-museu-vivo-a-ceu-aberto\/#primaryimage","url":"https:\/\/portaltela.pt\/s.01k8rhncp4jt1\/2026\/04\/image-19.jpg","contentUrl":"https:\/\/portaltela.pt\/s.01k8rhncp4jt1\/2026\/04\/image-19.jpg","width":796,"height":448,"caption":"Mural Persp\u00e9ntico, na Rua Afonso Martins Alho, do artista galego Liqen"},{"@type":"BreadcrumbList","@id":"https:\/\/portaltela.pt\/noticias\/2026\/04\/01\/arte-urbana-no-porto-transforma-a-cidade-num-museu-vivo-a-ceu-aberto\/#breadcrumb","itemListElement":[{"@type":"ListItem","position":1,"name":"In\u00edcio","item":"https:\/\/portaltela.pt\/"},{"@type":"ListItem","position":2,"name":"Arte urbana no Porto transforma a cidade num museu vivo a c\u00e9u aberto"}]},{"@type":"WebSite","@id":"https:\/\/portaltela.pt\/#website","url":"https:\/\/portaltela.pt\/","name":"Portal Tela Portugal","description":"","potentialAction":[{"@type":"SearchAction","target":{"@type":"EntryPoint","urlTemplate":"https:\/\/portaltela.pt\/?s={search_term_string}"},"query-input":{"@type":"PropertyValueSpecification","valueRequired":true,"valueName":"search_term_string"}}],"inLanguage":"pt-PT"},{"@type":"Person","@id":"https:\/\/portaltela.pt\/#\/schema\/person\/c4278d4a6028830caff9ee44b42d32ed","name":"Telinha","image":{"@type":"ImageObject","inLanguage":"pt-PT","@id":"https:\/\/portaltela.pt\/s.01k8rhncp4jt1\/2025\/11\/talking-bot-125x125.png","url":"https:\/\/portaltela.pt\/s.01k8rhncp4jt1\/2025\/11\/talking-bot-125x125.png","contentUrl":"https:\/\/portaltela.pt\/s.01k8rhncp4jt1\/2025\/11\/talking-bot-125x125.png","caption":"Telinha"},"sameAs":["https:\/\/portaltela.pt\/"],"url":"https:\/\/portaltela.pt\/por\/367410592786\/"}]}},"_links":{"self":[{"href":"https:\/\/portaltela.pt\/api\/wp\/v2\/posts\/428991","targetHints":{"allow":["GET"]}}],"collection":[{"href":"https:\/\/portaltela.pt\/api\/wp\/v2\/posts"}],"about":[{"href":"https:\/\/portaltela.pt\/api\/wp\/v2\/types\/post"}],"author":[{"embeddable":true,"href":"https:\/\/portaltela.pt\/api\/wp\/v2\/users\/2"}],"replies":[{"embeddable":true,"href":"https:\/\/portaltela.pt\/api\/wp\/v2\/comments?post=428991"}],"version-history":[{"count":0,"href":"https:\/\/portaltela.pt\/api\/wp\/v2\/posts\/428991\/revisions"}],"wp:featuredmedia":[{"embeddable":true,"href":"https:\/\/portaltela.pt\/api\/wp\/v2\/media\/428996"}],"wp:attachment":[{"href":"https:\/\/portaltela.pt\/api\/wp\/v2\/media?parent=428991"}],"wp:term":[{"taxonomy":"category","embeddable":true,"href":"https:\/\/portaltela.pt\/api\/wp\/v2\/categories?post=428991"},{"taxonomy":"post_tag","embeddable":true,"href":"https:\/\/portaltela.pt\/api\/wp\/v2\/tags?post=428991"}],"curies":[{"name":"wp","href":"https:\/\/api.w.org\/{rel}","templated":true}]}}