{"id":428977,"date":"2026-04-01T07:47:09","date_gmt":"2026-04-01T10:47:09","guid":{"rendered":"https:\/\/portaltela.pt\/noticias\/2026\/04\/01\/divida-publica-sobe-para-2827-mil-milhoes-de-euros-em-fevereiro\/"},"modified":"2026-04-01T07:47:09","modified_gmt":"2026-04-01T10:47:09","slug":"divida-publica-sobe-para-2827-mil-milhoes-de-euros-em-fevereiro","status":"publish","type":"post","link":"https:\/\/portaltela.pt\/noticias\/economia\/2026\/04\/01\/divida-publica-sobe-para-2827-mil-milhoes-de-euros-em-fevereiro\/","title":{"rendered":"D\u00edvida p\u00fablica sobe para 282,7 mil milh\u00f5es de euros em fevereiro"},"content":{"rendered":"<p>A d\u00edvida p\u00fablica na \u00f3tica de Maastricht aumentou para 282.711,2 milh\u00f5es de euros em fevereiro, segundo dados do Banco de Portugal (BdP).<\/p>\n<p>Face ao mesmo m\u00eas de 2025, a subida \u00e9 de 8.344 milh\u00f5es de euros, refletindo o desempenho relativo ao per\u00edodo anterior.<\/p>\n<p>O BdP explica que o aumento resulta do incremento dos t\u00edtulos de d\u00edvida, em particular de emiss\u00f5es l\u00edquidas positivas de bilhetes do Tesouro, enquanto os empr\u00e9stimos diminu\u00edram cerca de 400 milh\u00f5es.<\/p>\n<p>Na leitura da s\u00e9rie, a varia\u00e7\u00e3o mensal foi acompanhada pelo efeito de mercado e por decis\u00f5es de financiamento p\u00fablico, que contribu\u00edram para o desvio face ao m\u00eas hom\u00f3logo.<\/p>\n","protected":false},"excerpt":{"rendered":"<ul>\n<li>A d\u00edvida p\u00fablica na \u00f3tica de Maastricht subiu para 282.711,2 milh\u00f5es de euros em fevereiro, segundo o BdP.<\/li>\n<li>O aumento mensal foi de 1.560 milh\u00f5es de euros, devido sobretudo a emiss\u00f5es l\u00edquidas positivas de bilhetes do Tesouro.<\/li>\n<li>Os empr\u00e9stimos diminu\u00edram cerca de 400 milh\u00f5es de euros no mesmo per\u00edodo.<\/li>\n<li>Em rela\u00e7\u00e3o a fevereiro de 2025, a d\u00edvida aumentou 8.344 milh\u00f5es de euros.<\/li>\n<li>A divulga\u00e7\u00e3o \u00e9 do Banco de Portugal (BdP).<\/li>\n<\/ul>\n","protected":false},"author":2,"featured_media":428978,"comment_status":"closed","ping_status":"closed","sticky":false,"template":"","format":"standard","meta":{"footnotes":""},"categories":[2,6850],"tags":[6115,4674,7073,733,1014],"class_list":["post-428977","post","type-post","status-publish","format-standard","has-post-thumbnail","hentry","category-economia","category-financas","tag-_economia","tag-divida-publica","tag-emissoes","tag-financas-publicas","tag-portugal"],"yoast_head":"<!-- This site is optimized with the Yoast SEO plugin v27.2 - https:\/\/yoast.com\/product\/yoast-seo-wordpress\/ -->\n<title>D\u00edvida p\u00fablica sobe para 282,7 mil milh\u00f5es de euros em fevereiro - Portal Tela Portugal<\/title>\n<meta name=\"robots\" content=\"index, follow, max-snippet:-1, max-image-preview:large, max-video-preview:-1\" \/>\n<meta property=\"og:locale\" content=\"pt_PT\" \/>\n<meta property=\"og:type\" content=\"article\" \/>\n<meta property=\"og:title\" content=\"D\u00edvida p\u00fablica sobe para 282,7 mil milh\u00f5es de euros em fevereiro - Portal Tela Portugal\" \/>\n<meta property=\"og:description\" content=\"A d\u00edvida p\u00fablica na \u00f3tica de Maastricht subiu para 282.711,2 milh\u00f5es de euros em fevereiro, segundo o BdP. O aumento mensal foi de 1.560 milh\u00f5es de euros, devido sobretudo a emiss\u00f5es l\u00edquidas positivas de bilhetes do Tesouro. Os empr\u00e9stimos diminu\u00edram cerca de 400 milh\u00f5es de euros no mesmo per\u00edodo. Em rela\u00e7\u00e3o a fevereiro de 2025, a d\u00edvida aumentou 8.344 milh\u00f5es de euros. A divulga\u00e7\u00e3o \u00e9 do Banco de Portugal (BdP).\" \/>\n<meta property=\"og:url\" content=\"https:\/\/portaltela.pt\/noticias\/2026\/04\/01\/divida-publica-sobe-para-2827-mil-milhoes-de-euros-em-fevereiro\/\" \/>\n<meta property=\"og:site_name\" content=\"Portal Tela Portugal\" \/>\n<meta property=\"article:published_time\" content=\"2026-04-01T10:47:09+00:00\" \/>\n<meta name=\"author\" content=\"Telinha\" \/>\n<meta name=\"twitter:card\" content=\"summary_large_image\" \/>\n<meta name=\"twitter:label1\" content=\"Escrito por\" \/>\n\t<meta name=\"twitter:data1\" content=\"Telinha\" \/>\n\t<meta name=\"twitter:label2\" content=\"Tempo estimado de leitura\" \/>\n\t<meta name=\"twitter:data2\" content=\"1 minuto\" \/>\n<script type=\"application\/ld+json\" class=\"yoast-schema-graph\">{\"@context\":\"https:\/\/schema.org\",\"@graph\":[{\"@type\":\"Article\",\"@id\":\"https:\/\/portaltela.pt\/noticias\/2026\/04\/01\/divida-publica-sobe-para-2827-mil-milhoes-de-euros-em-fevereiro\/#article\",\"isPartOf\":{\"@id\":\"https:\/\/portaltela.pt\/noticias\/2026\/04\/01\/divida-publica-sobe-para-2827-mil-milhoes-de-euros-em-fevereiro\/\"},\"author\":{\"name\":\"Telinha\",\"@id\":\"https:\/\/portaltela.pt\/#\/schema\/person\/c4278d4a6028830caff9ee44b42d32ed\"},\"headline\":\"D\u00edvida p\u00fablica sobe para 282,7 mil milh\u00f5es de euros em fevereiro\",\"datePublished\":\"2026-04-01T10:47:09+00:00\",\"mainEntityOfPage\":{\"@id\":\"https:\/\/portaltela.pt\/noticias\/2026\/04\/01\/divida-publica-sobe-para-2827-mil-milhoes-de-euros-em-fevereiro\/\"},\"wordCount\":130,\"image\":{\"@id\":\"https:\/\/portaltela.pt\/noticias\/2026\/04\/01\/divida-publica-sobe-para-2827-mil-milhoes-de-euros-em-fevereiro\/#primaryimage\"},\"thumbnailUrl\":\"https:\/\/portaltela.pt\/s.01k8rhncp4jt1\/2026\/04\/img_1500x1000uu2016-07-01-12-29-00-548483.jpg\",\"keywords\":[\"_economia\",\"d\u00edvida p\u00fablica\",\"emiss\u00f5es\",\"finan\u00e7as p\u00fablicas\",\"Portugal\"],\"articleSection\":[\"Economia\",\"Finan\u00e7as\"],\"inLanguage\":\"pt-PT\"},{\"@type\":\"WebPage\",\"@id\":\"https:\/\/portaltela.pt\/noticias\/2026\/04\/01\/divida-publica-sobe-para-2827-mil-milhoes-de-euros-em-fevereiro\/\",\"url\":\"https:\/\/portaltela.pt\/noticias\/2026\/04\/01\/divida-publica-sobe-para-2827-mil-milhoes-de-euros-em-fevereiro\/\",\"name\":\"D\u00edvida p\u00fablica sobe para 282,7 mil milh\u00f5es de euros em fevereiro - Portal Tela Portugal\",\"isPartOf\":{\"@id\":\"https:\/\/portaltela.pt\/#website\"},\"primaryImageOfPage\":{\"@id\":\"https:\/\/portaltela.pt\/noticias\/2026\/04\/01\/divida-publica-sobe-para-2827-mil-milhoes-de-euros-em-fevereiro\/#primaryimage\"},\"image\":{\"@id\":\"https:\/\/portaltela.pt\/noticias\/2026\/04\/01\/divida-publica-sobe-para-2827-mil-milhoes-de-euros-em-fevereiro\/#primaryimage\"},\"thumbnailUrl\":\"https:\/\/portaltela.pt\/s.01k8rhncp4jt1\/2026\/04\/img_1500x1000uu2016-07-01-12-29-00-548483.jpg\",\"datePublished\":\"2026-04-01T10:47:09+00:00\",\"author\":{\"@id\":\"https:\/\/portaltela.pt\/#\/schema\/person\/c4278d4a6028830caff9ee44b42d32ed\"},\"breadcrumb\":{\"@id\":\"https:\/\/portaltela.pt\/noticias\/2026\/04\/01\/divida-publica-sobe-para-2827-mil-milhoes-de-euros-em-fevereiro\/#breadcrumb\"},\"inLanguage\":\"pt-PT\",\"potentialAction\":[{\"@type\":\"ReadAction\",\"target\":[\"https:\/\/portaltela.pt\/noticias\/2026\/04\/01\/divida-publica-sobe-para-2827-mil-milhoes-de-euros-em-fevereiro\/\"]}]},{\"@type\":\"ImageObject\",\"inLanguage\":\"pt-PT\",\"@id\":\"https:\/\/portaltela.pt\/noticias\/2026\/04\/01\/divida-publica-sobe-para-2827-mil-milhoes-de-euros-em-fevereiro\/#primaryimage\",\"url\":\"https:\/\/portaltela.pt\/s.01k8rhncp4jt1\/2026\/04\/img_1500x1000uu2016-07-01-12-29-00-548483.jpg\",\"contentUrl\":\"https:\/\/portaltela.pt\/s.01k8rhncp4jt1\/2026\/04\/img_1500x1000uu2016-07-01-12-29-00-548483.jpg\",\"width\":1500,\"height\":1000,\"caption\":\"Banco de Portugal\"},{\"@type\":\"BreadcrumbList\",\"@id\":\"https:\/\/portaltela.pt\/noticias\/2026\/04\/01\/divida-publica-sobe-para-2827-mil-milhoes-de-euros-em-fevereiro\/#breadcrumb\",\"itemListElement\":[{\"@type\":\"ListItem\",\"position\":1,\"name\":\"In\u00edcio\",\"item\":\"https:\/\/portaltela.pt\/\"},{\"@type\":\"ListItem\",\"position\":2,\"name\":\"D\u00edvida p\u00fablica sobe para 282,7 mil milh\u00f5es de euros em fevereiro\"}]},{\"@type\":\"WebSite\",\"@id\":\"https:\/\/portaltela.pt\/#website\",\"url\":\"https:\/\/portaltela.pt\/\",\"name\":\"Portal Tela Portugal\",\"description\":\"\",\"potentialAction\":[{\"@type\":\"SearchAction\",\"target\":{\"@type\":\"EntryPoint\",\"urlTemplate\":\"https:\/\/portaltela.pt\/?s={search_term_string}\"},\"query-input\":{\"@type\":\"PropertyValueSpecification\",\"valueRequired\":true,\"valueName\":\"search_term_string\"}}],\"inLanguage\":\"pt-PT\"},{\"@type\":\"Person\",\"@id\":\"https:\/\/portaltela.pt\/#\/schema\/person\/c4278d4a6028830caff9ee44b42d32ed\",\"name\":\"Telinha\",\"image\":{\"@type\":\"ImageObject\",\"inLanguage\":\"pt-PT\",\"@id\":\"https:\/\/portaltela.pt\/s.01k8rhncp4jt1\/2025\/11\/talking-bot-125x125.png\",\"url\":\"https:\/\/portaltela.pt\/s.01k8rhncp4jt1\/2025\/11\/talking-bot-125x125.png\",\"contentUrl\":\"https:\/\/portaltela.pt\/s.01k8rhncp4jt1\/2025\/11\/talking-bot-125x125.png\",\"caption\":\"Telinha\"},\"sameAs\":[\"https:\/\/portaltela.pt\/\"],\"url\":\"https:\/\/portaltela.pt\/por\/367410592786\/\"}]}<\/script>\n<!-- \/ Yoast SEO plugin. -->","yoast_head_json":{"title":"D\u00edvida p\u00fablica sobe para 282,7 mil milh\u00f5es de euros em fevereiro - Portal Tela Portugal","robots":{"index":"index","follow":"follow","max-snippet":"max-snippet:-1","max-image-preview":"max-image-preview:large","max-video-preview":"max-video-preview:-1"},"og_locale":"pt_PT","og_type":"article","og_title":"D\u00edvida p\u00fablica sobe para 282,7 mil milh\u00f5es de euros em fevereiro - Portal Tela Portugal","og_description":"A d\u00edvida p\u00fablica na \u00f3tica de Maastricht subiu para 282.711,2 milh\u00f5es de euros em fevereiro, segundo o BdP. O aumento mensal foi de 1.560 milh\u00f5es de euros, devido sobretudo a emiss\u00f5es l\u00edquidas positivas de bilhetes do Tesouro. Os empr\u00e9stimos diminu\u00edram cerca de 400 milh\u00f5es de euros no mesmo per\u00edodo. Em rela\u00e7\u00e3o a fevereiro de 2025, a d\u00edvida aumentou 8.344 milh\u00f5es de euros. A divulga\u00e7\u00e3o \u00e9 do Banco de Portugal (BdP).","og_url":"https:\/\/portaltela.pt\/noticias\/2026\/04\/01\/divida-publica-sobe-para-2827-mil-milhoes-de-euros-em-fevereiro\/","og_site_name":"Portal Tela Portugal","article_published_time":"2026-04-01T10:47:09+00:00","author":"Telinha","twitter_card":"summary_large_image","twitter_misc":{"Escrito por":"Telinha","Tempo estimado de leitura":"1 minuto"},"schema":{"@context":"https:\/\/schema.org","@graph":[{"@type":"Article","@id":"https:\/\/portaltela.pt\/noticias\/2026\/04\/01\/divida-publica-sobe-para-2827-mil-milhoes-de-euros-em-fevereiro\/#article","isPartOf":{"@id":"https:\/\/portaltela.pt\/noticias\/2026\/04\/01\/divida-publica-sobe-para-2827-mil-milhoes-de-euros-em-fevereiro\/"},"author":{"name":"Telinha","@id":"https:\/\/portaltela.pt\/#\/schema\/person\/c4278d4a6028830caff9ee44b42d32ed"},"headline":"D\u00edvida p\u00fablica sobe para 282,7 mil milh\u00f5es de euros em fevereiro","datePublished":"2026-04-01T10:47:09+00:00","mainEntityOfPage":{"@id":"https:\/\/portaltela.pt\/noticias\/2026\/04\/01\/divida-publica-sobe-para-2827-mil-milhoes-de-euros-em-fevereiro\/"},"wordCount":130,"image":{"@id":"https:\/\/portaltela.pt\/noticias\/2026\/04\/01\/divida-publica-sobe-para-2827-mil-milhoes-de-euros-em-fevereiro\/#primaryimage"},"thumbnailUrl":"https:\/\/portaltela.pt\/s.01k8rhncp4jt1\/2026\/04\/img_1500x1000uu2016-07-01-12-29-00-548483.jpg","keywords":["_economia","d\u00edvida p\u00fablica","emiss\u00f5es","finan\u00e7as p\u00fablicas","Portugal"],"articleSection":["Economia","Finan\u00e7as"],"inLanguage":"pt-PT"},{"@type":"WebPage","@id":"https:\/\/portaltela.pt\/noticias\/2026\/04\/01\/divida-publica-sobe-para-2827-mil-milhoes-de-euros-em-fevereiro\/","url":"https:\/\/portaltela.pt\/noticias\/2026\/04\/01\/divida-publica-sobe-para-2827-mil-milhoes-de-euros-em-fevereiro\/","name":"D\u00edvida p\u00fablica sobe para 282,7 mil milh\u00f5es de euros em fevereiro - Portal Tela Portugal","isPartOf":{"@id":"https:\/\/portaltela.pt\/#website"},"primaryImageOfPage":{"@id":"https:\/\/portaltela.pt\/noticias\/2026\/04\/01\/divida-publica-sobe-para-2827-mil-milhoes-de-euros-em-fevereiro\/#primaryimage"},"image":{"@id":"https:\/\/portaltela.pt\/noticias\/2026\/04\/01\/divida-publica-sobe-para-2827-mil-milhoes-de-euros-em-fevereiro\/#primaryimage"},"thumbnailUrl":"https:\/\/portaltela.pt\/s.01k8rhncp4jt1\/2026\/04\/img_1500x1000uu2016-07-01-12-29-00-548483.jpg","datePublished":"2026-04-01T10:47:09+00:00","author":{"@id":"https:\/\/portaltela.pt\/#\/schema\/person\/c4278d4a6028830caff9ee44b42d32ed"},"breadcrumb":{"@id":"https:\/\/portaltela.pt\/noticias\/2026\/04\/01\/divida-publica-sobe-para-2827-mil-milhoes-de-euros-em-fevereiro\/#breadcrumb"},"inLanguage":"pt-PT","potentialAction":[{"@type":"ReadAction","target":["https:\/\/portaltela.pt\/noticias\/2026\/04\/01\/divida-publica-sobe-para-2827-mil-milhoes-de-euros-em-fevereiro\/"]}]},{"@type":"ImageObject","inLanguage":"pt-PT","@id":"https:\/\/portaltela.pt\/noticias\/2026\/04\/01\/divida-publica-sobe-para-2827-mil-milhoes-de-euros-em-fevereiro\/#primaryimage","url":"https:\/\/portaltela.pt\/s.01k8rhncp4jt1\/2026\/04\/img_1500x1000uu2016-07-01-12-29-00-548483.jpg","contentUrl":"https:\/\/portaltela.pt\/s.01k8rhncp4jt1\/2026\/04\/img_1500x1000uu2016-07-01-12-29-00-548483.jpg","width":1500,"height":1000,"caption":"Banco de Portugal"},{"@type":"BreadcrumbList","@id":"https:\/\/portaltela.pt\/noticias\/2026\/04\/01\/divida-publica-sobe-para-2827-mil-milhoes-de-euros-em-fevereiro\/#breadcrumb","itemListElement":[{"@type":"ListItem","position":1,"name":"In\u00edcio","item":"https:\/\/portaltela.pt\/"},{"@type":"ListItem","position":2,"name":"D\u00edvida p\u00fablica sobe para 282,7 mil milh\u00f5es de euros em fevereiro"}]},{"@type":"WebSite","@id":"https:\/\/portaltela.pt\/#website","url":"https:\/\/portaltela.pt\/","name":"Portal Tela Portugal","description":"","potentialAction":[{"@type":"SearchAction","target":{"@type":"EntryPoint","urlTemplate":"https:\/\/portaltela.pt\/?s={search_term_string}"},"query-input":{"@type":"PropertyValueSpecification","valueRequired":true,"valueName":"search_term_string"}}],"inLanguage":"pt-PT"},{"@type":"Person","@id":"https:\/\/portaltela.pt\/#\/schema\/person\/c4278d4a6028830caff9ee44b42d32ed","name":"Telinha","image":{"@type":"ImageObject","inLanguage":"pt-PT","@id":"https:\/\/portaltela.pt\/s.01k8rhncp4jt1\/2025\/11\/talking-bot-125x125.png","url":"https:\/\/portaltela.pt\/s.01k8rhncp4jt1\/2025\/11\/talking-bot-125x125.png","contentUrl":"https:\/\/portaltela.pt\/s.01k8rhncp4jt1\/2025\/11\/talking-bot-125x125.png","caption":"Telinha"},"sameAs":["https:\/\/portaltela.pt\/"],"url":"https:\/\/portaltela.pt\/por\/367410592786\/"}]}},"_links":{"self":[{"href":"https:\/\/portaltela.pt\/api\/wp\/v2\/posts\/428977","targetHints":{"allow":["GET"]}}],"collection":[{"href":"https:\/\/portaltela.pt\/api\/wp\/v2\/posts"}],"about":[{"href":"https:\/\/portaltela.pt\/api\/wp\/v2\/types\/post"}],"author":[{"embeddable":true,"href":"https:\/\/portaltela.pt\/api\/wp\/v2\/users\/2"}],"replies":[{"embeddable":true,"href":"https:\/\/portaltela.pt\/api\/wp\/v2\/comments?post=428977"}],"version-history":[{"count":0,"href":"https:\/\/portaltela.pt\/api\/wp\/v2\/posts\/428977\/revisions"}],"wp:featuredmedia":[{"embeddable":true,"href":"https:\/\/portaltela.pt\/api\/wp\/v2\/media\/428978"}],"wp:attachment":[{"href":"https:\/\/portaltela.pt\/api\/wp\/v2\/media?parent=428977"}],"wp:term":[{"taxonomy":"category","embeddable":true,"href":"https:\/\/portaltela.pt\/api\/wp\/v2\/categories?post=428977"},{"taxonomy":"post_tag","embeddable":true,"href":"https:\/\/portaltela.pt\/api\/wp\/v2\/tags?post=428977"}],"curies":[{"name":"wp","href":"https:\/\/api.w.org\/{rel}","templated":true}]}}