{"id":428969,"date":"2026-04-01T07:47:05","date_gmt":"2026-04-01T10:47:05","guid":{"rendered":"https:\/\/portaltela.pt\/noticias\/2026\/04\/01\/ancelotti-tenta-convencer-modric-a-jogar-pela-selecao-brasileira\/"},"modified":"2026-04-01T07:47:05","modified_gmt":"2026-04-01T10:47:05","slug":"ancelotti-tenta-convencer-modric-a-jogar-pela-selecao-brasileira","status":"publish","type":"post","link":"https:\/\/portaltela.pt\/desporto\/futebol\/2026\/04\/01\/ancelotti-tenta-convencer-modric-a-jogar-pela-selecao-brasileira\/","title":{"rendered":"Ancelotti tenta convencer Modric a jogar pela sele\u00e7\u00e3o brasileira"},"content":{"rendered":"<p>Ap\u00f3s a vit\u00f3ria do Brasil por 3-1 sobre a Cro\u00e1cia, Carlo Ancelotti e Luka Modric protagonizaram um momento de humor. O treinador brasileiro e o m\u00e9dio croata trocaram um abra\u00e7o ap\u00f3s o apito final.<\/p>\n<p>A reuni\u00e3o ocorreu pela primeira vez em anos, j\u00e1 que os dois partilham uma hist\u00f3ria de trabalho conjunto no Real Madrid. O encontro refor\u00e7a a liga\u00e7\u00e3o entre o t\u00e9cnico e o jogador.<\/p>\n<p>O incidente aconteceu esta ter\u00e7a-feira, ainda que de forma descontra\u00edda, no contexto da partida disputada entre as duas sele\u00e7\u00f5es. A troca de cumprimentos foi marcadamente informal.<\/p>\n<p>Na ocasi\u00e3o, Ancelotti, conhecido por o trazer a terreiro, rumou para uma brincadeira de convidar Modric para vestir a camisola do Brasil, num tom claramente humor\u00edstico.<\/p>\n<p>Modric, por sua vez, manteve a postura profissional, respondendo com cordialidade \u00e0 farpa do colega, sem que haja qualquer confirma\u00e7\u00e3o de mudan\u00e7a de nacionalidade ou de sele\u00e7\u00e3o.<\/p>\n","protected":false},"excerpt":{"rendered":"<ul>\n<li>Carlo Ancelotti e Luka Modric participaram num momento bem-humorado ap\u00f3s a vit\u00f3ria do Brasil sobre a Cro\u00e1cia, por 3-1.<\/li>\n<li>Os dois, j\u00e1 separados h\u00e1 anos no Real Madrid, mostraram-se pr\u00f3ximos com um abra\u00e7o no apito final.<\/li>\n<li>O treinador italiano brincou com Modric, perguntando se ele n\u00e3o tem um av\u00f4 brasileiro e insinuando uma poss\u00edvel convoca\u00e7\u00e3o.<\/li>\n<li>O encontro ocorreu nesta ter\u00e7a-feira, no contexto do jogo entre Brasil e Cro\u00e1cia.<\/li>\n<\/ul>\n","protected":false},"author":2,"featured_media":428972,"comment_status":"closed","ping_status":"closed","sticky":false,"template":"","format":"standard","meta":{"footnotes":""},"categories":[21,24],"tags":[2547,3487,32,3338,2577,1253],"class_list":["post-428969","post","type-post","status-publish","format-standard","has-post-thumbnail","hentry","category-desporto","category-futebol","tag-brasil","tag-croacia","tag-futebol","tag-futebol-internacional","tag-luka-modric","tag-selecao"],"yoast_head":"<!-- This site is optimized with the Yoast SEO plugin v27.2 - https:\/\/yoast.com\/product\/yoast-seo-wordpress\/ -->\n<title>Ancelotti tenta convencer Modric a jogar pela sele\u00e7\u00e3o brasileira - Portal Tela Portugal<\/title>\n<meta name=\"robots\" content=\"index, follow, max-snippet:-1, max-image-preview:large, max-video-preview:-1\" \/>\n<meta property=\"og:locale\" content=\"pt_PT\" \/>\n<meta property=\"og:type\" content=\"article\" \/>\n<meta property=\"og:title\" content=\"Ancelotti tenta convencer Modric a jogar pela sele\u00e7\u00e3o brasileira - Portal Tela Portugal\" \/>\n<meta property=\"og:description\" content=\"Carlo Ancelotti e Luka Modric participaram num momento bem-humorado ap\u00f3s a vit\u00f3ria do Brasil sobre a Cro\u00e1cia, por 3-1. Os dois, j\u00e1 separados h\u00e1 anos no Real Madrid, mostraram-se pr\u00f3ximos com um abra\u00e7o no apito final. O treinador italiano brincou com Modric, perguntando se ele n\u00e3o tem um av\u00f4 brasileiro e insinuando uma poss\u00edvel convoca\u00e7\u00e3o. O encontro ocorreu nesta ter\u00e7a-feira, no contexto do jogo entre Brasil e Cro\u00e1cia.\" \/>\n<meta property=\"og:url\" content=\"https:\/\/portaltela.pt\/noticias\/2026\/04\/01\/ancelotti-tenta-convencer-modric-a-jogar-pela-selecao-brasileira\/\" \/>\n<meta property=\"og:site_name\" content=\"Portal Tela Portugal\" \/>\n<meta property=\"article:published_time\" content=\"2026-04-01T10:47:05+00:00\" \/>\n<meta name=\"author\" content=\"Telinha\" \/>\n<meta name=\"twitter:card\" content=\"summary_large_image\" \/>\n<meta name=\"twitter:label1\" content=\"Escrito por\" \/>\n\t<meta name=\"twitter:data1\" content=\"Telinha\" \/>\n\t<meta name=\"twitter:label2\" content=\"Tempo estimado de leitura\" \/>\n\t<meta name=\"twitter:data2\" content=\"1 minuto\" \/>\n<script type=\"application\/ld+json\" class=\"yoast-schema-graph\">{\"@context\":\"https:\/\/schema.org\",\"@graph\":[{\"@type\":\"Article\",\"@id\":\"https:\/\/portaltela.pt\/noticias\/2026\/04\/01\/ancelotti-tenta-convencer-modric-a-jogar-pela-selecao-brasileira\/#article\",\"isPartOf\":{\"@id\":\"https:\/\/portaltela.pt\/noticias\/2026\/04\/01\/ancelotti-tenta-convencer-modric-a-jogar-pela-selecao-brasileira\/\"},\"author\":{\"name\":\"Telinha\",\"@id\":\"https:\/\/portaltela.pt\/#\/schema\/person\/c4278d4a6028830caff9ee44b42d32ed\"},\"headline\":\"Ancelotti tenta convencer Modric a jogar pela sele\u00e7\u00e3o brasileira\",\"datePublished\":\"2026-04-01T10:47:05+00:00\",\"mainEntityOfPage\":{\"@id\":\"https:\/\/portaltela.pt\/noticias\/2026\/04\/01\/ancelotti-tenta-convencer-modric-a-jogar-pela-selecao-brasileira\/\"},\"wordCount\":173,\"image\":{\"@id\":\"https:\/\/portaltela.pt\/noticias\/2026\/04\/01\/ancelotti-tenta-convencer-modric-a-jogar-pela-selecao-brasileira\/#primaryimage\"},\"thumbnailUrl\":\"https:\/\/portaltela.pt\/s.01k8rhncp4jt1\/2026\/04\/img_1200x721uu2026-04-01-11-40-46-2430452.jpg\",\"keywords\":[\"Brasil\",\"Cro\u00e1cia\",\"futebol\",\"futebol internacional\",\"Luka Modric\",\"Sele\u00e7\u00e3o\"],\"articleSection\":[\"Desporto\",\"Futebol\"],\"inLanguage\":\"pt-PT\"},{\"@type\":\"WebPage\",\"@id\":\"https:\/\/portaltela.pt\/noticias\/2026\/04\/01\/ancelotti-tenta-convencer-modric-a-jogar-pela-selecao-brasileira\/\",\"url\":\"https:\/\/portaltela.pt\/noticias\/2026\/04\/01\/ancelotti-tenta-convencer-modric-a-jogar-pela-selecao-brasileira\/\",\"name\":\"Ancelotti tenta convencer Modric a jogar pela sele\u00e7\u00e3o brasileira - Portal Tela Portugal\",\"isPartOf\":{\"@id\":\"https:\/\/portaltela.pt\/#website\"},\"primaryImageOfPage\":{\"@id\":\"https:\/\/portaltela.pt\/noticias\/2026\/04\/01\/ancelotti-tenta-convencer-modric-a-jogar-pela-selecao-brasileira\/#primaryimage\"},\"image\":{\"@id\":\"https:\/\/portaltela.pt\/noticias\/2026\/04\/01\/ancelotti-tenta-convencer-modric-a-jogar-pela-selecao-brasileira\/#primaryimage\"},\"thumbnailUrl\":\"https:\/\/portaltela.pt\/s.01k8rhncp4jt1\/2026\/04\/img_1200x721uu2026-04-01-11-40-46-2430452.jpg\",\"datePublished\":\"2026-04-01T10:47:05+00:00\",\"author\":{\"@id\":\"https:\/\/portaltela.pt\/#\/schema\/person\/c4278d4a6028830caff9ee44b42d32ed\"},\"breadcrumb\":{\"@id\":\"https:\/\/portaltela.pt\/noticias\/2026\/04\/01\/ancelotti-tenta-convencer-modric-a-jogar-pela-selecao-brasileira\/#breadcrumb\"},\"inLanguage\":\"pt-PT\",\"potentialAction\":[{\"@type\":\"ReadAction\",\"target\":[\"https:\/\/portaltela.pt\/noticias\/2026\/04\/01\/ancelotti-tenta-convencer-modric-a-jogar-pela-selecao-brasileira\/\"]}]},{\"@type\":\"ImageObject\",\"inLanguage\":\"pt-PT\",\"@id\":\"https:\/\/portaltela.pt\/noticias\/2026\/04\/01\/ancelotti-tenta-convencer-modric-a-jogar-pela-selecao-brasileira\/#primaryimage\",\"url\":\"https:\/\/portaltela.pt\/s.01k8rhncp4jt1\/2026\/04\/img_1200x721uu2026-04-01-11-40-46-2430452.jpg\",\"contentUrl\":\"https:\/\/portaltela.pt\/s.01k8rhncp4jt1\/2026\/04\/img_1200x721uu2026-04-01-11-40-46-2430452.jpg\",\"width\":796,\"height\":448,\"caption\":\"\u00abN\u00e3o tens um av\u00f4 brasileiro?\u00bb: Ancelotti tenta 'convocar' Modric para a canarinha\"},{\"@type\":\"BreadcrumbList\",\"@id\":\"https:\/\/portaltela.pt\/noticias\/2026\/04\/01\/ancelotti-tenta-convencer-modric-a-jogar-pela-selecao-brasileira\/#breadcrumb\",\"itemListElement\":[{\"@type\":\"ListItem\",\"position\":1,\"name\":\"In\u00edcio\",\"item\":\"https:\/\/portaltela.pt\/\"},{\"@type\":\"ListItem\",\"position\":2,\"name\":\"Ancelotti tenta convencer Modric a jogar pela sele\u00e7\u00e3o brasileira\"}]},{\"@type\":\"WebSite\",\"@id\":\"https:\/\/portaltela.pt\/#website\",\"url\":\"https:\/\/portaltela.pt\/\",\"name\":\"Portal Tela Portugal\",\"description\":\"\",\"potentialAction\":[{\"@type\":\"SearchAction\",\"target\":{\"@type\":\"EntryPoint\",\"urlTemplate\":\"https:\/\/portaltela.pt\/?s={search_term_string}\"},\"query-input\":{\"@type\":\"PropertyValueSpecification\",\"valueRequired\":true,\"valueName\":\"search_term_string\"}}],\"inLanguage\":\"pt-PT\"},{\"@type\":\"Person\",\"@id\":\"https:\/\/portaltela.pt\/#\/schema\/person\/c4278d4a6028830caff9ee44b42d32ed\",\"name\":\"Telinha\",\"image\":{\"@type\":\"ImageObject\",\"inLanguage\":\"pt-PT\",\"@id\":\"https:\/\/portaltela.pt\/s.01k8rhncp4jt1\/2025\/11\/talking-bot-125x125.png\",\"url\":\"https:\/\/portaltela.pt\/s.01k8rhncp4jt1\/2025\/11\/talking-bot-125x125.png\",\"contentUrl\":\"https:\/\/portaltela.pt\/s.01k8rhncp4jt1\/2025\/11\/talking-bot-125x125.png\",\"caption\":\"Telinha\"},\"sameAs\":[\"https:\/\/portaltela.pt\/\"],\"url\":\"https:\/\/portaltela.pt\/por\/367410592786\/\"}]}<\/script>\n<!-- \/ Yoast SEO plugin. -->","yoast_head_json":{"title":"Ancelotti tenta convencer Modric a jogar pela sele\u00e7\u00e3o brasileira - Portal Tela Portugal","robots":{"index":"index","follow":"follow","max-snippet":"max-snippet:-1","max-image-preview":"max-image-preview:large","max-video-preview":"max-video-preview:-1"},"og_locale":"pt_PT","og_type":"article","og_title":"Ancelotti tenta convencer Modric a jogar pela sele\u00e7\u00e3o brasileira - Portal Tela Portugal","og_description":"Carlo Ancelotti e Luka Modric participaram num momento bem-humorado ap\u00f3s a vit\u00f3ria do Brasil sobre a Cro\u00e1cia, por 3-1. Os dois, j\u00e1 separados h\u00e1 anos no Real Madrid, mostraram-se pr\u00f3ximos com um abra\u00e7o no apito final. O treinador italiano brincou com Modric, perguntando se ele n\u00e3o tem um av\u00f4 brasileiro e insinuando uma poss\u00edvel convoca\u00e7\u00e3o. O encontro ocorreu nesta ter\u00e7a-feira, no contexto do jogo entre Brasil e Cro\u00e1cia.","og_url":"https:\/\/portaltela.pt\/noticias\/2026\/04\/01\/ancelotti-tenta-convencer-modric-a-jogar-pela-selecao-brasileira\/","og_site_name":"Portal Tela Portugal","article_published_time":"2026-04-01T10:47:05+00:00","author":"Telinha","twitter_card":"summary_large_image","twitter_misc":{"Escrito por":"Telinha","Tempo estimado de leitura":"1 minuto"},"schema":{"@context":"https:\/\/schema.org","@graph":[{"@type":"Article","@id":"https:\/\/portaltela.pt\/noticias\/2026\/04\/01\/ancelotti-tenta-convencer-modric-a-jogar-pela-selecao-brasileira\/#article","isPartOf":{"@id":"https:\/\/portaltela.pt\/noticias\/2026\/04\/01\/ancelotti-tenta-convencer-modric-a-jogar-pela-selecao-brasileira\/"},"author":{"name":"Telinha","@id":"https:\/\/portaltela.pt\/#\/schema\/person\/c4278d4a6028830caff9ee44b42d32ed"},"headline":"Ancelotti tenta convencer Modric a jogar pela sele\u00e7\u00e3o brasileira","datePublished":"2026-04-01T10:47:05+00:00","mainEntityOfPage":{"@id":"https:\/\/portaltela.pt\/noticias\/2026\/04\/01\/ancelotti-tenta-convencer-modric-a-jogar-pela-selecao-brasileira\/"},"wordCount":173,"image":{"@id":"https:\/\/portaltela.pt\/noticias\/2026\/04\/01\/ancelotti-tenta-convencer-modric-a-jogar-pela-selecao-brasileira\/#primaryimage"},"thumbnailUrl":"https:\/\/portaltela.pt\/s.01k8rhncp4jt1\/2026\/04\/img_1200x721uu2026-04-01-11-40-46-2430452.jpg","keywords":["Brasil","Cro\u00e1cia","futebol","futebol internacional","Luka Modric","Sele\u00e7\u00e3o"],"articleSection":["Desporto","Futebol"],"inLanguage":"pt-PT"},{"@type":"WebPage","@id":"https:\/\/portaltela.pt\/noticias\/2026\/04\/01\/ancelotti-tenta-convencer-modric-a-jogar-pela-selecao-brasileira\/","url":"https:\/\/portaltela.pt\/noticias\/2026\/04\/01\/ancelotti-tenta-convencer-modric-a-jogar-pela-selecao-brasileira\/","name":"Ancelotti tenta convencer Modric a jogar pela sele\u00e7\u00e3o brasileira - Portal Tela Portugal","isPartOf":{"@id":"https:\/\/portaltela.pt\/#website"},"primaryImageOfPage":{"@id":"https:\/\/portaltela.pt\/noticias\/2026\/04\/01\/ancelotti-tenta-convencer-modric-a-jogar-pela-selecao-brasileira\/#primaryimage"},"image":{"@id":"https:\/\/portaltela.pt\/noticias\/2026\/04\/01\/ancelotti-tenta-convencer-modric-a-jogar-pela-selecao-brasileira\/#primaryimage"},"thumbnailUrl":"https:\/\/portaltela.pt\/s.01k8rhncp4jt1\/2026\/04\/img_1200x721uu2026-04-01-11-40-46-2430452.jpg","datePublished":"2026-04-01T10:47:05+00:00","author":{"@id":"https:\/\/portaltela.pt\/#\/schema\/person\/c4278d4a6028830caff9ee44b42d32ed"},"breadcrumb":{"@id":"https:\/\/portaltela.pt\/noticias\/2026\/04\/01\/ancelotti-tenta-convencer-modric-a-jogar-pela-selecao-brasileira\/#breadcrumb"},"inLanguage":"pt-PT","potentialAction":[{"@type":"ReadAction","target":["https:\/\/portaltela.pt\/noticias\/2026\/04\/01\/ancelotti-tenta-convencer-modric-a-jogar-pela-selecao-brasileira\/"]}]},{"@type":"ImageObject","inLanguage":"pt-PT","@id":"https:\/\/portaltela.pt\/noticias\/2026\/04\/01\/ancelotti-tenta-convencer-modric-a-jogar-pela-selecao-brasileira\/#primaryimage","url":"https:\/\/portaltela.pt\/s.01k8rhncp4jt1\/2026\/04\/img_1200x721uu2026-04-01-11-40-46-2430452.jpg","contentUrl":"https:\/\/portaltela.pt\/s.01k8rhncp4jt1\/2026\/04\/img_1200x721uu2026-04-01-11-40-46-2430452.jpg","width":796,"height":448,"caption":"\u00abN\u00e3o tens um av\u00f4 brasileiro?\u00bb: Ancelotti tenta 'convocar' Modric para a canarinha"},{"@type":"BreadcrumbList","@id":"https:\/\/portaltela.pt\/noticias\/2026\/04\/01\/ancelotti-tenta-convencer-modric-a-jogar-pela-selecao-brasileira\/#breadcrumb","itemListElement":[{"@type":"ListItem","position":1,"name":"In\u00edcio","item":"https:\/\/portaltela.pt\/"},{"@type":"ListItem","position":2,"name":"Ancelotti tenta convencer Modric a jogar pela sele\u00e7\u00e3o brasileira"}]},{"@type":"WebSite","@id":"https:\/\/portaltela.pt\/#website","url":"https:\/\/portaltela.pt\/","name":"Portal Tela Portugal","description":"","potentialAction":[{"@type":"SearchAction","target":{"@type":"EntryPoint","urlTemplate":"https:\/\/portaltela.pt\/?s={search_term_string}"},"query-input":{"@type":"PropertyValueSpecification","valueRequired":true,"valueName":"search_term_string"}}],"inLanguage":"pt-PT"},{"@type":"Person","@id":"https:\/\/portaltela.pt\/#\/schema\/person\/c4278d4a6028830caff9ee44b42d32ed","name":"Telinha","image":{"@type":"ImageObject","inLanguage":"pt-PT","@id":"https:\/\/portaltela.pt\/s.01k8rhncp4jt1\/2025\/11\/talking-bot-125x125.png","url":"https:\/\/portaltela.pt\/s.01k8rhncp4jt1\/2025\/11\/talking-bot-125x125.png","contentUrl":"https:\/\/portaltela.pt\/s.01k8rhncp4jt1\/2025\/11\/talking-bot-125x125.png","caption":"Telinha"},"sameAs":["https:\/\/portaltela.pt\/"],"url":"https:\/\/portaltela.pt\/por\/367410592786\/"}]}},"_links":{"self":[{"href":"https:\/\/portaltela.pt\/api\/wp\/v2\/posts\/428969","targetHints":{"allow":["GET"]}}],"collection":[{"href":"https:\/\/portaltela.pt\/api\/wp\/v2\/posts"}],"about":[{"href":"https:\/\/portaltela.pt\/api\/wp\/v2\/types\/post"}],"author":[{"embeddable":true,"href":"https:\/\/portaltela.pt\/api\/wp\/v2\/users\/2"}],"replies":[{"embeddable":true,"href":"https:\/\/portaltela.pt\/api\/wp\/v2\/comments?post=428969"}],"version-history":[{"count":0,"href":"https:\/\/portaltela.pt\/api\/wp\/v2\/posts\/428969\/revisions"}],"wp:featuredmedia":[{"embeddable":true,"href":"https:\/\/portaltela.pt\/api\/wp\/v2\/media\/428972"}],"wp:attachment":[{"href":"https:\/\/portaltela.pt\/api\/wp\/v2\/media?parent=428969"}],"wp:term":[{"taxonomy":"category","embeddable":true,"href":"https:\/\/portaltela.pt\/api\/wp\/v2\/categories?post=428969"},{"taxonomy":"post_tag","embeddable":true,"href":"https:\/\/portaltela.pt\/api\/wp\/v2\/tags?post=428969"}],"curies":[{"name":"wp","href":"https:\/\/api.w.org\/{rel}","templated":true}]}}