{"id":428955,"date":"2026-04-01T07:32:14","date_gmt":"2026-04-01T10:32:14","guid":{"rendered":"https:\/\/portaltela.pt\/noticias\/2026\/04\/01\/luis-machado-ainda-nao-chegou-ao-fim-da-sua-historia-no-futebol\/"},"modified":"2026-04-01T07:32:14","modified_gmt":"2026-04-01T10:32:14","slug":"luis-machado-ainda-nao-chegou-ao-fim-da-sua-historia-no-futebol","status":"publish","type":"post","link":"https:\/\/portaltela.pt\/desporto\/futebol\/2026\/04\/01\/luis-machado-ainda-nao-chegou-ao-fim-da-sua-historia-no-futebol\/","title":{"rendered":"Lu\u00eds Machado: ainda n\u00e3o chegou ao fim da sua hist\u00f3ria no futebol"},"content":{"rendered":"<p>Lu\u00eds Machado, 33 anos, joga no Ethnikos Achnas, em Chipre. O extremo vive mais um cap\u00edtulo da sua carreira internacional, que j\u00e1 passou por \u00cdndia, Pol\u00f3nia e Hong Kong. A equipa cipriota luta pela manuten\u00e7\u00e3o na Liga principal local.<\/p>\n<p>Apesar da fase coletiva menos positiva, o jogador mant\u00e9m confian\u00e7a no rendimento. \u201cAinda h\u00e1 muitos pontos pela frente\u201d, afirma, sublinhando que j\u00e1 disputou cerca de 90% dos jogos desta \u00e9poca.<\/p>\n<p>Em 2020, o atleta decidiu deixar Portugal para conhecer novas realidades, come\u00e7ando pela \u00cdndia, numa altura marcada pela pandemia. Agudou a resist\u00eancia e observou uma organiza\u00e7\u00e3o s\u00f3lida, apesar do confinamento.<\/p>\n<h3>Percurso internacional<\/h3>\n<p>Seguiram-se tr\u00eas anos na Pol\u00f3nia, onde encontrou uma liga muito competitiva e est\u00e1dios bem equipados. Destaca o investimento em forma\u00e7\u00e3o, com forte apoio governamental \u00e0s academias.<\/p>\n<p>A passagem por Hong Kong foi marcante, especialmente pela experi\u00eancia vivida em Kitchee. O objetivo era disputar a Liga dos Campe\u00f5es Asi\u00e1tica, mas a participa\u00e7\u00e3o nesse foco n\u00e3o se concretizou.<\/p>\n<p>Fisicamente, Machado sente-se preparado para competir ao mais alto n\u00edvel. Acredita poder jogar mais quatro ou cinco anos, sem grandes les\u00f5es, e mant\u00e9m portas abertas para o regresso a Portugal.<\/p>\n<h3>Futuro e desportiva<\/h3>\n<p>A dist\u00e2ncia da fam\u00edlia \u00e9 a face menos vis\u00edvel da carreira, com contacto frequente por telefone. Felicita-se pela estabilidade do n\u00facleo familiar.<\/p>\n<p>Mesmo longe, acompanha o futebol portugu\u00eas, destacando o FC Porto e o Sporting. O extremo admite seguir jogos e ver o desempenho das equipas nacionais com interesse.<\/p>\n<p>No regresso \u00e0s origens, recorda os clubes que o marcaram no percurso profissional. O Freamunde abriu portas, enquanto o Feirense representou tr\u00eas anos e meio de aprendizagem e subida de divis\u00e3o.<\/p>\n","protected":false},"excerpt":{"rendered":"<ul>\n<li>Lu\u00eds Machado, 33 anos, joga no Ethnikos Achnas, em Chipre, e encara uma fase coletiva dif\u00edcil, mas mant\u00e9m a confian\u00e7a na perman\u00eancia no principal escal\u00e3o do pa\u00eds.<\/li>\n<li>O extremo diz ter jogado 90% dos encontros desta temporada e manter o rendimento desejado, apesar dos resultados atuais n\u00e3o mostrarem o que queria.<\/li>\n<li>A carreira passou por \u00cdndia, Pol\u00f3nia e Hong Kong ap\u00f3s deixar a Liga portuguesa em 2020; na \u00cdndia enfrentou sete meses em hotel devido \u00e0 pandemia.<\/li>\n<li>Em Hong Kong viveu uma das experi\u00eancias mais marcantes, destacando a organiza\u00e7\u00e3o e a qualidade do campeonato, mesmo sem chegar \u00e0 Liga dos Campe\u00f5es Asi\u00e1tica.<\/li>\n<li>Aposta numa carreira ainda com quatro a cinco anos pela frente, com portas abertas a Portugal, e mant\u00e9m contacto semanal com a fam\u00edlia, acompanhando o futebol portugu\u00eas e indicando o Porto como equipa mais est\u00e1vel no momento.<\/li>\n<\/ul>\n","protected":false},"author":2,"featured_media":428959,"comment_status":"closed","ping_status":"closed","sticky":false,"template":"","format":"standard","meta":{"footnotes":""},"categories":[21,24],"tags":[2028,32,3338,5470,1488,1652],"class_list":["post-428955","post","type-post","status-publish","format-standard","has-post-thumbnail","hentry","category-desporto","category-futebol","tag-fc-porto","tag-futebol","tag-futebol-internacional","tag-india","tag-polonia","tag-sporting"],"yoast_head":"<!-- This site is optimized with the Yoast SEO plugin v27.2 - https:\/\/yoast.com\/product\/yoast-seo-wordpress\/ -->\n<title>Lu\u00eds Machado: ainda n\u00e3o chegou ao fim da sua hist\u00f3ria no futebol - Portal Tela Portugal<\/title>\n<meta name=\"robots\" content=\"index, follow, max-snippet:-1, max-image-preview:large, max-video-preview:-1\" \/>\n<meta property=\"og:locale\" content=\"pt_PT\" \/>\n<meta property=\"og:type\" content=\"article\" \/>\n<meta property=\"og:title\" content=\"Lu\u00eds Machado: ainda n\u00e3o chegou ao fim da sua hist\u00f3ria no futebol - Portal Tela Portugal\" \/>\n<meta property=\"og:description\" content=\"Lu\u00eds Machado, 33 anos, joga no Ethnikos Achnas, em Chipre, e encara uma fase coletiva dif\u00edcil, mas mant\u00e9m a confian\u00e7a na perman\u00eancia no principal escal\u00e3o do pa\u00eds. O extremo diz ter jogado 90% dos encontros desta temporada e manter o rendimento desejado, apesar dos resultados atuais n\u00e3o mostrarem o que queria. A carreira passou por \u00cdndia, Pol\u00f3nia e Hong Kong ap\u00f3s deixar a Liga portuguesa em 2020; na \u00cdndia enfrentou sete meses em hotel devido \u00e0 pandemia. Em Hong Kong viveu uma das experi\u00eancias mais marcantes, destacando a organiza\u00e7\u00e3o e a qualidade do campeonato, mesmo sem chegar \u00e0 Liga dos Campe\u00f5es Asi\u00e1tica. Aposta numa carreira ainda com quatro a cinco anos pela frente, com portas abertas a Portugal, e mant\u00e9m contacto semanal com a fam\u00edlia, acompanhando o futebol portugu\u00eas e indicando o Porto como equipa mais est\u00e1vel no momento.\" \/>\n<meta property=\"og:url\" content=\"https:\/\/portaltela.pt\/noticias\/2026\/04\/01\/luis-machado-ainda-nao-chegou-ao-fim-da-sua-historia-no-futebol\/\" \/>\n<meta property=\"og:site_name\" content=\"Portal Tela Portugal\" \/>\n<meta property=\"article:published_time\" content=\"2026-04-01T10:32:14+00:00\" \/>\n<meta name=\"author\" content=\"Telinha\" \/>\n<meta name=\"twitter:card\" content=\"summary_large_image\" \/>\n<meta name=\"twitter:label1\" content=\"Escrito por\" \/>\n\t<meta name=\"twitter:data1\" content=\"Telinha\" \/>\n\t<meta name=\"twitter:label2\" content=\"Tempo estimado de leitura\" \/>\n\t<meta name=\"twitter:data2\" content=\"1 minuto\" \/>\n<script type=\"application\/ld+json\" class=\"yoast-schema-graph\">{\"@context\":\"https:\/\/schema.org\",\"@graph\":[{\"@type\":\"Article\",\"@id\":\"https:\/\/portaltela.pt\/noticias\/2026\/04\/01\/luis-machado-ainda-nao-chegou-ao-fim-da-sua-historia-no-futebol\/#article\",\"isPartOf\":{\"@id\":\"https:\/\/portaltela.pt\/noticias\/2026\/04\/01\/luis-machado-ainda-nao-chegou-ao-fim-da-sua-historia-no-futebol\/\"},\"author\":{\"name\":\"Telinha\",\"@id\":\"https:\/\/portaltela.pt\/#\/schema\/person\/c4278d4a6028830caff9ee44b42d32ed\"},\"headline\":\"Lu\u00eds Machado: ainda n\u00e3o chegou ao fim da sua hist\u00f3ria no futebol\",\"datePublished\":\"2026-04-01T10:32:14+00:00\",\"mainEntityOfPage\":{\"@id\":\"https:\/\/portaltela.pt\/noticias\/2026\/04\/01\/luis-machado-ainda-nao-chegou-ao-fim-da-sua-historia-no-futebol\/\"},\"wordCount\":310,\"image\":{\"@id\":\"https:\/\/portaltela.pt\/noticias\/2026\/04\/01\/luis-machado-ainda-nao-chegou-ao-fim-da-sua-historia-no-futebol\/#primaryimage\"},\"thumbnailUrl\":\"https:\/\/portaltela.pt\/s.01k8rhncp4jt1\/2026\/04\/img_1200x721uu2026-03-31-17-00-33-2430301.jpg\",\"keywords\":[\"FC Porto\",\"futebol\",\"futebol internacional\",\"\u00cdndia\",\"Pol\u00f3nia\",\"Sporting\"],\"articleSection\":[\"Desporto\",\"Futebol\"],\"inLanguage\":\"pt-PT\"},{\"@type\":\"WebPage\",\"@id\":\"https:\/\/portaltela.pt\/noticias\/2026\/04\/01\/luis-machado-ainda-nao-chegou-ao-fim-da-sua-historia-no-futebol\/\",\"url\":\"https:\/\/portaltela.pt\/noticias\/2026\/04\/01\/luis-machado-ainda-nao-chegou-ao-fim-da-sua-historia-no-futebol\/\",\"name\":\"Lu\u00eds Machado: ainda n\u00e3o chegou ao fim da sua hist\u00f3ria no futebol - Portal Tela Portugal\",\"isPartOf\":{\"@id\":\"https:\/\/portaltela.pt\/#website\"},\"primaryImageOfPage\":{\"@id\":\"https:\/\/portaltela.pt\/noticias\/2026\/04\/01\/luis-machado-ainda-nao-chegou-ao-fim-da-sua-historia-no-futebol\/#primaryimage\"},\"image\":{\"@id\":\"https:\/\/portaltela.pt\/noticias\/2026\/04\/01\/luis-machado-ainda-nao-chegou-ao-fim-da-sua-historia-no-futebol\/#primaryimage\"},\"thumbnailUrl\":\"https:\/\/portaltela.pt\/s.01k8rhncp4jt1\/2026\/04\/img_1200x721uu2026-03-31-17-00-33-2430301.jpg\",\"datePublished\":\"2026-04-01T10:32:14+00:00\",\"author\":{\"@id\":\"https:\/\/portaltela.pt\/#\/schema\/person\/c4278d4a6028830caff9ee44b42d32ed\"},\"breadcrumb\":{\"@id\":\"https:\/\/portaltela.pt\/noticias\/2026\/04\/01\/luis-machado-ainda-nao-chegou-ao-fim-da-sua-historia-no-futebol\/#breadcrumb\"},\"inLanguage\":\"pt-PT\",\"potentialAction\":[{\"@type\":\"ReadAction\",\"target\":[\"https:\/\/portaltela.pt\/noticias\/2026\/04\/01\/luis-machado-ainda-nao-chegou-ao-fim-da-sua-historia-no-futebol\/\"]}]},{\"@type\":\"ImageObject\",\"inLanguage\":\"pt-PT\",\"@id\":\"https:\/\/portaltela.pt\/noticias\/2026\/04\/01\/luis-machado-ainda-nao-chegou-ao-fim-da-sua-historia-no-futebol\/#primaryimage\",\"url\":\"https:\/\/portaltela.pt\/s.01k8rhncp4jt1\/2026\/04\/img_1200x721uu2026-03-31-17-00-33-2430301.jpg\",\"contentUrl\":\"https:\/\/portaltela.pt\/s.01k8rhncp4jt1\/2026\/04\/img_1200x721uu2026-03-31-17-00-33-2430301.jpg\",\"width\":796,\"height\":448,\"caption\":\"Lu\u00eds Machado em a\u00e7\u00e3o\"},{\"@type\":\"BreadcrumbList\",\"@id\":\"https:\/\/portaltela.pt\/noticias\/2026\/04\/01\/luis-machado-ainda-nao-chegou-ao-fim-da-sua-historia-no-futebol\/#breadcrumb\",\"itemListElement\":[{\"@type\":\"ListItem\",\"position\":1,\"name\":\"In\u00edcio\",\"item\":\"https:\/\/portaltela.pt\/\"},{\"@type\":\"ListItem\",\"position\":2,\"name\":\"Lu\u00eds Machado: ainda n\u00e3o chegou ao fim da sua hist\u00f3ria no futebol\"}]},{\"@type\":\"WebSite\",\"@id\":\"https:\/\/portaltela.pt\/#website\",\"url\":\"https:\/\/portaltela.pt\/\",\"name\":\"Portal Tela Portugal\",\"description\":\"\",\"potentialAction\":[{\"@type\":\"SearchAction\",\"target\":{\"@type\":\"EntryPoint\",\"urlTemplate\":\"https:\/\/portaltela.pt\/?s={search_term_string}\"},\"query-input\":{\"@type\":\"PropertyValueSpecification\",\"valueRequired\":true,\"valueName\":\"search_term_string\"}}],\"inLanguage\":\"pt-PT\"},{\"@type\":\"Person\",\"@id\":\"https:\/\/portaltela.pt\/#\/schema\/person\/c4278d4a6028830caff9ee44b42d32ed\",\"name\":\"Telinha\",\"image\":{\"@type\":\"ImageObject\",\"inLanguage\":\"pt-PT\",\"@id\":\"https:\/\/portaltela.pt\/s.01k8rhncp4jt1\/2025\/11\/talking-bot-125x125.png\",\"url\":\"https:\/\/portaltela.pt\/s.01k8rhncp4jt1\/2025\/11\/talking-bot-125x125.png\",\"contentUrl\":\"https:\/\/portaltela.pt\/s.01k8rhncp4jt1\/2025\/11\/talking-bot-125x125.png\",\"caption\":\"Telinha\"},\"sameAs\":[\"https:\/\/portaltela.pt\/\"],\"url\":\"https:\/\/portaltela.pt\/por\/367410592786\/\"}]}<\/script>\n<!-- \/ Yoast SEO plugin. -->","yoast_head_json":{"title":"Lu\u00eds Machado: ainda n\u00e3o chegou ao fim da sua hist\u00f3ria no futebol - Portal Tela Portugal","robots":{"index":"index","follow":"follow","max-snippet":"max-snippet:-1","max-image-preview":"max-image-preview:large","max-video-preview":"max-video-preview:-1"},"og_locale":"pt_PT","og_type":"article","og_title":"Lu\u00eds Machado: ainda n\u00e3o chegou ao fim da sua hist\u00f3ria no futebol - Portal Tela Portugal","og_description":"Lu\u00eds Machado, 33 anos, joga no Ethnikos Achnas, em Chipre, e encara uma fase coletiva dif\u00edcil, mas mant\u00e9m a confian\u00e7a na perman\u00eancia no principal escal\u00e3o do pa\u00eds. O extremo diz ter jogado 90% dos encontros desta temporada e manter o rendimento desejado, apesar dos resultados atuais n\u00e3o mostrarem o que queria. A carreira passou por \u00cdndia, Pol\u00f3nia e Hong Kong ap\u00f3s deixar a Liga portuguesa em 2020; na \u00cdndia enfrentou sete meses em hotel devido \u00e0 pandemia. Em Hong Kong viveu uma das experi\u00eancias mais marcantes, destacando a organiza\u00e7\u00e3o e a qualidade do campeonato, mesmo sem chegar \u00e0 Liga dos Campe\u00f5es Asi\u00e1tica. Aposta numa carreira ainda com quatro a cinco anos pela frente, com portas abertas a Portugal, e mant\u00e9m contacto semanal com a fam\u00edlia, acompanhando o futebol portugu\u00eas e indicando o Porto como equipa mais est\u00e1vel no momento.","og_url":"https:\/\/portaltela.pt\/noticias\/2026\/04\/01\/luis-machado-ainda-nao-chegou-ao-fim-da-sua-historia-no-futebol\/","og_site_name":"Portal Tela Portugal","article_published_time":"2026-04-01T10:32:14+00:00","author":"Telinha","twitter_card":"summary_large_image","twitter_misc":{"Escrito por":"Telinha","Tempo estimado de leitura":"1 minuto"},"schema":{"@context":"https:\/\/schema.org","@graph":[{"@type":"Article","@id":"https:\/\/portaltela.pt\/noticias\/2026\/04\/01\/luis-machado-ainda-nao-chegou-ao-fim-da-sua-historia-no-futebol\/#article","isPartOf":{"@id":"https:\/\/portaltela.pt\/noticias\/2026\/04\/01\/luis-machado-ainda-nao-chegou-ao-fim-da-sua-historia-no-futebol\/"},"author":{"name":"Telinha","@id":"https:\/\/portaltela.pt\/#\/schema\/person\/c4278d4a6028830caff9ee44b42d32ed"},"headline":"Lu\u00eds Machado: ainda n\u00e3o chegou ao fim da sua hist\u00f3ria no futebol","datePublished":"2026-04-01T10:32:14+00:00","mainEntityOfPage":{"@id":"https:\/\/portaltela.pt\/noticias\/2026\/04\/01\/luis-machado-ainda-nao-chegou-ao-fim-da-sua-historia-no-futebol\/"},"wordCount":310,"image":{"@id":"https:\/\/portaltela.pt\/noticias\/2026\/04\/01\/luis-machado-ainda-nao-chegou-ao-fim-da-sua-historia-no-futebol\/#primaryimage"},"thumbnailUrl":"https:\/\/portaltela.pt\/s.01k8rhncp4jt1\/2026\/04\/img_1200x721uu2026-03-31-17-00-33-2430301.jpg","keywords":["FC Porto","futebol","futebol internacional","\u00cdndia","Pol\u00f3nia","Sporting"],"articleSection":["Desporto","Futebol"],"inLanguage":"pt-PT"},{"@type":"WebPage","@id":"https:\/\/portaltela.pt\/noticias\/2026\/04\/01\/luis-machado-ainda-nao-chegou-ao-fim-da-sua-historia-no-futebol\/","url":"https:\/\/portaltela.pt\/noticias\/2026\/04\/01\/luis-machado-ainda-nao-chegou-ao-fim-da-sua-historia-no-futebol\/","name":"Lu\u00eds Machado: ainda n\u00e3o chegou ao fim da sua hist\u00f3ria no futebol - Portal Tela Portugal","isPartOf":{"@id":"https:\/\/portaltela.pt\/#website"},"primaryImageOfPage":{"@id":"https:\/\/portaltela.pt\/noticias\/2026\/04\/01\/luis-machado-ainda-nao-chegou-ao-fim-da-sua-historia-no-futebol\/#primaryimage"},"image":{"@id":"https:\/\/portaltela.pt\/noticias\/2026\/04\/01\/luis-machado-ainda-nao-chegou-ao-fim-da-sua-historia-no-futebol\/#primaryimage"},"thumbnailUrl":"https:\/\/portaltela.pt\/s.01k8rhncp4jt1\/2026\/04\/img_1200x721uu2026-03-31-17-00-33-2430301.jpg","datePublished":"2026-04-01T10:32:14+00:00","author":{"@id":"https:\/\/portaltela.pt\/#\/schema\/person\/c4278d4a6028830caff9ee44b42d32ed"},"breadcrumb":{"@id":"https:\/\/portaltela.pt\/noticias\/2026\/04\/01\/luis-machado-ainda-nao-chegou-ao-fim-da-sua-historia-no-futebol\/#breadcrumb"},"inLanguage":"pt-PT","potentialAction":[{"@type":"ReadAction","target":["https:\/\/portaltela.pt\/noticias\/2026\/04\/01\/luis-machado-ainda-nao-chegou-ao-fim-da-sua-historia-no-futebol\/"]}]},{"@type":"ImageObject","inLanguage":"pt-PT","@id":"https:\/\/portaltela.pt\/noticias\/2026\/04\/01\/luis-machado-ainda-nao-chegou-ao-fim-da-sua-historia-no-futebol\/#primaryimage","url":"https:\/\/portaltela.pt\/s.01k8rhncp4jt1\/2026\/04\/img_1200x721uu2026-03-31-17-00-33-2430301.jpg","contentUrl":"https:\/\/portaltela.pt\/s.01k8rhncp4jt1\/2026\/04\/img_1200x721uu2026-03-31-17-00-33-2430301.jpg","width":796,"height":448,"caption":"Lu\u00eds Machado em a\u00e7\u00e3o"},{"@type":"BreadcrumbList","@id":"https:\/\/portaltela.pt\/noticias\/2026\/04\/01\/luis-machado-ainda-nao-chegou-ao-fim-da-sua-historia-no-futebol\/#breadcrumb","itemListElement":[{"@type":"ListItem","position":1,"name":"In\u00edcio","item":"https:\/\/portaltela.pt\/"},{"@type":"ListItem","position":2,"name":"Lu\u00eds Machado: ainda n\u00e3o chegou ao fim da sua hist\u00f3ria no futebol"}]},{"@type":"WebSite","@id":"https:\/\/portaltela.pt\/#website","url":"https:\/\/portaltela.pt\/","name":"Portal Tela Portugal","description":"","potentialAction":[{"@type":"SearchAction","target":{"@type":"EntryPoint","urlTemplate":"https:\/\/portaltela.pt\/?s={search_term_string}"},"query-input":{"@type":"PropertyValueSpecification","valueRequired":true,"valueName":"search_term_string"}}],"inLanguage":"pt-PT"},{"@type":"Person","@id":"https:\/\/portaltela.pt\/#\/schema\/person\/c4278d4a6028830caff9ee44b42d32ed","name":"Telinha","image":{"@type":"ImageObject","inLanguage":"pt-PT","@id":"https:\/\/portaltela.pt\/s.01k8rhncp4jt1\/2025\/11\/talking-bot-125x125.png","url":"https:\/\/portaltela.pt\/s.01k8rhncp4jt1\/2025\/11\/talking-bot-125x125.png","contentUrl":"https:\/\/portaltela.pt\/s.01k8rhncp4jt1\/2025\/11\/talking-bot-125x125.png","caption":"Telinha"},"sameAs":["https:\/\/portaltela.pt\/"],"url":"https:\/\/portaltela.pt\/por\/367410592786\/"}]}},"_links":{"self":[{"href":"https:\/\/portaltela.pt\/api\/wp\/v2\/posts\/428955","targetHints":{"allow":["GET"]}}],"collection":[{"href":"https:\/\/portaltela.pt\/api\/wp\/v2\/posts"}],"about":[{"href":"https:\/\/portaltela.pt\/api\/wp\/v2\/types\/post"}],"author":[{"embeddable":true,"href":"https:\/\/portaltela.pt\/api\/wp\/v2\/users\/2"}],"replies":[{"embeddable":true,"href":"https:\/\/portaltela.pt\/api\/wp\/v2\/comments?post=428955"}],"version-history":[{"count":0,"href":"https:\/\/portaltela.pt\/api\/wp\/v2\/posts\/428955\/revisions"}],"wp:featuredmedia":[{"embeddable":true,"href":"https:\/\/portaltela.pt\/api\/wp\/v2\/media\/428959"}],"wp:attachment":[{"href":"https:\/\/portaltela.pt\/api\/wp\/v2\/media?parent=428955"}],"wp:term":[{"taxonomy":"category","embeddable":true,"href":"https:\/\/portaltela.pt\/api\/wp\/v2\/categories?post=428955"},{"taxonomy":"post_tag","embeddable":true,"href":"https:\/\/portaltela.pt\/api\/wp\/v2\/tags?post=428955"}],"curies":[{"name":"wp","href":"https:\/\/api.w.org\/{rel}","templated":true}]}}