{"id":428954,"date":"2026-04-01T07:32:14","date_gmt":"2026-04-01T10:32:14","guid":{"rendered":"https:\/\/portaltela.pt\/noticias\/2026\/04\/01\/nuno-markl-revela-ter-sofrido-um-avc-nao-estava-no-meu-bingo\/"},"modified":"2026-04-01T07:32:14","modified_gmt":"2026-04-01T10:32:14","slug":"nuno-markl-revela-ter-sofrido-um-avc-nao-estava-no-meu-bingo","status":"publish","type":"post","link":"https:\/\/portaltela.pt\/saude\/2026\/04\/01\/nuno-markl-revela-ter-sofrido-um-avc-nao-estava-no-meu-bingo\/","title":{"rendered":"Nuno Markl revela ter sofrido um AVC: n\u00e3o estava no meu bingo"},"content":{"rendered":"<p>Nuno Markl revelou ter sofrido um AVC h\u00e1 cerca de um m\u00eas. O humorista partilhou um v\u00eddeo nas redes para assinalar o Dia Nacional do Doente com AVC, tema que foi comentado no programa Noite das Estrelas. A not\u00edcia mant\u00e9m-se factual e sem ju\u00edzos de valor.<\/p>\n<p>O epis\u00f3dio foi descrito como assustador, mas o humorista diz ter superado com o apoio da fam\u00edlia e de amigos. Destaca a import\u00e2ncia de reconhecer os sinais do AVC e de pedir ajuda m\u00e9dica rapidamente para aumentar as hip\u00f3teses de recupera\u00e7\u00e3o.<\/p>\n<h3>Alerta e mudan\u00e7as de estilo de vida<\/h3>\n<p>Markl agradeceu \u00e0s equipas m\u00e9dicas e refor\u00e7ou a necessidade de sensibilizar a popula\u00e7\u00e3o para os sintomas, que podem incluir fraqueza de um lado, dificuldade de falar ou compreender, e perda de equil\u00edbrio. O humorista adotou desde ent\u00e3o uma alimenta\u00e7\u00e3o mais saud\u00e1vel e pr\u00e1tica regular de exerc\u00edcio.<\/p>\n<p>O v\u00eddeo divulgado nas redes mostra o autor a falar sobre o epis\u00f3dio e a incentivar o conhecimento dos sinais do AVC, sublinhando a urg\u00eancia de procurar ajuda imediata quando surgirem d\u00favidas.<\/p>\n<p>O Dia Nacional do Doente com AVC \u00e9 referido como uma oportunidade para aumentar a preven\u00e7\u00e3o e o tratamento da condi\u00e7\u00e3o. Markl diz que a experi\u00eancia serve de alerta para reconhecer os sinais e atuar em tempo.<\/p>\n<p>A vit\u00f3ria pessoal de Markl \u00e9 apresentada apenas como informa\u00e7\u00e3o factual, sem opini\u00f5es ou conclus\u00f5es, mantendo o foco na veracidade dos acontecimentos e nos dados partilhados.<\/p>\n","protected":false},"excerpt":{"rendered":"<ul>\n<li>O humorista Nuno Markl revelou ter sofrido um AVC cerca de um m\u00eas atr\u00e1s, descrevendo a experi\u00eancia como &#8220;n\u00e3o estava no meu bingo&#8221;.<\/li>\n<li>Partilhou um v\u00eddeo nas redes sociais para assinalar o Dia Nacional do Doente com AVC, que foi comentado no programa Noite das Estrelas.<\/li>\n<li>A condi\u00e7\u00e3o foi descrita como assustadora, e Markl agradeceu \u00e0s equipas m\u00e9dicas, sublinhando a import\u00e2ncia de reconhecer sinais e procurar ajuda rapidamente.<\/li>\n<li>Disse que, desde o epis\u00f3dio, adotou um estilo de vida mais saud\u00e1vel, com alimenta\u00e7\u00e3o equilibrada e pr\u00e1tica regular de exerc\u00edcio f\u00edsico.<\/li>\n<li>O humorista enumerou os sinais do AVC (fraqueza ou dorm\u00eancia de um lado, dificuldade em falar ou compreender, perda de equil\u00edbrio) e pediu que, se surgirem, se procure ajuda m\u00e9dica de imediato.<\/li>\n<\/ul>\n","protected":false},"author":2,"featured_media":428958,"comment_status":"closed","ping_status":"closed","sticky":false,"template":"","format":"standard","meta":{"footnotes":""},"categories":[1,6745],"tags":[7048,5723,5087,195,172],"class_list":["post-428954","post","type-post","status-publish","format-standard","has-post-thumbnail","hentry","category-noticias","category-saude","tag-avc","tag-doenca","tag-educacao-para-a-saude","tag-informacao","tag-saude"],"yoast_head":"<!-- This site is optimized with the Yoast SEO plugin v27.2 - https:\/\/yoast.com\/product\/yoast-seo-wordpress\/ -->\n<title>Nuno Markl revela ter sofrido um AVC: n\u00e3o estava no meu bingo - Portal Tela Portugal<\/title>\n<meta name=\"robots\" content=\"index, follow, max-snippet:-1, max-image-preview:large, max-video-preview:-1\" \/>\n<meta property=\"og:locale\" content=\"pt_PT\" \/>\n<meta property=\"og:type\" content=\"article\" \/>\n<meta property=\"og:title\" content=\"Nuno Markl revela ter sofrido um AVC: n\u00e3o estava no meu bingo - Portal Tela Portugal\" \/>\n<meta property=\"og:description\" content=\"O humorista Nuno Markl revelou ter sofrido um AVC cerca de um m\u00eas atr\u00e1s, descrevendo a experi\u00eancia como &quot;n\u00e3o estava no meu bingo&quot;. Partilhou um v\u00eddeo nas redes sociais para assinalar o Dia Nacional do Doente com AVC, que foi comentado no programa Noite das Estrelas. A condi\u00e7\u00e3o foi descrita como assustadora, e Markl agradeceu \u00e0s equipas m\u00e9dicas, sublinhando a import\u00e2ncia de reconhecer sinais e procurar ajuda rapidamente. Disse que, desde o epis\u00f3dio, adotou um estilo de vida mais saud\u00e1vel, com alimenta\u00e7\u00e3o equilibrada e pr\u00e1tica regular de exerc\u00edcio f\u00edsico. O humorista enumerou os sinais do AVC (fraqueza ou dorm\u00eancia de um lado, dificuldade em falar ou compreender, perda de equil\u00edbrio) e pediu que, se surgirem, se procure ajuda m\u00e9dica de imediato.\" \/>\n<meta property=\"og:url\" content=\"https:\/\/portaltela.pt\/noticias\/2026\/04\/01\/nuno-markl-revela-ter-sofrido-um-avc-nao-estava-no-meu-bingo\/\" \/>\n<meta property=\"og:site_name\" content=\"Portal Tela Portugal\" \/>\n<meta property=\"article:published_time\" content=\"2026-04-01T10:32:14+00:00\" \/>\n<meta name=\"author\" content=\"Telinha\" \/>\n<meta name=\"twitter:card\" content=\"summary_large_image\" \/>\n<meta name=\"twitter:label1\" content=\"Escrito por\" \/>\n\t<meta name=\"twitter:data1\" content=\"Telinha\" \/>\n\t<meta name=\"twitter:label2\" content=\"Tempo estimado de leitura\" \/>\n\t<meta name=\"twitter:data2\" content=\"1 minuto\" \/>\n<script type=\"application\/ld+json\" class=\"yoast-schema-graph\">{\"@context\":\"https:\/\/schema.org\",\"@graph\":[{\"@type\":\"Article\",\"@id\":\"https:\/\/portaltela.pt\/noticias\/2026\/04\/01\/nuno-markl-revela-ter-sofrido-um-avc-nao-estava-no-meu-bingo\/#article\",\"isPartOf\":{\"@id\":\"https:\/\/portaltela.pt\/noticias\/2026\/04\/01\/nuno-markl-revela-ter-sofrido-um-avc-nao-estava-no-meu-bingo\/\"},\"author\":{\"name\":\"Telinha\",\"@id\":\"https:\/\/portaltela.pt\/#\/schema\/person\/c4278d4a6028830caff9ee44b42d32ed\"},\"headline\":\"Nuno Markl revela ter sofrido um AVC: n\u00e3o estava no meu bingo\",\"datePublished\":\"2026-04-01T10:32:14+00:00\",\"mainEntityOfPage\":{\"@id\":\"https:\/\/portaltela.pt\/noticias\/2026\/04\/01\/nuno-markl-revela-ter-sofrido-um-avc-nao-estava-no-meu-bingo\/\"},\"wordCount\":278,\"image\":{\"@id\":\"https:\/\/portaltela.pt\/noticias\/2026\/04\/01\/nuno-markl-revela-ter-sofrido-um-avc-nao-estava-no-meu-bingo\/#primaryimage\"},\"thumbnailUrl\":\"https:\/\/portaltela.pt\/s.01k8rhncp4jt1\/2026\/04\/img_1280x722uu2026-04-01-10-51-00-2275997.jpg\",\"keywords\":[\"AVC\",\"doen\u00e7a\",\"educa\u00e7\u00e3o para a sa\u00fade\",\"informa\u00e7\u00e3o\",\"sa\u00fade\"],\"articleSection\":[\"Not\u00edcias\",\"Sa\u00fade\"],\"inLanguage\":\"pt-PT\"},{\"@type\":\"WebPage\",\"@id\":\"https:\/\/portaltela.pt\/noticias\/2026\/04\/01\/nuno-markl-revela-ter-sofrido-um-avc-nao-estava-no-meu-bingo\/\",\"url\":\"https:\/\/portaltela.pt\/noticias\/2026\/04\/01\/nuno-markl-revela-ter-sofrido-um-avc-nao-estava-no-meu-bingo\/\",\"name\":\"Nuno Markl revela ter sofrido um AVC: n\u00e3o estava no meu bingo - Portal Tela Portugal\",\"isPartOf\":{\"@id\":\"https:\/\/portaltela.pt\/#website\"},\"primaryImageOfPage\":{\"@id\":\"https:\/\/portaltela.pt\/noticias\/2026\/04\/01\/nuno-markl-revela-ter-sofrido-um-avc-nao-estava-no-meu-bingo\/#primaryimage\"},\"image\":{\"@id\":\"https:\/\/portaltela.pt\/noticias\/2026\/04\/01\/nuno-markl-revela-ter-sofrido-um-avc-nao-estava-no-meu-bingo\/#primaryimage\"},\"thumbnailUrl\":\"https:\/\/portaltela.pt\/s.01k8rhncp4jt1\/2026\/04\/img_1280x722uu2026-04-01-10-51-00-2275997.jpg\",\"datePublished\":\"2026-04-01T10:32:14+00:00\",\"author\":{\"@id\":\"https:\/\/portaltela.pt\/#\/schema\/person\/c4278d4a6028830caff9ee44b42d32ed\"},\"breadcrumb\":{\"@id\":\"https:\/\/portaltela.pt\/noticias\/2026\/04\/01\/nuno-markl-revela-ter-sofrido-um-avc-nao-estava-no-meu-bingo\/#breadcrumb\"},\"inLanguage\":\"pt-PT\",\"potentialAction\":[{\"@type\":\"ReadAction\",\"target\":[\"https:\/\/portaltela.pt\/noticias\/2026\/04\/01\/nuno-markl-revela-ter-sofrido-um-avc-nao-estava-no-meu-bingo\/\"]}]},{\"@type\":\"ImageObject\",\"inLanguage\":\"pt-PT\",\"@id\":\"https:\/\/portaltela.pt\/noticias\/2026\/04\/01\/nuno-markl-revela-ter-sofrido-um-avc-nao-estava-no-meu-bingo\/#primaryimage\",\"url\":\"https:\/\/portaltela.pt\/s.01k8rhncp4jt1\/2026\/04\/img_1280x722uu2026-04-01-10-51-00-2275997.jpg\",\"contentUrl\":\"https:\/\/portaltela.pt\/s.01k8rhncp4jt1\/2026\/04\/img_1280x722uu2026-04-01-10-51-00-2275997.jpg\",\"width\":796,\"height\":448,\"caption\":\"Photo\"},{\"@type\":\"BreadcrumbList\",\"@id\":\"https:\/\/portaltela.pt\/noticias\/2026\/04\/01\/nuno-markl-revela-ter-sofrido-um-avc-nao-estava-no-meu-bingo\/#breadcrumb\",\"itemListElement\":[{\"@type\":\"ListItem\",\"position\":1,\"name\":\"In\u00edcio\",\"item\":\"https:\/\/portaltela.pt\/\"},{\"@type\":\"ListItem\",\"position\":2,\"name\":\"Nuno Markl revela ter sofrido um AVC: n\u00e3o estava no meu bingo\"}]},{\"@type\":\"WebSite\",\"@id\":\"https:\/\/portaltela.pt\/#website\",\"url\":\"https:\/\/portaltela.pt\/\",\"name\":\"Portal Tela Portugal\",\"description\":\"\",\"potentialAction\":[{\"@type\":\"SearchAction\",\"target\":{\"@type\":\"EntryPoint\",\"urlTemplate\":\"https:\/\/portaltela.pt\/?s={search_term_string}\"},\"query-input\":{\"@type\":\"PropertyValueSpecification\",\"valueRequired\":true,\"valueName\":\"search_term_string\"}}],\"inLanguage\":\"pt-PT\"},{\"@type\":\"Person\",\"@id\":\"https:\/\/portaltela.pt\/#\/schema\/person\/c4278d4a6028830caff9ee44b42d32ed\",\"name\":\"Telinha\",\"image\":{\"@type\":\"ImageObject\",\"inLanguage\":\"pt-PT\",\"@id\":\"https:\/\/portaltela.pt\/s.01k8rhncp4jt1\/2025\/11\/talking-bot-125x125.png\",\"url\":\"https:\/\/portaltela.pt\/s.01k8rhncp4jt1\/2025\/11\/talking-bot-125x125.png\",\"contentUrl\":\"https:\/\/portaltela.pt\/s.01k8rhncp4jt1\/2025\/11\/talking-bot-125x125.png\",\"caption\":\"Telinha\"},\"sameAs\":[\"https:\/\/portaltela.pt\/\"],\"url\":\"https:\/\/portaltela.pt\/por\/367410592786\/\"}]}<\/script>\n<!-- \/ Yoast SEO plugin. -->","yoast_head_json":{"title":"Nuno Markl revela ter sofrido um AVC: n\u00e3o estava no meu bingo - Portal Tela Portugal","robots":{"index":"index","follow":"follow","max-snippet":"max-snippet:-1","max-image-preview":"max-image-preview:large","max-video-preview":"max-video-preview:-1"},"og_locale":"pt_PT","og_type":"article","og_title":"Nuno Markl revela ter sofrido um AVC: n\u00e3o estava no meu bingo - Portal Tela Portugal","og_description":"O humorista Nuno Markl revelou ter sofrido um AVC cerca de um m\u00eas atr\u00e1s, descrevendo a experi\u00eancia como \"n\u00e3o estava no meu bingo\". Partilhou um v\u00eddeo nas redes sociais para assinalar o Dia Nacional do Doente com AVC, que foi comentado no programa Noite das Estrelas. A condi\u00e7\u00e3o foi descrita como assustadora, e Markl agradeceu \u00e0s equipas m\u00e9dicas, sublinhando a import\u00e2ncia de reconhecer sinais e procurar ajuda rapidamente. Disse que, desde o epis\u00f3dio, adotou um estilo de vida mais saud\u00e1vel, com alimenta\u00e7\u00e3o equilibrada e pr\u00e1tica regular de exerc\u00edcio f\u00edsico. O humorista enumerou os sinais do AVC (fraqueza ou dorm\u00eancia de um lado, dificuldade em falar ou compreender, perda de equil\u00edbrio) e pediu que, se surgirem, se procure ajuda m\u00e9dica de imediato.","og_url":"https:\/\/portaltela.pt\/noticias\/2026\/04\/01\/nuno-markl-revela-ter-sofrido-um-avc-nao-estava-no-meu-bingo\/","og_site_name":"Portal Tela Portugal","article_published_time":"2026-04-01T10:32:14+00:00","author":"Telinha","twitter_card":"summary_large_image","twitter_misc":{"Escrito por":"Telinha","Tempo estimado de leitura":"1 minuto"},"schema":{"@context":"https:\/\/schema.org","@graph":[{"@type":"Article","@id":"https:\/\/portaltela.pt\/noticias\/2026\/04\/01\/nuno-markl-revela-ter-sofrido-um-avc-nao-estava-no-meu-bingo\/#article","isPartOf":{"@id":"https:\/\/portaltela.pt\/noticias\/2026\/04\/01\/nuno-markl-revela-ter-sofrido-um-avc-nao-estava-no-meu-bingo\/"},"author":{"name":"Telinha","@id":"https:\/\/portaltela.pt\/#\/schema\/person\/c4278d4a6028830caff9ee44b42d32ed"},"headline":"Nuno Markl revela ter sofrido um AVC: n\u00e3o estava no meu bingo","datePublished":"2026-04-01T10:32:14+00:00","mainEntityOfPage":{"@id":"https:\/\/portaltela.pt\/noticias\/2026\/04\/01\/nuno-markl-revela-ter-sofrido-um-avc-nao-estava-no-meu-bingo\/"},"wordCount":278,"image":{"@id":"https:\/\/portaltela.pt\/noticias\/2026\/04\/01\/nuno-markl-revela-ter-sofrido-um-avc-nao-estava-no-meu-bingo\/#primaryimage"},"thumbnailUrl":"https:\/\/portaltela.pt\/s.01k8rhncp4jt1\/2026\/04\/img_1280x722uu2026-04-01-10-51-00-2275997.jpg","keywords":["AVC","doen\u00e7a","educa\u00e7\u00e3o para a sa\u00fade","informa\u00e7\u00e3o","sa\u00fade"],"articleSection":["Not\u00edcias","Sa\u00fade"],"inLanguage":"pt-PT"},{"@type":"WebPage","@id":"https:\/\/portaltela.pt\/noticias\/2026\/04\/01\/nuno-markl-revela-ter-sofrido-um-avc-nao-estava-no-meu-bingo\/","url":"https:\/\/portaltela.pt\/noticias\/2026\/04\/01\/nuno-markl-revela-ter-sofrido-um-avc-nao-estava-no-meu-bingo\/","name":"Nuno Markl revela ter sofrido um AVC: n\u00e3o estava no meu bingo - Portal Tela Portugal","isPartOf":{"@id":"https:\/\/portaltela.pt\/#website"},"primaryImageOfPage":{"@id":"https:\/\/portaltela.pt\/noticias\/2026\/04\/01\/nuno-markl-revela-ter-sofrido-um-avc-nao-estava-no-meu-bingo\/#primaryimage"},"image":{"@id":"https:\/\/portaltela.pt\/noticias\/2026\/04\/01\/nuno-markl-revela-ter-sofrido-um-avc-nao-estava-no-meu-bingo\/#primaryimage"},"thumbnailUrl":"https:\/\/portaltela.pt\/s.01k8rhncp4jt1\/2026\/04\/img_1280x722uu2026-04-01-10-51-00-2275997.jpg","datePublished":"2026-04-01T10:32:14+00:00","author":{"@id":"https:\/\/portaltela.pt\/#\/schema\/person\/c4278d4a6028830caff9ee44b42d32ed"},"breadcrumb":{"@id":"https:\/\/portaltela.pt\/noticias\/2026\/04\/01\/nuno-markl-revela-ter-sofrido-um-avc-nao-estava-no-meu-bingo\/#breadcrumb"},"inLanguage":"pt-PT","potentialAction":[{"@type":"ReadAction","target":["https:\/\/portaltela.pt\/noticias\/2026\/04\/01\/nuno-markl-revela-ter-sofrido-um-avc-nao-estava-no-meu-bingo\/"]}]},{"@type":"ImageObject","inLanguage":"pt-PT","@id":"https:\/\/portaltela.pt\/noticias\/2026\/04\/01\/nuno-markl-revela-ter-sofrido-um-avc-nao-estava-no-meu-bingo\/#primaryimage","url":"https:\/\/portaltela.pt\/s.01k8rhncp4jt1\/2026\/04\/img_1280x722uu2026-04-01-10-51-00-2275997.jpg","contentUrl":"https:\/\/portaltela.pt\/s.01k8rhncp4jt1\/2026\/04\/img_1280x722uu2026-04-01-10-51-00-2275997.jpg","width":796,"height":448,"caption":"Photo"},{"@type":"BreadcrumbList","@id":"https:\/\/portaltela.pt\/noticias\/2026\/04\/01\/nuno-markl-revela-ter-sofrido-um-avc-nao-estava-no-meu-bingo\/#breadcrumb","itemListElement":[{"@type":"ListItem","position":1,"name":"In\u00edcio","item":"https:\/\/portaltela.pt\/"},{"@type":"ListItem","position":2,"name":"Nuno Markl revela ter sofrido um AVC: n\u00e3o estava no meu bingo"}]},{"@type":"WebSite","@id":"https:\/\/portaltela.pt\/#website","url":"https:\/\/portaltela.pt\/","name":"Portal Tela Portugal","description":"","potentialAction":[{"@type":"SearchAction","target":{"@type":"EntryPoint","urlTemplate":"https:\/\/portaltela.pt\/?s={search_term_string}"},"query-input":{"@type":"PropertyValueSpecification","valueRequired":true,"valueName":"search_term_string"}}],"inLanguage":"pt-PT"},{"@type":"Person","@id":"https:\/\/portaltela.pt\/#\/schema\/person\/c4278d4a6028830caff9ee44b42d32ed","name":"Telinha","image":{"@type":"ImageObject","inLanguage":"pt-PT","@id":"https:\/\/portaltela.pt\/s.01k8rhncp4jt1\/2025\/11\/talking-bot-125x125.png","url":"https:\/\/portaltela.pt\/s.01k8rhncp4jt1\/2025\/11\/talking-bot-125x125.png","contentUrl":"https:\/\/portaltela.pt\/s.01k8rhncp4jt1\/2025\/11\/talking-bot-125x125.png","caption":"Telinha"},"sameAs":["https:\/\/portaltela.pt\/"],"url":"https:\/\/portaltela.pt\/por\/367410592786\/"}]}},"_links":{"self":[{"href":"https:\/\/portaltela.pt\/api\/wp\/v2\/posts\/428954","targetHints":{"allow":["GET"]}}],"collection":[{"href":"https:\/\/portaltela.pt\/api\/wp\/v2\/posts"}],"about":[{"href":"https:\/\/portaltela.pt\/api\/wp\/v2\/types\/post"}],"author":[{"embeddable":true,"href":"https:\/\/portaltela.pt\/api\/wp\/v2\/users\/2"}],"replies":[{"embeddable":true,"href":"https:\/\/portaltela.pt\/api\/wp\/v2\/comments?post=428954"}],"version-history":[{"count":0,"href":"https:\/\/portaltela.pt\/api\/wp\/v2\/posts\/428954\/revisions"}],"wp:featuredmedia":[{"embeddable":true,"href":"https:\/\/portaltela.pt\/api\/wp\/v2\/media\/428958"}],"wp:attachment":[{"href":"https:\/\/portaltela.pt\/api\/wp\/v2\/media?parent=428954"}],"wp:term":[{"taxonomy":"category","embeddable":true,"href":"https:\/\/portaltela.pt\/api\/wp\/v2\/categories?post=428954"},{"taxonomy":"post_tag","embeddable":true,"href":"https:\/\/portaltela.pt\/api\/wp\/v2\/tags?post=428954"}],"curies":[{"name":"wp","href":"https:\/\/api.w.org\/{rel}","templated":true}]}}